{"id":345,"date":"2026-03-09T13:12:48","date_gmt":"2026-03-09T13:12:48","guid":{"rendered":"https:\/\/edublog.educastur.es\/radioeria\/?p=345"},"modified":"2026-03-09T13:16:35","modified_gmt":"2026-03-09T13:16:35","slug":"9a-emision-4oc","status":"publish","type":"post","link":"https:\/\/edublog.educastur.es\/radioeria\/2026\/03\/09\/9a-emision-4oc\/","title":{"rendered":"9\u00aa Emisi\u00f3n 4\u00baC"},"content":{"rendered":"<p><a href=\"https:\/\/radio.educastur.es\/-\/9%C2%AA-edici%C3%B3n-4%C2%BAc-6-3-26?redirect=%2F\"><img loading=\"lazy\" decoding=\"async\" class=\"alignnone wp-image-346 size-full\" src=\"http:\/\/edublog.educastur.es\/radioeria\/files\/2026\/03\/file_000000009ac472468463c28251c539e1-1.png\" alt=\"\" width=\"1024\" height=\"977\" srcset=\"https:\/\/edublog.educastur.es\/radioeria\/files\/2026\/03\/file_000000009ac472468463c28251c539e1-1.png 1024w, https:\/\/edublog.educastur.es\/radioeria\/files\/2026\/03\/file_000000009ac472468463c28251c539e1-1-300x286.png 300w, https:\/\/edublog.educastur.es\/radioeria\/files\/2026\/03\/file_000000009ac472468463c28251c539e1-1-768x733.png 768w\" sizes=\"auto, (max-width: 1024px) 100vw, 1024px\" \/><\/a><\/p>\n<p>Ya vamos por la 9\u00aa edici\u00f3n del curso. En esta ocasi\u00f3n el alumnado de 4\u00baC han preparado un programa muy variado, con cuentos de diferentes pa\u00edses de alumnado de la clase, tambi\u00e9n hay noticias recopiladas del centro y como novedad nos presentar\u00e1n los proyectos que han trabajado.<\/p>\n<p>&nbsp;<\/p>\n<p style=\"text-align: center\"><a href=\"https:\/\/radio.educastur.es\/-\/9%C2%AA-edici%C3%B3n-4%C2%BAc-6-3-26?redirect=%2F\"><span style=\"font-size: 24pt\">Enlace al programa<\/span><\/a><\/p>\n<p>&nbsp;<\/p>\n<p style=\"text-align: center\">\n","protected":false},"excerpt":{"rendered":"<p>Ya vamos por la 9\u00aa edici\u00f3n del curso. En esta ocasi\u00f3n el alumnado de 4\u00baC han preparado un programa muy variado, con cuentos de diferentes pa\u00edses de alumnado de la clase, tambi\u00e9n hay noticias recopiladas del centro y como novedad [&hellip;]<\/p>\n","protected":false},"author":1233,"featured_media":0,"comment_status":"open","ping_status":"open","sticky":false,"template":"","format":"standard","meta":{"footnotes":""},"categories":[1],"tags":[],"class_list":["post-345","post","type-post","status-publish","format-standard","hentry","category-sin-categoria"],"_links":{"self":[{"href":"https:\/\/edublog.educastur.es\/radioeria\/wp-json\/wp\/v2\/posts\/345","targetHints":{"allow":["GET"]}}],"collection":[{"href":"https:\/\/edublog.educastur.es\/radioeria\/wp-json\/wp\/v2\/posts"}],"about":[{"href":"https:\/\/edublog.educastur.es\/radioeria\/wp-json\/wp\/v2\/types\/post"}],"author":[{"embeddable":true,"href":"https:\/\/edublog.educastur.es\/radioeria\/wp-json\/wp\/v2\/users\/1233"}],"replies":[{"embeddable":true,"href":"https:\/\/edublog.educastur.es\/radioeria\/wp-json\/wp\/v2\/comments?post=345"}],"version-history":[{"count":3,"href":"https:\/\/edublog.educastur.es\/radioeria\/wp-json\/wp\/v2\/posts\/345\/revisions"}],"predecessor-version":[{"id":349,"href":"https:\/\/edublog.educastur.es\/radioeria\/wp-json\/wp\/v2\/posts\/345\/revisions\/349"}],"wp:attachment":[{"href":"https:\/\/edublog.educastur.es\/radioeria\/wp-json\/wp\/v2\/media?parent=345"}],"wp:term":[{"taxonomy":"category","embeddable":true,"href":"https:\/\/edublog.educastur.es\/radioeria\/wp-json\/wp\/v2\/categories?post=345"},{"taxonomy":"post_tag","embeddable":true,"href":"https:\/\/edublog.educastur.es\/radioeria\/wp-json\/wp\/v2\/tags?post=345"}],"curies":[{"name":"wp","href":"https:\/\/api.w.org\/{rel}","templated":true}]}}