{"id":357,"date":"2026-04-09T19:05:53","date_gmt":"2026-04-09T19:05:53","guid":{"rendered":"https:\/\/edublog.educastur.es\/radioeria\/?p=357"},"modified":"2026-04-09T19:15:50","modified_gmt":"2026-04-09T19:15:50","slug":"11a-emision-4oc-26-3-26","status":"publish","type":"post","link":"https:\/\/edublog.educastur.es\/radioeria\/2026\/04\/09\/11a-emision-4oc-26-3-26\/","title":{"rendered":"11\u00aa Emisi\u00f3n 4\u00baC 26-3-26"},"content":{"rendered":"<p><img loading=\"lazy\" decoding=\"async\" class=\"aligncenter size-medium wp-image-360\" src=\"http:\/\/edublog.educastur.es\/radioeria\/files\/2026\/04\/Estudio-de-radio-vacio-en-detalle-300x200.png\" alt=\"\" width=\"300\" height=\"200\" srcset=\"https:\/\/edublog.educastur.es\/radioeria\/files\/2026\/04\/Estudio-de-radio-vacio-en-detalle-300x200.png 300w, https:\/\/edublog.educastur.es\/radioeria\/files\/2026\/04\/Estudio-de-radio-vacio-en-detalle-1024x683.png 1024w, https:\/\/edublog.educastur.es\/radioeria\/files\/2026\/04\/Estudio-de-radio-vacio-en-detalle-768x512.png 768w, https:\/\/edublog.educastur.es\/radioeria\/files\/2026\/04\/Estudio-de-radio-vacio-en-detalle.png 1536w\" sizes=\"auto, (max-width: 300px) 100vw, 300px\" \/>Tenemos la \u00faltima emisi\u00f3n del trimestre. En esta ocasi\u00f3n es el alumnado de 4\u00baC quienes nos han preparado un programa muy interesante en el que nos cuentan a qu\u00e9 dedican su tiempo libre y sus actividades favoritas y la verdad es que hay mucha variedad.<\/p>\n<p>Se nota que se lo han preparado.<\/p>\n<p style=\"text-align: center\"><a href=\"https:\/\/radio.educastur.es\/-\/11%C2%AA-emisi%C3%B3n-4%C2%BAc-26-03-26?redirect=%2F\"><strong><span style=\"font-size: 24pt\">Enlace para escuchar el programa<\/span><\/strong><\/a><\/p>\n","protected":false},"excerpt":{"rendered":"<p>Tenemos la \u00faltima emisi\u00f3n del trimestre. En esta ocasi\u00f3n es el alumnado de 4\u00baC quienes nos han preparado un programa muy interesante en el que nos cuentan a qu\u00e9 dedican su tiempo libre y sus actividades favoritas y la verdad [&hellip;]<\/p>\n","protected":false},"author":1233,"featured_media":0,"comment_status":"open","ping_status":"open","sticky":false,"template":"","format":"standard","meta":{"footnotes":""},"categories":[1],"tags":[],"class_list":["post-357","post","type-post","status-publish","format-standard","hentry","category-sin-categoria"],"_links":{"self":[{"href":"https:\/\/edublog.educastur.es\/radioeria\/wp-json\/wp\/v2\/posts\/357","targetHints":{"allow":["GET"]}}],"collection":[{"href":"https:\/\/edublog.educastur.es\/radioeria\/wp-json\/wp\/v2\/posts"}],"about":[{"href":"https:\/\/edublog.educastur.es\/radioeria\/wp-json\/wp\/v2\/types\/post"}],"author":[{"embeddable":true,"href":"https:\/\/edublog.educastur.es\/radioeria\/wp-json\/wp\/v2\/users\/1233"}],"replies":[{"embeddable":true,"href":"https:\/\/edublog.educastur.es\/radioeria\/wp-json\/wp\/v2\/comments?post=357"}],"version-history":[{"count":2,"href":"https:\/\/edublog.educastur.es\/radioeria\/wp-json\/wp\/v2\/posts\/357\/revisions"}],"predecessor-version":[{"id":361,"href":"https:\/\/edublog.educastur.es\/radioeria\/wp-json\/wp\/v2\/posts\/357\/revisions\/361"}],"wp:attachment":[{"href":"https:\/\/edublog.educastur.es\/radioeria\/wp-json\/wp\/v2\/media?parent=357"}],"wp:term":[{"taxonomy":"category","embeddable":true,"href":"https:\/\/edublog.educastur.es\/radioeria\/wp-json\/wp\/v2\/categories?post=357"},{"taxonomy":"post_tag","embeddable":true,"href":"https:\/\/edublog.educastur.es\/radioeria\/wp-json\/wp\/v2\/tags?post=357"}],"curies":[{"name":"wp","href":"https:\/\/api.w.org\/{rel}","templated":true}]}}