{"id":59,"date":"2023-11-26T08:51:53","date_gmt":"2023-11-26T08:51:53","guid":{"rendered":"https:\/\/edublog.educastur.es\/radioeria\/?p=59"},"modified":"2026-02-25T13:09:17","modified_gmt":"2026-02-25T13:09:17","slug":"3a-emision-de-radio-eria-curso-6o-c","status":"publish","type":"post","link":"https:\/\/edublog.educastur.es\/radioeria\/2023\/11\/26\/3a-emision-de-radio-eria-curso-6o-c\/","title":{"rendered":"3\u00aa Emisi\u00f3n de Radio Er\u00eda. 24-11-23Curso 6\u00ba C"},"content":{"rendered":"<p><img loading=\"lazy\" decoding=\"async\" class=\"size-thumbnail wp-image-97 alignleft\" src=\"http:\/\/edublog.educastur.es\/radioeria\/files\/2024\/03\/Logo-Logotipo-Radio-Podcast-Circular-Moderno-Profesional-Blanco-y-Negro-2-1-150x150.png\" alt=\"\" width=\"150\" height=\"150\" srcset=\"https:\/\/edublog.educastur.es\/radioeria\/files\/2024\/03\/Logo-Logotipo-Radio-Podcast-Circular-Moderno-Profesional-Blanco-y-Negro-2-1-150x150.png 150w, https:\/\/edublog.educastur.es\/radioeria\/files\/2024\/03\/Logo-Logotipo-Radio-Podcast-Circular-Moderno-Profesional-Blanco-y-Negro-2-1-300x300.png 300w, https:\/\/edublog.educastur.es\/radioeria\/files\/2024\/03\/Logo-Logotipo-Radio-Podcast-Circular-Moderno-Profesional-Blanco-y-Negro-2-1.png 500w\" sizes=\"auto, (max-width: 150px) 100vw, 150px\" \/>El viernes 24 de noviembre le ha tocado preparar el programa de radio a la clase de 6\u00baC , con biograf\u00edas de mujeres cient\u00edficas, una entrevista a nuestro orientador y un viaje que han elaborado.<\/p>\n<p>Lo pod\u00e9is ver pinchando en este enlace:\u00a0<a href=\"https:\/\/educastur-my.sharepoint.com\/:u:\/g\/personal\/miguelcm_educastur_org\/IQBjIk93es68S4w_QZDxVdX4Aa7qzoZt3-IY0H6i-2dTwmk?nav=eyJyZWZlcnJhbEluZm8iOnsicmVmZXJyYWxBcHAiOiJPbmVEcml2ZUZvckJ1c2luZXNzIiwicmVmZXJyYWxBcHBQbGF0Zm9ybSI6IldlYiIsInJlZmVycmFsTW9kZSI6InZpZXciLCJyZWZlcnJhbFZpZXciOiJNeUZpbGVzTGlua0NvcHkifX0&amp;e=MrY74b\">3\u00aa Edici\u00f3n Radio Er\u00eda. 6\u00baC<\/a><\/p>\n","protected":false},"excerpt":{"rendered":"<p>El viernes 24 de noviembre le ha tocado preparar el programa de radio a la clase de 6\u00baC , con biograf\u00edas de mujeres cient\u00edficas, una entrevista a nuestro orientador y un viaje que han elaborado. Lo pod\u00e9is ver pinchando en [&hellip;]<\/p>\n","protected":false},"author":1233,"featured_media":0,"comment_status":"open","ping_status":"open","sticky":false,"template":"","format":"standard","meta":{"footnotes":""},"categories":[1],"tags":[],"class_list":["post-59","post","type-post","status-publish","format-standard","hentry","category-sin-categoria"],"_links":{"self":[{"href":"https:\/\/edublog.educastur.es\/radioeria\/wp-json\/wp\/v2\/posts\/59","targetHints":{"allow":["GET"]}}],"collection":[{"href":"https:\/\/edublog.educastur.es\/radioeria\/wp-json\/wp\/v2\/posts"}],"about":[{"href":"https:\/\/edublog.educastur.es\/radioeria\/wp-json\/wp\/v2\/types\/post"}],"author":[{"embeddable":true,"href":"https:\/\/edublog.educastur.es\/radioeria\/wp-json\/wp\/v2\/users\/1233"}],"replies":[{"embeddable":true,"href":"https:\/\/edublog.educastur.es\/radioeria\/wp-json\/wp\/v2\/comments?post=59"}],"version-history":[{"count":3,"href":"https:\/\/edublog.educastur.es\/radioeria\/wp-json\/wp\/v2\/posts\/59\/revisions"}],"predecessor-version":[{"id":303,"href":"https:\/\/edublog.educastur.es\/radioeria\/wp-json\/wp\/v2\/posts\/59\/revisions\/303"}],"wp:attachment":[{"href":"https:\/\/edublog.educastur.es\/radioeria\/wp-json\/wp\/v2\/media?parent=59"}],"wp:term":[{"taxonomy":"category","embeddable":true,"href":"https:\/\/edublog.educastur.es\/radioeria\/wp-json\/wp\/v2\/categories?post=59"},{"taxonomy":"post_tag","embeddable":true,"href":"https:\/\/edublog.educastur.es\/radioeria\/wp-json\/wp\/v2\/tags?post=59"}],"curies":[{"name":"wp","href":"https:\/\/api.w.org\/{rel}","templated":true}]}}