{"id":71,"date":"2024-01-28T08:30:10","date_gmt":"2024-01-28T08:30:10","guid":{"rendered":"https:\/\/edublog.educastur.es\/radioeria\/?p=71"},"modified":"2026-02-25T13:34:45","modified_gmt":"2026-02-25T13:34:45","slug":"5a-emision-radio-eria-curso-5oa","status":"publish","type":"post","link":"https:\/\/edublog.educastur.es\/radioeria\/2024\/01\/28\/5a-emision-radio-eria-curso-5oa\/","title":{"rendered":"5\u00aa Emisi\u00f3n Radio Er\u00eda 26-01-24 Curso 5\u00baB"},"content":{"rendered":"<p><img loading=\"lazy\" decoding=\"async\" class=\"wp-image-97 alignleft\" src=\"http:\/\/edublog.educastur.es\/radioeria\/files\/2024\/03\/Logo-Logotipo-Radio-Podcast-Circular-Moderno-Profesional-Blanco-y-Negro-2-1-300x300.png\" alt=\"\" width=\"122\" height=\"122\" srcset=\"https:\/\/edublog.educastur.es\/radioeria\/files\/2024\/03\/Logo-Logotipo-Radio-Podcast-Circular-Moderno-Profesional-Blanco-y-Negro-2-1-300x300.png 300w, https:\/\/edublog.educastur.es\/radioeria\/files\/2024\/03\/Logo-Logotipo-Radio-Podcast-Circular-Moderno-Profesional-Blanco-y-Negro-2-1-150x150.png 150w, https:\/\/edublog.educastur.es\/radioeria\/files\/2024\/03\/Logo-Logotipo-Radio-Podcast-Circular-Moderno-Profesional-Blanco-y-Negro-2-1.png 500w\" sizes=\"auto, (max-width: 122px) 100vw, 122px\" \/>Ya tenemos la primera emisi\u00f3n del a\u00f1o 2024.<\/p>\n<p>En esta edici\u00f3n es el alumnado de 5\u00ba B quienes se han preparado este interesant\u00edsimo programa.<\/p>\n<p>Esperamos que os guste&#8230;<\/p>\n<p><a href=\"https:\/\/educastur-my.sharepoint.com\/:u:\/g\/personal\/miguelcm_educastur_org\/IQCVuVIOnF8wTpRC7sOtXkWjAbw0XF28fQmntrHY8O1lX10?nav=eyJyZWZlcnJhbEluZm8iOnsicmVmZXJyYWxBcHAiOiJPbmVEcml2ZUZvckJ1c2luZXNzIiwicmVmZXJyYWxBcHBQbGF0Zm9ybSI6IldlYiIsInJlZmVycmFsTW9kZSI6InZpZXciLCJyZWZlcnJhbFZpZXciOiJNeUZpbGVzTGlua0NvcHkifX0&amp;e=fKHemy\">5\u00aa Emisi\u00f3n 5\u00baA 26-1-24<\/a><\/p>\n","protected":false},"excerpt":{"rendered":"<p>Ya tenemos la primera emisi\u00f3n del a\u00f1o 2024. En esta edici\u00f3n es el alumnado de 5\u00ba B quienes se han preparado este interesant\u00edsimo programa. Esperamos que os guste&#8230; 5\u00aa Emisi\u00f3n 5\u00baA 26-1-24<\/p>\n","protected":false},"author":1233,"featured_media":0,"comment_status":"open","ping_status":"open","sticky":false,"template":"","format":"standard","meta":{"footnotes":""},"categories":[3],"tags":[],"class_list":["post-71","post","type-post","status-publish","format-standard","hentry","category-emisiones"],"_links":{"self":[{"href":"https:\/\/edublog.educastur.es\/radioeria\/wp-json\/wp\/v2\/posts\/71","targetHints":{"allow":["GET"]}}],"collection":[{"href":"https:\/\/edublog.educastur.es\/radioeria\/wp-json\/wp\/v2\/posts"}],"about":[{"href":"https:\/\/edublog.educastur.es\/radioeria\/wp-json\/wp\/v2\/types\/post"}],"author":[{"embeddable":true,"href":"https:\/\/edublog.educastur.es\/radioeria\/wp-json\/wp\/v2\/users\/1233"}],"replies":[{"embeddable":true,"href":"https:\/\/edublog.educastur.es\/radioeria\/wp-json\/wp\/v2\/comments?post=71"}],"version-history":[{"count":5,"href":"https:\/\/edublog.educastur.es\/radioeria\/wp-json\/wp\/v2\/posts\/71\/revisions"}],"predecessor-version":[{"id":310,"href":"https:\/\/edublog.educastur.es\/radioeria\/wp-json\/wp\/v2\/posts\/71\/revisions\/310"}],"wp:attachment":[{"href":"https:\/\/edublog.educastur.es\/radioeria\/wp-json\/wp\/v2\/media?parent=71"}],"wp:term":[{"taxonomy":"category","embeddable":true,"href":"https:\/\/edublog.educastur.es\/radioeria\/wp-json\/wp\/v2\/categories?post=71"},{"taxonomy":"post_tag","embeddable":true,"href":"https:\/\/edublog.educastur.es\/radioeria\/wp-json\/wp\/v2\/tags?post=71"}],"curies":[{"name":"wp","href":"https:\/\/api.w.org\/{rel}","templated":true}]}}