{"id":1062,"date":"2025-10-27T12:14:36","date_gmt":"2025-10-27T12:14:36","guid":{"rendered":"https:\/\/edublog.educastur.es\/ricardo\/?p=1062"},"modified":"2025-10-27T12:14:36","modified_gmt":"2025-10-27T12:14:36","slug":"vectores-y-rectas-2","status":"publish","type":"post","link":"https:\/\/edublog.educastur.es\/ricardo\/2025\/10\/27\/vectores-y-rectas-2\/","title":{"rendered":"Vectores y rectas"},"content":{"rendered":"<p><img loading=\"lazy\" decoding=\"async\" class=\"n3VNCb KAlRDb\" src=\"https:\/\/i.pinimg.com\/originals\/fc\/69\/8a\/fc698a1107564144f2fdbcea1ea4a081.jpg\" alt=\"Memes de f\u00edsica...los Vectores | Clases de f\u00edsica, Vector, F\u00edsica\" width=\"450\" height=\"450\" data-noaft=\"1\" \/><\/p>\n<p>Muy buenas<\/p>\n<p>Vamos a empezar el tema de vectores (y rectas) trabajando con Geogebra, que para esto viene estupendo. Las tareas que haremos ser\u00e1n:<\/p>\n<ol>\n<li>Una construcci\u00f3n b\u00e1sica en la que podamos visualizar qu\u00e9 es un vector y alguna de sus caracter\u00edsticas, como el m\u00f3dulo.<\/li>\n<li>Otra sobre suma y resta de vectores.<\/li>\n<li>Una tercera sobre combinaciones lineales de vectores.<\/li>\n<li>La \u00faltima, en la que intentaremos animar un personaje utilizando deslizadores y combinaciones lineales de vectores.<\/li>\n<\/ol>\n<p>Para terminar, os cuelgo una lista completa de videos sobre el tema:<\/p>\n<p><iframe loading=\"lazy\" title=\"P\u00edldoras matem\u00e1ticas - geometr\u00eda anal\u00edtica\" width=\"825\" height=\"464\" src=\"https:\/\/www.youtube.com\/embed\/videoseries?list=PLwCiNw1sXMSAMNnvvsBGpp778cpwcoDuV\" frameborder=\"0\" allow=\"accelerometer; autoplay; clipboard-write; encrypted-media; gyroscope; picture-in-picture\" allowfullscreen><\/iframe><\/p>\n","protected":false},"excerpt":{"rendered":"<p>Muy buenas Vamos a empezar el tema de vectores (y rectas) trabajando con Geogebra, que para esto viene estupendo. Las tareas que haremos ser\u00e1n: Una construcci\u00f3n b\u00e1sica en la que podamos visualizar qu\u00e9 es un vector y alguna de sus caracter\u00edsticas, como el m\u00f3dulo. Otra sobre suma y resta de vectores. Una tercera sobre combinaciones&hellip; <a href=\"https:\/\/edublog.educastur.es\/ricardo\/2025\/10\/27\/vectores-y-rectas-2\/\" class=\"more-link\">Seguir leyendo <span class=\"screen-reader-text\">Vectores y rectas<\/span><\/a><\/p>\n","protected":false},"author":49,"featured_media":0,"comment_status":"open","ping_status":"open","sticky":false,"template":"","format":"standard","meta":{"footnotes":""},"categories":[7],"tags":[],"class_list":["post-1062","post","type-post","status-publish","format-standard","hentry","category-matematicas-i","without-featured-image"],"_links":{"self":[{"href":"https:\/\/edublog.educastur.es\/ricardo\/wp-json\/wp\/v2\/posts\/1062","targetHints":{"allow":["GET"]}}],"collection":[{"href":"https:\/\/edublog.educastur.es\/ricardo\/wp-json\/wp\/v2\/posts"}],"about":[{"href":"https:\/\/edublog.educastur.es\/ricardo\/wp-json\/wp\/v2\/types\/post"}],"author":[{"embeddable":true,"href":"https:\/\/edublog.educastur.es\/ricardo\/wp-json\/wp\/v2\/users\/49"}],"replies":[{"embeddable":true,"href":"https:\/\/edublog.educastur.es\/ricardo\/wp-json\/wp\/v2\/comments?post=1062"}],"version-history":[{"count":2,"href":"https:\/\/edublog.educastur.es\/ricardo\/wp-json\/wp\/v2\/posts\/1062\/revisions"}],"predecessor-version":[{"id":1064,"href":"https:\/\/edublog.educastur.es\/ricardo\/wp-json\/wp\/v2\/posts\/1062\/revisions\/1064"}],"wp:attachment":[{"href":"https:\/\/edublog.educastur.es\/ricardo\/wp-json\/wp\/v2\/media?parent=1062"}],"wp:term":[{"taxonomy":"category","embeddable":true,"href":"https:\/\/edublog.educastur.es\/ricardo\/wp-json\/wp\/v2\/categories?post=1062"},{"taxonomy":"post_tag","embeddable":true,"href":"https:\/\/edublog.educastur.es\/ricardo\/wp-json\/wp\/v2\/tags?post=1062"}],"curies":[{"name":"wp","href":"https:\/\/api.w.org\/{rel}","templated":true}]}}