{"id":11,"date":"2020-11-21T13:40:10","date_gmt":"2020-11-21T13:40:10","guid":{"rendered":"https:\/\/edublog.educastur.es\/rrrcifphosteleriayturismogijon\/?p=11"},"modified":"2021-03-23T09:37:53","modified_gmt":"2021-03-23T09:37:53","slug":"pasapalabra-3r","status":"publish","type":"post","link":"https:\/\/edublog.educastur.es\/rrrcifphosteleriayturismogijon\/2020\/11\/21\/pasapalabra-3r\/","title":{"rendered":"PASAPALABRA 3R"},"content":{"rendered":"<p>Arrancamos nuestra semana con un programa muy especial, un \u00e9xito de la televisi\u00f3n y el que todos conocemos \u00abPasapalabra\u00bb.<\/p>\n<p>Todas las claves, de la A a la Z, acerca de las 3R.<\/p>\n<p><strong>Prueba 1: Pasapalabra\u00a0<\/strong><\/p>\n<p><img loading=\"lazy\" decoding=\"async\" class=\"alignnone size-medium wp-image-13\" src=\"http:\/\/edublog.educastur.es\/rrrcifphosteleriayturismogijon\/files\/2020\/11\/Imagen-1-209x300.png\" alt=\"\" width=\"209\" height=\"300\" srcset=\"https:\/\/edublog.educastur.es\/rrrcifphosteleriayturismogijon\/files\/2020\/11\/Imagen-1-209x300.png 209w, https:\/\/edublog.educastur.es\/rrrcifphosteleriayturismogijon\/files\/2020\/11\/Imagen-1-600x860.png 600w, https:\/\/edublog.educastur.es\/rrrcifphosteleriayturismogijon\/files\/2020\/11\/Imagen-1.png 645w\" sizes=\"auto, (max-width: 209px) 100vw, 209px\" \/><\/p>\n<p>Prueba 2:<\/p>\n<p>Esta prueba consiste en visualizar 9 palabras relacionadas con un tema durante escasos segundos, y a continuacio\u0301n, estas desaparecen y se convierten en nu\u0301meros. El equipo debe lograr relacionar cada nu\u0301mero con la palabra que tiene adjudicada.<\/p>\n<p>Los dos temas escogidos son el medio ambiente y los pai\u0301ses menos contaminantes del planeta.<\/p>\n<p><img loading=\"lazy\" decoding=\"async\" class=\"alignnone size-medium wp-image-14\" src=\"http:\/\/edublog.educastur.es\/rrrcifphosteleriayturismogijon\/files\/2020\/11\/medio-ambiente-300x169.png\" alt=\"\" width=\"300\" height=\"169\" srcset=\"https:\/\/edublog.educastur.es\/rrrcifphosteleriayturismogijon\/files\/2020\/11\/medio-ambiente-300x169.png 300w, https:\/\/edublog.educastur.es\/rrrcifphosteleriayturismogijon\/files\/2020\/11\/medio-ambiente-768x432.png 768w, https:\/\/edublog.educastur.es\/rrrcifphosteleriayturismogijon\/files\/2020\/11\/medio-ambiente-600x338.png 600w, https:\/\/edublog.educastur.es\/rrrcifphosteleriayturismogijon\/files\/2020\/11\/medio-ambiente-945x532.png 945w, https:\/\/edublog.educastur.es\/rrrcifphosteleriayturismogijon\/files\/2020\/11\/medio-ambiente.png 977w\" sizes=\"auto, (max-width: 300px) 100vw, 300px\" \/><\/p>\n<p>&nbsp;<\/p>\n<p><img loading=\"lazy\" decoding=\"async\" class=\"alignnone size-medium wp-image-15\" src=\"http:\/\/edublog.educastur.es\/rrrcifphosteleriayturismogijon\/files\/2020\/11\/paises-menos-contaminantes-300x169.png\" alt=\"\" width=\"300\" height=\"169\" srcset=\"https:\/\/edublog.educastur.es\/rrrcifphosteleriayturismogijon\/files\/2020\/11\/paises-menos-contaminantes-300x169.png 300w, https:\/\/edublog.educastur.es\/rrrcifphosteleriayturismogijon\/files\/2020\/11\/paises-menos-contaminantes-768x432.png 768w, https:\/\/edublog.educastur.es\/rrrcifphosteleriayturismogijon\/files\/2020\/11\/paises-menos-contaminantes-600x338.png 600w, https:\/\/edublog.educastur.es\/rrrcifphosteleriayturismogijon\/files\/2020\/11\/paises-menos-contaminantes-945x532.png 945w, https:\/\/edublog.educastur.es\/rrrcifphosteleriayturismogijon\/files\/2020\/11\/paises-menos-contaminantes.png 977w\" sizes=\"auto, (max-width: 300px) 100vw, 300px\" \/><\/p>\n<p>Ultima prueba: <strong>El Rosco:<\/strong> Os animamos desde vuestras casas a imprimir el rosco y realizarlo.<\/p>\n<p><strong>A \u2192<\/strong><strong>\u00a0\u00a0<\/strong>Sustancia con que se abona la tierra o las plantas.<\/p>\n<p><strong>B <\/strong><strong>\u2192<\/strong><strong>\u00a0 <\/strong>Se considera de forma gen\u00e9rica a los residuos s\u00f3lidos sean urbanos, industriales, etc.<\/p>\n<p><strong>C <\/strong><strong>\u2192<\/strong><strong>\u00a0<\/strong>Restos producidos durante la fabricaci\u00f3n o consumo de un material o producto. Se aplica tanto a objetos usados, enteros o no, como a fragmentos resultantes de la fabricaci\u00f3n de un producto. Se utiliza fundamentalmente para metales y tambi\u00e9n vidrio.<\/p>\n<p><strong>D\u2192<\/strong>\u00a0Lugar donde se desguaza.<\/p>\n<p><strong>E <\/strong><strong>\u2192<\/strong>Recipiente que facilita la conservaci\u00f3n y transporte del producto que contiene, en especial un alimento.<strong>\u00a0<\/strong><\/p>\n<p><strong>F <\/strong><strong>\u2192<\/strong>Establecimiento dotado de la maquinaria, herramienta e instalaciones necesarias para la fabricaci\u00f3n de objetos, productos o transformaci\u00f3n industrial de una fuente de energ\u00eda.<\/p>\n<p><strong>G <\/strong><strong>\u2192<\/strong> ONG ambientalista representada con el color verde.<strong>\u00a0<\/strong><\/p>\n<p><strong>H <\/strong><strong>\u2192<\/strong>Medida del impacto que provocan las actividades del ser humano en el medioambiente<\/p>\n<p><strong>I<\/strong> \u2192As\u00ed se denomina en lenguaje coloquial el contenedor verde. En \u00e9l deben depositarse los envases de vidrio que se usan para la comida, la bebida y la cosm\u00e9tica.<\/p>\n<p><strong>J \u2192<\/strong>Sustancia solida y qu\u00edmica, la cual sirve para lavarse las manos y no se puede usar en r\u00edos\/mares debido a su gran contaminaci\u00f3n.<\/p>\n<p><strong>K<\/strong> \u2192Se produce por disoluci\u00f3n indirecta de rocas calizas por culpa de aguas acidas<\/p>\n<p><strong>L<\/strong> \u2192palabra anterior a \u201cacida\u201d, fen\u00f3meno meteorol\u00f3gico.<\/p>\n<p><strong>M<\/strong> \u2192especie extinta de tibur\u00f3n que pod\u00eda alcanzar los 18 metros de largo.<\/p>\n<p><strong>N<\/strong> \u2192considerado un bioelemento primario, constituye alrededor de un 3,5% del total de la masa de los seres vivos.<\/p>\n<p><strong>\u00d1<\/strong> \u2192grupo de plantas con tub\u00e9rculos comestibles, cultivado principalmente en \u00c1frica y que contiene una alta cantidad de vitaminas minerales y antioxidantes.<\/p>\n<p><strong>O \u2192<\/strong>Gas que protege la Tierra de la acci\u00f3n de los rayos ultravioleta del Sol.<\/p>\n<p><strong>P \u2192<\/strong> Agente que originan y generan una enfermedad.<\/p>\n<p><strong>Q <\/strong> \u2192Una reacci\u00f3n de descomposici\u00f3n es una reacci\u00f3n&#8230;&#8230;&#8230;.. .<\/p>\n<p><strong>R <\/strong>\u2192 Darle una segunda vida a un producto. Volver a utilizarlo, generalmente con una funcio\u0301n<\/p>\n<p>distinta a la que teni\u0301a en su origen. Es una de \u00ab las tres R \u00bb.<\/p>\n<p><strong>S <\/strong>\u2192 Depositar los residuos en los diferentes contenedores para que puedan reciclarse o reutilizarse de manera adecuada.<\/p>\n<p><strong>T <\/strong>\u2192 <strong>\u00a0<\/strong>Cortar a\u0301rboles.<strong>U <\/strong>\u2192 Tipo de radiaci\u00f3n luminosa con alto riesgo de producir quemaduras en la piel de las personas si no se usa la adecuada protecci\u00f3n solar.<\/p>\n<p><strong>V <\/strong>\u2192 Material duro, fr\u00e1gil y transparente, obtenido por la fusi\u00f3n de arena sil\u00edcea con potasa, y<\/p>\n<p>moldeable a altas temperaturas.<\/p>\n<p><strong>X<\/strong>\u2192 Contiene la X. Sustancia que absorben las plantas para realizar la fotos\u00edntesis.<\/p>\n<p><strong>Y <\/strong>\u2192 Producto de calcio que viene en un envase que genera muchas dudas a la hora de reciclar. Tanto la tarrina como la tapa deben depositarse en el contenedor amarillo.<\/p>\n<p><strong>Z<\/strong>\u2192 Denominaci\u00f3n inglesa para referirse al movimiento que pretende evitar al m\u00e1ximo la generaci\u00f3n de residuos no . En castellano se esta\u0301 traduciendo como \u201cresiduo cero\u201d o \u201ccero basura\u201d.<\/p>\n<p>&nbsp;<\/p>\n<p><strong>Os atrev\u00e9is con nuestro rosco? \u00bfCu\u00e1ntas hab\u00e9is acertado?<\/strong><\/p>\n<p>&nbsp;<\/p>\n<p><img loading=\"lazy\" decoding=\"async\" class=\"alignnone size-medium wp-image-12\" src=\"http:\/\/edublog.educastur.es\/rrrcifphosteleriayturismogijon\/files\/2020\/11\/440029-300x169.jpg\" alt=\"\" width=\"300\" height=\"169\" srcset=\"https:\/\/edublog.educastur.es\/rrrcifphosteleriayturismogijon\/files\/2020\/11\/440029-300x169.jpg 300w, https:\/\/edublog.educastur.es\/rrrcifphosteleriayturismogijon\/files\/2020\/11\/440029-1024x576.jpg 1024w, https:\/\/edublog.educastur.es\/rrrcifphosteleriayturismogijon\/files\/2020\/11\/440029-768x432.jpg 768w, https:\/\/edublog.educastur.es\/rrrcifphosteleriayturismogijon\/files\/2020\/11\/440029-600x338.jpg 600w, https:\/\/edublog.educastur.es\/rrrcifphosteleriayturismogijon\/files\/2020\/11\/440029-945x532.jpg 945w, https:\/\/edublog.educastur.es\/rrrcifphosteleriayturismogijon\/files\/2020\/11\/440029.jpg 1200w\" sizes=\"auto, (max-width: 300px) 100vw, 300px\" \/><\/p>\n","protected":false},"excerpt":{"rendered":"<p>Arrancamos nuestra semana con un programa muy especial, un \u00e9xito de la televisi\u00f3n y el que todos conocemos \u00abPasapalabra\u00bb. Todas las claves, de la A a la Z, acerca de las 3R. Prueba 1: Pasapalabra\u00a0 Prueba 2: Esta prueba consiste&#8230; <a class=\"more-link\" href=\"https:\/\/edublog.educastur.es\/rrrcifphosteleriayturismogijon\/2020\/11\/21\/pasapalabra-3r\/\">Seguir leyendo &rarr;<\/a><\/p>\n","protected":false},"author":634,"featured_media":0,"comment_status":"open","ping_status":"open","sticky":false,"template":"","format":"standard","meta":{"footnotes":""},"categories":[5,8,6,7,1],"tags":[],"class_list":["post-11","post","type-post","status-publish","format-standard","hentry","category-participacion","category-recicla","category-reducir","category-reutilizar","category-sin-categoria"],"_links":{"self":[{"href":"https:\/\/edublog.educastur.es\/rrrcifphosteleriayturismogijon\/wp-json\/wp\/v2\/posts\/11","targetHints":{"allow":["GET"]}}],"collection":[{"href":"https:\/\/edublog.educastur.es\/rrrcifphosteleriayturismogijon\/wp-json\/wp\/v2\/posts"}],"about":[{"href":"https:\/\/edublog.educastur.es\/rrrcifphosteleriayturismogijon\/wp-json\/wp\/v2\/types\/post"}],"author":[{"embeddable":true,"href":"https:\/\/edublog.educastur.es\/rrrcifphosteleriayturismogijon\/wp-json\/wp\/v2\/users\/634"}],"replies":[{"embeddable":true,"href":"https:\/\/edublog.educastur.es\/rrrcifphosteleriayturismogijon\/wp-json\/wp\/v2\/comments?post=11"}],"version-history":[{"count":1,"href":"https:\/\/edublog.educastur.es\/rrrcifphosteleriayturismogijon\/wp-json\/wp\/v2\/posts\/11\/revisions"}],"predecessor-version":[{"id":16,"href":"https:\/\/edublog.educastur.es\/rrrcifphosteleriayturismogijon\/wp-json\/wp\/v2\/posts\/11\/revisions\/16"}],"wp:attachment":[{"href":"https:\/\/edublog.educastur.es\/rrrcifphosteleriayturismogijon\/wp-json\/wp\/v2\/media?parent=11"}],"wp:term":[{"taxonomy":"category","embeddable":true,"href":"https:\/\/edublog.educastur.es\/rrrcifphosteleriayturismogijon\/wp-json\/wp\/v2\/categories?post=11"},{"taxonomy":"post_tag","embeddable":true,"href":"https:\/\/edublog.educastur.es\/rrrcifphosteleriayturismogijon\/wp-json\/wp\/v2\/tags?post=11"}],"curies":[{"name":"wp","href":"https:\/\/api.w.org\/{rel}","templated":true}]}}