{"id":187,"date":"2021-04-29T13:03:53","date_gmt":"2021-04-29T13:03:53","guid":{"rendered":"https:\/\/edublog.educastur.es\/rrrcifphosteleriayturismogijon\/?p=187"},"modified":"2021-04-30T12:40:52","modified_gmt":"2021-04-30T12:40:52","slug":"concurso-tematico-cogersa-2020","status":"publish","type":"post","link":"https:\/\/edublog.educastur.es\/rrrcifphosteleriayturismogijon\/2021\/04\/29\/concurso-tematico-cogersa-2020\/","title":{"rendered":"CONCURSO TEM\u00c1TICO Cogersa 2020"},"content":{"rendered":"<div>Cuidemos nuestra playa !! Cuidemos nuestro entorno !<\/div>\n<div><\/div>\n<div>\nDiagn\u00f3stico: Nuestro alumnado se ha dado cuenta de la gran cantidad de residuos en nuestras playas. En este caso nos centramos en la Playa de San Lorenzo.<\/div>\n<p><!--more--><\/p>\n<div>P\u00fablico. Todo el mundo. Desde los m\u00e1s peques hasta un p\u00fablico m\u00e1s adulto se debe dar cuenta de este gran problema.<\/div>\n<div><\/div>\n<div>Medios y estrategia. Cuidemos nuestras playas. Usaremos carteles como el que os mostramos a continuaci\u00f3n para concienciar a toda la comunidad educativa y al p\u00fablico en general, en este caso nos centramos en Gij\u00f3n.<\/div>\n<div><\/div>\n<div><img loading=\"lazy\" decoding=\"async\" class=\"alignnone size-medium wp-image-188\" src=\"http:\/\/edublog.educastur.es\/rrrcifphosteleriayturismogijon\/files\/2021\/04\/C95D1AF8-F57F-4166-825E-29907F2C6977-213x300.jpeg\" alt=\"\" width=\"213\" height=\"300\" srcset=\"https:\/\/edublog.educastur.es\/rrrcifphosteleriayturismogijon\/files\/2021\/04\/C95D1AF8-F57F-4166-825E-29907F2C6977-213x300.jpeg 213w, https:\/\/edublog.educastur.es\/rrrcifphosteleriayturismogijon\/files\/2021\/04\/C95D1AF8-F57F-4166-825E-29907F2C6977-729x1024.jpeg 729w, https:\/\/edublog.educastur.es\/rrrcifphosteleriayturismogijon\/files\/2021\/04\/C95D1AF8-F57F-4166-825E-29907F2C6977-600x843.jpeg 600w, https:\/\/edublog.educastur.es\/rrrcifphosteleriayturismogijon\/files\/2021\/04\/C95D1AF8-F57F-4166-825E-29907F2C6977.jpeg 750w\" sizes=\"auto, (max-width: 213px) 100vw, 213px\" \/><\/div>\n<div>Plan de acci\u00f3n: adem\u00e1s de los carteles hemos planificado una cu\u00f1a de radio porque sabemos que en Asturias es uno de los medios m\u00e1s utilizados. En concreto cadena dial ( con m\u00e1s de 58.000 oyentes diarios )<\/div>\n<div><\/div>\n<div><a href=\"https:\/\/soundcloud.com\/isabel-menendez-rujas\/cuna-de-radio-1\">cu\u00f1a 1<\/a><\/div>\n<div>https:\/\/soundcloud.com\/isabel-menendez-rujas\/cuna-de-radio-1<\/div>\n<div><\/div>\n<div><\/div>\n<div>Evaluaci\u00f3n : encuesta, para saber si nuestra campa\u00f1a tiene y puede tener \u00e9xito<\/div>\n<div><\/div>\n<div><a id=\"LPlnk283733\" href=\"https:\/\/forms.office.com\/Pages\/ResponsePage.aspx?id=O26jiJ_XK0qNtkwG0Jc4IWu4F_UJajlFpLUGOZdvrZ5UOTFONFNWN0g0NzBHNkRIUVM3MDVDRUVJTy4u\" target=\"_blank\" rel=\"noopener noreferrer\" data-auth=\"NotApplicable\" data-linkindex=\"0\">https:\/\/forms.office.com\/Pages\/ResponsePage.aspx?id=O26jiJ_XK0qNtkwG0Jc4IWu4F_UJajlFpLUGOZdvrZ5UOTFONFNWN0g0NzBHNkRIUVM3MDVDRUVJTy4u<\/a><\/div>\n<div><strong>os gusta nuestra campa\u00f1a ?<\/strong><\/div>\n<p><!--more--><\/p>\n<div>Pues no solo pensamos que el problema son solo los residuos en la playa. Tambi\u00e9n pensamos la gran cantidad de colillas que hay.<\/div>\n<div>el esquema es igual que la campa\u00f1a anterior.<\/div>\n<div><img loading=\"lazy\" decoding=\"async\" class=\"alignnone size-medium wp-image-192\" src=\"http:\/\/edublog.educastur.es\/rrrcifphosteleriayturismogijon\/files\/2021\/04\/A0199C85-EA31-4D10-8311-9CAF3B4A0204-215x300.jpeg\" alt=\"\" width=\"215\" height=\"300\" srcset=\"https:\/\/edublog.educastur.es\/rrrcifphosteleriayturismogijon\/files\/2021\/04\/A0199C85-EA31-4D10-8311-9CAF3B4A0204-215x300.jpeg 215w, https:\/\/edublog.educastur.es\/rrrcifphosteleriayturismogijon\/files\/2021\/04\/A0199C85-EA31-4D10-8311-9CAF3B4A0204-733x1024.jpeg 733w, https:\/\/edublog.educastur.es\/rrrcifphosteleriayturismogijon\/files\/2021\/04\/A0199C85-EA31-4D10-8311-9CAF3B4A0204-600x838.jpeg 600w, https:\/\/edublog.educastur.es\/rrrcifphosteleriayturismogijon\/files\/2021\/04\/A0199C85-EA31-4D10-8311-9CAF3B4A0204.jpeg 750w\" sizes=\"auto, (max-width: 215px) 100vw, 215px\" \/><\/div>\n<div><a href=\"https:\/\/soundcloud.com\/isabel-menendez-rujas\/cogersacolillas\">cu\u00f1a 2<\/a><\/div>\n<div>https:\/\/soundcloud.com\/isabel-menendez-rujas\/cogersacolillas<\/div>\n<div><\/div>\n<div><\/div>\n<div>por tanto os dejamos nuestro mensaje <a href=\"https:\/\/soundcloud.com\/isabel-menendez-rujas\/audio-2021-04-27-22-24-20\">final<\/a><\/div>\n<div><\/div>\n<div>https:\/\/soundcloud.com\/isabel-menendez-rujas\/audio-2021-04-27-22-24-20<\/div>\n<div><\/div>\n<div><a href=\"https:\/\/forms.office.com\/pages\/responsepage.aspx?id=O26jiJ_XK0qNtkwG0Jc4IVfW0rkGoHVMt382yHJeiOBUN0JKVEJGNk8zSEQ0TDRLM0FSMVFCVTY5OC4u\">encuesta <\/a><\/div>\n<div><\/div>\n<div><\/div>\n<div><\/div>\n<div><\/div>\n<div><\/div>\n<div><\/div>\n<div><\/div>\n<div><\/div>\n<div><\/div>\n<div>\n<div><\/div>\n<div><\/div>\n<\/div>\n<div><\/div>\n","protected":false},"excerpt":{"rendered":"<p>Cuidemos nuestra playa !! Cuidemos nuestro entorno ! Diagn\u00f3stico: Nuestro alumnado se ha dado cuenta de la gran cantidad de residuos en nuestras playas. En este caso nos centramos en la Playa de San Lorenzo.<\/p>\n","protected":false},"author":634,"featured_media":0,"comment_status":"open","ping_status":"open","sticky":false,"template":"","format":"standard","meta":{"footnotes":""},"categories":[3,2,5,1],"tags":[],"class_list":["post-187","post","type-post","status-publish","format-standard","hentry","category-experiencia","category-inicio","category-participacion","category-sin-categoria"],"_links":{"self":[{"href":"https:\/\/edublog.educastur.es\/rrrcifphosteleriayturismogijon\/wp-json\/wp\/v2\/posts\/187","targetHints":{"allow":["GET"]}}],"collection":[{"href":"https:\/\/edublog.educastur.es\/rrrcifphosteleriayturismogijon\/wp-json\/wp\/v2\/posts"}],"about":[{"href":"https:\/\/edublog.educastur.es\/rrrcifphosteleriayturismogijon\/wp-json\/wp\/v2\/types\/post"}],"author":[{"embeddable":true,"href":"https:\/\/edublog.educastur.es\/rrrcifphosteleriayturismogijon\/wp-json\/wp\/v2\/users\/634"}],"replies":[{"embeddable":true,"href":"https:\/\/edublog.educastur.es\/rrrcifphosteleriayturismogijon\/wp-json\/wp\/v2\/comments?post=187"}],"version-history":[{"count":9,"href":"https:\/\/edublog.educastur.es\/rrrcifphosteleriayturismogijon\/wp-json\/wp\/v2\/posts\/187\/revisions"}],"predecessor-version":[{"id":198,"href":"https:\/\/edublog.educastur.es\/rrrcifphosteleriayturismogijon\/wp-json\/wp\/v2\/posts\/187\/revisions\/198"}],"wp:attachment":[{"href":"https:\/\/edublog.educastur.es\/rrrcifphosteleriayturismogijon\/wp-json\/wp\/v2\/media?parent=187"}],"wp:term":[{"taxonomy":"category","embeddable":true,"href":"https:\/\/edublog.educastur.es\/rrrcifphosteleriayturismogijon\/wp-json\/wp\/v2\/categories?post=187"},{"taxonomy":"post_tag","embeddable":true,"href":"https:\/\/edublog.educastur.es\/rrrcifphosteleriayturismogijon\/wp-json\/wp\/v2\/tags?post=187"}],"curies":[{"name":"wp","href":"https:\/\/api.w.org\/{rel}","templated":true}]}}