{"id":218,"date":"2021-11-22T10:56:35","date_gmt":"2021-11-22T10:56:35","guid":{"rendered":"https:\/\/edublog.educastur.es\/rrrcifphosteleriayturismogijon\/?p=218"},"modified":"2021-11-22T10:56:35","modified_gmt":"2021-11-22T10:56:35","slug":"nuestras-cunas-de-radio","status":"publish","type":"post","link":"https:\/\/edublog.educastur.es\/rrrcifphosteleriayturismogijon\/2021\/11\/22\/nuestras-cunas-de-radio\/","title":{"rendered":"NUESTRAS CU\u00d1AS DE RADIO"},"content":{"rendered":"<p>&nbsp;<\/p>\n<ul>\n<li><strong><a href=\"https:\/\/soundcloud.com\/isabel-menendez-rujas\/aud-20211103-wa0010?si=3683c535a0f944fd9a5812683710f10e\">CU\u00d1A 1<\/a>:<\/strong><strong>. <\/strong>Dale una segunda oportunidad a las cosas. Aqu\u00ed pretendemos darle hincapi\u00e9 a nuestro Instagram con consejos para dar una segunda vida u oportunidad a las cosas. Sab\u00edais que hay tiendas de segunda mano de ropa y d\u00f3nde est\u00e1n en nuestro concejo?<\/li>\n<li><strong><a href=\"https:\/\/soundcloud.com\/isabel-menendez-rujas\/aud-20211103-wa0013?si=3683c535a0f944fd9a5812683710f10e\">CU\u00d1A 2<\/a>:<\/strong>\u00a0Concienciaci\u00f3n para tener en cuenta que si no reciclamos el mundo se muere y habr\u00e1 futuro. Unas frases duras pero realistas.<\/li>\n<li><strong><a href=\"https:\/\/soundcloud.com\/isabel-menendez-rujas\/cuna-radio-sepr?si=3683c535a0f944fd9a5812683710f10e\">CU\u00d1A 3<\/a>: <\/strong>\u00a0Por un mundo verde y mejor. Campa\u00f1a reinvicativa.<\/li>\n<li><strong><a href=\"https:\/\/soundcloud.com\/isabel-menendez-rujas\/aud-20211101-wa0041?si=3683c535a0f944fd9a5812683710f10e\">CU\u00d1A 4<\/a>: <\/strong>\u00a0La transici\u00f3n energ\u00e9tica ya est\u00e1 en marcha. Cada d\u00eda tenemos m\u00e1s alternativas al consumo desmedido.<strong>\n<p><\/strong><\/li>\n<\/ul>\n","protected":false},"excerpt":{"rendered":"<p>&nbsp; CU\u00d1A 1:. Dale una segunda oportunidad a las cosas. Aqu\u00ed pretendemos darle hincapi\u00e9 a nuestro Instagram con consejos para dar una segunda vida u oportunidad a las cosas. Sab\u00edais que hay tiendas de segunda mano de ropa y d\u00f3nde&#8230; <a class=\"more-link\" href=\"https:\/\/edublog.educastur.es\/rrrcifphosteleriayturismogijon\/2021\/11\/22\/nuestras-cunas-de-radio\/\">Seguir leyendo &rarr;<\/a><\/p>\n","protected":false},"author":634,"featured_media":0,"comment_status":"open","ping_status":"open","sticky":false,"template":"","format":"standard","meta":{"footnotes":""},"categories":[1],"tags":[],"class_list":["post-218","post","type-post","status-publish","format-standard","hentry","category-sin-categoria"],"_links":{"self":[{"href":"https:\/\/edublog.educastur.es\/rrrcifphosteleriayturismogijon\/wp-json\/wp\/v2\/posts\/218","targetHints":{"allow":["GET"]}}],"collection":[{"href":"https:\/\/edublog.educastur.es\/rrrcifphosteleriayturismogijon\/wp-json\/wp\/v2\/posts"}],"about":[{"href":"https:\/\/edublog.educastur.es\/rrrcifphosteleriayturismogijon\/wp-json\/wp\/v2\/types\/post"}],"author":[{"embeddable":true,"href":"https:\/\/edublog.educastur.es\/rrrcifphosteleriayturismogijon\/wp-json\/wp\/v2\/users\/634"}],"replies":[{"embeddable":true,"href":"https:\/\/edublog.educastur.es\/rrrcifphosteleriayturismogijon\/wp-json\/wp\/v2\/comments?post=218"}],"version-history":[{"count":1,"href":"https:\/\/edublog.educastur.es\/rrrcifphosteleriayturismogijon\/wp-json\/wp\/v2\/posts\/218\/revisions"}],"predecessor-version":[{"id":219,"href":"https:\/\/edublog.educastur.es\/rrrcifphosteleriayturismogijon\/wp-json\/wp\/v2\/posts\/218\/revisions\/219"}],"wp:attachment":[{"href":"https:\/\/edublog.educastur.es\/rrrcifphosteleriayturismogijon\/wp-json\/wp\/v2\/media?parent=218"}],"wp:term":[{"taxonomy":"category","embeddable":true,"href":"https:\/\/edublog.educastur.es\/rrrcifphosteleriayturismogijon\/wp-json\/wp\/v2\/categories?post=218"},{"taxonomy":"post_tag","embeddable":true,"href":"https:\/\/edublog.educastur.es\/rrrcifphosteleriayturismogijon\/wp-json\/wp\/v2\/tags?post=218"}],"curies":[{"name":"wp","href":"https:\/\/api.w.org\/{rel}","templated":true}]}}