{"id":235,"date":"2021-12-01T12:59:53","date_gmt":"2021-12-01T12:59:53","guid":{"rendered":"https:\/\/edublog.educastur.es\/rrrcifphosteleriayturismogijon\/?p=235"},"modified":"2021-12-01T13:00:57","modified_gmt":"2021-12-01T13:00:57","slug":"nuestra-exposicion-mas-4r","status":"publish","type":"post","link":"https:\/\/edublog.educastur.es\/rrrcifphosteleriayturismogijon\/2021\/12\/01\/nuestra-exposicion-mas-4r\/","title":{"rendered":"NUESTRA EXPOSICI\u00d3N M\u00c1S 4R"},"content":{"rendered":"<p>El Cifp de Hosteler\u00eda y Turismo, comprometido con la regla de las 3 R de la ecolog\u00eda,\u00a0<strong>reducir, reutilizar y reciclar<\/strong>, celebra una exposici\u00f3n con productos reciclados. Ha tenido lugar la semana de la SEPR de noviembre en las instalaciones del Cifp, donde el alumnado y la comunidad educativa pudieron llevar todo tipo de productos que est\u00e1n utilizando con la finalidad de darle otra vida. (bolsos, jarrones, carteras, caja para los l\u00e1pices\u2026)<\/p>\n<p>&nbsp;<\/p>\n<p>Con esta iniciativa queremos contribuir a la sensibilizaci\u00f3n del consumo responsable y el compromiso con el entorno y con el planeta, poniendo a la vista originales art\u00edculos reciclados en l\u00ednea con los Objetivos de Desarrollo Sostenible.<\/p>\n<p>&nbsp;<\/p>\n<p>En esta exposici\u00f3n contaba con un cartel informativo con todas las actividades que se han realizado en el centro educativo.<\/p>\n<p><img loading=\"lazy\" decoding=\"async\" class=\"alignnone size-medium wp-image-236\" src=\"http:\/\/edublog.educastur.es\/rrrcifphosteleriayturismogijon\/files\/2021\/12\/MERCADILLO-CIFP-225x300.jpg\" alt=\"\" width=\"225\" height=\"300\" srcset=\"https:\/\/edublog.educastur.es\/rrrcifphosteleriayturismogijon\/files\/2021\/12\/MERCADILLO-CIFP-225x300.jpg 225w, https:\/\/edublog.educastur.es\/rrrcifphosteleriayturismogijon\/files\/2021\/12\/MERCADILLO-CIFP-rotated.jpg 300w\" sizes=\"auto, (max-width: 225px) 100vw, 225px\" \/><\/p>\n","protected":false},"excerpt":{"rendered":"<p>El Cifp de Hosteler\u00eda y Turismo, comprometido con la regla de las 3 R de la ecolog\u00eda,\u00a0reducir, reutilizar y reciclar, celebra una exposici\u00f3n con productos reciclados. Ha tenido lugar la semana de la SEPR de noviembre en las instalaciones del&#8230; <a class=\"more-link\" href=\"https:\/\/edublog.educastur.es\/rrrcifphosteleriayturismogijon\/2021\/12\/01\/nuestra-exposicion-mas-4r\/\">Seguir leyendo &rarr;<\/a><\/p>\n","protected":false},"author":634,"featured_media":0,"comment_status":"open","ping_status":"open","sticky":false,"template":"","format":"standard","meta":{"footnotes":""},"categories":[3,2,5,8,6,4,7,1],"tags":[],"class_list":["post-235","post","type-post","status-publish","format-standard","hentry","category-experiencia","category-inicio","category-participacion","category-recicla","category-reducir","category-rer","category-reutilizar","category-sin-categoria"],"_links":{"self":[{"href":"https:\/\/edublog.educastur.es\/rrrcifphosteleriayturismogijon\/wp-json\/wp\/v2\/posts\/235","targetHints":{"allow":["GET"]}}],"collection":[{"href":"https:\/\/edublog.educastur.es\/rrrcifphosteleriayturismogijon\/wp-json\/wp\/v2\/posts"}],"about":[{"href":"https:\/\/edublog.educastur.es\/rrrcifphosteleriayturismogijon\/wp-json\/wp\/v2\/types\/post"}],"author":[{"embeddable":true,"href":"https:\/\/edublog.educastur.es\/rrrcifphosteleriayturismogijon\/wp-json\/wp\/v2\/users\/634"}],"replies":[{"embeddable":true,"href":"https:\/\/edublog.educastur.es\/rrrcifphosteleriayturismogijon\/wp-json\/wp\/v2\/comments?post=235"}],"version-history":[{"count":1,"href":"https:\/\/edublog.educastur.es\/rrrcifphosteleriayturismogijon\/wp-json\/wp\/v2\/posts\/235\/revisions"}],"predecessor-version":[{"id":237,"href":"https:\/\/edublog.educastur.es\/rrrcifphosteleriayturismogijon\/wp-json\/wp\/v2\/posts\/235\/revisions\/237"}],"wp:attachment":[{"href":"https:\/\/edublog.educastur.es\/rrrcifphosteleriayturismogijon\/wp-json\/wp\/v2\/media?parent=235"}],"wp:term":[{"taxonomy":"category","embeddable":true,"href":"https:\/\/edublog.educastur.es\/rrrcifphosteleriayturismogijon\/wp-json\/wp\/v2\/categories?post=235"},{"taxonomy":"post_tag","embeddable":true,"href":"https:\/\/edublog.educastur.es\/rrrcifphosteleriayturismogijon\/wp-json\/wp\/v2\/tags?post=235"}],"curies":[{"name":"wp","href":"https:\/\/api.w.org\/{rel}","templated":true}]}}