{"id":1010,"date":"2020-10-02T23:56:47","date_gmt":"2020-10-02T21:56:47","guid":{"rendered":"https:\/\/edublog.educastur.es\/unamusicadecine\/?p=1010"},"modified":"2020-10-03T12:52:33","modified_gmt":"2020-10-03T10:52:33","slug":"dolores-oriordan-un-icono-de-los-90-que-sono-en-el-cine","status":"publish","type":"post","link":"https:\/\/edublog.educastur.es\/unamusicadecine\/2020\/10\/02\/dolores-oriordan-un-icono-de-los-90-que-sono-en-el-cine\/","title":{"rendered":"Dolores O\u00b4Riordan. Un icono de los 90 que son\u00f3 en el cine."},"content":{"rendered":"<p><img loading=\"lazy\" decoding=\"async\" src=\"https:\/\/assets6.domestika.org\/project-items\/002\/238\/886\/Dolores_Oriordan_portait_2-big.png?1517403915\" width=\"500\" height=\"400\" \/><\/p>\n<p style=\"text-align: justify\">El lunes 15 de enero de 2018, tristemente nos dejaba con tan solo 46 a\u00f1os, la cantante irlandesa <strong>Dolores O\u2019Riordan<\/strong>, vocalista del grupo <strong>The Cranberries<\/strong>,\u00a0una de las mejores bandas de rock alternativo de los 90.<\/p>\n<p style=\"text-align: justify\"><img loading=\"lazy\" decoding=\"async\" src=\"https:\/\/2r62j11x4zsy3ytak02nzvbk24y-wpengine.netdna-ssl.com\/wp-content\/uploads\/2018\/01\/5a5df9af53c1058efe161024f1a0482e.gif\" width=\"226\" height=\"152\" align=\"left\" border=\"1\" \/> Dotada de una\u00a0 peculiar voz, dulce y a la vez desgarradora,\u00a0<strong>Dolores O\u00b4Riordan<\/strong>\u00a0se convirti\u00f3 en un aut\u00e9ntico icono de los 90.<\/p>\n<p style=\"text-align: justify\" align=\"justify\">Aprovechando que la alumna de 2\u00baA, Arancha \u00c1lvarez, ha realizado un estupendo trabajo sobre la m\u00edtica banda, y en concreto sobre la tristemente fallecida vocalista (con la herramienta digital <em>genial.ly.), <\/em>vamos a hacerle un homenaje a la cantante en este post.\u00a0<strong>Pinchad en la imagen <\/strong>para ver el genial.ly de <strong>Arancha \u00c1lvarez<\/strong>.<\/p>\n<p align=\"justify\"><a href=\"https:\/\/view.genial.ly\/5addef35524a2d65b26ca653\/the-cranberries\" target=\"_blank\" rel=\"noopener noreferrer\"><img loading=\"lazy\" decoding=\"async\" src=\"https:\/\/lh3.googleusercontent.com\/proxy\/tGMIT6wRycvu1SRJtFGCo-Bkvd64kWn5ZNk03VGN84OyRdz3lXsncqnf5qopHqkKi-SptJo-POQtqIFBVLjOoYlWZIMmukTMg3Pm1rhspLQ6vyYVuOQx9zc0J8Gzl3_5pJwUv0IrNIavOzxrYpwrTgIULWEun-GuNEK27BEyFr4s4SwfW8zNWPs90inzYz8LoqxLJBmfEutPRB2MdvBT8WDSJFVZ9F1VaY6t=w1200-h674-p-k\" width=\"425\" height=\"300\" \/><\/a><\/p>\n<p align=\"justify\">En la d\u00e9cada de los 90, muchas de las grandes bandas de rock y pop sirvieron como banda sonora de diversas pel\u00edculas. Este fue el caso de <strong>The Cranberries, <\/strong>cuyas canciones hicieron memorables algunas escenas de series y pel\u00edculas en los a\u00f1os noventa y principios del 2000. Vamos a ver algunos ejemplos.<\/p>\n<ul>\n<li>\n<p align=\"justify\"><strong><span style=\"color: #0000ff\">Canci\u00f3n: <\/span><\/strong><span style=\"color: #0000ff\"><em><strong>Dreams.<\/strong><\/em><\/span>\u00a0Con su caracter\u00edstica voz y un ritmo constante de tambor, este tema musical fue\u00a0 el primer y m\u00e1s pegadizo sencillo de su primer disco\u00a0<em>\u201cEverybody\u00a0<\/em><em>Else Is Doing It, So Why Can\u2019t We?\u201d<\/em>, publicado\u00a0 en 1992, uno de sus grandes \u00e9xitos.<\/p>\n<\/li>\n<\/ul>\n<p><img loading=\"lazy\" decoding=\"async\" src=\"https:\/\/s-media-cache-ak0.pinimg.com\/originals\/de\/fb\/62\/defb626aec9a0a1d445781315200ec32.jpg\" width=\"200\" height=\"200\" align=\"middle\" \/><\/p>\n\n<!-- iframe plugin v.6.0 wordpress.org\/plugins\/iframe\/ -->\n<iframe loading=\"lazy\" width=\"560\" height=\"315\" src=\"https:\/\/www.youtube.com\/embed\/Yam5uK6e-bQ\" scrolling=\"yes\" class=\"iframe-class\" frameborder=\"0\"><\/iframe>\n\n<p><img loading=\"lazy\" decoding=\"async\" src=\"http:\/\/www.bbmgif.com\/images\/a4\/cine-bbpin.gif\" width=\"90\" height=\"90\" \/>\u00a0Estas son algunas de las pel\u00edculas en que apareci\u00f3 el tema:<\/p>\n<p><img loading=\"lazy\" decoding=\"async\" src=\"https:\/\/i.ytimg.com\/vi\/uGCvfkmnN2Y\/movieposter.jpg\" width=\"160\" height=\"200\" align=\"middle\" \/>\u00a0<strong><span style=\"color: #0000ff\">Karate Kid IV: La nueva aventura (1994).<\/span><\/strong><\/p>\n<p align=\"justify\">La canci\u00f3n le sirve a la protagonista como fondo para una pr\u00e1ctica de kata en un monasterio, sorprendentemente los monjes bailar\u00e1n al son de la m\u00fasica. Gran canci\u00f3n.<\/p>\n<p align=\"justify\">\n<!-- iframe plugin v.6.0 wordpress.org\/plugins\/iframe\/ -->\n<iframe loading=\"lazy\" width=\"560\" height=\"315\" src=\"https:\/\/www.youtube.com\/embed\/AHmGLUMsa2o\" scrolling=\"yes\" class=\"iframe-class\" frameborder=\"0\"><\/iframe>\n<\/p>\n<p align=\"justify\"><img loading=\"lazy\" decoding=\"async\" src=\"http:\/\/es.web.img2.acsta.net\/pictures\/14\/03\/18\/10\/00\/040774.jpg\" width=\"160\" height=\"200\" align=\"middle\" \/>\u00a0<span style=\"color: #0000ff\"><strong>Tienes un e-mail<\/strong> <strong>(1998).<\/strong><\/span><\/p>\n<p align=\"justify\">Mientras suena <em>\u201cDreams\u201d<\/em> de fondo, la pareja protagonista Kathleen y Joe (que nunca se han visto) se dirigen a sus respectivos trabajos, en una ma\u00f1ana soleada en Nueva York.<\/p>\n<p align=\"justify\">\n<!-- iframe plugin v.6.0 wordpress.org\/plugins\/iframe\/ -->\n<iframe loading=\"lazy\" width=\"560\" height=\"315\" src=\"https:\/\/www.youtube.com\/embed\/01VAZ4jC_ug\" scrolling=\"yes\" class=\"iframe-class\" frameborder=\"0\"><\/iframe>\n<\/p>\n<p align=\"justify\">\u00a0<img loading=\"lazy\" decoding=\"async\" src=\"http:\/\/background.uchicago.edu\/~whu\/beginners\/tv.gif\" width=\"120\" height=\"100\" \/>Este tema tambi\u00e9n apareci\u00f3 en una serie de televisi\u00f3n norteamericana llamada <em>\u201cEs mi vida\u201d<\/em>\u00a0(\u201d<em>My So-Called Life\u201d)<span style=\"color: #333333;font-family: Arial, sans-serif\">\u00a0<\/span><\/em>emitida en\u00a0los 90. La serie gira en torno a la vida de una adolescente de 15 a\u00f1os, Angela Chase, (Claire Danes) con los problemas propios de su edad.<\/p>\n<p align=\"justify\"><img loading=\"lazy\" decoding=\"async\" src=\"https:\/\/pics.filmaffinity.com\/my_so_called_life_tv_series-246034310-mmed.jpg\" width=\"160\" height=\"200\" align=\"middle\" \/>\u00a0\u00a0<span style=\"color: #0000ff\"><strong>Es mi vida<\/strong>\u00a0<strong>(1994).<\/strong><\/span><\/p>\n<p align=\"justify\">La canci\u00f3n aparece en diferentes momentos en la serie, y en esta ocasi\u00f3n, sirve de fondo para acompa\u00f1ar escenas de la vida de la adolescente.<\/p>\n<p align=\"justify\">\n<!-- iframe plugin v.6.0 wordpress.org\/plugins\/iframe\/ -->\n<iframe loading=\"lazy\" width=\"560\" height=\"315\" src=\"https:\/\/www.youtube.com\/embed\/XTEF90_I-CM\" scrolling=\"yes\" class=\"iframe-class\" frameborder=\"0\"><\/iframe>\n<\/p>\n<ul>\n<li>\n<p align=\"justify\"><strong><span style=\"color: #0000ff\">Canci\u00f3n:\u00a0<\/span><\/strong><span style=\"color: #0000ff\"><em><strong>Linger.\u00a0<\/strong><\/em><\/span>Fue el tema de mayor \u00e9xito de su primer disco\u00a0<em>\u201cEverybody\u00a0<\/em><em>Else Is Doing It, So Why Can\u2019t We?\u201d.<\/em> <strong>O\u2019Riordan<\/strong> escribi\u00f3 esta canci\u00f3n inspir\u00e1ndose en los recuerdos de su primer beso.<\/p>\n<\/li>\n<\/ul>\n<p><img loading=\"lazy\" decoding=\"async\" src=\"https:\/\/s-media-cache-ak0.pinimg.com\/originals\/de\/fb\/62\/defb626aec9a0a1d445781315200ec32.jpg\" width=\"200\" height=\"200\" align=\"middle\" \/><\/p>\n\n<!-- iframe plugin v.6.0 wordpress.org\/plugins\/iframe\/ -->\n<iframe loading=\"lazy\" width=\"560\" height=\"315\" src=\"https:\/\/www.youtube.com\/embed\/G6Kspj3OO0s\" scrolling=\"yes\" class=\"iframe-class\" frameborder=\"0\"><\/iframe>\n\n<p><img loading=\"lazy\" decoding=\"async\" src=\"http:\/\/www.bbmgif.com\/images\/a4\/cine-bbpin.gif\" width=\"90\" height=\"90\" \/> Pel\u00edcula en que apareci\u00f3 el tema:<\/p>\n<p><img loading=\"lazy\" decoding=\"async\" class=\"n3VNCb\" src=\"https:\/\/lh5.googleusercontent.com\/-vQrJdX05Qkg\/Tz1MgHzHaDI\/AAAAAAAAB2Y\/iw9_0H7NwT4\/s800\/pelicula-click.jpg\" alt=\"Analizando la pel\u00edcula click\" width=\"183\" height=\"272\" data-noaft=\"1\" \/>\u00a0 <span style=\"color: #0000ff\"><strong>Click<\/strong>\u00a0<strong>(2003).<\/strong><\/span><\/p>\n<p><strong>O\u00b4Riordan<\/strong> hace un cameo en la pel\u00edcula interpretando esta canci\u00f3n, que se convierte en el himno rom\u00e1ntico de la pareja protagonista. Se escucha m\u00e1s de una vez,\u00a0adapt\u00e1ndolo al filme en forma de balada m\u00e1s lenta y rom\u00e1ntica. Deliciosa.<\/p>\n\n<!-- iframe plugin v.6.0 wordpress.org\/plugins\/iframe\/ -->\n<iframe loading=\"lazy\" width=\"560\" height=\"315\" src=\"https:\/\/www.youtube.com\/embed\/iWT4VvbrcCw\" scrolling=\"yes\" class=\"iframe-class\" frameborder=\"0\"><\/iframe>\n\n<ul>\n<li>\n<p align=\"justify\">\u00a0<strong><span style=\"color: #0000ff\">Canci\u00f3n: <\/span><\/strong><span style=\"color: #0000ff\"><em><strong>Away. <\/strong><\/em><\/span>Pertenece\u00a0a su segundo \u00e1lbum, \u201c<em>No Need to Argue\u201d, \u00a0<\/em>publicado en 1994. Es el\u00a0m\u00e1s exitoso del grupo.<\/p>\n<\/li>\n<\/ul>\n<p><img loading=\"lazy\" decoding=\"async\" src=\"https:\/\/resources.tidal.com\/images\/11e89ed2\/b715\/4b2f\/ba64\/5723ca76ca05\/1280x1280.jpg\" width=\"200\" height=\"200\" border=\"1\" \/><\/p>\n\n<!-- iframe plugin v.6.0 wordpress.org\/plugins\/iframe\/ -->\n<iframe loading=\"lazy\" width=\"560\" height=\"315\" src=\"https:\/\/www.youtube.com\/embed\/a4pFKZLBwgc\" scrolling=\"yes\" class=\"iframe-class\" frameborder=\"0\"><\/iframe>\n\n<p><img loading=\"lazy\" decoding=\"async\" src=\"http:\/\/www.bbmgif.com\/images\/a4\/cine-bbpin.gif\" width=\"90\" height=\"90\" \/> Pel\u00edcula en que apareci\u00f3 el tema:<\/p>\n<p><img loading=\"lazy\" decoding=\"async\" src=\"https:\/\/i.ytimg.com\/vi\/xzxwbQrBnC8\/movieposter.jpg\" width=\"160\" height=\"200\" align=\"middle\" \/> <span style=\"color: #0000ff\"><strong>Clueless<\/strong> <strong>(1995).<\/strong><\/span><\/p>\n<p>El chico m\u00e1s popular del instituto, lleva en su coche a la chica m\u00e1s popular y comienza a cantar al ritmo de <em>Away.<\/em><\/p>\n\n<!-- iframe plugin v.6.0 wordpress.org\/plugins\/iframe\/ -->\n<iframe loading=\"lazy\" width=\"560\" height=\"315\" src=\"https:\/\/www.youtube.com\/embed\/ld_TueiQiQo\" scrolling=\"yes\" class=\"iframe-class\" frameborder=\"0\"><\/iframe>\n\n<ul>\n<li><strong><span style=\"color: #0000ff\">C<\/span><span style=\"color: #0000ff\">anci\u00f3n:\u00a0<\/span><\/strong><span style=\"color: #0000ff\"><strong>J<em>ust My Imagination<\/em><\/strong><em><strong>. <\/strong><\/em><\/span>Es una de las canciones m\u00e1s conocidas de la banda. En la letra habla de una relaci\u00f3n, y de c\u00f3mo \u201cViv\u00edamos para el amor que ten\u00edamos y\/ No viv\u00edamos para la realidad\u201d. Pertenece\u00a0 a su cuarto \u00e1lbum \u201c<em>Bury the Hatchet\u201d<\/em> y fue lanzado en 1999.<\/li>\n<\/ul>\n<p><img loading=\"lazy\" decoding=\"async\" src=\"https:\/\/typeset-beta.imgix.net\/lovelace\/uploads\/198\/83f50820-a5ae-0133-f22f-0e8e20b91aa1.jpg\" width=\"200\" height=\"200\" align=\"middle\" \/><\/p>\n\n<!-- iframe plugin v.6.0 wordpress.org\/plugins\/iframe\/ -->\n<iframe loading=\"lazy\" width=\"560\" height=\"315\" src=\"https:\/\/www.youtube.com\/embed\/SHoHIL2ABVQ\" scrolling=\"yes\" class=\"iframe-class\" frameborder=\"0\"><\/iframe>\n\n<p align=\"justify\"><img loading=\"lazy\" decoding=\"async\" src=\"http:\/\/background.uchicago.edu\/~whu\/beginners\/tv.gif\" width=\"120\" height=\"100\" \/>Este tema musical apareci\u00f3 en <em>\u201cEmbrujadas\u201d<\/em>(<em>\u201cCharmed\u201d<\/em>), una exitosa serie de televisi\u00f3n estadounidense de corte fant\u00e1stico y sobrenatural que fue emitida durante 8 temporadas (desde el a\u00f1o 1998 al a\u00f1o 2006). Narra la historia de\u00a0 las hermanas Halliwell, las brujas m\u00e1s poderosas de todos los tiempos, elegidas para proteger vidas inocentes de poderosos y malvados demonios y hechiceros.<\/p>\n<p><img loading=\"lazy\" decoding=\"async\" src=\"http:\/\/www.series21.com\/thumbs\/series_180x270_85\/53.jpg\" width=\"160\" height=\"200\" align=\"middle\" border=\"1\" \/>\u00a0<span style=\"color: #0000ff\"><strong>Embrujadas<\/strong> <strong>(1998).<\/strong><\/span><\/p>\n<p>Las hermanas Halliwell acuden a un evento en el que la banda invitada son los Cranberries, quienes suben al escenario a cantar este popular tema.<\/p>\n\n<!-- iframe plugin v.6.0 wordpress.org\/plugins\/iframe\/ -->\n<iframe loading=\"lazy\" width=\"560\" height=\"315\" src=\"https:\/\/www.youtube.com\/embed\/ZkdVidCluNw\" scrolling=\"yes\" class=\"iframe-class\" frameborder=\"0\"><\/iframe>\n\n<p align=\"justify\">Este ha sido mi peque\u00f1o homenaje a una gran cantante, una gran voz, que nos ha dejado demasiado pronto, pero que ser\u00e1 siempre recordada gracias a su m\u00fasica.<\/p>\n<p><img loading=\"lazy\" decoding=\"async\" class=\"\" src=\"https:\/\/ehnotherpodcast.files.wordpress.com\/2018\/01\/dolores-oriordan1.jpg\" width=\"403\" height=\"227\" \/><\/p>\n<p>&nbsp;<\/p>\n","protected":false},"excerpt":{"rendered":"<p>El lunes 15 de enero de 2018, tristemente nos dejaba con tan solo 46 a\u00f1os, la cantante irlandesa Dolores O\u2019Riordan, vocalista del grupo The Cranberries,\u00a0una de las mejores bandas de rock alternativo de los 90. Dotada de una\u00a0 peculiar voz, dulce y a la vez desgarradora,\u00a0Dolores O\u00b4Riordan\u00a0se convirti\u00f3 en un aut\u00e9ntico icono de los 90. [&hellip;]<\/p>\n","protected":false},"author":334,"featured_media":0,"comment_status":"open","ping_status":"open","sticky":false,"template":"","format":"standard","meta":{"footnotes":""},"categories":[9,13,2],"tags":[],"class_list":["post-1010","post","type-post","status-publish","format-standard","hentry","category-musica-prestada-al-cine","category-rockeros-poperos-musicos-en-el-cine","category-ultimas-noticias"],"_links":{"self":[{"href":"https:\/\/edublog.educastur.es\/unamusicadecine\/wp-json\/wp\/v2\/posts\/1010","targetHints":{"allow":["GET"]}}],"collection":[{"href":"https:\/\/edublog.educastur.es\/unamusicadecine\/wp-json\/wp\/v2\/posts"}],"about":[{"href":"https:\/\/edublog.educastur.es\/unamusicadecine\/wp-json\/wp\/v2\/types\/post"}],"author":[{"embeddable":true,"href":"https:\/\/edublog.educastur.es\/unamusicadecine\/wp-json\/wp\/v2\/users\/334"}],"replies":[{"embeddable":true,"href":"https:\/\/edublog.educastur.es\/unamusicadecine\/wp-json\/wp\/v2\/comments?post=1010"}],"version-history":[{"count":3,"href":"https:\/\/edublog.educastur.es\/unamusicadecine\/wp-json\/wp\/v2\/posts\/1010\/revisions"}],"predecessor-version":[{"id":1013,"href":"https:\/\/edublog.educastur.es\/unamusicadecine\/wp-json\/wp\/v2\/posts\/1010\/revisions\/1013"}],"wp:attachment":[{"href":"https:\/\/edublog.educastur.es\/unamusicadecine\/wp-json\/wp\/v2\/media?parent=1010"}],"wp:term":[{"taxonomy":"category","embeddable":true,"href":"https:\/\/edublog.educastur.es\/unamusicadecine\/wp-json\/wp\/v2\/categories?post=1010"},{"taxonomy":"post_tag","embeddable":true,"href":"https:\/\/edublog.educastur.es\/unamusicadecine\/wp-json\/wp\/v2\/tags?post=1010"}],"curies":[{"name":"wp","href":"https:\/\/api.w.org\/{rel}","templated":true}]}}