{"id":1060,"date":"2020-10-03T14:49:21","date_gmt":"2020-10-03T12:49:21","guid":{"rendered":"https:\/\/edublog.educastur.es\/unamusicadecine\/?p=1060"},"modified":"2023-05-30T16:48:32","modified_gmt":"2023-05-30T14:48:32","slug":"de-eurovision-al-cine","status":"publish","type":"post","link":"https:\/\/edublog.educastur.es\/unamusicadecine\/2020\/10\/03\/de-eurovision-al-cine\/","title":{"rendered":"De Eurovisi\u00f3n al cine."},"content":{"rendered":"<p><img loading=\"lazy\" decoding=\"async\" class=\"\" src=\"https:\/\/www.sbs.com.au\/programs\/sites\/sbs.com.au.programs\/files\/eurovision_1.jpg\" alt=\"\" width=\"423\" height=\"238\" \/>\u00a0<img loading=\"lazy\" decoding=\"async\" class=\"alignright\" style=\"border-style: solid\" src=\"https:\/\/static.vecteezy.com\/system\/resources\/previews\/000\/660\/143\/large_2x\/vector-movie-theater-icons.jpg\" alt=\"\" width=\"206\" height=\"206\" \/><\/p>\n<p align=\"justify\"><span style=\"font-family: arial, helvetica, sans-serif\">Este es un post dedicado a este popular evento y vamos a ver la relaci\u00f3n de alguno de sus participantes con el s\u00e9ptimo arte.<\/span><\/p>\n<p align=\"justify\"><span style=\"font-family: arial, helvetica, sans-serif\">As\u00ed iremos \u00a0de <strong>Massiel<\/strong> a <strong>Raphael<\/strong>, de <strong>Olivia Newton-Jonn<\/strong> \u00a0a <strong>ABBA<\/strong>\u2026 seguidme en este recorrido eurovisivo!!!!!<\/span><\/p>\n<ul>\n<li><span style=\"color: #ff0000;font-family: arial, helvetica, sans-serif\"><strong>Raphael<\/strong><\/span><\/li>\n<\/ul>\n<p align=\"justify\">\u00a0<img loading=\"lazy\" decoding=\"async\" class=\"alignleft\" src=\"http:\/\/www.conestilotv.com\/wp-content\/uploads\/2016\/06\/unnamed-1.jpg\" width=\"300\" height=\"200\" align=\"middle\" \/><strong style=\"font-family: arial, helvetica, sans-serif\">Raphael<\/strong><span style=\"font-family: arial, helvetica, sans-serif\"> es uno de nuestros cantantes mas internacionales, pero el mundo del cine tambi\u00e9n lo reclam\u00f3 con pel\u00edculas como<\/span><em style=\"font-family: arial, helvetica, sans-serif\">\u00a0\u201c<\/em><span style=\"font-family: arial, helvetica, sans-serif\">Cuando t\u00fa no est\u00e1s\u201d,\u00a0o \u201cDigan lo que digan\u201d, precisamente a este filme pertenece el tema musical <\/span><em style=\"font-family: arial, helvetica, sans-serif\">\u201cMi gran noche\u201d,<\/em><span style=\"font-family: arial, helvetica, sans-serif\"> que el propio cantante interpretaba en el a\u00f1o 1968.<\/span><\/p>\n<p align=\"justify\">\n<!-- iframe plugin v.6.0 wordpress.org\/plugins\/iframe\/ -->\n<iframe loading=\"lazy\" width=\"560\" height=\"315\" src=\"https:\/\/www.youtube.com\/embed\/lJNtNOC81oA\" scrolling=\"yes\" class=\"iframe-class\" frameborder=\"0\"><\/iframe>\n<\/p>\n<p align=\"justify\"><span style=\"font-family: arial, helvetica, sans-serif\"><img loading=\"lazy\" decoding=\"async\" class=\"alignleft\" src=\"https:\/\/yt3.ggpht.com\/a\/AATXAJzxty5xlxekjuZrtJ_k1NUbqP9LUkA38oOZdQ=s900-c-k-c0xffffffff-no-rj-mo\" alt=\"\" width=\"106\" height=\"106\" \/>El popular cantante particip\u00f3 dos veces en Eurovisi\u00f3n: en 1966, con <em>\u201cYo soy aquel\u201d<\/em>, y en 1967, con <em>\u201cHablemos del amor\u201d<\/em> y esto le supuso el espaldarazo internacional definitivo a su carrera musical. Vamos a escuchar la primera de ellas, m\u00e1s popular, y con la que alcanz\u00f3 el 7\u00ba puesto.<\/span><\/p>\n<p align=\"justify\">\n<!-- iframe plugin v.6.0 wordpress.org\/plugins\/iframe\/ -->\n<iframe loading=\"lazy\" width=\"560\" height=\"315\" src=\"https:\/\/www.youtube.com\/embed\/oAWl744GjeY\" scrolling=\"yes\" class=\"iframe-class\" frameborder=\"0\"><\/iframe>\n<\/p>\n<ul>\n<li><span style=\"color: #ff0000;font-family: arial, helvetica, sans-serif\"><strong>Massiel<\/strong><\/span><\/li>\n<\/ul>\n<p><img loading=\"lazy\" decoding=\"async\" class=\"alignleft\" src=\"http:\/\/3.bp.blogspot.com\/_j8nvgsI7w0k\/TR8RuCVMo9I\/AAAAAAAACKM\/yz-jvWXPZM8\/s1600\/MASSIEL-Coraz%25C3%25B3n+de+Hierro-Cont.jpg\" width=\"285\" height=\"224\" \/><\/p>\n<p align=\"justify\"><span style=\"font-family: arial, helvetica, sans-serif\">De un cantante espa\u00f1ol nos vamos\u00a0 a otra gran cantante espa\u00f1ola, <strong>Massiel<\/strong>, que hizo historia al ganar Eurovisi\u00f3n con su <em>\u201cLa la la\u201d<\/em> en 1968. Pero a su faceta de cantante hay que a\u00f1adir su participaci\u00f3n en algunas pel\u00edculas como \u201cVestida de novia\u201d, \u201cCantando a la vida\u201d\u00a0y\u00a0\u201cLa vida alegre\u201d. En este caso vamos a ver una secuencia de\u00a0\u201dCantando a la vida\u201d de 1968.<\/span><em><br \/>\n<\/em><\/p>\n<p align=\"justify\">\n<!-- iframe plugin v.6.0 wordpress.org\/plugins\/iframe\/ -->\n<iframe loading=\"lazy\" width=\"560\" height=\"315\" src=\"https:\/\/www.youtube.com\/embed\/YjD7wL5ZZmI\" scrolling=\"yes\" class=\"iframe-class\" frameborder=\"0\"><\/iframe>\n<\/p>\n<p align=\"justify\"><span style=\"font-family: arial, helvetica, sans-serif\"><img loading=\"lazy\" decoding=\"async\" class=\"alignleft\" src=\"https:\/\/yt3.ggpht.com\/a\/AATXAJzxty5xlxekjuZrtJ_k1NUbqP9LUkA38oOZdQ=s900-c-k-c0xffffffff-no-rj-mo\" alt=\"\" width=\"106\" height=\"106\" \/>Y ahora el momento hist\u00f3rico de la interpretaci\u00f3n del <em>\u201cLa la la\u201d<\/em> de <strong>Massiel<\/strong> que nos dio la victoria en Eurovisi\u00f3n.<\/span><\/p>\n<p align=\"justify\">\n<!-- iframe plugin v.6.0 wordpress.org\/plugins\/iframe\/ -->\n<iframe loading=\"lazy\" width=\"560\" height=\"315\" src=\"https:\/\/www.youtube.com\/embed\/J4g5QYJOFzQ\" scrolling=\"yes\" class=\"iframe-class\" frameborder=\"0\"><\/iframe>\n<\/p>\n<ul>\n<li><span style=\"color: #ff0000;font-family: arial, helvetica, sans-serif\"><strong>Karina<\/strong><\/span><\/li>\n<\/ul>\n<p><img loading=\"lazy\" decoding=\"async\" class=\"alignleft\" src=\"http:\/\/3.bp.blogspot.com\/-r3zL1GxXcBw\/T_8X85QDeNI\/AAAAAAAAEDA\/-Zq4X2yn124\/s640\/6020003.jpg\" width=\"285\" height=\"224\" \/><\/p>\n<p align=\"justify\"><span style=\"font-family: arial, helvetica, sans-serif\">La cantante espa\u00f1ola <strong>Karina<\/strong> ya era una artista que gozaba de gran popularidad cuando particip\u00f3 en Eurovisi\u00f3n en el 71. Pero la artista tambi\u00e9n\u00a0 cuenta con incursiones en el mundo del cine, el ejemplo que voy a poner pertenece a la pel\u00edcula \u201cEn un mundo nuevo\u201d\u00a0de 1972 donde interpretaba uno de sus grandes \u00e9xitos, \u201cEl <em>ba\u00fal de los recuerdos<\/em><em>\u201c.<\/em><\/span><\/p>\n<p align=\"justify\">\n<!-- iframe plugin v.6.0 wordpress.org\/plugins\/iframe\/ -->\n<iframe loading=\"lazy\" width=\"560\" height=\"315\" src=\"https:\/\/www.youtube.com\/embed\/kPKDeI765Fo\" scrolling=\"yes\" class=\"iframe-class\" frameborder=\"0\"><\/iframe>\n<\/p>\n<p align=\"justify\"><span style=\"font-family: arial, helvetica, sans-serif\"><img loading=\"lazy\" decoding=\"async\" class=\"alignleft\" src=\"https:\/\/yt3.ggpht.com\/a\/AATXAJzxty5xlxekjuZrtJ_k1NUbqP9LUkA38oOZdQ=s900-c-k-c0xffffffff-no-rj-mo\" alt=\"\" width=\"106\" height=\"106\" \/>A continuaci\u00f3n vemos la actuaci\u00f3n de <strong>Karina<\/strong> que le supondr\u00eda un estupendo 2\u00ba puesto en el festival, con la canci\u00f3n <em>\u201cEn un Mundo Nuevo\u201d.<\/em><\/span><\/p>\n<p align=\"justify\">\n<!-- iframe plugin v.6.0 wordpress.org\/plugins\/iframe\/ -->\n<iframe loading=\"lazy\" width=\"560\" height=\"315\" src=\"https:\/\/www.youtube.com\/embed\/sQuMC3UB1tU\" scrolling=\"yes\" class=\"iframe-class\" frameborder=\"0\"><\/iframe>\n<\/p>\n<ul>\n<li>\u00a0<span style=\"color: #ff0000;font-family: arial, helvetica, sans-serif\"><strong>Olivia Newton-John<\/strong><\/span><\/li>\n<\/ul>\n<p align=\"justify\"><img loading=\"lazy\" decoding=\"async\" class=\"alignleft\" src=\"http:\/\/www.elpopular.pe\/sites\/default\/files\/styles\/img_620x465\/public\/imagen\/2013\/08\/19\/Noticia-82469-olivia_newton_john-grease.jpg?itok=ttFnCAu0\" width=\"300\" height=\"200\" align=\"middle\" border=\"1\" \/><\/p>\n<p align=\"justify\"><span style=\"font-family: arial, helvetica, sans-serif\">Esta popular actriz y cantante, siempre ser\u00e1 recordada por su papel de la inolvidable Sandy en la pel\u00edcula \u201c<em>Grease\u201d<\/em> de 1978.<\/span><\/p>\n<p align=\"justify\">\n<!-- iframe plugin v.6.0 wordpress.org\/plugins\/iframe\/ -->\n<iframe loading=\"lazy\" width=\"560\" height=\"315\" src=\"https:\/\/www.youtube.com\/embed\/ZW0DfsCzfq4\" scrolling=\"yes\" class=\"iframe-class\" frameborder=\"0\"><\/iframe>\n<\/p>\n<p align=\"justify\"><strong><img loading=\"lazy\" decoding=\"async\" class=\"alignleft\" src=\"https:\/\/thingsilikedotlive.files.wordpress.com\/2021\/05\/uk-eurovision.png?w=600\" alt=\"\" width=\"106\" height=\"111\" \/><\/strong><span style=\"font-family: arial, helvetica, sans-serif\">Y ahora llega la pregunta del mill\u00f3n, \u00bfqu\u00e9 relaci\u00f3n tiene <strong>Olivia<\/strong> con el famoso festival de la canci\u00f3n? pu\u00e9s aunque la mayor\u00eda no lo sepa, la actriz represent\u00f3 en el a\u00f1o 74 a Reino Unido en Eurovisi\u00f3n, con la canci\u00f3n\u00a0 <em>\u201cLong Live Love\u201d <\/em>y se alz\u00f3 nada menos que con la 4\u00aa posici\u00f3n. As\u00ed sonaba.<\/span><\/p>\n<p align=\"justify\">\n<!-- iframe plugin v.6.0 wordpress.org\/plugins\/iframe\/ -->\n<iframe loading=\"lazy\" width=\"560\" height=\"315\" src=\"https:\/\/www.youtube.com\/embed\/zhi6VlTRnvU\" scrolling=\"yes\" class=\"iframe-class\" frameborder=\"0\"><\/iframe>\n<\/p>\n<ul>\n<li><span style=\"color: #ff0000;font-family: arial, helvetica, sans-serif\"><strong>ABBA<\/strong><\/span><\/li>\n<\/ul>\n<p align=\"justify\">\u00a0<img loading=\"lazy\" decoding=\"async\" class=\"alignleft\" src=\"http:\/\/youvalencia.com\/wp-content\/uploads\/2016\/01\/abba-rambleta-003.jpg\" width=\"300\" height=\"200\" \/><span style=\"font-family: arial, helvetica, sans-serif\">No hace falta hablar de la repercusi\u00f3n musical del grupo sueco <\/span><strong style=\"font-family: arial, helvetica, sans-serif\">ABBA<\/strong><span style=\"font-family: arial, helvetica, sans-serif\">, cuyos miembros aparecieron fugazmente en alguna que otra pel\u00edcula, y que protagonizaron \u201cABBA: La pel\u00edcula\u201d\u00a0en 1977, en ella se mezclaba trama y documental, para retratar el fen\u00f3meno musical.<\/span><\/p>\n<p align=\"justify\">\n<!-- iframe plugin v.6.0 wordpress.org\/plugins\/iframe\/ -->\n<iframe loading=\"lazy\" width=\"560\" height=\"315\" src=\"https:\/\/www.youtube.com\/embed\/fmm3n6N1eIU\" scrolling=\"yes\" class=\"iframe-class\" frameborder=\"0\"><\/iframe>\n<\/p>\n<p align=\"justify\"><span style=\"font-family: arial, helvetica, sans-serif\"><img loading=\"lazy\" decoding=\"async\" class=\"alignleft\" src=\"https:\/\/th.bing.com\/th\/id\/R.e145bfe72fd85ff390ff63133e1ee735?rik=Cob1t5Van43oqw&amp;riu=http%3a%2f%2fwww.eurovisionary.com%2fwp-content%2fuploads%2f2011%2f05%2fESCSweden_0.png&amp;ehk=%2bs6JaCGKdR2yD5SdIfaaDqdGF3P91RdZ6F20Ek86IAc%3d&amp;risl=&amp;pid=ImgRaw&amp;r=0\" alt=\"\" width=\"106\" height=\"104\" \/>Si hay una canci\u00f3n inmortal entre las ganadoras de Eurovisi\u00f3n es <em>\u201cWaterloo\u201d<\/em>, que se llev\u00f3, merecidamente, el premio en 1974.<\/span><\/p>\n<p align=\"justify\">\n<!-- iframe plugin v.6.0 wordpress.org\/plugins\/iframe\/ -->\n<iframe loading=\"lazy\" width=\"560\" height=\"315\" src=\"https:\/\/www.youtube.com\/embed\/3FsVeMz1F5c\" scrolling=\"yes\" class=\"iframe-class\" frameborder=\"0\"><\/iframe>\n<\/p>\n<ul>\n<li><span style=\"color: #ff0000;font-family: arial, helvetica, sans-serif\"><strong>C\u00e9line Dion<\/strong><\/span><\/li>\n<\/ul>\n<p><img loading=\"lazy\" decoding=\"async\" class=\"alignleft\" src=\"https:\/\/3.bp.blogspot.com\/-gWAAFKNUGds\/UPbRsKs6ZnI\/AAAAAAAAoig\/3os0RYlQuJw\/s1600\/Celine+Dion08.jpg\" width=\"285\" height=\"224\" \/><\/p>\n<p align=\"justify\"><span style=\"font-family: arial, helvetica, sans-serif\">El talento de la cantante canadiense ha trascendido las barreras de la m\u00fasica y se ha extendido hasta el s\u00e9ptimo arte. Aunque no como actriz, pero s\u00ed a trav\u00e9s de su maravillosa voz, ha acompa\u00f1ado grandes momentos del cine, que no lo ser\u00edan tanto sin su m\u00fasica. Dos de sus temas la llevar\u00edan a ganar dos estatuillas. Uno de ellos,<em>\u201cMy heart will go on\u201d (\u201c<\/em>Titanic\u201d), es una canci\u00f3n que marc\u00f3 un antes y un despu\u00e9s en su carrera, convirti\u00e9ndose en la m\u00e1s famosa de su repertorio, y suponi\u00e9ndole\u00a0 un <em>Oscar<\/em>\u00a0a \u2018<em>Mejor Canci\u00f3n Original<\/em>\u2018 en 1997.<\/span><\/p>\n<p align=\"justify\">\n<!-- iframe plugin v.6.0 wordpress.org\/plugins\/iframe\/ -->\n<iframe loading=\"lazy\" width=\"560\" height=\"315\" src=\"https:\/\/www.youtube.com\/embed\/h8l32pnGs1o\" scrolling=\"yes\" class=\"iframe-class\" frameborder=\"0\"><\/iframe>\n<\/p>\n<p align=\"justify\"><span style=\"font-family: arial, helvetica, sans-serif\"><img loading=\"lazy\" decoding=\"async\" class=\"alignleft\" src=\"https:\/\/i.pinimg.com\/236x\/c3\/8b\/e2\/c38be28166ea7d71a161692ae1d86713.jpg?nii=t\" alt=\"\" width=\"106\" height=\"111\" \/>La cantante obtuvo la fama mundial cuando fue seleccionada por la televisi\u00f3n de Suiza para representar al pa\u00eds en el Festival de la Canci\u00f3n de Eurovisi\u00f3n en 1988. La canci\u00f3n \u201c<em>Ne partez pas sans moi<\/em>\u201d (<em>No te vayas sin m\u00ed<\/em>) le permiti\u00f3 alzarse con el primer puesto.<\/span><\/p>\n<p align=\"justify\">\n<!-- iframe plugin v.6.0 wordpress.org\/plugins\/iframe\/ -->\n<iframe loading=\"lazy\" width=\"560\" height=\"315\" src=\"https:\/\/www.youtube.com\/embed\/8pEYw8PcBas\" scrolling=\"yes\" class=\"iframe-class\" frameborder=\"0\"><\/iframe>\n<\/p>\n<div id=\"post-542\" class=\"post\">\n<div class=\"entry\">\n<ul>\n<li><span style=\"font-family: arial, helvetica, sans-serif\"><strong><span style=\"color: #ff0000\">Rosa L\u00f3pez<\/span><\/strong><\/span><\/li>\n<\/ul>\n<p><img loading=\"lazy\" decoding=\"async\" class=\"alignleft\" src=\"http:\/\/www.popelera.net\/wp-content\/uploads\/2013\/12\/rosalopez.jpg\" width=\"285\" height=\"224\" \/><\/p>\n<p align=\"justify\"><span style=\"font-family: arial, helvetica, sans-serif\">La ex-triunfita <strong>Rosa L\u00f3pez<\/strong> se hizo famosa por participar en \u201cOperaci\u00f3n Triunfo\u201d, un programa espa\u00f1ol de gran \u00e9xito que transcurr\u00eda en una academia musical televisada, para formar a j\u00f3venes cantantes.\u00a0 En 2002 particip\u00f3 en un documental en forma de pel\u00edcula sobre la multitudinaria gira que hicieron los alumnos de OT, se llamaba \u201cOT: la pel\u00edcula\u201d.<\/span><\/p>\n<p align=\"justify\"><span style=\"font-family: arial, helvetica, sans-serif\">\n<!-- iframe plugin v.6.0 wordpress.org\/plugins\/iframe\/ -->\n<iframe loading=\"lazy\" width=\"560\" height=\"315\" src=\"https:\/\/www.youtube.com\/embed\/myJYnB3Buzs\" scrolling=\"yes\" class=\"iframe-class\" frameborder=\"0\"><\/iframe>\n<\/span><\/p>\n<p align=\"justify\"><span style=\"font-family: arial, helvetica, sans-serif\"><img loading=\"lazy\" decoding=\"async\" class=\"alignleft\" src=\"https:\/\/yt3.ggpht.com\/a\/AATXAJzxty5xlxekjuZrtJ_k1NUbqP9LUkA38oOZdQ=s900-c-k-c0xffffffff-no-rj-mo\" alt=\"\" width=\"106\" height=\"106\" \/>En ese mismo a\u00f1o, <strong>Rosa L\u00f3pez<\/strong> acompa\u00f1ada con los coros de <strong>Geno<\/strong>, <strong>Gisela<\/strong>, <strong>Chenoa<\/strong>, <strong>Bisbal<\/strong> y <strong>Bustamante<\/strong>, participaron en el festival con la canci\u00f3n espa\u00f1ola <em>\u201cEurope\u2019s living a celebration\u201d,<\/em> alcanz\u00f3 un 7\u00ba puesto, pese a que era una de las canciones favoritas.<\/span><\/p>\n<p align=\"justify\"><span style=\"font-family: arial, helvetica, sans-serif\">\n<!-- iframe plugin v.6.0 wordpress.org\/plugins\/iframe\/ -->\n<iframe loading=\"lazy\" width=\"560\" height=\"315\" src=\"https:\/\/www.youtube.com\/embed\/1xX3dNwHl50\" scrolling=\"yes\" class=\"iframe-class\" frameborder=\"0\"><\/iframe>\n<\/span><\/p>\n<p align=\"justify\"><span style=\"font-family: arial, helvetica, sans-serif\">\u00a0Hasta aqu\u00ed llega este recorrido de cine eurovisivo.<\/span><\/p>\n<p align=\"justify\">\u00a0<img loading=\"lazy\" decoding=\"async\" src=\"https:\/\/media3.giphy.com\/media\/m5fDELJYv5JSM\/giphy.gif\" width=\"353\" height=\"205\" \/><\/p>\n<p style=\"text-align: center\"><span style=\"font-family: arial, helvetica, sans-serif\"><span style=\"color: #0000ff\"><strong>ACTIVIDADES<\/strong><\/span><img loading=\"lazy\" decoding=\"async\" class=\"alignnone size-thumbnail wp-image-5785\" src=\"http:\/\/edublog.educastur.es\/unamusicadecine\/files\/2022\/01\/avatar-150x150.png\" alt=\"\" width=\"150\" height=\"150\" \/><\/span><\/p>\n<ol>\n<li style=\"text-align: justify\"><span style=\"font-family: arial, helvetica, sans-serif\">\u00bfD\u00f3nde se ha celebrado el \u00faltimo festival de Eurovisi\u00f3n? \u00bfEn qu\u00e9 fechas?<\/span><\/li>\n<li style=\"text-align: justify\"><span style=\"font-family: arial, helvetica, sans-serif\">\u00bfQu\u00e9 cantante canadiense gan\u00f3 el festival en 1988? \u00bfA qu\u00e9 pa\u00eds representaba? \u00bfCu\u00e1l era la canci\u00f3n? Realiza una peque\u00f1a biograf\u00eda de la cantante (no superior a cinco l\u00edneas).<\/span><\/li>\n<li style=\"text-align: justify\"><span style=\"font-family: arial, helvetica, sans-serif\">\u00bfQu\u00e9 ex concursante de OT represent\u00f3 a Espa\u00f1a? \u00bfCu\u00e1l era la canci\u00f3n? \u00bfEn qu\u00e9 a\u00f1o? Realiza una peque\u00f1a biograf\u00eda de la cantante (no superior a cinco l\u00edneas).<\/span><\/li>\n<li style=\"text-align: justify\"><span style=\"font-family: arial, helvetica, sans-serif\">\u00bfQu\u00e9 grupo gan\u00f3 el festival en 1974? \u00bfA qu\u00e9 pa\u00eds representaban? \u00bfCu\u00e1l era la canci\u00f3n? Realiza una peque\u00f1a biograf\u00eda del grupo (no superior a cinco l\u00edneas).<\/span><\/li>\n<li style=\"text-align: justify\"><span style=\"font-family: arial, helvetica, sans-serif\">Ese mismo a\u00f1o otra famosa cantante y actriz intervino en el festival. \u00bfDe qui\u00e9n se trataba? \u00bfA qu\u00e9 pa\u00eds representaba? \u00bfCu\u00e1l era la canci\u00f3n? Realiza una peque\u00f1a biograf\u00eda de la artista (no superior a cinco l\u00edneas).<\/span><\/li>\n<li style=\"text-align: justify\"><span style=\"font-family: arial, helvetica, sans-serif\">\u00bfDe qui\u00e9n es la canci\u00f3n \u201cEn un mundo nuevo\u201d? \u00bfEn qu\u00e9 puesto qued\u00f3 en el festival? Realiza una breve biograf\u00eda de la artista (no superior a cinco l\u00edneas).<\/span><\/li>\n<li style=\"text-align: justify\"><span style=\"font-family: arial, helvetica, sans-serif\">\u00bfQu\u00e9 cantante espa\u00f1ola de las que aparecen en el post consigui\u00f3 la victoria en el festival? A\u00f1o y canci\u00f3n. Realiza una breve biograf\u00eda de la artista.<\/span><\/li>\n<li style=\"text-align: justify\"><span style=\"font-family: arial, helvetica, sans-serif\">El cantante Raphael, \u00bfCu\u00e1ntas veces se present\u00f3 al festival? \u00bfEn qu\u00e9 a\u00f1o? \u00bfCon qu\u00e9 canciones? realiza una breve biograf\u00eda del artista (no superior a cinco l\u00edneas).<\/span><\/li>\n<li style=\"text-align: justify\"><span style=\"font-family: arial, helvetica, sans-serif\">Enumera una pel\u00edcula en la que hayan intervenido cada uno de los cantantes del post.<\/span><\/li>\n<li style=\"text-align: justify\"><span style=\"font-family: arial, helvetica, sans-serif\">\u00bfQu\u00e9 canci\u00f3n te gusta m\u00e1s de las que aparecen en el post? (Que haya aparecido en el festival de Eurovisi\u00f3n)<\/span><\/li>\n<li style=\"text-align: justify\"><span style=\"font-family: arial, helvetica, sans-serif\">Pon un enlace de una canci\u00f3n que te guste de las que hayan aparecido en el festival de Eurovisi\u00f3n de cualquier a\u00f1o y completa:<\/span>\n<ul style=\"list-style-type: circle\">\n<li><span style=\"font-family: arial, helvetica, sans-serif\">T\u00edtulo de la canci\u00f3n<\/span><\/li>\n<li><span style=\"font-family: arial, helvetica, sans-serif\">Int\u00e9rprete<\/span><\/li>\n<li><span style=\"font-family: arial, helvetica, sans-serif\">A\u00f1o<\/span><\/li>\n<li><span style=\"font-family: arial, helvetica, sans-serif\">Pa\u00eds que represent\u00f3<\/span><\/li>\n<li><span style=\"font-family: arial, helvetica, sans-serif\">Puesto en el que qued\u00f3<\/span><\/li>\n<li><span style=\"font-family: arial, helvetica, sans-serif\">Enlace (link) de youtube<\/span><\/li>\n<\/ul>\n<\/li>\n<li style=\"text-align: justify\"><span style=\"font-family: arial, helvetica, sans-serif\">\u00bfTe ha parecido interesante el post? Justifica tu respuesta.<\/span><\/li>\n<\/ol>\n<p style=\"text-align: justify\">\n<\/div>\n<\/div>\n<p style=\"text-align: justify\" align=\"justify\">\n","protected":false},"excerpt":{"rendered":"<p>\u00a0 Este es un post dedicado a este popular evento y vamos a ver la relaci\u00f3n de alguno de sus participantes con el s\u00e9ptimo arte. As\u00ed iremos \u00a0de Massiel a Raphael, de Olivia Newton-Jonn \u00a0a ABBA\u2026 seguidme en este recorrido eurovisivo!!!!! Raphael \u00a0Raphael es uno de nuestros cantantes mas internacionales, pero el mundo del cine [&hellip;]<\/p>\n","protected":false},"author":334,"featured_media":0,"comment_status":"open","ping_status":"open","sticky":false,"template":"","format":"standard","meta":{"footnotes":""},"categories":[13],"tags":[],"class_list":["post-1060","post","type-post","status-publish","format-standard","hentry","category-rockeros-poperos-musicos-en-el-cine"],"_links":{"self":[{"href":"https:\/\/edublog.educastur.es\/unamusicadecine\/wp-json\/wp\/v2\/posts\/1060","targetHints":{"allow":["GET"]}}],"collection":[{"href":"https:\/\/edublog.educastur.es\/unamusicadecine\/wp-json\/wp\/v2\/posts"}],"about":[{"href":"https:\/\/edublog.educastur.es\/unamusicadecine\/wp-json\/wp\/v2\/types\/post"}],"author":[{"embeddable":true,"href":"https:\/\/edublog.educastur.es\/unamusicadecine\/wp-json\/wp\/v2\/users\/334"}],"replies":[{"embeddable":true,"href":"https:\/\/edublog.educastur.es\/unamusicadecine\/wp-json\/wp\/v2\/comments?post=1060"}],"version-history":[{"count":19,"href":"https:\/\/edublog.educastur.es\/unamusicadecine\/wp-json\/wp\/v2\/posts\/1060\/revisions"}],"predecessor-version":[{"id":7802,"href":"https:\/\/edublog.educastur.es\/unamusicadecine\/wp-json\/wp\/v2\/posts\/1060\/revisions\/7802"}],"wp:attachment":[{"href":"https:\/\/edublog.educastur.es\/unamusicadecine\/wp-json\/wp\/v2\/media?parent=1060"}],"wp:term":[{"taxonomy":"category","embeddable":true,"href":"https:\/\/edublog.educastur.es\/unamusicadecine\/wp-json\/wp\/v2\/categories?post=1060"},{"taxonomy":"post_tag","embeddable":true,"href":"https:\/\/edublog.educastur.es\/unamusicadecine\/wp-json\/wp\/v2\/tags?post=1060"}],"curies":[{"name":"wp","href":"https:\/\/api.w.org\/{rel}","templated":true}]}}