{"id":1064,"date":"2020-10-03T20:19:26","date_gmt":"2020-10-03T18:19:26","guid":{"rendered":"https:\/\/edublog.educastur.es\/unamusicadecine\/?p=1064"},"modified":"2021-02-25T20:41:57","modified_gmt":"2021-02-25T18:41:57","slug":"el-ultimo-hallelujah-del-gran-leonard-cohen","status":"publish","type":"post","link":"https:\/\/edublog.educastur.es\/unamusicadecine\/2020\/10\/03\/el-ultimo-hallelujah-del-gran-leonard-cohen\/","title":{"rendered":"\u00abEl \u00faltimo Hallelujah\u00bb del gran Leonard Cohen."},"content":{"rendered":"<p><img loading=\"lazy\" decoding=\"async\" class=\"alignleft\" src=\"http:\/\/3.bp.blogspot.com\/-xTigYHMWd44\/VZ1ECRSL6aI\/AAAAAAAADGs\/bm071ZBrQis\/s1600\/leonard%2Bcohen.jpg\" width=\"310\" height=\"365\" align=\"right\" \/><\/p>\n<p style=\"text-align: justify\"><span style=\"font-family: arial, helvetica, sans-serif\">Hoy vamos a hablar de<strong> Leonard Cohen<\/strong> un cantante y compositor irrepetible, un artista que estaba considerado una de las figuras m\u00e1s importantes de la m\u00fasica en el siglo XX, y que en su faceta como poeta fue galardonado con el <em>Premio Pr\u00edncipe de Asturias de las Letras<\/em> en 2011.<\/span><\/p>\n<p style=\"text-align: justify\"><img loading=\"lazy\" decoding=\"async\" class=\"\" src=\"http:\/\/www.cubadebate.cu\/wp-content\/uploads\/2016\/11\/OVIEDO-ESPANA10112016-Fotografia-EFEJL-Cereijido_CLAIMA20161110_0376_17.jpg\" width=\"217\" height=\"162\" \/><\/p>\n<p align=\"justify\"><span style=\"font-family: arial, helvetica, sans-serif\">Hablar de su legado musical ser\u00eda interminable, as\u00ed que me voy a centrar \u00a0en una de sus canciones m\u00e1s populares, se trata del tema<em>\u00a0<\/em>musical<em>\u00a0<\/em>\u201c<i>Hallelujah<\/i>\u201d<i>,<\/i><\/span><\/p>\n<p align=\"justify\"><span style=\"font-family: arial, helvetica, sans-serif\">\u00a0<img loading=\"lazy\" decoding=\"async\" class=\"alignleft\" src=\"https:\/\/encrypted-tbn1.gstatic.com\/images?q=tbn:ANd9GcSYkYKKxhobTm6d4_a0DxhK1AdVc5Az41I9Lf4vX5MHqregb5kMiw\" width=\"180\" height=\"180\" \/>que fue escrito y publicado en su \u00e1lbum \u201c<i>Various Positions<\/i>\u201d en 1984. La letra no es una alabanza religiosa; es un poema basado en historias b\u00edblicas, relatos antiguos, creencias, la fe y las inseguridades e inquietudes existenciales. <strong>Cohen<\/strong> utiliza la simbolog\u00eda judeocristiana para expresar la gloria y la pena de amar.<br \/>\n<\/span><\/p>\n<p style=\"text-align: justify\"><span style=\"font-family: arial, helvetica, sans-serif\">Hoy en d\u00eda este tema musical se ha convertido en un aut\u00e9ntico himno, y ha acompa\u00f1ado a muchas escenas de pel\u00edculas y series de televisi\u00f3n.\u00a0Vamos a ver algunos ejemplos de la presencia de esta magn\u00edfica canci\u00f3n en la peque\u00f1a y gran pantalla:<\/span><\/p>\n<ul>\n<li style=\"text-align: justify\"><span style=\"font-family: arial, helvetica, sans-serif\"><span style=\"color: #ff0000\"><strong>Shrek 1 (2001).\u00a0<\/strong><\/span>El ogro verde m\u00e1s popular del cine, se refugia con tristeza en su casa, mientras su amada\u00a0Fiona est\u00e1 prepar\u00e1ndose para su boda. De fondo, c\u00f3mo no, se escucha el popular tema musical interpretado por el m\u00fasico gal\u00e9s\u00a0<strong>John Cale<\/strong>. <img loading=\"lazy\" decoding=\"async\" class=\"alignnone size-thumbnail\" src=\"https:\/\/www.thedorkreport.com\/wp-content\/uploads\/2013\/08\/john-cale-1200x675.jpg\" width=\"220\" height=\"124\" \/><\/span><\/li>\n<\/ul>\n\n<!-- iframe plugin v.6.0 wordpress.org\/plugins\/iframe\/ -->\n<iframe loading=\"lazy\" width=\"560\" height=\"315\" src=\"https:\/\/www.youtube.com\/embed\/v4tYJdDj3_8\" scrolling=\"yes\" class=\"iframe-class\" frameborder=\"0\"><\/iframe>\n\n<p style=\"text-align: justify\"><span style=\"font-family: arial, helvetica, sans-serif\">No debemos olvidar la versi\u00f3n que hizo el gran <strong>Rufus<\/strong>\u00a0<strong>Wainwright<\/strong> y que apareci\u00f3\u00a0tambi\u00e9n en la banda sonora de la misma pel\u00edcula.<\/span><\/p>\n<p style=\"text-align: justify\"><span style=\"font-family: arial, helvetica, sans-serif\"> <img loading=\"lazy\" decoding=\"async\" class=\"alignnone size-thumbnail\" src=\"http:\/\/2.bp.blogspot.com\/-3ET-g5EjGEQ\/UTUdKV-oL5I\/AAAAAAAAIkY\/f7Va7MPZzNo\/s1600\/Hallelujah+Rufus+Wainwright.jpg\" width=\"190\" height=\"190\" \/><\/span><\/p>\n\n<!-- iframe plugin v.6.0 wordpress.org\/plugins\/iframe\/ -->\n<iframe loading=\"lazy\" width=\"560\" height=\"315\" src=\"https:\/\/www.youtube.com\/embed\/8S0snvtB8a0\" scrolling=\"yes\" class=\"iframe-class\" frameborder=\"0\"><\/iframe>\n\n<ul>\n<li style=\"text-align: justify\"><span style=\"font-family: arial, helvetica, sans-serif\"><span style=\"color: #ff0000\"><strong>The Edukators (2004)<\/strong>.<\/span> Pel\u00edcula alemana que narra las situaciones que viven tres j\u00f3venes rebeldes que sue\u00f1an con cambiar el mundo. \u00a0Aqu\u00ed se escucha el <em>Hallelujah <\/em>en la versi\u00f3n del cantautor estadounidense <strong>Jeff<\/strong>\u00a0<strong>\u00a0Buckley.<\/strong><\/span><\/li>\n<\/ul>\n<p><span style=\"font-family: arial, helvetica, sans-serif\"><strong> <img loading=\"lazy\" decoding=\"async\" class=\"alignnone size-thumbnail\" src=\"https:\/\/m.media-amazon.com\/images\/I\/71uTVReWVRL._SS500_.jpg\" width=\"190\" height=\"190\" \/><\/strong><\/span><\/p>\n\n<!-- iframe plugin v.6.0 wordpress.org\/plugins\/iframe\/ -->\n<iframe loading=\"lazy\" width=\"560\" height=\"315\" src=\"https:\/\/www.youtube.com\/embed\/cQG7dZUnNLs\" scrolling=\"yes\" class=\"iframe-class\" frameborder=\"0\"><\/iframe>\n\n<ul>\n<li style=\"text-align: justify\"><span style=\"font-family: arial, helvetica, sans-serif\"><span style=\"color: #ff0000\"><strong>El ala Oeste de la Casablanca. <\/strong><\/span>Exitosa<strong>\u00a0<\/strong>serie\u00a0de televisi\u00f3n estrenada en <strong><span style=\"color: #ff0000\">1999<\/span>,\u00a0<\/strong>que\u00a0se desarrolla dentro de la Casa Blanca y muestra los entresijos del febril trabajo al que tienen que enfrentarse el Presidente y sus colaboradores. En la siguiente escena escuchamos el famoso tema.<\/span><\/li>\n<\/ul>\n\n<!-- iframe plugin v.6.0 wordpress.org\/plugins\/iframe\/ -->\n<iframe loading=\"lazy\" width=\"560\" height=\"315\" src=\"https:\/\/www.youtube.com\/embed\/cxX-woxYZ84\" scrolling=\"yes\" class=\"iframe-class\" frameborder=\"0\"><\/iframe>\n\n<ul>\n<li style=\"text-align: justify\"><span style=\"font-family: arial, helvetica, sans-serif\"><span style=\"color: #ff0000\"><strong>Mentes<\/strong> <strong>Criminales<\/strong>.<\/span> En la banda sonora de esta serie de televisi\u00f3n de drama criminol\u00f3gico, estrenada en <strong><span style=\"color: #ff0000\">2005<\/span>,\u00a0<\/strong>tambi\u00e9n se inclu\u00eda este tema.<\/span><\/li>\n<\/ul>\n\n<!-- iframe plugin v.6.0 wordpress.org\/plugins\/iframe\/ -->\n<iframe loading=\"lazy\" width=\"560\" height=\"315\" src=\"https:\/\/www.youtube.com\/embed\/0QW788oRrXc\" scrolling=\"yes\" class=\"iframe-class\" frameborder=\"0\"><\/iframe>\n\n<p><span style=\"font-family: arial, helvetica, sans-serif\">Y terminamos con la canci\u00f3n interpretada por el original, \u00fanico e irrepetible maestro <strong>Leonard<\/strong> <strong>Cohen<\/strong>.<\/span><\/p>\n\n<!-- iframe plugin v.6.0 wordpress.org\/plugins\/iframe\/ -->\n<iframe loading=\"lazy\" width=\"560\" height=\"315\" src=\"https:\/\/www.youtube.com\/embed\/YrLk4vdY28Q\" scrolling=\"yes\" class=\"iframe-class\" frameborder=\"0\"><\/iframe>\n\n<p>&nbsp;<\/p>\n","protected":false},"excerpt":{"rendered":"<p>Hoy vamos a hablar de Leonard Cohen un cantante y compositor irrepetible, un artista que estaba considerado una de las figuras m\u00e1s importantes de la m\u00fasica en el siglo XX, y que en su faceta como poeta fue galardonado con el Premio Pr\u00edncipe de Asturias de las Letras en 2011. Hablar de su legado musical [&hellip;]<\/p>\n","protected":false},"author":334,"featured_media":0,"comment_status":"open","ping_status":"open","sticky":false,"template":"","format":"standard","meta":{"footnotes":""},"categories":[9,13,2],"tags":[],"class_list":["post-1064","post","type-post","status-publish","format-standard","hentry","category-musica-prestada-al-cine","category-rockeros-poperos-musicos-en-el-cine","category-ultimas-noticias"],"_links":{"self":[{"href":"https:\/\/edublog.educastur.es\/unamusicadecine\/wp-json\/wp\/v2\/posts\/1064","targetHints":{"allow":["GET"]}}],"collection":[{"href":"https:\/\/edublog.educastur.es\/unamusicadecine\/wp-json\/wp\/v2\/posts"}],"about":[{"href":"https:\/\/edublog.educastur.es\/unamusicadecine\/wp-json\/wp\/v2\/types\/post"}],"author":[{"embeddable":true,"href":"https:\/\/edublog.educastur.es\/unamusicadecine\/wp-json\/wp\/v2\/users\/334"}],"replies":[{"embeddable":true,"href":"https:\/\/edublog.educastur.es\/unamusicadecine\/wp-json\/wp\/v2\/comments?post=1064"}],"version-history":[{"count":10,"href":"https:\/\/edublog.educastur.es\/unamusicadecine\/wp-json\/wp\/v2\/posts\/1064\/revisions"}],"predecessor-version":[{"id":2484,"href":"https:\/\/edublog.educastur.es\/unamusicadecine\/wp-json\/wp\/v2\/posts\/1064\/revisions\/2484"}],"wp:attachment":[{"href":"https:\/\/edublog.educastur.es\/unamusicadecine\/wp-json\/wp\/v2\/media?parent=1064"}],"wp:term":[{"taxonomy":"category","embeddable":true,"href":"https:\/\/edublog.educastur.es\/unamusicadecine\/wp-json\/wp\/v2\/categories?post=1064"},{"taxonomy":"post_tag","embeddable":true,"href":"https:\/\/edublog.educastur.es\/unamusicadecine\/wp-json\/wp\/v2\/tags?post=1064"}],"curies":[{"name":"wp","href":"https:\/\/api.w.org\/{rel}","templated":true}]}}