{"id":1125,"date":"2020-10-04T19:36:36","date_gmt":"2020-10-04T17:36:36","guid":{"rendered":"https:\/\/edublog.educastur.es\/unamusicadecine\/?p=1125"},"modified":"2021-02-23T22:55:22","modified_gmt":"2021-02-23T20:55:22","slug":"otras-bandas-sonoras-la-musica-de-las-series-de-television","status":"publish","type":"post","link":"https:\/\/edublog.educastur.es\/unamusicadecine\/2020\/10\/04\/otras-bandas-sonoras-la-musica-de-las-series-de-television\/","title":{"rendered":"Otras bandas sonoras: La m\u00fasica de las series de televisi\u00f3n."},"content":{"rendered":"<p><img loading=\"lazy\" decoding=\"async\" class=\"size-thumbnail alignleft\" src=\"https:\/\/curiosidadtecnologica.files.wordpress.com\/2016\/09\/tv_series_icon_by_quaffleeye-d6qj64q.png?w=350&amp;h=200&amp;crop=1\" width=\"350\" height=\"200\" \/><\/p>\n<p align=\"justify\"><span style=\"font-family: arial, helvetica, sans-serif\">Las series de televisi\u00f3n, a diferencia de la m\u00fasica de las pel\u00edculas, tienen que tener una <strong>sinton\u00eda<\/strong> breve pero pegadiza, de forma que al escucharla ya identifiquemos inmediatamente la serie.<\/span><\/p>\n<p align=\"justify\"><span style=\"font-family: arial, helvetica, sans-serif\">El listado ser\u00eda interminable, pero como siempre, voy a hacer un listado seg\u00fan mis preferencias. Seguidme en este recorrido!!!!!!!<\/span><\/p>\n<p align=\"justify\"><span style=\"font-family: arial, helvetica, sans-serif\">\u00a0<strong><span style=\"color: #ff00ff\">&#8211;<\/span><\/strong>\u00a0<span style=\"color: #ff00ff\"><strong>Los Simpsons \/ Tema musical: \u201cThe Simpsons Theme\u201d de Danny Elfman.\u00a0\u00a0<\/strong><\/span><\/span><\/p>\n<p><img loading=\"lazy\" decoding=\"async\" class=\"alignright\" src=\"https:\/\/encrypted-tbn3.gstatic.com\/images?q=tbn:ANd9GcS2FMa4josZ7wU9cjnHWHPtpfcQM05penczeeKfYce4Ylj9vgJ2\" width=\"383\" height=\"170\" align=\"right\" \/><\/p>\n<p align=\"justify\"><span style=\"font-family: arial, helvetica, sans-serif\">Si hay una serie de televisi\u00f3n que guste a nuevas y antiguas generaciones de\u00a0alumnos es \u00e9sta.\u00a0\u00a0La peculiar familia lleva en pantalla desde\u00a01989 y es\u00a0incombustible.<\/span><\/p>\n<p align=\"justify\"><span style=\"font-family: arial, helvetica, sans-serif\">Su sinton\u00eda\u00a0\u00a0 fue\u00a0 hecha para la serie por\u00a0<strong>Danny Elfman<\/strong>, el compositor habitual de las pel\u00edculas de\u00a0<strong>Tim Burton<\/strong>. Sin duda el compositor \u201cdio en el clavo\u201d, ya que se ha convertido en una de las canciones m\u00e1s populares de todo el mundo. La cabecera que he elegido fue elaborada por <b>Bansky<\/b>, el grafitero m\u00e1s famoso del planeta.<\/span><\/p>\n<p align=\"justify\">\n<!-- iframe plugin v.6.0 wordpress.org\/plugins\/iframe\/ -->\n<iframe loading=\"lazy\" width=\"560\" height=\"315\" src=\"https:\/\/www.youtube.com\/embed\/DX1iplQQJTo\" scrolling=\"yes\" class=\"iframe-class\" frameborder=\"0\"><\/iframe>\n<\/p>\n<p align=\"justify\"><span style=\"color: #ff00ff\"><strong>&#8211;<span style=\"font-family: arial, helvetica, sans-serif\">Twin Peaks\/ Tema musical: \u201cTwin Peaks Theme\u201d (Falling) de Angelo \u00a0<\/span><\/strong><\/span><span style=\"color: #ff00ff;font-family: arial, helvetica, sans-serif\"><strong>Badalamenti.\u00a0<\/strong><\/span><\/p>\n<p><img loading=\"lazy\" decoding=\"async\" class=\"n3VNCb alignright\" src=\"https:\/\/hips.hearstapps.com\/vidthumb\/images\/twin-peaks-serie-david-lynch-significado-explicacion-1590135219.jpg?crop=1.00xw%3A1.00xh%3B0%2C0&amp;resize=480%3A270\" alt=\"Twin Peaks': Gu\u00eda para entender la Mejor Serie de la Historia\" width=\"389\" height=\"219\" data-noaft=\"1\" \/><\/p>\n<p align=\"justify\"><span style=\"font-family: arial, helvetica, sans-serif\">Esta serie se emiti\u00f3 por primera vez en 1990 y su estreno marcar\u00eda un antes\u00a0y un despu\u00e9s\u00a0en la historia de las\u00a0teleseries. La historia parte de una investigaci\u00f3n policial a partir del brutal asesinato de la joven y bella Laura Palmer, la chica m\u00e1s popular del instituto de la localidad que da t\u00edtulo a la serie.<\/span><\/p>\n<p align=\"justify\"><span style=\"font-family: arial, helvetica, sans-serif\">La melod\u00eda de cabecera es inquietante y enigm\u00e1tica, como no podr\u00eda ser de otra manera.<\/span><\/p>\n<p align=\"justify\">\n<!-- iframe plugin v.6.0 wordpress.org\/plugins\/iframe\/ -->\n<iframe loading=\"lazy\" width=\"560\" height=\"315\" src=\"https:\/\/www.youtube.com\/embed\/uzx4OdJOy_8\" scrolling=\"yes\" class=\"iframe-class\" frameborder=\"0\"><\/iframe>\n<\/p>\n<p><span style=\"font-family: arial, helvetica, sans-serif\"><strong>\u00a0<\/strong><span style=\"color: #ff00ff\"><strong>&#8211;<\/strong>\u00a0<\/span><span style=\"color: #ff00ff\"><strong>True Blood\/ Tema musical: \u201cBad things\u201d de Jace Everett<\/strong><\/span><span style=\"color: #ff00ff\"><strong>.\u00a0<\/strong><\/span><\/span><\/p>\n<p><img loading=\"lazy\" decoding=\"async\" class=\"alignright\" src=\"http:\/\/www.cinemascomics.com\/wp-content\/uploads\/2013\/06\/Cartel-de-True-Blood.jpg\" width=\"383\" height=\"170\" align=\"right\" \/><\/p>\n<p align=\"justify\"><span style=\"font-family: arial, helvetica, sans-serif\">Serie con vampiros incluidos, ambientada en un pueblo del estado de Louisiana.\u00a0La historia gira en torno al pol\u00e9mico romance entre\u00a0Bill Compton, el primer vampiro que llega al pueblo, y Sookie, una camarera.<\/span><\/p>\n<p align=\"justify\"><span style=\"font-family: arial, helvetica, sans-serif\">El genial tema country del inicio es perfecto para \u00a0ese entorno pantanoso y h\u00famedo donde se desarrolla la acci\u00f3n. Yo dir\u00eda de hecho, que es lo mejor de la serie.<\/span><\/p>\n\n<!-- iframe plugin v.6.0 wordpress.org\/plugins\/iframe\/ -->\n<iframe loading=\"lazy\" width=\"560\" height=\"315\" src=\"https:\/\/www.youtube.com\/embed\/t0eQL5R3bw4\" scrolling=\"yes\" class=\"iframe-class\" frameborder=\"0\"><\/iframe>\n\n<p><strong><span style=\"color: #ff00ff\">&#8211;<\/span><\/strong> <span style=\"font-family: arial, helvetica, sans-serif\"><span style=\"color: #ff00ff\"><strong>Game of Thrones\/Tema musical: \u201c<\/strong><\/span><strong><span style=\"color: #ff00ff\">Game of Thrones Main Theme\u201d de \u00a0<\/span><\/strong><span style=\"color: #ff00ff\"><strong>Ramin Djawadi.\u00a0<\/strong><\/span><\/span><\/p>\n<p><span style=\"font-family: arial, helvetica, sans-serif\"><img loading=\"lazy\" decoding=\"async\" class=\"alignright\" src=\"http:\/\/www.ideal.es\/noticias\/201410\/30\/media\/juego.jpg\" width=\"383\" height=\"170\" align=\"right\" \/><\/span><\/p>\n<p align=\"justify\"><span style=\"font-family: arial, helvetica, sans-serif\">La historia de Juego de Tronos transcurre en un mundo fant\u00e1stico con reminiscencias de la Europa de la Edad Media, y la m\u00fasica de cabecera\u00a0es una solemne marcha, acorde al car\u00e1cter medieval de la serie.<\/span><\/p>\n<p align=\"justify\"><span style=\"font-family: arial, helvetica, sans-serif\">Los t\u00edtulos de cr\u00e9dito de Juego de Tronos son espectaculares (al igual que la serie), en ellos, el mapa de Poniente se acerca y se aleja, saltando de lugar en lugar, mientras unas espectaculares estructuras se elevan.<\/span><\/p>\n\n<!-- iframe plugin v.6.0 wordpress.org\/plugins\/iframe\/ -->\n<iframe loading=\"lazy\" width=\"560\" height=\"315\" src=\"https:\/\/www.youtube.com\/embed\/hz9NbOIZSjg\" scrolling=\"yes\" class=\"iframe-class\" frameborder=\"0\"><\/iframe>\n\n<p><strong><span style=\"color: #ff00ff\">&#8211;<\/span><\/strong>\u00a0<span style=\"font-family: arial, helvetica, sans-serif\"><span style=\"color: #ff00ff\"><strong>Bron\/Broen (The Brigde).Tema musical: \u201c<\/strong><\/span><strong><span style=\"color: #ff00ff\">Hollow Talk\u201d de\u00a0<\/span><\/strong><span style=\"color: #ff00ff\"><strong>Choir of Young\u00a0<\/strong><\/span><\/span><\/p>\n<p><span style=\"font-family: arial, helvetica, sans-serif\"><img loading=\"lazy\" decoding=\"async\" class=\"alignright\" src=\"http:\/\/2.bp.blogspot.com\/-v3afICgBKN8\/U6xDeII-KEI\/AAAAAAAANpw\/8KY2a74j67Q\/s1600\/broen.png\" width=\"383\" height=\"170\" align=\"right\" \/><\/span><\/p>\n<p align=\"justify\"><span style=\"font-family: arial, helvetica, sans-serif\">Esta coproducci\u00f3n sueco-danesa nos sumerge en la investigaci\u00f3n de un crimen por parte de dos polic\u00edas de Suecia\u00a0\u00a0y Dinamarca que cruzar\u00e1n sus\u00a0caminos a partir de un\u00a0cad\u00e1ver encontrado en el puente que une ambos pa\u00edses, justo en la frontera.<\/span><\/p>\n<p align=\"justify\"><span style=\"font-family: arial, helvetica, sans-serif\">En la cabecera vemos\u00a0im\u00e1genes de las dos ciudades, Copenhague y Malm\u00f6, que une el puente Oresund (donde arranca la primera temporada). De fondo, escuchamos la sugerente canci\u00f3n \u201c<i>Hollow Talk\u201d <\/i>que nos introduce de manera perfecta en la atm\u00f3sfera de la serie.<\/span><\/p>\n\n<!-- iframe plugin v.6.0 wordpress.org\/plugins\/iframe\/ -->\n<iframe loading=\"lazy\" width=\"560\" height=\"315\" src=\"https:\/\/www.youtube.com\/embed\/sepnIuRbYF4\" scrolling=\"yes\" class=\"iframe-class\" frameborder=\"0\"><\/iframe>\n\n<p align=\"justify\"><span style=\"color: #ff00ff\"><strong>&#8211;<\/strong><\/span> <span style=\"font-family: arial, helvetica, sans-serif\"><span style=\"color: #ff00ff\"><strong>True Detective.Tema musical: <\/strong><\/span><span style=\"color: #ff00ff\"><strong>\u00abFar From Any Road\u00bb de\u00a0The Handsome Family.\u00a0<\/strong><\/span><\/span><\/p>\n<p align=\"justify\"><span style=\"font-family: arial, helvetica, sans-serif\"><img loading=\"lazy\" decoding=\"async\" class=\"alignright\" src=\"http:\/\/m1.paperblog.com\/i\/244\/2449455\/hablando-serie-13-true-detective-L-2FSeJg.jpeg\" width=\"381\" height=\"222\" align=\"right\" \/><\/span><\/p>\n<p align=\"justify\"><span style=\"font-family: arial, helvetica, sans-serif\">La que para algunos ha sido la serie del 2014, tiene unos t\u00edtulos de cr\u00e9dito que nos introducen en una atm\u00f3sfera inquietante, que se acompa\u00f1a de una cuidada superposici\u00f3n de im\u00e1genes situadas en un entorno sure\u00f1o americano.<\/span><\/p>\n<p align=\"justify\"><span style=\"font-family: arial, helvetica, sans-serif\">La cabecera se acompa\u00f1a de una canci\u00f3n a la altura de la excelente calidad de la serie, se trata del tema \u00ab<i>Far From Any Road\u00bb<\/i>, de\u00a0<b>The Handsome Family<\/b>. Puro arte.<\/span><\/p>\n<p align=\"justify\">\n<!-- iframe plugin v.6.0 wordpress.org\/plugins\/iframe\/ -->\n<iframe loading=\"lazy\" width=\"560\" height=\"315\" src=\"https:\/\/www.youtube.com\/embed\/ZRPpCqXYoos\" scrolling=\"yes\" class=\"iframe-class\" frameborder=\"0\"><\/iframe>\n<\/p>\n<p align=\"justify\"><span style=\"color: #ff00ff\"><strong>&#8211;<\/strong><\/span> <span style=\"font-family: arial, helvetica, sans-serif\"><span style=\"color: #ff00ff\"><strong>Downton Abbey<\/strong><strong>.Tema musical:<\/strong><\/span><span style=\"color: #ff00ff\"><strong>\u201c<\/strong><\/span><strong><span style=\"color: #ff00ff\">Downton Abbey Theme\u201d\u00a0<\/span><\/strong><span style=\"color: #ff00ff\"><strong>de <\/strong><\/span><span style=\"color: #ff00ff\"><strong>Jonh\u00a0<\/strong><\/span><\/span><\/p>\n<p align=\"justify\"><span style=\"font-family: arial, helvetica, sans-serif\"><span style=\"color: #ff00ff\"><strong><img loading=\"lazy\" decoding=\"async\" class=\"alignright\" src=\"http:\/\/blogs.infobae.com\/series-de-tv\/files\/2013\/04\/DowntonAbbey.jpg\" width=\"366\" height=\"293\" align=\"right\" \/><\/strong><\/span><\/span><\/p>\n<p align=\"justify\"><span style=\"font-family: arial, helvetica, sans-serif\">Serie brit\u00e1nica de la BBC de gran calidad art\u00edstica y factura t\u00e9cnica impecable. Transcurre en el a\u00f1o 1912, y es un retrato\u00a0de la sociedad aristocr\u00e1tica de aquella \u00e9poca con sus intrigas y enredos.<\/span><\/p>\n<p align=\"justify\"><span style=\"font-family: arial, helvetica, sans-serif\">El tema m\u00fasical de cabecera\u00a0 es un reflejo\u00a0 del car\u00e1cter elegante y aristocr\u00e1tico de la serie.\u00a0\u00c9ste \u00a0suena muchas veces a lo largo de los episodios y est\u00e1 asociado a la mansi\u00f3n y a su due\u00f1o.<\/span><\/p>\n<p align=\"justify\"><span style=\"font-family: arial, helvetica, sans-serif\">\n<!-- iframe plugin v.6.0 wordpress.org\/plugins\/iframe\/ -->\n<iframe loading=\"lazy\" width=\"560\" height=\"315\" src=\"https:\/\/www.youtube.com\/embed\/qTXaZE3TlTQ\" scrolling=\"yes\" class=\"iframe-class\" frameborder=\"0\"><\/iframe>\n<\/span><\/p>\n<p align=\"justify\"><span style=\"font-family: arial, helvetica, sans-serif\">\u00a0<span style=\"color: #ff00ff\"><strong>&#8211;<\/strong><\/span> <span style=\"color: #ff00ff\"><strong>Verano azul.Tema musical:<\/strong><\/span><span style=\"color: #ff00ff\"><strong>\u201d Tema musical Verano azul\u201d de Carmelo Bernaola. <\/strong><\/span><\/span><\/p>\n<p align=\"justify\"><span style=\"font-family: arial, helvetica, sans-serif\"><span style=\"color: #ff00ff\"><strong><img loading=\"lazy\" decoding=\"async\" class=\"alignright\" src=\"http:\/\/www.ideal.es\/granada\/noticias\/201110\/11\/Media\/otras\/verano-azul--300x180.jpg\" width=\"383\" height=\"170\" align=\"right\" \/><\/strong><\/span>La \u00faltima serie que os presento es un gui\u00f1o a mi infancia. En la d\u00e9cada de los 80, esta serie espa\u00f1ola dirigida por <strong>Antonio Mercero<\/strong> fue un \u00e9xito rotundo \u00a0que marcar\u00eda un antes y un despu\u00e9s en la historia de nuestra televisi\u00f3n. En ella un grupo de j\u00f3venes de diversas edades, viven un verano lleno de aventuras en la localidad de Nerja (M\u00e1laga).<\/span><\/p>\n<p align=\"justify\"><span style=\"font-family: arial, helvetica, sans-serif\">All\u00ed entablar\u00e1n una especial amistad con Chanquete (un pescador del lugar que vive en un barco) y Julia (una pintora bohemia y melanc\u00f3lica).<\/span><\/p>\n<p align=\"justify\"><span style=\"font-family: arial, helvetica, sans-serif\">La sinton\u00eda de cabecera fue todo un acierto y <strong>Carmelo Bernaola<\/strong> (uno de los compositores m\u00e1s representativos de la m\u00fasica espa\u00f1ola en la segunda mitad del siglo XX) consigue crear a la perfecci\u00f3n\u00a0 el ambiente alegre y jovial de unas vacaciones de verano en la playa. \u00bfQui\u00e9n no recuerda sus silbidos caracter\u00edsticos?<\/span><\/p>\n<p align=\"justify\"><span style=\"font-family: arial, helvetica, sans-serif\">\n<!-- iframe plugin v.6.0 wordpress.org\/plugins\/iframe\/ -->\n<iframe loading=\"lazy\" width=\"560\" height=\"315\" src=\"https:\/\/www.youtube.com\/embed\/ZKdzVtLJeoM\" scrolling=\"yes\" class=\"iframe-class\" frameborder=\"0\"><\/iframe>\n<\/span><\/p>\n<p align=\"justify\"><img loading=\"lazy\" decoding=\"async\" class=\"alignnone size-thumbnail\" src=\"https:\/\/lh3.googleusercontent.com\/4e3xkAkLnoZB5rmdOdeCyQsqzgVS1oqwZYYHR_iVFg94ARVfr3g4zqBn4UuYVb0E64L5J3VXIN36hvLXJndy-JY6YPJ0xbpBuX-Yn68_XLTc0J7I2fxVgGy9-4MbTPQisD0X6AAl0ONeY3JXF1RyoKFQiKzZhl_7oa8bI12W0Un3v_YZtgpQF49TklBpzxLW509VH1g3YZLeTeNYTfnecBZJAAbTbbFsBRL5OggnojOIdclOn3PZaIS7ZM_0di_mYQOS2CFous2VE3O1tX9vK_vxRFumP1cxTHGWmO2VQi_YyPIGJM4zTr0hjRlvW3NJDmCpZUhB3qn01JpzLItwZfIuiK5G1v4_Y2R-vDXSt0K2-mc_rHqkpH917G2WGtgbICi4YDMpgBVQ1aGvP5Ng98kEa-mOpLq3AG7spzKcR2fdysTAPsD5I91XGhoNMCGvNkPJryt6R7dO6mhU3k0JcvIF4mLZugGv5KNjN-VOO9QsKa6kyE3Xeo4aQS46OXsuiMT2TabwRXfQ7FWmbEAM5CsJzaoYaTt-wbW7zhYChxDPaJwpF4wx2uLTytBFmpYz48MOqwQOHiXLqXSSH6l8XlNZMJ8OznY8oKJwte9CLwEFjARgW2N2xXRQRp2f3MOeHCd_Kysq1TWGKjqYp2oAig95I7QXQv1eEdf1Ex3rmZuyDl75s_SHWsTbbL2kk7LzoXhA4NK5WbRxhXI6P0gc7d6E=s398-no?authuser=0\" width=\"250\" height=\"250\" \/><\/p>\n","protected":false},"excerpt":{"rendered":"<p>Las series de televisi\u00f3n, a diferencia de la m\u00fasica de las pel\u00edculas, tienen que tener una sinton\u00eda breve pero pegadiza, de forma que al escucharla ya identifiquemos inmediatamente la serie. El listado ser\u00eda interminable, pero como siempre, voy a hacer un listado seg\u00fan mis preferencias. Seguidme en este recorrido!!!!!!! \u00a0&#8211;\u00a0Los Simpsons \/ Tema musical: \u201cThe [&hellip;]<\/p>\n","protected":false},"author":334,"featured_media":0,"comment_status":"open","ping_status":"open","sticky":false,"template":"","format":"standard","meta":{"footnotes":""},"categories":[11],"tags":[],"class_list":["post-1125","post","type-post","status-publish","format-standard","hentry","category-otras-bandas-sonoras-la-musica-de-las-series"],"_links":{"self":[{"href":"https:\/\/edublog.educastur.es\/unamusicadecine\/wp-json\/wp\/v2\/posts\/1125","targetHints":{"allow":["GET"]}}],"collection":[{"href":"https:\/\/edublog.educastur.es\/unamusicadecine\/wp-json\/wp\/v2\/posts"}],"about":[{"href":"https:\/\/edublog.educastur.es\/unamusicadecine\/wp-json\/wp\/v2\/types\/post"}],"author":[{"embeddable":true,"href":"https:\/\/edublog.educastur.es\/unamusicadecine\/wp-json\/wp\/v2\/users\/334"}],"replies":[{"embeddable":true,"href":"https:\/\/edublog.educastur.es\/unamusicadecine\/wp-json\/wp\/v2\/comments?post=1125"}],"version-history":[{"count":7,"href":"https:\/\/edublog.educastur.es\/unamusicadecine\/wp-json\/wp\/v2\/posts\/1125\/revisions"}],"predecessor-version":[{"id":2467,"href":"https:\/\/edublog.educastur.es\/unamusicadecine\/wp-json\/wp\/v2\/posts\/1125\/revisions\/2467"}],"wp:attachment":[{"href":"https:\/\/edublog.educastur.es\/unamusicadecine\/wp-json\/wp\/v2\/media?parent=1125"}],"wp:term":[{"taxonomy":"category","embeddable":true,"href":"https:\/\/edublog.educastur.es\/unamusicadecine\/wp-json\/wp\/v2\/categories?post=1125"},{"taxonomy":"post_tag","embeddable":true,"href":"https:\/\/edublog.educastur.es\/unamusicadecine\/wp-json\/wp\/v2\/tags?post=1125"}],"curies":[{"name":"wp","href":"https:\/\/api.w.org\/{rel}","templated":true}]}}