{"id":1130,"date":"2020-10-04T20:01:06","date_gmt":"2020-10-04T18:01:06","guid":{"rendered":"https:\/\/edublog.educastur.es\/unamusicadecine\/?p=1130"},"modified":"2020-10-06T20:06:05","modified_gmt":"2020-10-06T18:06:05","slug":"antonio-mercero-recordando-sus-miticas-series","status":"publish","type":"post","link":"https:\/\/edublog.educastur.es\/unamusicadecine\/2020\/10\/04\/antonio-mercero-recordando-sus-miticas-series\/","title":{"rendered":"Antonio Mercero, recordando sus m\u00edticas series."},"content":{"rendered":"<p align=\"justify\"><img loading=\"lazy\" decoding=\"async\" class=\"n3VNCb aligncenter\" src=\"https:\/\/s3.amazonaws.com\/arc-wordpress-client-uploads\/infobae-wp\/wp-content\/uploads\/2018\/05\/12092902\/Antonio-Mercero-4.jpg\" alt=\"Muri\u00f3 Antonio Mercero, uno de los directores de cine m\u00e1s reconocidos de  Espa\u00f1a - Infobae\" width=\"416\" height=\"234\" data-noaft=\"1\" \/><\/p>\n<p align=\"justify\"><span style=\"font-family: arial, helvetica, sans-serif\">Hoy vamos a recordar a un gran director y guionista, <strong>Antonio Mercero, <\/strong>(Lasarte, Gipuzkoa, 1936) que tristemente nos dejaba este a\u00f1o 2018, v\u00edctima de esa terrible enfermad que es el Alzheimer.<\/span><\/p>\n<p><span style=\"font-family: arial, helvetica, sans-serif\">El motivo de hacer un post sobre el director, es que el alumnado de 2\u00ba de la ESO ha empezado a\u00a0 hacer un trabajo sobre series de televisi\u00f3n, y no pod\u00eda dejar pasar la ocasi\u00f3n de recordar al \u00fanico espa\u00f1ol ganador de un premio <em>Emmy,<\/em> gracias a su trabajo en la pel\u00edcula <em>\u201cLa\u00a0<\/em><em>cabina\u201d<\/em>\u00a0(1972);<\/span><\/p>\n<p><span style=\"font-family: arial, helvetica, sans-serif\"><img loading=\"lazy\" decoding=\"async\" class=\"alignright\" src=\"http:\/\/4.bp.blogspot.com\/-eYe2ANCnncA\/UFs8GYX_DCI\/AAAAAAAAARo\/9-HQtBdxKqo\/s1600\/La+Cabina.jpg\" width=\"120\" height=\"140\" \/>\u00a0aunque lo que m\u00e1s popularidad le dio fueron sus exitosas series, que marcaron la vida espa\u00f1ola de los \u00faltimos 40 a\u00f1os, desde \u201c<em>Cr\u00f3nicas de un pueblo\u201d\u00a0<\/em>hasta<em>\u00a0\u201dFarmacia de guardia\u201d.\u00a0<\/em><\/span><\/p>\n<p><span style=\"font-family: arial, helvetica, sans-serif\">Su labor como cineasta tambi\u00e9n fue muy prol\u00edfica, con t\u00edtulos destacados como <em>\u201cEsp\u00e9rame en el cielo\u201d <\/em>(1988), <em>\u201cLa hora de los valientes\u201d (1998) y \u201cPlanta 4\u00aa\u201d (2002)\u00a0<\/em>entre otros.<\/span><\/p>\n<p><span style=\"font-family: arial, helvetica, sans-serif\">Ahora vamos a hacer un repaso por sus series m\u00e1s m\u00edticas en la televisi\u00f3n, recordando, como siempre en el blog, sus no menos populares <em>sinton\u00edas<\/em> (m\u00fasica del comienzo o final de las series).<\/span><\/p>\n<p><span style=\"font-family: arial, helvetica, sans-serif\"><img loading=\"lazy\" decoding=\"async\" class=\"aligncenter\" src=\"http:\/\/www.gifsanimados.org\/data\/media\/491\/television-imagen-animada-0179.gif\" width=\"200\" height=\"200\" align=\"absmiddle\" \/><\/span><\/p>\n<p><span style=\"font-family: arial, helvetica, sans-serif\"><img loading=\"lazy\" decoding=\"async\" src=\"https:\/\/pics.filmaffinity.com\/cronicas_de_un_pueblo_tv_series-142900131-mmed.jpg\" width=\"130\" height=\"130\" align=\"left\" \/><\/span><\/p>\n<p style=\"text-align: justify\"><span style=\"font-family: arial, helvetica, sans-serif\"><span style=\"color: #ff00ff\"><strong><em>&#8211; \u201cCr\u00f3nicas de un pueblo\u201d (1971-73). <\/em><\/strong><\/span>Esta\u00a0serie\u00a0narraba la vida cotidiana y los problemas de un pueblo ficticio de Castilla.<\/span><\/p>\n<p style=\"text-align: justify\"><span style=\"font-family: arial, helvetica, sans-serif\"><img loading=\"lazy\" decoding=\"async\" src=\"https:\/\/www.idearium30.com\/images\/articulos\/musicapubli-01.jpg\" width=\"100\" height=\"90\" align=\"right\" \/>La sinton\u00eda de <em>\u201cCr\u00f3nicas de un pueblo\u201d<\/em> tambi\u00e9n sirvi\u00f3 como m\u00fasica de cabecera del programa de radio de Luis Del Olmo <em>\u201cProtagonistas\u201d<\/em>, que se empez\u00f3 a emitir en 1969. La sinton\u00eda era un arreglo hecho por <strong>Norrie Paramor <\/strong>de una canci\u00f3n interpretada por el cantante <strong>Cliff Richard<\/strong>.<\/span><\/p>\n\n<!-- iframe plugin v.6.0 wordpress.org\/plugins\/iframe\/ -->\n<iframe loading=\"lazy\" width=\"560\" height=\"315\" src=\"https:\/\/www.youtube.com\/embed\/jK6noEEMpHk\" scrolling=\"yes\" class=\"iframe-class\" frameborder=\"0\"><\/iframe>\n\n<p><img loading=\"lazy\" decoding=\"async\" src=\"https:\/\/pics.filmaffinity.com\/verano_azul_tv_series-963417368-large.jpg\" width=\"130\" height=\"130\" align=\"left\" \/><\/p>\n<p style=\"text-align: justify\"><span style=\"font-family: arial, helvetica, sans-serif\"><strong><em><span style=\"color: #ff00ff\">&#8211; \u201cVerano azul<\/span><\/em><\/strong><span style=\"color: #ff00ff\"><strong><em>\u201d (1981-82). <\/em><\/strong><\/span>Entra\u00f1able serie en torno a unos j\u00f3venes de diversas edades y procedencias, que pasar\u00e1n un inolvidable verano en la localidad de Nerja, M\u00e1laga. All\u00ed entablar\u00e1n una especial amistad\u00a0 con Chanquete (un pescador) y Julia (una pintora bohemia y melanc\u00f3lica).<\/span><\/p>\n<p style=\"text-align: justify\"><span style=\"font-family: arial, helvetica, sans-serif\"><img loading=\"lazy\" decoding=\"async\" src=\"https:\/\/www.idearium30.com\/images\/articulos\/musicapubli-01.jpg\" width=\"100\" height=\"90\" align=\"right\" \/>La sinton\u00eda de cabecera estaba compuesta por el gran compositor, ya fallecido, <strong>Carmelo\u00a0<\/strong><strong>Bernaola.\u00a0<\/strong>\u00bfQui\u00e9n no recuerda los caracter\u00edsticos silbidos del comienzo? todo un cl\u00e1sico.<\/span><\/p>\n<p>&nbsp;<\/p>\n<p align=\"justify\">\n<!-- iframe plugin v.6.0 wordpress.org\/plugins\/iframe\/ -->\n<iframe loading=\"lazy\" width=\"560\" height=\"315\" src=\"https:\/\/www.youtube.com\/embed\/ZKdzVtLJeoM\" scrolling=\"yes\" class=\"iframe-class\" frameborder=\"0\"><\/iframe>\n<\/p>\n<p align=\"justify\"><img loading=\"lazy\" decoding=\"async\" src=\"https:\/\/pics.filmaffinity.com\/turno_de_oficio_tv_series-290574744-mmed.jpg\" width=\"130\" height=\"130\" align=\"left\" \/><\/p>\n<p style=\"text-align: justify\"><span style=\"font-family: arial, helvetica, sans-serif\"><strong><em><span style=\"color: #ff00ff\">&#8211; \u201cTurno de oficio<\/span><\/em><\/strong><span style=\"color: #ff00ff\"><strong><em>\u201d (1986-87).\u00a0<\/em><\/strong><\/span>Esta serie giraba en torno a un grupo de abogados que trabajaba<img loading=\"lazy\" decoding=\"async\" src=\"https:\/\/www.idearium30.com\/images\/articulos\/musicapubli-01.jpg\" width=\"100\" height=\"90\" align=\"right\" \/> en los famosos juzgados de Plaza de Castilla, y su lucha contra la delincuencia en el Madrid de los a\u00f1os 80. Los protagonistas eran tres abogados que ejerc\u00edan su trabajo en el turno de oficio.<\/span><\/p>\n<p style=\"text-align: justify\"><span style=\"font-family: arial, helvetica, sans-serif\">\u00a0<\/span><\/p>\n<p style=\"text-align: justify\"><span style=\"font-family: arial, helvetica, sans-serif\">La sinton\u00eda de cabecera utiliza<span style=\"color: #222222;font-size: small\">\u00a0<\/span>una maravillosa obra del\u00a0compositor barroco alem\u00e1n <strong>Georg Philipp Telemann<\/strong>, en concreto, el tercer movimiento del\u00a0\u201d<em>Concierto para trompeta en Fa menor\u201d<\/em><span style=\"color: #222222;font-size: small\">.<\/span><\/span><\/p>\n\n<!-- iframe plugin v.6.0 wordpress.org\/plugins\/iframe\/ -->\n<iframe loading=\"lazy\" width=\"560\" height=\"315\" src=\"https:\/\/www.youtube.com\/embed\/rPnfrpRUWuM\" scrolling=\"yes\" class=\"iframe-class\" frameborder=\"0\"><\/iframe>\n\n<p><img loading=\"lazy\" decoding=\"async\" src=\"https:\/\/pics.filmaffinity.com\/farmacia_de_guardia_tv_series-864040820-mmed.jpg\" width=\"130\" height=\"130\" align=\"left\" \/><\/p>\n<p><span style=\"font-family: arial, helvetica, sans-serif\"><strong><em><span style=\"color: #ff00ff\">&#8211; \u201cFarmacia de guardia<\/span><\/em><\/strong><span style=\"color: #ff00ff\"><strong><em>\u201d (1991-95).\u00a0<\/em><\/strong><\/span>Ambientada en el d\u00eda a d\u00eda de una farmacia, ostenta el t\u00edtulo de ser la serie m\u00e1s vista de la historia de Espa\u00f1a con una media del 48% de cuota de pantalla.<\/span><\/p>\n<p><span style=\"font-family: arial, helvetica, sans-serif\"><img loading=\"lazy\" decoding=\"async\" src=\"https:\/\/www.idearium30.com\/images\/articulos\/musicapubli-01.jpg\" width=\"100\" height=\"90\" align=\"right\" \/><\/span><\/p>\n<p align=\"justify\"><span style=\"font-family: arial, helvetica, sans-serif\">Una de los aspectos m\u00e1s destacados de la m\u00edtica serie\u00a0 es\u00a0su pegadiza sinton\u00eda, que fue compuesta por\u00a0<strong>Bernardo Bonezzi<\/strong>,\u00a0un m\u00fasico que de muy joven hab\u00eda despuntado en la movida madrile\u00f1a.\u00a0Tambi\u00e9n fue el compositor de la m\u00fasica de varias pel\u00edculas del realizador manchego <strong>Pedro<\/strong> <strong>Almod\u00f3var<\/strong>.<\/span><\/p>\n<p align=\"justify\">\n<!-- iframe plugin v.6.0 wordpress.org\/plugins\/iframe\/ -->\n<iframe loading=\"lazy\" width=\"560\" height=\"315\" src=\"https:\/\/www.youtube.com\/embed\/7dsLMrHLcNM\" scrolling=\"yes\" class=\"iframe-class\" frameborder=\"0\"><\/iframe>\n<\/p>\n<p style=\"text-align: justify\"><span style=\"font-family: arial, helvetica, sans-serif\">Termino el post recordando las palabras\u00a0de su hijo Antonio, tambi\u00e9n profesional de la televisi\u00f3n, cuando recogi\u00f3 junto a su hermano el\u00a0<em>Goya de Honor<\/em>\u00a0en 2010 en nombre de su padre: \u201cSe quiere morir rodeado de su familia, viendo\u00a0<em>Cantando bajo la lluvia<\/em>\u201d.\u00a0Seguro que as\u00ed ha sido.<\/span><\/p>\n<p style=\"text-align: justify\"><span style=\"font-family: arial, helvetica, sans-serif\"><img loading=\"lazy\" decoding=\"async\" src=\"http:\/\/img2.rtve.es\/i\/?w=1600&amp;i=1526121980727.jpg\" width=\"275\" height=\"200\" \/><\/span><\/p>\n<p>&nbsp;<\/p>\n<p>&nbsp;<\/p>\n","protected":false},"excerpt":{"rendered":"<p>Hoy vamos a recordar a un gran director y guionista, Antonio Mercero, (Lasarte, Gipuzkoa, 1936) que tristemente nos dejaba este a\u00f1o 2018, v\u00edctima de esa terrible enfermad que es el Alzheimer. El motivo de hacer un post sobre el director, es que el alumnado de 2\u00ba de la ESO ha empezado a\u00a0 hacer un trabajo [&hellip;]<\/p>\n","protected":false},"author":334,"featured_media":0,"comment_status":"open","ping_status":"open","sticky":false,"template":"","format":"standard","meta":{"footnotes":""},"categories":[11],"tags":[],"class_list":["post-1130","post","type-post","status-publish","format-standard","hentry","category-otras-bandas-sonoras-la-musica-de-las-series"],"_links":{"self":[{"href":"https:\/\/edublog.educastur.es\/unamusicadecine\/wp-json\/wp\/v2\/posts\/1130","targetHints":{"allow":["GET"]}}],"collection":[{"href":"https:\/\/edublog.educastur.es\/unamusicadecine\/wp-json\/wp\/v2\/posts"}],"about":[{"href":"https:\/\/edublog.educastur.es\/unamusicadecine\/wp-json\/wp\/v2\/types\/post"}],"author":[{"embeddable":true,"href":"https:\/\/edublog.educastur.es\/unamusicadecine\/wp-json\/wp\/v2\/users\/334"}],"replies":[{"embeddable":true,"href":"https:\/\/edublog.educastur.es\/unamusicadecine\/wp-json\/wp\/v2\/comments?post=1130"}],"version-history":[{"count":2,"href":"https:\/\/edublog.educastur.es\/unamusicadecine\/wp-json\/wp\/v2\/posts\/1130\/revisions"}],"predecessor-version":[{"id":1176,"href":"https:\/\/edublog.educastur.es\/unamusicadecine\/wp-json\/wp\/v2\/posts\/1130\/revisions\/1176"}],"wp:attachment":[{"href":"https:\/\/edublog.educastur.es\/unamusicadecine\/wp-json\/wp\/v2\/media?parent=1130"}],"wp:term":[{"taxonomy":"category","embeddable":true,"href":"https:\/\/edublog.educastur.es\/unamusicadecine\/wp-json\/wp\/v2\/categories?post=1130"},{"taxonomy":"post_tag","embeddable":true,"href":"https:\/\/edublog.educastur.es\/unamusicadecine\/wp-json\/wp\/v2\/tags?post=1130"}],"curies":[{"name":"wp","href":"https:\/\/api.w.org\/{rel}","templated":true}]}}