{"id":1361,"date":"2020-11-03T10:55:14","date_gmt":"2020-11-03T08:55:14","guid":{"rendered":"https:\/\/edublog.educastur.es\/unamusicadecine\/?p=1361"},"modified":"2022-10-19T22:31:12","modified_gmt":"2022-10-19T20:31:12","slug":"trabajos-con-la-herramienta-genialy-curso-2020-21","status":"publish","type":"post","link":"https:\/\/edublog.educastur.es\/unamusicadecine\/2020\/11\/03\/trabajos-con-la-herramienta-genialy-curso-2020-21\/","title":{"rendered":"Trabajos con la herramienta Genially. Curso 2020-21."},"content":{"rendered":"<p style=\"text-align: justify\" align=\"justify\"><img loading=\"lazy\" decoding=\"async\" class=\"size-medium aligncenter\" src=\"https:\/\/i.pinimg.com\/474x\/b5\/9f\/90\/b59f9038f917740998d665d17b797cca.jpg\" width=\"400\" height=\"250\" \/><\/p>\n<p style=\"text-align: justify\" align=\"justify\"><span style=\"font-family: arial, helvetica, sans-serif\">Aqu\u00ed aparecer\u00e1n todos los trabajos \u00a0que realic\u00e9is este curso con la herramienta digital <em>Genial.ly.<\/em><strong>\u00a0<\/strong><\/span><\/p>\n<p><span style=\"font-family: arial, helvetica, sans-serif\">Para ver los trabajos solo ten\u00e9is que\u00a0<strong>pinchar en cada imagen<\/strong>. Enhorabuena a tod@s!!!<\/span><\/p>\n<p style=\"text-align: center\"><span style=\"font-family: arial, helvetica, sans-serif;color: #ff0000\"><b><u>Mi cantante o grupo preferido<\/u><\/b><\/span><\/p>\n<p style=\"text-align: justify\"><img loading=\"lazy\" decoding=\"async\" class=\"aligncenter\" src=\"http:\/\/cdn.thinglink.me\/api\/image\/1046120315505082370\/1024\/10\/scaletowidth\" width=\"269\" height=\"269\" \/><span style=\"font-family: arial, helvetica, sans-serif\">Aqu\u00ed aparecer\u00e1n los trabajos\u00a0 sobre los cantantes o grupos de m\u00fasica popular urbana que m\u00e1s gusten a l@s alumn@s.<\/span><\/p>\n<ul>\n<li><span style=\"color: #0000ff;font-family: arial, helvetica, sans-serif\"><strong>TRABAJOS ALUMNADO 1\u00ba ESO<\/strong><\/span><\/li>\n<\/ul>\n<p style=\"text-align: justify\"><span style=\"color: #0000ff;font-family: arial, helvetica, sans-serif\"><strong>&#8211; Morat. Autoras: Candela Fern\u00e1ndez, Laura Garc\u00eda y \u00c1ngela Mart\u00ednez. 1\u00baA.<\/strong><\/span><\/p>\n<p><a href=\"https:\/\/view.genial.ly\/601adfcb1892760d0964b29c\/presentation-morat\"><img loading=\"lazy\" decoding=\"async\" class=\"alignnone size-thumbnail\" src=\"https:\/\/img.genial.ly\/600ee611e5e1d10f7f8a45b1\/0ff6f669-141e-4831-82f0-af704f2b939e.png\" width=\"768\" height=\"512\" \/><\/a><\/p>\n<p style=\"text-align: justify\"><span style=\"color: #0000ff\"><strong><span style=\"font-family: arial, helvetica, sans-serif\">&#8211; Sweet California. Autoras: Gabriela Men\u00e9ndez y Alba P\u00e9rez. 1\u00baA.<\/span><\/strong><\/span><\/p>\n<p><a href=\"https:\/\/view.genial.ly\/608439e2591b1c0d2c6c66d2\/presentation-sweet-california\"><img loading=\"lazy\" decoding=\"async\" class=\"alignnone size-thumbnail\" src=\"https:\/\/static.lasprovincias.es\/www\/multimedia\/201905\/28\/media\/cortadas\/sweet-california-k3KF-U80326323041xLE-624x385@Las%20Provincias.jpg\" width=\"624\" height=\"385\" \/><\/a><\/p>\n<p><span style=\"color: #0000ff;font-family: arial, helvetica, sans-serif\"><strong>&#8211; Alejandro Sanz. Autora: Bel\u00e9n Men\u00e9ndez. 1\u00baB.<\/strong><\/span><\/p>\n<p><a href=\"https:\/\/view.genial.ly\/5f9e983c2446ef0d1683f899\/presentation-trabajo-alejandro-sanz\"><img loading=\"lazy\" decoding=\"async\" class=\"alignnone size-medium\" src=\"https:\/\/cflvdg.avoz.es\/default\/2019\/05\/22\/00121558533362522306397\/Foto\/j21y9009.jpg\" width=\"720\" height=\"405\" \/><\/a><\/p>\n<p><span style=\"color: #0000ff;font-family: arial, helvetica, sans-serif\"><strong>&#8211; The Beatles. Autor: Pelayo Garc\u00eda. 1\u00baB.<\/strong><\/span><\/p>\n<p><a href=\"https:\/\/view.genial.ly\/60151a5264fcaa0d84f87fd8\/presentation-the-beatles\"><img loading=\"lazy\" decoding=\"async\" class=\"alignnone size-thumbnail\" src=\"https:\/\/img.genial.ly\/6014203fb03bcd0f83fc8aca\/b20c423b-452e-44fd-8266-55cbc3c8762c.jpeg\" width=\"720\" height=\"450\" \/><\/a><\/p>\n<p><span style=\"color: #0000ff;font-family: arial, helvetica, sans-serif\"><strong>-The Fray. Autoras: Soraya Fuertes y Roc\u00edo Parrondo. 1\u00baB.<\/strong><\/span><\/p>\n<p><a href=\"https:\/\/view.genial.ly\/608ab6db0a135c0d8dbbb1c6\/presentation-trabajo\"><img loading=\"lazy\" decoding=\"async\" class=\"alignnone \" src=\"https:\/\/studiosol-a.akamaihd.net\/uploadfile\/letras\/fotos\/0\/b\/1\/5\/0b1531478b15bcc8f1452a61142d4b73.jpg\" width=\"724\" height=\"488\" \/><\/a><\/p>\n<p><span style=\"color: #0000ff\"><strong><span style=\"font-family: arial, helvetica, sans-serif\">&#8211; Louis Tomlinson. Autora: Laura Fern\u00e1ndez. 1\u00baB.<\/span><\/strong><\/span><\/p>\n<p><a href=\"https:\/\/view.genial.ly\/608dc9a733b1640d2f9a4ce3\/presentation-louis-tomlinson\"><img loading=\"lazy\" decoding=\"async\" class=\"alignnone \" src=\"https:\/\/i.pinimg.com\/originals\/09\/92\/3f\/09923f0f77a72d46eccd2f340e8fb54f.jpg\" width=\"729\" height=\"487\" \/><\/a><\/p>\n<ul>\n<li><span style=\"color: #0000ff;font-family: arial, helvetica, sans-serif\"><strong>TRABAJOS ALUMNADO 2\u00ba ESO<\/strong><\/span><\/li>\n<\/ul>\n<p><span style=\"color: #0000ff;font-family: arial, helvetica, sans-serif\"><strong>-Red Velvet. Autora: Luc\u00eda Hern\u00e1ndez. 2\u00baA.<\/strong><\/span><\/p>\n<p><a href=\"https:\/\/view.genial.ly\/5f998252c3eed80cfe654e22\/interactive-content-red-velvet\"><img loading=\"lazy\" decoding=\"async\" class=\"alignnone\" src=\"https:\/\/img.genial.ly\/5f9465a4237e877d52212183\/7542eda5-6431-4963-a02d-5b918afaea60.png\" alt=\"\" width=\"720\" height=\"412\" \/><\/a><\/p>\n<p><span style=\"color: #0000ff;font-family: arial, helvetica, sans-serif\"><strong>-Jerusalema. Autor: Sergio Riesgo. 2\u00baA.<\/strong><\/span><\/p>\n<p><a href=\"https:\/\/view.genial.ly\/5fb8ef8b9e845a12b6ece3cb\/interactive-content-jerusalema\"><img loading=\"lazy\" decoding=\"async\" class=\"alignnone \" src=\"https:\/\/okdiario.com\/img\/2020\/09\/07\/master-kg-655x368.jpg\" width=\"720\" height=\"405\" \/><\/a><\/p>\n<p><span style=\"color: #0000ff;font-family: arial, helvetica, sans-serif\"><strong>-David Bisbal. Autor: Sergio Alba. 2\u00baB.<\/strong><\/span><\/p>\n<p><a href=\"https:\/\/view.genial.ly\/5ea963e5134b180d2d381049\/presentation-bisbal\"><img loading=\"lazy\" decoding=\"async\" class=\"alignnone size-thumbnail\" src=\"https:\/\/www.malagahoy.es\/2020\/12\/15\/ocio\/David-Bisbal-imagen-reciente_1528957297_129386796_667x375.jpg\" width=\"667\" height=\"375\" \/><\/a><\/p>\n<p><span style=\"color: #0000ff\"><strong><span style=\"font-family: arial, helvetica, sans-serif\">&#8211; Edurne. Autor: Sergio Alba. 2\u00baB.<\/span><\/strong><\/span><\/p>\n<p><a href=\"https:\/\/view.genial.ly\/6071865088df9c0d09478de9\/presentation-presentacion-acuarela\"><img loading=\"lazy\" decoding=\"async\" class=\"alignnone \" src=\"https:\/\/www.ecestaticos.com\/image\/clipping\/bc911ef3ecc64f47bd20be33686c0e4c\/edurne-me-veo-ganando-eurovision.jpg\" width=\"726\" height=\"408\" \/><\/a><\/p>\n<p style=\"text-align: justify\"><strong><span style=\"font-family: arial, helvetica, sans-serif;color: #0000ff\">&#8211; M\u00f3nica Naranjo: Autores: Daniel Freyre, Alejandra Garc\u00eda y Sheila Gonz\u00e1lez. 2\u00baB.<\/span><\/strong><\/p>\n<p><a href=\"https:\/\/view.genial.ly\/6089684f9a03840d0cc88c59\/presentation-monica-naranjo\"><img loading=\"lazy\" decoding=\"async\" class=\"alignnone size-thumbnail\" src=\"https:\/\/fotografias.antena3internacional.com\/clipping\/cmsimages02\/2019\/11\/14\/7D402491-BE4F-4E95-BC53-A316F9A4FE70\/58.jpg\" width=\"1000\" height=\"567\" \/><\/a><\/p>\n<p style=\"text-align: justify\"><span style=\"font-family: arial, helvetica, sans-serif;color: #0000ff\"><b>\u00a0&#8211; Carly Rae Jepsenn. Autoras: Yaiza Rodr\u00edguez y Luc\u00eda Rodr\u00edguez. 2\u00baC.<\/b><\/span><\/p>\n<p><a href=\"https:\/\/view.genial.ly\/604a5634d59e770d9b78baf6\/presentation-carly-rae-jepsenn\"><img loading=\"lazy\" decoding=\"async\" class=\"alignnone size-thumbnail\" src=\"https:\/\/2l7g9kgsh281akevs49v281d-wpengine.netdna-ssl.com\/wp-content\/uploads\/2019\/04\/carly-rae-jepsen-1505734473.5.2560x1440-e1554137980109.jpg\" width=\"720\" height=\"463\" \/><\/a><\/p>\n<p style=\"text-align: center\"><strong><u><span style=\"color: #ff0000\">Estilo musical: el pop<\/span><\/u><\/strong><\/p>\n<p><img loading=\"lazy\" decoding=\"async\" class=\"size-medium aligncenter\" src=\"https:\/\/www.gifmania.com\/Gif-Animados-Arte\/Imagenes-Musica\/Generos-Musicales\/Pop\/Pop-Music-77863.gif\" width=\"250\" height=\"228\" \/><\/p>\n<ul>\n<li><strong><span style=\"color: #0000ff\">TRABAJOS ALUMNADO 3\u00ba ESO TALLER DE M\u00daSICA<\/span><br \/>\n<\/strong><\/li>\n<\/ul>\n<p style=\"text-align: justify\"><span style=\"font-family: arial, helvetica, sans-serif\">Los alumnos y alumnas del <span style=\"color: #0000ff\"><strong>Taller de M\u00fasica<\/strong><\/span> han hecho unos estupendos trabajos sobre la m\u00fasica pop y sus principales int\u00e9rpretes.<\/span><\/p>\n<p><strong><span style=\"color: #0000ff;font-family: arial, helvetica, sans-serif\">-One Direction. Autoras: Ic\u00edar Garc\u00eda y Desir\u00e9 Cortina.<\/span><br \/>\n<\/strong><\/p>\n<p><a href=\"https:\/\/view.genial.ly\/5f9990a05ff9a30d0577f7a3\/presentation-one-direction\"><img loading=\"lazy\" decoding=\"async\" class=\"alignnone\" src=\"https:\/\/hips.hearstapps.com\/hmg-prod.s3.amazonaws.com\/images\/one-direction-1594976316.png?crop=0.974xw:1.00xh;0,0&amp;resize=480:*\" alt=\"\" width=\"720\" height=\"378\" \/><\/a><\/p>\n<p><strong><span style=\"color: #0000ff;font-family: arial, helvetica, sans-serif\">&#8211; Queen. Autor: Pablo Garc\u00eda.<\/span><br \/>\n<\/strong><\/p>\n<p><a href=\"https:\/\/view.genial.ly\/5f9e78f24a95b80d82de716b\/presentation-queen-y-el-pop\"><img loading=\"lazy\" decoding=\"async\" class=\"alignnone\" src=\"https:\/\/static1.squarespace.com\/static\/5477b6e0e4b07ec2525f51b0\/5477b76de4b06dd3acab1452\/5cc349a2104c7bcd0ca76950\/1556316750834\/QObra.jpg?format=1500w\" alt=\"\" width=\"720\" height=\"456\" \/><\/a><\/p>\n<p><strong><span style=\"color: #0000ff;font-family: arial, helvetica, sans-serif\">-Lady Gaga. Autores:Miguel G\u00f3mez y Lola Jim\u00e9nez.<\/span><br \/>\n<\/strong><\/p>\n<p><a href=\"https:\/\/view.genial.ly\/5f9ef96487f1e30d1b77eba6\/presentation-genially-sin-titulo\"><img loading=\"lazy\" decoding=\"async\" class=\"alignnone\" src=\"https:\/\/img.genial.ly\/5c4b467561b4cd0fe2cda169\/cdd94288-6df6-41df-bf1c-1720bfadf442.jpeg\" alt=\"\" width=\"720\" height=\"432\" \/><\/a><\/p>\n<p><span style=\"color: #0000ff;font-family: arial, helvetica, sans-serif\"><strong>-Michael Jackson. Autoras: Nerea Arias y Ainara Mayo.<\/strong><\/span><\/p>\n<p><a href=\"https:\/\/view.genial.ly\/5f8ea01bde72be0d16ec9837\/presentation-michael-jackson\"><img loading=\"lazy\" decoding=\"async\" class=\"alignnone\" src=\"https:\/\/images.clarin.com\/2020\/05\/05\/michael-jackson-el-rey-del___C0rCkvPoC_1200x630__1.jpg\" alt=\"\" width=\"720\" height=\"379\" \/><\/a><\/p>\n<p style=\"text-align: center\"><span style=\"color: #ff0000\"><strong><u>M\u00fasica de pel\u00edculas<\/u><\/strong><\/span><\/p>\n<p><img loading=\"lazy\" decoding=\"async\" class=\"aligncenter\" src=\"https:\/\/encrypted-tbn0.gstatic.com\/images?q=tbn%3AANd9GcRDbBXYKdMWq4hlP1nDEOBdNBovwE1lfNt3WK-U-OdL3rLkTPWU\" width=\"429\" height=\"200\" align=\"middle\" \/><\/p>\n<p style=\"text-align: justify\"><span style=\"font-family: arial, helvetica, sans-serif\">Las bandas sonoras de cine son las protagonistas de nuestro blog, por tanto aqu\u00ed van a aparecer todo tipo de pel\u00edculas y g\u00e9neros que os gusten, con sus bandas sonoras.<\/span><\/p>\n<ul>\n<li><span style=\"color: #0000ff\"><strong>TRABAJOS ALUMNADO 2\u00ba ESO<\/strong><\/span><\/li>\n<\/ul>\n<p><span style=\"color: #0000ff;font-family: arial, helvetica, sans-serif\"><strong>-Pel\u00edcula: Asterix y Ob\u00e9lix. Autor: Sergio Riesgo. 2\u00baA.<\/strong><\/span><\/p>\n<p><a href=\"https:\/\/view.genial.ly\/5f9d391787f1e30d1b77c74b\/interactive-content-asterix-y-obelix\"><img loading=\"lazy\" decoding=\"async\" class=\"alignnone\" src=\"https:\/\/img.genial.ly\/5dadff3f102ffd0fc1c66873\/e3cddd70-5434-4289-ad7e-3cef334a81df.jpeg\" alt=\"\" width=\"720\" height=\"405\" \/><\/a><\/p>\n<p><span style=\"color: #0000ff;font-family: arial, helvetica, sans-serif\"><strong>-Pel\u00edcula: Barry Lyndon. Autor: Sergio Riesgo. 2\u00baA.<\/strong><\/span><\/p>\n<p><a href=\"https:\/\/view.genial.ly\/5feb778b4a35bd0d034eaec3\/presentation-barry-lyndon\"><img loading=\"lazy\" decoding=\"async\" class=\"alignnone \" src=\"https:\/\/upload.wikimedia.org\/wikipedia\/commons\/thumb\/2\/22\/Barry_Lyndon_movie_logo.png\/1200px-Barry_Lyndon_movie_logo.png\" width=\"723\" height=\"357\" \/><\/a><\/p>\n<p><span style=\"font-family: arial, helvetica, sans-serif;color: #0000ff\"><strong>-Pel\u00edcula: Mamma M\u00eda. Autora: Ainhoa Garc\u00eda. 2\u00baC.<\/strong><\/span><\/p>\n<p><a href=\"https:\/\/view.genial.ly\/604fb4b8de82e60da5bba70b\/presentation-mamma-mia\"><img loading=\"lazy\" decoding=\"async\" class=\"alignnone \" src=\"https:\/\/hips.hearstapps.com\/hmg-prod.s3.amazonaws.com\/images\/mamma-mia-2-1513848585.jpeg\" width=\"730\" height=\"544\" \/><\/a><\/p>\n<p><span style=\"font-family: arial, helvetica, sans-serif;color: #0000ff\"><strong>-Documental: This is it. Autora: Ainhoa Garc\u00eda. 2\u00baC.<\/strong><\/span><\/p>\n<p><a href=\"https:\/\/view.genial.ly\/609ed7c4a6aa400d8e9102d6\/presentation-michael-jackson\"><img loading=\"lazy\" decoding=\"async\" class=\"alignnone size-thumbnail\" src=\"https:\/\/cloudfront-us-east-1.images.arcpublishing.com\/semana\/4CFJYJVJZVHKLJFIUXFZ6GV3EE.jpg\" width=\"630\" height=\"345\" \/><\/a><\/p>\n<p style=\"text-align: center\"><strong><u><span style=\"color: #ff0000\">Historia de la m\u00fasica<\/span><\/u><\/strong><\/p>\n<p><img loading=\"lazy\" decoding=\"async\" class=\"aligncenter\" src=\"https:\/\/p.calameoassets.com\/190608195737-4d68fc3aca7f143b174e04d46828cf1a\/p1.jpg\" width=\"366\" height=\"206\" \/><\/p>\n<p style=\"text-align: justify\"><span style=\"font-family: arial, helvetica, sans-serif\">En este apartado del blog aparecer\u00e1n los trabajos que realicen los alumnos en torno a la historia de la m\u00fasica.<\/span><\/p>\n<p><span style=\"color: #0000ff\"><strong>-Pascu y Rodri, un acercamiento a la historia diferente. Autor: Dar\u00edo Gonz\u00e1lez. 2\u00baA.<\/strong><\/span><\/p>\n<p><a href=\"https:\/\/view.genial.ly\/600bea03ae03310d0c24cc74\/presentation-pascu-y-rodri\"><img loading=\"lazy\" decoding=\"async\" class=\"alignnone size-thumbnail\" src=\"https:\/\/destripandolahistoria.es\/modules\/ps_banner\/img\/7d990c64c14d8f28f6f181250b9e86cf.jpg\" width=\"2675\" height=\"891\" \/><\/a><\/p>\n<ul>\n<li style=\"text-align: justify\"><span style=\"color: #0000ff\"><strong>Ludwig Van Beethoven. Autoras: Ainhoa Garc\u00eda y Luc\u00eda Rodr\u00edguez. 2\u00baC.<\/strong><\/span><\/li>\n<\/ul>\n<p><a href=\"https:\/\/view.genial.ly\/60ca6754258b470dc3bce7e3\/dossier-sales-beethoven-pasapalabra\"><img loading=\"lazy\" decoding=\"async\" class=\"alignnone size-thumbnail\" src=\"https:\/\/static2.elcorreo.com\/www\/multimedia\/202012\/12\/media\/cortadas\/beethoven-musico-libre-kAsD-U1201021741403E8D-1248x770@El%20Correo.jpg\" width=\"1248\" height=\"770\" \/><\/a><\/p>\n<p><img loading=\"lazy\" decoding=\"async\" class=\"alignnone wp-image-906\" src=\"http:\/\/edublog.educastur.es\/unamusicadecine\/files\/2020\/10\/FEA0A37E-22AB-4001-9B7F-1FEC4A968ECF-300x300.jpeg\" alt=\"\" width=\"254\" height=\"254\" \/><\/p>\n<p style=\"text-align: center\">\n","protected":false},"excerpt":{"rendered":"<p>Aqu\u00ed aparecer\u00e1n todos los trabajos \u00a0que realic\u00e9is este curso con la herramienta digital Genial.ly.\u00a0 Para ver los trabajos solo ten\u00e9is que\u00a0pinchar en cada imagen. Enhorabuena a tod@s!!! Mi cantante o grupo preferido Aqu\u00ed aparecer\u00e1n los trabajos\u00a0 sobre los cantantes o grupos de m\u00fasica popular urbana que m\u00e1s gusten a l@s alumn@s. TRABAJOS ALUMNADO 1\u00ba ESO [&hellip;]<\/p>\n","protected":false},"author":334,"featured_media":0,"comment_status":"open","ping_status":"open","sticky":false,"template":"","format":"standard","meta":{"footnotes":""},"categories":[10],"tags":[],"class_list":["post-1361","post","type-post","status-publish","format-standard","hentry","category-nuestros-trabajos"],"_links":{"self":[{"href":"https:\/\/edublog.educastur.es\/unamusicadecine\/wp-json\/wp\/v2\/posts\/1361","targetHints":{"allow":["GET"]}}],"collection":[{"href":"https:\/\/edublog.educastur.es\/unamusicadecine\/wp-json\/wp\/v2\/posts"}],"about":[{"href":"https:\/\/edublog.educastur.es\/unamusicadecine\/wp-json\/wp\/v2\/types\/post"}],"author":[{"embeddable":true,"href":"https:\/\/edublog.educastur.es\/unamusicadecine\/wp-json\/wp\/v2\/users\/334"}],"replies":[{"embeddable":true,"href":"https:\/\/edublog.educastur.es\/unamusicadecine\/wp-json\/wp\/v2\/comments?post=1361"}],"version-history":[{"count":41,"href":"https:\/\/edublog.educastur.es\/unamusicadecine\/wp-json\/wp\/v2\/posts\/1361\/revisions"}],"predecessor-version":[{"id":7539,"href":"https:\/\/edublog.educastur.es\/unamusicadecine\/wp-json\/wp\/v2\/posts\/1361\/revisions\/7539"}],"wp:attachment":[{"href":"https:\/\/edublog.educastur.es\/unamusicadecine\/wp-json\/wp\/v2\/media?parent=1361"}],"wp:term":[{"taxonomy":"category","embeddable":true,"href":"https:\/\/edublog.educastur.es\/unamusicadecine\/wp-json\/wp\/v2\/categories?post=1361"},{"taxonomy":"post_tag","embeddable":true,"href":"https:\/\/edublog.educastur.es\/unamusicadecine\/wp-json\/wp\/v2\/tags?post=1361"}],"curies":[{"name":"wp","href":"https:\/\/api.w.org\/{rel}","templated":true}]}}