{"id":1364,"date":"2020-11-03T20:00:54","date_gmt":"2020-11-03T18:00:54","guid":{"rendered":"https:\/\/edublog.educastur.es\/unamusicadecine\/?p=1364"},"modified":"2021-05-04T20:17:48","modified_gmt":"2021-05-04T18:17:48","slug":"trabajos-con-la-herramienta-wix-curso-2020-21","status":"publish","type":"post","link":"https:\/\/edublog.educastur.es\/unamusicadecine\/2020\/11\/03\/trabajos-con-la-herramienta-wix-curso-2020-21\/","title":{"rendered":"Trabajos con la herramienta Wix. Curso 2020-21."},"content":{"rendered":"<p><img loading=\"lazy\" decoding=\"async\" class=\"alignnone size-medium aligncenter\" src=\"https:\/\/i1.wp.com\/www.oldskull.net\/wp-content\/uploads\/2019\/05\/seo-batalla-wix.gif?resize=270%2C270&amp;quality=75&amp;ssl=1\" width=\"300\" height=\"188\" \/><\/p>\n<p align=\"justify\"><span style=\"font-family: arial, helvetica, sans-serif\">Aqu\u00ed aparecer\u00e1n todos los trabajos \u00a0que realic\u00e9is este curso con la herramienta digital <i>Wix.<\/i><\/span><\/p>\n<p><span style=\"font-family: arial, helvetica, sans-serif\">Para ver los trabajos solo ten\u00e9is que\u00a0<strong>pinchar en cada imagen<\/strong>. Enhorabuena a tod@s!!!<\/span><\/p>\n<p style=\"text-align: center\"><span style=\"color: #ff0000\"><b><u>Mi cantante o grupo preferido<\/u><\/b><\/span><\/p>\n<p><img loading=\"lazy\" decoding=\"async\" class=\"aligncenter\" src=\"http:\/\/cdn.thinglink.me\/api\/image\/1046120315505082370\/1024\/10\/scaletowidth\" width=\"269\" height=\"269\" \/>Aqu\u00ed aparecer\u00e1n los trabajos\u00a0 sobre los cantantes o grupos de m\u00fasica popular urbana que m\u00e1s gusten a l@s alumn@s.<\/p>\n<ul>\n<li><span style=\"color: #0000ff\"><strong>TRABAJOS ALUMNADO 1\u00ba ESO<\/strong><\/span><\/li>\n<\/ul>\n<p><span style=\"color: #0000ff\"><strong>-Beret. Autor: Adri\u00e1n Fern\u00e1ndez. 1\u00baB.<\/strong><\/span><\/p>\n<p><a href=\"https:\/\/adrianfdelriego.wixsite.com\/beret\"><img loading=\"lazy\" decoding=\"async\" class=\"alignnone \" src=\"https:\/\/cdn.wegow.com\/media\/artist-media\/beret\/beret-1570614657.-1x1780.jpg\" width=\"632\" height=\"420\" \/><\/a><\/p>\n<p><span style=\"font-family: arial, helvetica, sans-serif;color: #0000ff\"><strong>&#8211; Pablo Albor\u00e1n. Autor: Adri\u00e1n Fern\u00e1ndez. 1\u00ba B.<\/strong><\/span><\/p>\n<p><a href=\"https:\/\/nataliariego1.wixsite.com\/pabloalboran\"><img loading=\"lazy\" decoding=\"async\" class=\"alignnone size-thumbnail\" src=\"https:\/\/static1-sevilla.abc.es\/Media\/201509\/26\/pablo-alboran-disco--644x362.jpg\" width=\"644\" height=\"362\" \/><\/a><\/p>\n<p><img loading=\"lazy\" decoding=\"async\" class=\"alignnone wp-image-906\" src=\"http:\/\/edublog.educastur.es\/unamusicadecine\/files\/2020\/10\/FEA0A37E-22AB-4001-9B7F-1FEC4A968ECF-300x300.jpeg\" alt=\"\" width=\"256\" height=\"256\" \/><\/p>\n","protected":false},"excerpt":{"rendered":"<p>Aqu\u00ed aparecer\u00e1n todos los trabajos \u00a0que realic\u00e9is este curso con la herramienta digital Wix. Para ver los trabajos solo ten\u00e9is que\u00a0pinchar en cada imagen. Enhorabuena a tod@s!!! Mi cantante o grupo preferido Aqu\u00ed aparecer\u00e1n los trabajos\u00a0 sobre los cantantes o grupos de m\u00fasica popular urbana que m\u00e1s gusten a l@s alumn@s. TRABAJOS ALUMNADO 1\u00ba ESO [&hellip;]<\/p>\n","protected":false},"author":334,"featured_media":0,"comment_status":"open","ping_status":"open","sticky":false,"template":"","format":"standard","meta":{"footnotes":""},"categories":[10],"tags":[],"class_list":["post-1364","post","type-post","status-publish","format-standard","hentry","category-nuestros-trabajos"],"_links":{"self":[{"href":"https:\/\/edublog.educastur.es\/unamusicadecine\/wp-json\/wp\/v2\/posts\/1364","targetHints":{"allow":["GET"]}}],"collection":[{"href":"https:\/\/edublog.educastur.es\/unamusicadecine\/wp-json\/wp\/v2\/posts"}],"about":[{"href":"https:\/\/edublog.educastur.es\/unamusicadecine\/wp-json\/wp\/v2\/types\/post"}],"author":[{"embeddable":true,"href":"https:\/\/edublog.educastur.es\/unamusicadecine\/wp-json\/wp\/v2\/users\/334"}],"replies":[{"embeddable":true,"href":"https:\/\/edublog.educastur.es\/unamusicadecine\/wp-json\/wp\/v2\/comments?post=1364"}],"version-history":[{"count":9,"href":"https:\/\/edublog.educastur.es\/unamusicadecine\/wp-json\/wp\/v2\/posts\/1364\/revisions"}],"predecessor-version":[{"id":3486,"href":"https:\/\/edublog.educastur.es\/unamusicadecine\/wp-json\/wp\/v2\/posts\/1364\/revisions\/3486"}],"wp:attachment":[{"href":"https:\/\/edublog.educastur.es\/unamusicadecine\/wp-json\/wp\/v2\/media?parent=1364"}],"wp:term":[{"taxonomy":"category","embeddable":true,"href":"https:\/\/edublog.educastur.es\/unamusicadecine\/wp-json\/wp\/v2\/categories?post=1364"},{"taxonomy":"post_tag","embeddable":true,"href":"https:\/\/edublog.educastur.es\/unamusicadecine\/wp-json\/wp\/v2\/tags?post=1364"}],"curies":[{"name":"wp","href":"https:\/\/api.w.org\/{rel}","templated":true}]}}