{"id":1687,"date":"2020-12-22T11:49:17","date_gmt":"2020-12-22T09:49:17","guid":{"rendered":"https:\/\/edublog.educastur.es\/unamusicadecine\/?p=1687"},"modified":"2024-01-08T19:53:13","modified_gmt":"2024-01-08T17:53:13","slug":"mi-ultima-banda-sonora-recomendada-del-ano","status":"publish","type":"post","link":"https:\/\/edublog.educastur.es\/unamusicadecine\/2020\/12\/22\/mi-ultima-banda-sonora-recomendada-del-ano\/","title":{"rendered":"Mi \u00faltima banda sonora recomendada del a\u00f1o."},"content":{"rendered":"<p style=\"text-align: justify\"><span style=\"font-family: arial, helvetica, sans-serif\"><img loading=\"lazy\" decoding=\"async\" class=\"alignnone wp-image-8240\" src=\"http:\/\/edublog.educastur.es\/unamusicadecine\/files\/2023\/12\/DA4FC863-E6B1-41FC-A9E0-AFF2BAB58757-150x150.png\" alt=\"\" width=\"231\" height=\"231\" srcset=\"https:\/\/edublog.educastur.es\/unamusicadecine\/files\/2023\/12\/DA4FC863-E6B1-41FC-A9E0-AFF2BAB58757-150x150.png 150w, https:\/\/edublog.educastur.es\/unamusicadecine\/files\/2023\/12\/DA4FC863-E6B1-41FC-A9E0-AFF2BAB58757-300x300.png 300w, https:\/\/edublog.educastur.es\/unamusicadecine\/files\/2023\/12\/DA4FC863-E6B1-41FC-A9E0-AFF2BAB58757-85x85.png 85w, https:\/\/edublog.educastur.es\/unamusicadecine\/files\/2023\/12\/DA4FC863-E6B1-41FC-A9E0-AFF2BAB58757.png 398w\" sizes=\"auto, (max-width: 231px) 100vw, 231px\" \/>\u00abBuceando\u00bb por internet me he encontrado con un estupendo v\u00eddeo (mi enhorabuena a su autor) que os recomiendo para estas navidades pand\u00e9micas.<\/span><\/p>\n<p style=\"text-align: justify\"><span style=\"font-family: arial, helvetica, sans-serif\">En la pel\u00edcula de <strong>\u201cLa Bella y la Bestia\u201d<\/strong> <strong>(1991),<\/strong><\/span><\/p>\n<p style=\"text-align: justify\"><span style=\"font-family: arial, helvetica, sans-serif\"><strong> <img loading=\"lazy\" decoding=\"async\" class=\"alignleft\" src=\"https:\/\/www.lostiempos.com\/sites\/default\/files\/media_imagen\/2016\/5\/10\/la-bella-y-la-bestia-logo.jpg\" width=\"231\" height=\"162\" \/> <\/strong><\/span><span style=\"font-family: arial, helvetica, sans-serif\">hay una escena en la que vemos a los simp\u00e1ticos <em>Lumi\u00e8re<\/em> y <em>Din-Don <img loading=\"lazy\" decoding=\"async\" class=\"alignright\" src=\"https:\/\/img.ecartelera.com\/noticias\/33500\/33531-m.jpg\" width=\"160\" height=\"160\" \/><\/em><\/span><span style=\"font-family: arial, helvetica, sans-serif\">coordinando al resto de personajes que atender\u00e1n a Bella durante su cena.\u00a0<\/span><\/p>\n<p style=\"text-align: justify\"><span style=\"font-family: arial, helvetica, sans-serif\">Es el propio Lumi\u00e8re el encargado de \u00abcantarle\u00bb a la invitada el men\u00fa elegido previamente por la Se\u00f1ora Pott.<\/span><\/p>\n<p style=\"text-align: justify\"><span style=\"font-family: arial, helvetica, sans-serif\">Pero en la \u00abversi\u00f3n COVID\u00bb de este cl\u00e1sico de Disney, no es el men\u00fa lo que se relata, sino las normas sanitarias que debemos seguir para cenar con tranquilidad y evitar as\u00ed contagiarnos.<\/span><\/p>\n<p style=\"text-align: justify\"><span style=\"font-family: arial, helvetica, sans-serif\">Me parece una manera alegre y simp\u00e1tica de se\u00f1alar la importancia de mantener el \u201cdistanciamiento\u201d porque si no luego \u201ctendr\u00e1s confinamiento\u201d. <\/span><span style=\"font-family: arial, helvetica, sans-serif\">Recuerda tambi\u00e9n la necesidad de que haya buena ventilaci\u00f3n en el lugar de nuestra cena para que se renueve el aire.\u00a0<\/span><\/p>\n<p><span style=\"font-family: arial, helvetica, sans-serif\">Se pide \u201ccuidad\u00edn en el fest\u00edn\u201d recordando \u201cque el virus sigue aqu\u00ed\u201d; y ante todo, la prevenci\u00f3n para que pasemos estas fechas sin correr peligro.<\/span><span style=\"font-family: arial, helvetica, sans-serif\"> \u00a0\u00a0 \u00a0\u00a0 <\/span><\/p>\n<p style=\"text-align: justify\"><span style=\"font-family: arial, helvetica, sans-serif\">L<\/span><span style=\"font-family: arial, helvetica, sans-serif\">a pel\u00edcula <strong>\u201cLa Bella y la Bestia\u201d<\/strong> cuenta con la magn\u00edfica banda sonora del gran <strong>Alan Menken, <\/strong>que gan\u00f3 dos \u00d3scar a <strong>Mejor banda sonora original y canci\u00f3n original<\/strong>.<\/span><em><br \/>\n<\/em><\/p>\n<p style=\"text-align: justify\"><img loading=\"lazy\" decoding=\"async\" class=\"size-medium aligncenter\" src=\"https:\/\/upload.wikimedia.org\/wikipedia\/commons\/thumb\/4\/4a\/Alan_Menken_2013_%28cropped%29.jpg\/220px-Alan_Menken_2013_%28cropped%29.jpg\" width=\"220\" height=\"286\" \/><\/p>\n<p style=\"text-align: justify\"><span style=\"font-family: arial, helvetica, sans-serif\">Aqu\u00ed os dejo el v\u00eddeo <em>\u00abCuidad\u00edn en el fest\u00edn\u00bb<\/em> con los simp\u00e1ticos Lumi\u00e8re y Din-Don a la cabeza, que nos da recomendaciones para cenar sin riesgos en Navidad.<br \/>\n<\/span><\/p>\n<p style=\"text-align: justify\">\n<!-- iframe plugin v.6.0 wordpress.org\/plugins\/iframe\/ -->\n<iframe loading=\"lazy\" width=\"560\" height=\"315\" src=\"https:\/\/www.youtube.com\/embed\/yjTYBi8WYhk\" scrolling=\"yes\" class=\"iframe-class\" frameborder=\"0\"><\/iframe>\n<\/p>\n<p style=\"text-align: justify\"><span style=\"font-family: arial, helvetica, sans-serif\">Espero que os haya gustado, y como veis, la m\u00fasica nos acompa\u00f1a en todas las ocasiones.<\/span><\/p>\n<p style=\"text-align: justify\"><span style=\"font-family: arial, helvetica, sans-serif\">Feliz Navidad a tod@s !!!!!!!<\/span><\/p>\n<p style=\"text-align: justify\"><img loading=\"lazy\" decoding=\"async\" class=\"alignnone  wp-image-8158\" src=\"http:\/\/edublog.educastur.es\/unamusicadecine\/files\/2023\/12\/1238c64a-b432-4a96-a219-ad5d687b0e9c-150x150.jpeg\" alt=\"\" width=\"179\" height=\"179\" srcset=\"https:\/\/edublog.educastur.es\/unamusicadecine\/files\/2023\/12\/1238c64a-b432-4a96-a219-ad5d687b0e9c-150x150.jpeg 150w, https:\/\/edublog.educastur.es\/unamusicadecine\/files\/2023\/12\/1238c64a-b432-4a96-a219-ad5d687b0e9c-300x300.jpeg 300w, https:\/\/edublog.educastur.es\/unamusicadecine\/files\/2023\/12\/1238c64a-b432-4a96-a219-ad5d687b0e9c-768x768.jpeg 768w, https:\/\/edublog.educastur.es\/unamusicadecine\/files\/2023\/12\/1238c64a-b432-4a96-a219-ad5d687b0e9c-85x85.jpeg 85w, https:\/\/edublog.educastur.es\/unamusicadecine\/files\/2023\/12\/1238c64a-b432-4a96-a219-ad5d687b0e9c-1000x1000.jpeg 1000w, https:\/\/edublog.educastur.es\/unamusicadecine\/files\/2023\/12\/1238c64a-b432-4a96-a219-ad5d687b0e9c.jpeg 1024w\" sizes=\"auto, (max-width: 179px) 100vw, 179px\" \/><\/p>\n","protected":false},"excerpt":{"rendered":"<p>\u00abBuceando\u00bb por internet me he encontrado con un estupendo v\u00eddeo (mi enhorabuena a su autor) que os recomiendo para estas navidades pand\u00e9micas. En la pel\u00edcula de \u201cLa Bella y la Bestia\u201d (1991), hay una escena en la que vemos a los simp\u00e1ticos Lumi\u00e8re y Din-Don coordinando al resto de personajes que atender\u00e1n a Bella durante [&hellip;]<\/p>\n","protected":false},"author":334,"featured_media":0,"comment_status":"open","ping_status":"open","sticky":false,"template":"","format":"standard","meta":{"footnotes":""},"categories":[31],"tags":[],"class_list":["post-1687","post","type-post","status-publish","format-standard","hentry","category-mi-banda-sonora-recomendada"],"_links":{"self":[{"href":"https:\/\/edublog.educastur.es\/unamusicadecine\/wp-json\/wp\/v2\/posts\/1687","targetHints":{"allow":["GET"]}}],"collection":[{"href":"https:\/\/edublog.educastur.es\/unamusicadecine\/wp-json\/wp\/v2\/posts"}],"about":[{"href":"https:\/\/edublog.educastur.es\/unamusicadecine\/wp-json\/wp\/v2\/types\/post"}],"author":[{"embeddable":true,"href":"https:\/\/edublog.educastur.es\/unamusicadecine\/wp-json\/wp\/v2\/users\/334"}],"replies":[{"embeddable":true,"href":"https:\/\/edublog.educastur.es\/unamusicadecine\/wp-json\/wp\/v2\/comments?post=1687"}],"version-history":[{"count":37,"href":"https:\/\/edublog.educastur.es\/unamusicadecine\/wp-json\/wp\/v2\/posts\/1687\/revisions"}],"predecessor-version":[{"id":8298,"href":"https:\/\/edublog.educastur.es\/unamusicadecine\/wp-json\/wp\/v2\/posts\/1687\/revisions\/8298"}],"wp:attachment":[{"href":"https:\/\/edublog.educastur.es\/unamusicadecine\/wp-json\/wp\/v2\/media?parent=1687"}],"wp:term":[{"taxonomy":"category","embeddable":true,"href":"https:\/\/edublog.educastur.es\/unamusicadecine\/wp-json\/wp\/v2\/categories?post=1687"},{"taxonomy":"post_tag","embeddable":true,"href":"https:\/\/edublog.educastur.es\/unamusicadecine\/wp-json\/wp\/v2\/tags?post=1687"}],"curies":[{"name":"wp","href":"https:\/\/api.w.org\/{rel}","templated":true}]}}