{"id":234,"date":"2020-10-13T08:39:54","date_gmt":"2020-10-13T06:39:54","guid":{"rendered":"https:\/\/edublog.educastur.es\/unamusicadecine\/?p=234"},"modified":"2022-01-10T21:07:35","modified_gmt":"2022-01-10T19:07:35","slug":"canciones-para-superar-una-pandemia-contamos-nuestra-experiencia","status":"publish","type":"post","link":"https:\/\/edublog.educastur.es\/unamusicadecine\/2020\/10\/13\/canciones-para-superar-una-pandemia-contamos-nuestra-experiencia\/","title":{"rendered":"\u201cCanciones para superar una pandemia\u201d. Contamos nuestra experiencia."},"content":{"rendered":"<div data-wp-editing=\"1\"><img loading=\"lazy\" decoding=\"async\" class=\"aligncenter size-medium\" src=\"https:\/\/www.zonadeobras.com\/wp-content\/uploads\/2019\/12\/poder-cuadrada.jpg\" width=\"350\" height=\"350\" \/><\/div>\n<div data-wp-editing=\"1\"><\/div>\n<div class=\"paragraph\" style=\"text-align: justify\" data-wp-editing=\"1\"><span style=\"font-family: arial, helvetica, sans-serif\">En\u00a0abril del curso pasado publiqu\u00e9 un post donde aparec\u00edan las canciones que os hab\u00edan acompa\u00f1ado durante la situaci\u00f3n pand\u00e9mica del momento.<\/span><\/div>\n<div data-wp-editing=\"1\"><\/div>\n<div class=\"paragraph\" style=\"text-align: justify\" data-wp-editing=\"1\"><span style=\"font-family: arial, helvetica, sans-serif\">La idea de este nuevo post, es empezar el curso recordando esa m\u00fasica que os ha servido como terapia durante el confinamiento compartiendo vuestras experiencias personales.<\/span><\/div>\n<div data-wp-editing=\"1\"><\/div>\n<div class=\"paragraph\" style=\"text-align: justify\" data-wp-editing=\"1\"><span style=\"font-family: arial, helvetica, sans-serif\">Jam\u00e1s me cansar\u00e9 de hablar del<b> poder de la m\u00fasica<\/b>, <img loading=\"lazy\" decoding=\"async\" class=\"aligncenter\" src=\"https:\/\/lamenteesmaravillosa.com\/wp-content\/uploads\/cursos\/\/mujer-musica.jpg\" alt=\"\" width=\"300\" height=\"300\" \/>y gracias a ella (en los meses de pandemia) hemos podido relajarnos, so\u00f1ar y sobrellevar mejor el sufrimiento que produc\u00eda la p\u00e9rdida de tantas vidas.\u00a0<\/span><\/div>\n<div class=\"paragraph\" style=\"text-align: center\" data-wp-editing=\"1\"><strong><span style=\"font-family: arial, helvetica, sans-serif\"><span style=\"color: #ff0000\">ACTIVIDAD\u00a0 <img loading=\"lazy\" decoding=\"async\" class=\"alignnone size-thumbnail wp-image-4192\" src=\"http:\/\/edublog.educastur.es\/unamusicadecine\/files\/2021\/09\/avatar-150x150.jpeg\" alt=\"\" width=\"150\" height=\"150\" \/><\/span><\/span><\/strong><\/div>\n<ul style=\"list-style-type: disc\">\n<li style=\"text-align: justify\"><span style=\"font-family: arial, helvetica, sans-serif\"><b>Cuenta a trav\u00e9s de una peque\u00f1a redacci\u00f3n tu experiencia con la m\u00fasica durante el confinamiento, por ejemplo, en que te ayud\u00f3, cuando escuchabas m\u00fasica,&#8230; puedes agregar a la redacci\u00f3n im\u00e1genes o cualquier otro material.<\/b><\/span><\/li>\n<li style=\"text-align: justify\"><b><span style=\"font-family: arial, helvetica, sans-serif\">Copia la url de un v\u00eddeo de Youtube con la canci\u00f3n, cantante, estilo, etc. que m\u00e1s has escuchado o que has descubierto durante el confinamiento.\u00a0<\/span><br \/>\n<\/b><\/li>\n<\/ul>\n<p><img loading=\"lazy\" decoding=\"async\" class=\"alignnone size-thumbnail wp-image-213\" src=\"http:\/\/edublog.educastur.es\/unamusicadecine\/files\/2020\/09\/BEF21AB2-2011-46A0-A69E-ACD8B5AE62E8-150x150.jpeg\" alt=\"\" width=\"200\" height=\"200\" \/><\/p>\n<hr \/>\n<div>\n<div class=\"wsite-image wsite-image-border-none \"><\/div>\n<\/div>\n","protected":false},"excerpt":{"rendered":"<p>En\u00a0abril del curso pasado publiqu\u00e9 un post donde aparec\u00edan las canciones que os hab\u00edan acompa\u00f1ado durante la situaci\u00f3n pand\u00e9mica del momento. La idea de este nuevo post, es empezar el curso recordando esa m\u00fasica que os ha servido como terapia durante el confinamiento compartiendo vuestras experiencias personales. Jam\u00e1s me cansar\u00e9 de hablar del poder de [&hellip;]<\/p>\n","protected":false},"author":334,"featured_media":0,"comment_status":"open","ping_status":"open","sticky":false,"template":"","format":"standard","meta":{"footnotes":""},"categories":[2],"tags":[],"class_list":["post-234","post","type-post","status-publish","format-standard","hentry","category-ultimas-noticias"],"_links":{"self":[{"href":"https:\/\/edublog.educastur.es\/unamusicadecine\/wp-json\/wp\/v2\/posts\/234","targetHints":{"allow":["GET"]}}],"collection":[{"href":"https:\/\/edublog.educastur.es\/unamusicadecine\/wp-json\/wp\/v2\/posts"}],"about":[{"href":"https:\/\/edublog.educastur.es\/unamusicadecine\/wp-json\/wp\/v2\/types\/post"}],"author":[{"embeddable":true,"href":"https:\/\/edublog.educastur.es\/unamusicadecine\/wp-json\/wp\/v2\/users\/334"}],"replies":[{"embeddable":true,"href":"https:\/\/edublog.educastur.es\/unamusicadecine\/wp-json\/wp\/v2\/comments?post=234"}],"version-history":[{"count":23,"href":"https:\/\/edublog.educastur.es\/unamusicadecine\/wp-json\/wp\/v2\/posts\/234\/revisions"}],"predecessor-version":[{"id":5738,"href":"https:\/\/edublog.educastur.es\/unamusicadecine\/wp-json\/wp\/v2\/posts\/234\/revisions\/5738"}],"wp:attachment":[{"href":"https:\/\/edublog.educastur.es\/unamusicadecine\/wp-json\/wp\/v2\/media?parent=234"}],"wp:term":[{"taxonomy":"category","embeddable":true,"href":"https:\/\/edublog.educastur.es\/unamusicadecine\/wp-json\/wp\/v2\/categories?post=234"},{"taxonomy":"post_tag","embeddable":true,"href":"https:\/\/edublog.educastur.es\/unamusicadecine\/wp-json\/wp\/v2\/tags?post=234"}],"curies":[{"name":"wp","href":"https:\/\/api.w.org\/{rel}","templated":true}]}}