{"id":2578,"date":"2021-04-12T09:24:40","date_gmt":"2021-04-12T07:24:40","guid":{"rendered":"https:\/\/edublog.educastur.es\/unamusicadecine\/?p=2578"},"modified":"2021-04-12T09:24:40","modified_gmt":"2021-04-12T07:24:40","slug":"los-descendientes-otro-exito-del-genial-kenny-ortega","status":"publish","type":"post","link":"https:\/\/edublog.educastur.es\/unamusicadecine\/2021\/04\/12\/los-descendientes-otro-exito-del-genial-kenny-ortega\/","title":{"rendered":"Los Descendientes &#8230; otro \u00e9xito del genial Kenny Ortega."},"content":{"rendered":"<p style=\"text-align: justify\"><span style=\"font-family: arial, helvetica, sans-serif\"><img loading=\"lazy\" decoding=\"async\" class=\"alignnone size-thumbnail\" src=\"https:\/\/i.pinimg.com\/originals\/7f\/e5\/a5\/7fe5a567033b614f1440e9a284ce9aeb.jpg\" width=\"1080\" height=\"1349\" \/>Despu\u00e9s de ver vuestros comentarios en el blog y comprobar que esta saga es muy popular entre los adolescentes, me he decidido a hacer este post dedicado a los alumnos y alumnas de 1\u00ba de ESO, espero que os guste.<\/span><\/p>\n<p style=\"text-align: justify\"><span style=\"font-family: arial, helvetica, sans-serif\">El director y core\u00f3grafo <b>Kenny<\/b><strong> Ortega<img loading=\"lazy\" decoding=\"async\" class=\"size-thumbnail alignright\" src=\"https:\/\/www.laughingplace.com\/w\/wp-content\/uploads\/2019\/07\/kenny-ortega-receives-hollywood-walk-of-fame-star-remembers-cameron-boyce-in-speech.jpeg\" width=\"200\" height=\"301\" \/><\/strong>\u00a0(conocido por dirigir la exitosa trilog\u00eda \u201c<strong>High School Musical\u201d<\/strong>)\u00a0vuelve a ponerse tras las c\u00e1maras y su toque personal est\u00e1 presente durante todo el metraje. <b>Ortega\u00a0<\/b>convierte esta f\u00e1bula en un espect\u00e1culo musical lleno de encanto, ritmo y mucha personalidad.<\/span><\/p>\n<p style=\"text-align: justify\"><span style=\"font-family: arial, helvetica, sans-serif\">La\u00a0saga de \u201c<b>Los<\/b>\u00a0<strong>Descendientes\u201d <\/strong>se compone de tres pel\u00edculas.<\/span><\/p>\n<p style=\"text-align: justify\"><span style=\"font-family: arial, helvetica, sans-serif\"><img loading=\"lazy\" decoding=\"async\" class=\"size-thumbnail alignleft\" src=\"https:\/\/i.pinimg.com\/474x\/c7\/1b\/62\/c71b622e9c3c8f651ccf0f91919b37ba.jpg\" width=\"300\" height=\"210\" \/>El \u00a0estreno de la primera fue en 2015 y la historia de los hijos adolescentes de los villanos m\u00e1s famosos de <strong>Disney<\/strong>\u00a0cautiv\u00f3 a los fans.\u00a0<\/span><\/p>\n<p>&nbsp;<\/p>\n<p>&nbsp;<\/p>\n<p style=\"text-align: justify\"><span style=\"font-family: arial, helvetica, sans-serif\"><img loading=\"lazy\" decoding=\"async\" class=\"size-thumbnail alignleft\" src=\"https:\/\/i.pinimg.com\/originals\/fe\/da\/40\/feda404f33a2516e889f83a151988797.jpg\" width=\"300\" height=\"186\" \/><\/span><\/p>\n<p style=\"text-align: justify\"><span style=\"font-family: arial, helvetica, sans-serif\">La segunda entrega de la franquicia, lleg\u00f3 en julio de 2017 y continuar\u00eda con el \u00e9xito anterior.<\/span><\/p>\n<p>&nbsp;<\/p>\n<p>&nbsp;<\/p>\n<p style=\"text-align: justify\"><span style=\"font-family: arial, helvetica, sans-serif\"><img loading=\"lazy\" decoding=\"async\" class=\"size-thumbnail alignleft\" src=\"https:\/\/i.ytimg.com\/vi\/r67gy50niIk\/maxresdefault.jpg\" width=\"300\" height=\"169\" \/>Con la tercera, lanzada en agosto del 2019, alcanz\u00f3 casi 20 millones de espectadores en total.<\/span><\/p>\n<p>&nbsp;<\/p>\n<p>&nbsp;<\/p>\n<p style=\"text-align: justify\"><span style=\"font-family: arial, helvetica, sans-serif\"><b>\u201cLos Descendientes\u201d\u00a0<\/b>se convirti\u00f3 en la primera saga de <b>Disney Channel<\/b>, despu\u00e9s de <b>\u201c<\/b><strong>High School Musical\u201d<\/strong>, en contar con dos secuelas.<b><img loading=\"lazy\" decoding=\"async\" class=\"size-thumbnail alignleft\" src=\"https:\/\/prod.media.libero.pe\/1200x660\/libero\/imagen\/2020\/04\/15\/noticia-1586992648-high-school-musical-regresa.jpg\" width=\"250\" height=\"138\" \/><\/b><b><\/b><\/span><\/p>\n<p>&nbsp;<\/p>\n<p>&nbsp;<\/p>\n<p style=\"text-align: justify\"><span style=\"font-family: arial, helvetica, sans-serif\">La saga nos cuenta la historia de los hijos de los villanos Disney. <b>Bella y Bestia <\/b>tras su luna miel decidieron reunir a todos los personajes Disney en un \u00fanico reino,<br \/>\n<\/span><\/p>\n<p style=\"text-align: justify\"><span style=\"font-family: arial, helvetica, sans-serif\">el reino de <b>Auradon<\/b>, <img loading=\"lazy\" decoding=\"async\" class=\"size-thumbnail alignleft\" src=\"http:\/\/pm1.narvii.com\/6779\/86bf825d7e1bdfefcb08c03cdd2f1788f6c9507dv2_00.jpg\" width=\"200\" height=\"153\" \/>pero en cambio decidieron\u00a0condenar a todos los grandes villanos a ser recluidos en una isla, <\/span><span style=\"font-family: arial, helvetica, sans-serif\"><b>la Isla de los Perdidos<\/b>, <img loading=\"lazy\" decoding=\"async\" class=\"size-thumbnail alignright\" src=\"https:\/\/pm1.narvii.com\/6783\/00090744213a1a718d3a0404a11b720675f0c7a4v2_hq.jpg\" width=\"253\" height=\"143\" \/>\u00a0donde no podr\u00edan molestar ni hacer el mal.\u00a0<\/span><\/p>\n<p style=\"text-align: justify\"><span style=\"font-family: arial, helvetica, sans-serif\">Pero la situaci\u00f3n cambia cuando el hijo de Bella y Bestia, <b>Ben<\/b>, (<strong>Mitchell Hope<\/strong>) <img loading=\"lazy\" decoding=\"async\" class=\"size-thumbnail alignright\" src=\"https:\/\/i.pinimg.com\/originals\/48\/ae\/2c\/48ae2cb4b1c3db78422bc9a153de4588.jpg\" width=\"150\" height=\"150\" \/>\u00a0hereda la corona y decide dar una oportunidad a los hijos de los villanos, a quienes considera que no deben de ser malos \u00fanicamente por el hecho de que sus padres lo sean.<\/span><\/p>\n<p style=\"text-align: justify\"><span style=\"font-family: arial, helvetica, sans-serif\"><img loading=\"lazy\" decoding=\"async\" class=\"size-thumbnail alignleft\" src=\"https:\/\/i.pinimg.com\/originals\/e4\/6c\/b3\/e46cb3c2d54fa03e9fef539e37dfac9d.jpg\" width=\"300\" height=\"178\" \/>A partir de aqu\u00ed se nos presentan a los personajes principales:\u00a0<b>Mal<\/b>, (<strong>Dove Cameron<\/strong>) la hija de\u00a0<b>Mal\u00e9fica<\/b>; <b>Jay<\/b>, (<strong>Booboo Stewart<\/strong>) el hijo de <b>Jafar<\/b>; <b>Carlos<\/b>, (<strong>Cameron Boyce<\/strong>) el hijo de <b>Cruella de Vil <\/b>y <b>Evie<\/b>, (<strong>Sofia \u00a0Carson<\/strong>)\u00a0hija de <b>la reina malvada de Blancanieves<\/b>.<br \/>\nTodos ellos deber\u00e1n de tomar una decisi\u00f3n: seguir siendo malvados como sus padres o seguir su propio camino y decidir ser quienes realmente ellos quieran ser.<\/span><\/p>\n<p style=\"text-align: justify\"><span style=\"font-family: arial, helvetica, sans-serif\">La moraleja de la pel\u00edcula ser\u00eda \u201c<i>S\u00e9 t\u00fa mismo\u201d,\u00a0<\/i>un importante mensaje que va directo a su p\u00fablico.<\/span><\/p>\n<p style=\"text-align: justify\"><span style=\"font-family: arial, helvetica, sans-serif\"><img loading=\"lazy\" decoding=\"async\" class=\"size-thumbnail alignright\" src=\"https:\/\/www.ecured.cu\/images\/9\/91\/Ybr12.jpg\" width=\"175\" height=\"200\" \/>En la parte musical tenemos de nuevo a <b>David Lawrence<\/b>.\u00a0Todo el desarrollo de la saga est\u00e1 lleno de grandes momentos musicales, canciones muy pegadizas, bailes de infarto, y todo bajo el mismo tono y encanto del que dispon\u00eda <b>\u201cHigh School Musical\u201d<\/b>.<\/span><\/p>\n<p style=\"text-align: justify\"><span style=\"font-family: arial, helvetica, sans-serif\"> <img loading=\"lazy\" decoding=\"async\" class=\"size-thumbnail aligncenter\" src=\"https:\/\/i.pinimg.com\/originals\/08\/59\/6c\/08596c8ef3e3735a780a99b0355d545c.jpg\" width=\"270\" height=\"191\" \/>Como siempre vamos a disfrutar con algunos de los mejores n\u00fameros musicales de esta popular saga.<\/span><\/p>\n<p style=\"text-align: justify\"><span style=\"font-family: arial, helvetica, sans-serif\"><b><span style=\"color: #ff0000\"><span class=\"caps\"><img loading=\"lazy\" decoding=\"async\" class=\"size-thumbnail alignleft\" src=\"https:\/\/i.pinimg.com\/originals\/9f\/a4\/98\/9fa498c3f14118ecfa5ecdbb132a5de8.jpg\" width=\"150\" height=\"150\" \/>Descendientes 1. Canci\u00f3n: \u201cROTTEN<\/span> TO <span class=\"caps\">THE<\/span> <\/span><span class=\"caps\"><span style=\"color: #ff0000\">CORE\u201d.<\/span>\u00a0<\/span><\/b>Se trata del primer n\u00famero musical de la saga\u00a0y es interpretada por <b>Dove Cameron<\/b>, <b>Sofia Carson<\/b>, <b>Cameron Boyce <\/b>y <b>Booboo<\/b> <b>Stewart<\/b>. El tema sirve para conocer a los protagonistas, <b>Mal<\/b>, <b>Evie<\/b>, <b>Carlos<\/b> y <b>Jay<\/b>, y su hogar, la Isla de los Perdidos.<\/span><\/p>\n<p style=\"text-align: justify\"><span style=\"font-family: arial, helvetica, sans-serif\">\n<!-- iframe plugin v.6.0 wordpress.org\/plugins\/iframe\/ -->\n<iframe loading=\"lazy\" width=\"560\" height=\"315\" src=\"https:\/\/www.youtube.com\/embed\/zGlLe1w3DJM\" scrolling=\"yes\" class=\"iframe-class\" frameborder=\"0\"><\/iframe>\n<\/span><\/p>\n<p style=\"text-align: justify\"><span style=\"font-family: arial, helvetica, sans-serif\"><span style=\"color: #ff0000\"><b><span class=\"caps\"><img loading=\"lazy\" decoding=\"async\" class=\"size-thumbnail alignleft\" src=\"https:\/\/i.pinimg.com\/originals\/9f\/a4\/98\/9fa498c3f14118ecfa5ecdbb132a5de8.jpg\" width=\"150\" height=\"150\" \/><\/span>D<\/b><b>escendientes 1. Canci\u00f3n: \u201cIF ONLY\u201d. <\/b><span style=\"color: #333333\">Esta balada cantada por <\/span><b style=\"color: #333333\">Mal <\/b><span style=\"color: #333333\">(<\/span><b style=\"color: #333333\">Dove Cameron<\/b><span style=\"color: #333333\">),\u00a0<\/span><span style=\"color: #333333\">est\u00e1\u00a0llena de fuerza y se utiliza en un par de ocasiones.<\/span><\/span><\/span><\/p>\n<p style=\"text-align: justify\"><span style=\"font-family: arial, helvetica, sans-serif\">\n<!-- iframe plugin v.6.0 wordpress.org\/plugins\/iframe\/ -->\n<iframe loading=\"lazy\" width=\"560\" height=\"315\" src=\"https:\/\/www.youtube.com\/embed\/JFYedt-KnB0\" scrolling=\"yes\" class=\"iframe-class\" frameborder=\"0\"><\/iframe>\n<\/span><\/p>\n<p style=\"text-align: justify\"><span style=\"font-family: arial, helvetica, sans-serif\"><span style=\"color: #ff0000\"><b><span class=\"caps\"><img loading=\"lazy\" decoding=\"async\" class=\"size-thumbnail alignleft\" src=\"https:\/\/i.pinimg.com\/originals\/9f\/a4\/98\/9fa498c3f14118ecfa5ecdbb132a5de8.jpg\" width=\"150\" height=\"150\" \/><\/span>D<\/b><b>escendientes 1. Canci\u00f3n: \u201cEVIL LIKE ME\u201d.\u00a0<\/b><\/span>Cantada por <b>Mal\u00e9fica (Kristin Chenoweth)<\/b>,\u00a0que anima a <b>Mal\u00a0<\/b><b>(Dove Cameron)\u00a0<\/b>a ser malvada y promete que cuando ella robe la Maga m\u00e1gica del hada madrina, gobernar\u00e1 la tierra a su lado como madre e hija.<\/span><\/p>\n<p style=\"text-align: justify\"><span style=\"font-family: arial, helvetica, sans-serif\">\n<!-- iframe plugin v.6.0 wordpress.org\/plugins\/iframe\/ -->\n<iframe loading=\"lazy\" width=\"560\" height=\"315\" src=\"https:\/\/www.youtube.com\/embed\/PMFWFaSauVU\" scrolling=\"yes\" class=\"iframe-class\" frameborder=\"0\"><\/iframe>\n<\/span><\/p>\n<p style=\"text-align: justify\"><span style=\"font-family: arial, helvetica, sans-serif\"><span style=\"color: #ff0000\"><b> <span class=\"caps\"><img loading=\"lazy\" decoding=\"async\" class=\"size-thumbnail alignleft\" src=\"https:\/\/i.pinimg.com\/originals\/9f\/a4\/98\/9fa498c3f14118ecfa5ecdbb132a5de8.jpg\" width=\"150\" height=\"150\" \/><\/span>Descendientes 1. Canci\u00f3n: \u201cBE OUR GUEST\u201d.<\/b> <span style=\"color: #333333\">Versi\u00f3n hip hop del cl\u00e1sico de \u201cLa Bella y la Bestia\u201d que interpreta <\/span><b style=\"color: #333333\">Mitchell Hope<\/b><span style=\"color: #333333\"> (<\/span><b style=\"color: #333333\">Ben<\/b><span style=\"color: #333333\">, hijo de Bella y Bestia) \u00a0para dar la bienvenida a los nuevos estudiantes del reino en el d\u00eda de la familia.<\/span><\/span><\/span><\/p>\n<p style=\"text-align: justify\"><span style=\"font-family: arial, helvetica, sans-serif\">\n<!-- iframe plugin v.6.0 wordpress.org\/plugins\/iframe\/ -->\n<iframe loading=\"lazy\" width=\"560\" height=\"315\" src=\"https:\/\/www.youtube.com\/embed\/hIKhoEIBSxU\" scrolling=\"yes\" class=\"iframe-class\" frameborder=\"0\"><\/iframe>\n<\/span><\/p>\n<p style=\"text-align: justify\"><span style=\"font-family: arial, helvetica, sans-serif\"><span style=\"color: #ff0000\"><b><span class=\"caps\"><img loading=\"lazy\" decoding=\"async\" class=\"size-thumbnail alignleft\" src=\"https:\/\/i.pinimg.com\/originals\/9f\/a4\/98\/9fa498c3f14118ecfa5ecdbb132a5de8.jpg\" width=\"150\" height=\"150\" \/>Descendientes 2. Canci\u00f3n: \u201cCHILLIN<\/span>\u2019 <span class=\"caps\">LIKE<\/span> A <span class=\"caps\">VILLAIN\u201d.\u00a0<\/span><\/b><\/span>La canci\u00f3n solista de <b>Sofia Carson <\/b>muestra a <b>Evie<\/b> trabajando con <b>Carlos<\/b> y <b>Jay<\/b> para hacer que <b>Ben<\/b> encaje en la Isla de los Perdidos y no llame la atenci\u00f3n de los villanos. La letra explica c\u00f3mo debe dejar de actuar como un rey y comenzar a actuar como un villano.<\/span><\/p>\n<p style=\"text-align: justify\"><span style=\"font-family: arial, helvetica, sans-serif\">\n<!-- iframe plugin v.6.0 wordpress.org\/plugins\/iframe\/ -->\n<iframe loading=\"lazy\" width=\"560\" height=\"315\" src=\"https:\/\/www.youtube.com\/embed\/tSDcbucrWmw\" scrolling=\"yes\" class=\"iframe-class\" frameborder=\"0\"><\/iframe>\n<\/span><\/p>\n<p style=\"text-align: justify\"><span style=\"font-family: arial, helvetica, sans-serif\"><span style=\"color: #ff0000\"><b><span class=\"caps\"><img loading=\"lazy\" decoding=\"async\" class=\"size-thumbnail alignleft\" src=\"https:\/\/i.pinimg.com\/originals\/9f\/a4\/98\/9fa498c3f14118ecfa5ecdbb132a5de8.jpg\" width=\"150\" height=\"150\" \/><\/span>Descendientes 2. Canci\u00f3n: \u201cIT\u2019S <span class=\"caps\">GOIN<\/span>\u2019 <span class=\"caps\">DOWN\u201d.\u00a0<\/span><\/b><\/span>Esta es una de las grandes peleas de la saga, en este caso la tripulaci\u00f3n de piratas de <b>Uma<\/b> se enfrenta al grupo de <b>Mal<\/b> para salvar a <b>Ben<\/b>. Mientras la hija de \u00darsula quiere la varita para derribar la barrera, <b>Ben<\/b> quiere que ella venga a Auradon y darle otra oportunidad.<\/span><\/p>\n<p style=\"text-align: justify\"><span style=\"font-family: arial, helvetica, sans-serif\">\n<!-- iframe plugin v.6.0 wordpress.org\/plugins\/iframe\/ -->\n<iframe loading=\"lazy\" width=\"560\" height=\"315\" src=\"https:\/\/www.youtube.com\/embed\/UvZt2n9PL80\" scrolling=\"yes\" class=\"iframe-class\" frameborder=\"0\"><\/iframe>\n<\/span><\/p>\n<p style=\"text-align: justify\"><span style=\"font-family: arial, helvetica, sans-serif\"><span style=\"color: #ff0000\"><b><span class=\"caps\"><img loading=\"lazy\" decoding=\"async\" class=\"size-thumbnail alignleft\" src=\"https:\/\/i.pinimg.com\/originals\/9f\/a4\/98\/9fa498c3f14118ecfa5ecdbb132a5de8.jpg\" width=\"150\" height=\"150\" \/><\/span>Descendientes 3. Canci\u00f3n: \u201c<span class=\"caps\">QUEEN<\/span> OF <span class=\"caps\">MEAN\u201d.\u00a0<\/span><\/b><\/span>Este es el tema que interpreta <b>Audrey<\/b> antes de convertirse en la villana de<b> \u201cDescendientes 3\u201d<\/b>. La letra refleja el odio que crece en su interior despu\u00e9s de perder a <b>Ben<\/b> y convertirse en Reina de Mal. Durante la canci\u00f3n, <b>Audrey<\/b> llega al Museo de Historia Cultural de Auradon y roba el cetro de <b>Mal\u00e9fica<\/b>.<\/span><\/p>\n<p style=\"text-align: justify\"><span style=\"font-family: arial, helvetica, sans-serif\">\n<!-- iframe plugin v.6.0 wordpress.org\/plugins\/iframe\/ -->\n<iframe loading=\"lazy\" width=\"560\" height=\"315\" src=\"https:\/\/www.youtube.com\/embed\/r9o1QS-itsU\" scrolling=\"yes\" class=\"iframe-class\" frameborder=\"0\"><\/iframe>\n<\/span><\/p>\n<p style=\"text-align: justify\"><span style=\"font-family: arial, helvetica, sans-serif\"><span style=\"color: #ff0000\"><b><span class=\"caps\"><img loading=\"lazy\" decoding=\"async\" class=\"size-thumbnail alignleft\" src=\"https:\/\/i.pinimg.com\/originals\/9f\/a4\/98\/9fa498c3f14118ecfa5ecdbb132a5de8.jpg\" width=\"150\" height=\"150\" \/>Descendientes 3. Canci\u00f3n: \u201cBREAK<\/span> <span class=\"caps\">THIS<\/span> <span class=\"caps\">DOWN\u201d.\u00a0<\/span><\/b><\/span>Para la coreograf\u00eda del tema final de la saga se necesitaron m\u00e1s de 100 personas. En el video la barrera entre Auradon y la Isla de los Perdidos se derriba para siempre y todo el elenco cantan y bailan juntos.<\/span><\/p>\n<p style=\"text-align: justify\"><span style=\"font-family: arial, helvetica, sans-serif\">\n<!-- iframe plugin v.6.0 wordpress.org\/plugins\/iframe\/ -->\n<iframe loading=\"lazy\" width=\"560\" height=\"315\" src=\"https:\/\/www.youtube.com\/embed\/6PiM60us7bQ\" scrolling=\"yes\" class=\"iframe-class\" frameborder=\"0\"><\/iframe>\n<\/span><\/p>\n<p style=\"text-align: center\"><span style=\"font-family: arial,helvetica,sans-serif\"><strong><span style=\"color: #0000ff\">ACTIVIDAD<\/span> <img loading=\"lazy\" decoding=\"async\" class=\"alignnone size-thumbnail wp-image-212\" src=\"http:\/\/edublog.educastur.es\/unamusicadecine\/files\/2020\/09\/1FD250D8-6481-446D-946D-4532A6E31764-150x150.jpeg\" alt=\"\" width=\"150\" height=\"150\" \/><\/strong><\/span><\/p>\n<ol style=\"text-align: center\">\n<li style=\"text-align: justify\"><span style=\"font-family: arial,helvetica,sans-serif\"><strong>\u00bfCu\u00e1ntas pel\u00edculas componen esta popular saga musical?<\/strong><\/span><\/li>\n<li style=\"text-align: justify\"><span style=\"font-family: arial,helvetica,sans-serif\"><strong>Fecha de estreno de cada una. <\/strong><\/span><\/li>\n<li style=\"text-align: justify\"><span style=\"font-family: arial,helvetica,sans-serif\"><strong>\u00bfQui\u00e9n es el director? \u00bfQu\u00e9 otra popular trilog\u00eda dirigi\u00f3?<\/strong><\/span><\/li>\n<li style=\"text-align: justify\"><span style=\"font-family: arial,helvetica,sans-serif\"><strong>\u00bfQui\u00e9n es el compositor de la banda sonora? \u00bfA qu\u00e9 otra popular trilog\u00eda le puso la m\u00fasica?<\/strong><\/span><\/li>\n<li style=\"text-align: justify\"><span style=\"font-family: arial,helvetica,sans-serif\"><strong>\u00bfCu\u00e1l es la historia que nos cuenta la pel\u00edcula? \u00bfCu\u00e1l es la moraleja? <\/strong><\/span><\/li>\n<li style=\"text-align: justify\"><span style=\"font-family: arial,helvetica,sans-serif\"><strong>Visiona los ocho n\u00fameros musicales que aparecen en el post y elige el que m\u00e1s te guste. Explica los sentimientos que te transmite el n\u00famero musical que has elegido.<\/strong><\/span><\/li>\n<li style=\"text-align: justify\"><strong><span style=\"font-family: arial,helvetica,sans-serif\">Explica lo que te ha aportado este post.<\/span><\/strong><\/li>\n<li style=\"text-align: justify\"><strong><span style=\"font-family: arial,helvetica,sans-serif\">Se\u00f1ala la pr\u00f3xima actividad de investigaci\u00f3n que te gustar\u00eda hacer.<\/span><\/strong><\/li>\n<li style=\"text-align: justify\"><strong><span style=\"font-family: arial,helvetica,sans-serif\">En el buz\u00f3n de sugerencias puedes hacer una aportaci\u00f3n al blog.<\/span><\/strong><\/li>\n<\/ol>\n<p style=\"text-align: justify\"><strong><span style=\"font-family: arial,helvetica,sans-serif\">\u00a0\u00a0<\/span><br \/>\n<\/strong><\/p>\n","protected":false},"excerpt":{"rendered":"<p>Despu\u00e9s de ver vuestros comentarios en el blog y comprobar que esta saga es muy popular entre los adolescentes, me he decidido a hacer este post dedicado a los alumnos y alumnas de 1\u00ba de ESO, espero que os guste. El director y core\u00f3grafo Kenny Ortega\u00a0(conocido por dirigir la exitosa trilog\u00eda \u201cHigh School Musical\u201d)\u00a0vuelve a [&hellip;]<\/p>\n","protected":false},"author":334,"featured_media":0,"comment_status":"open","ping_status":"open","sticky":false,"template":"","format":"standard","meta":{"footnotes":""},"categories":[3,5],"tags":[],"class_list":["post-2578","post","type-post","status-publish","format-standard","hentry","category-comentamos-una-banda-sonora","category-grandes-musicales"],"_links":{"self":[{"href":"https:\/\/edublog.educastur.es\/unamusicadecine\/wp-json\/wp\/v2\/posts\/2578","targetHints":{"allow":["GET"]}}],"collection":[{"href":"https:\/\/edublog.educastur.es\/unamusicadecine\/wp-json\/wp\/v2\/posts"}],"about":[{"href":"https:\/\/edublog.educastur.es\/unamusicadecine\/wp-json\/wp\/v2\/types\/post"}],"author":[{"embeddable":true,"href":"https:\/\/edublog.educastur.es\/unamusicadecine\/wp-json\/wp\/v2\/users\/334"}],"replies":[{"embeddable":true,"href":"https:\/\/edublog.educastur.es\/unamusicadecine\/wp-json\/wp\/v2\/comments?post=2578"}],"version-history":[{"count":99,"href":"https:\/\/edublog.educastur.es\/unamusicadecine\/wp-json\/wp\/v2\/posts\/2578\/revisions"}],"predecessor-version":[{"id":3320,"href":"https:\/\/edublog.educastur.es\/unamusicadecine\/wp-json\/wp\/v2\/posts\/2578\/revisions\/3320"}],"wp:attachment":[{"href":"https:\/\/edublog.educastur.es\/unamusicadecine\/wp-json\/wp\/v2\/media?parent=2578"}],"wp:term":[{"taxonomy":"category","embeddable":true,"href":"https:\/\/edublog.educastur.es\/unamusicadecine\/wp-json\/wp\/v2\/categories?post=2578"},{"taxonomy":"post_tag","embeddable":true,"href":"https:\/\/edublog.educastur.es\/unamusicadecine\/wp-json\/wp\/v2\/tags?post=2578"}],"curies":[{"name":"wp","href":"https:\/\/api.w.org\/{rel}","templated":true}]}}