{"id":2668,"date":"2021-03-01T21:37:14","date_gmt":"2021-03-01T19:37:14","guid":{"rendered":"https:\/\/edublog.educastur.es\/unamusicadecine\/?p=2668"},"modified":"2021-03-04T13:24:42","modified_gmt":"2021-03-04T11:24:42","slug":"laura-pausini-triunfa-en-los-globos-de-oro","status":"publish","type":"post","link":"https:\/\/edublog.educastur.es\/unamusicadecine\/2021\/03\/01\/laura-pausini-triunfa-en-los-globos-de-oro\/","title":{"rendered":"Laura Pausini triunfa en los Globos de Oro."},"content":{"rendered":"<p><img loading=\"lazy\" decoding=\"async\" class=\"aligncenter\" src=\"https:\/\/s.libertaddigital.com\/2021\/03\/01\/1920\/1080\/fit\/laura-pausini-globo-oro.jpg\" width=\"867\" height=\"489\" \/><\/p>\n<p style=\"text-align: justify\"><span style=\"font-family: arial, helvetica, sans-serif\">Esta pasada noche de domingo 28 de febrero se celebr\u00f3 la esperada gala de los <i>Globos de Oro <\/i>2021, <img loading=\"lazy\" decoding=\"async\" class=\"alignright\" src=\"https:\/\/www.ecestaticos.com\/image\/clipping\/f2ff21e6f4a1d1bd416cbafde7afceb6\/la-estatuilla-de-los-globos-de-oro-cambia-en-2019-asi-es-y-asi-era-hasta-ahora.jpg\" width=\"281\" height=\"158\" \/>siendo la primera ceremonia telem\u00e1tica de la historia debido a la pandemia. Estos prestigiosos\u00a0galardones son concedidos por los 93 miembros de la Asociaci\u00f3n de la Prensa Extranjera de Hollywood en reconocimiento a la excelencia de profesionales en cine y televisi\u00f3n, tanto en los Estados Unidos como a nivel mundial.<\/span><\/p>\n<p class=\"paragraph\" style=\"text-align: justify\" data-gtm-element-container=\"modulo-texto-link\"><span style=\"font-family: arial, helvetica, sans-serif\"><img loading=\"lazy\" decoding=\"async\" class=\"alignleft\" src=\"https:\/\/pbs.twimg.com\/media\/EvXDMFbXYAIuih7.jpg\" width=\"358\" height=\"179\" \/> La cantante y estrella del pop italiana <b>Laura<\/b> Pausini, ha conseguido triunfar en estos prestigiosos galardones, llev\u00e1ndose el premio a la Mejor canci\u00f3n original con \u201c<i>Io seen<\/i>\u201d. <\/span><\/p>\n<p class=\"paragraph\" style=\"text-align: justify\" data-gtm-element-container=\"modulo-texto-link\"><span style=\"font-family: arial, helvetica, sans-serif\">La canci\u00f3n, que es el tema principal de la banda sonora de la pel\u00edcula<b> \u201cLa vida por delante\u201d<\/b>, <em><img loading=\"lazy\" decoding=\"async\" class=\"alignright\" src=\"https:\/\/pics.filmaffinity.com\/La_vida_por_delante-916636073-large.jpg\" width=\"238\" height=\"340\" \/><\/em>ha supuesto el regreso a la gran pantalla de la gran actriz <b>Sophia Loren<\/b>, que llevaba diez a\u00f1os alejada del mundo del cine.<\/span><\/p>\n<p class=\"paragraph\" style=\"text-align: justify\" data-gtm-element-container=\"modulo-texto-link\"><span style=\"font-family: arial, helvetica, sans-serif\"><img loading=\"lazy\" decoding=\"async\" class=\"alignnone\" src=\"https:\/\/tvandshow.files.wordpress.com\/2020\/02\/sofia-loren-cine-kzdf-620x34940abc.jpg\" width=\"288\" height=\"162\" \/><\/span><\/p>\n<p style=\"text-align: justify\" data-gtm-element-container=\"modulo-texto-link\"><span style=\"font-family: arial, helvetica, sans-serif\">La canci\u00f3n\u00a0ha sido escrita por <b>Pausini<\/b> junto a\u00a0<strong>Diane Warren <\/strong>y\u00a0<strong>Niccol\u00f2 Agliardi<\/strong>. La cantante se encarg\u00f3 de adaptar al italiano la letra creada por <strong>Warren<\/strong>. Adem\u00e1s de la versi\u00f3n original en su idioma natal, tambi\u00e9n grab\u00f3 versiones del sencillo en ingl\u00e9s (<strong>Seen<\/strong>), espa\u00f1ol (<strong>Yo s\u00ed<\/strong>), portugu\u00e9s (<strong>Eu sim<\/strong>) y franc\u00e9s (<strong>Moi si<\/strong>).<\/span><\/p>\n<p style=\"text-align: justify\" data-gtm-element-container=\"modulo-texto-link\"><span style=\"font-family: arial, helvetica, sans-serif\">La composici\u00f3n <strong>es una balada cl\u00e1sica<\/strong> que trata de reflejar el mensaje de aceptaci\u00f3n de la pel\u00edcula. <i>\u00abSi nadie te ve, yo s\u00ed\u00bb<\/i>, dicen sus versos.<\/span><\/p>\n<p style=\"text-align: justify\"><span style=\"font-family: arial, helvetica, sans-serif\">El v\u00eddeo de<i> \u201cIo seen\u201d <\/i>muestra a distintas mujeres cantando la canci\u00f3n, entre las que aparece la propia <strong>Pausini<\/strong> y <strong>Sophia Loren<\/strong>, la protagonista del largometraje. El clip fue dirigido por el hijo de la actriz, <strong>Edoardo Ponti<\/strong>, al igual que el film. <\/span><\/p>\n<p style=\"text-align: justify\"><span style=\"font-family: arial, helvetica, sans-serif\">\n<!-- iframe plugin v.6.0 wordpress.org\/plugins\/iframe\/ -->\n<iframe loading=\"lazy\" width=\"560\" height=\"315\" src=\"https:\/\/www.youtube.com\/embed\/imjSm7FNmwE\" scrolling=\"yes\" class=\"iframe-class\" frameborder=\"0\"><\/iframe>\n<\/span><\/p>\n<p style=\"text-align: justify\"><span style=\"font-family: arial, helvetica, sans-serif\"><strong><img loading=\"lazy\" decoding=\"async\" class=\"alignleft\" src=\"http:\/\/1.bp.blogspot.com\/-nBpkJJKuiRM\/U2VX-gQp2-I\/AAAAAAAAAps\/1451MQrlT4s\/s1600\/Sophia+Loren+Edoardo+Ponti+Shorts+Program+1Abcwb8bNuAl.jpg\" width=\"367\" height=\"266\" \/>\u00a0\u00abLa vida por delante\u00bb <\/strong>se estren\u00f3 en <strong>Netflix<\/strong> el 13 de noviembre de 2020. Cuenta la historia de <strong>Madame Rosa (Sophia Loren)<\/strong>, una superviviente del Holocausto que vive en la costa de Italia y que acoge en su casa a <strong>Momo (Ibrahima Gueye)<\/strong>, un ni\u00f1o senegal\u00e9s de 12 a\u00f1os que le hab\u00eda robado. <\/span><span style=\"font-family: arial, helvetica, sans-serif\"><strong>Edoardo Ponti<\/strong>, (en la imagen con su madre, <strong>Sophia Loren<\/strong>) es el director del filme.<\/span><\/p>\n<p style=\"text-align: justify\"><span style=\"font-family: arial, helvetica, sans-serif\"><strong>Laura Pausini<\/strong> acept\u00f3 su premio desde su casa en Italia <i>\u201c<\/i><\/span><span style=\"font-family: arial, helvetica, sans-serif\"><i>Me siento tan orgullosa&#8230; Much\u00edsimas gracias a la <strong>Asociaci\u00f3n de Prensa Extranjera de Hollywood<\/strong>. Tengo la piel de gallina\u00bb<\/i>, declar\u00f3. Mencion\u00f3 a los otros autores de la canci\u00f3n en su discurso y expres\u00f3 su agradecimiento al equipo responsable de \u00abconstruir este maravilloso proyecto\u00bb.<\/span><\/p>\n<p style=\"text-align: justify\"><span style=\"font-family: arial, helvetica, sans-serif\"><b>Pausini<\/b> es una cantante notablemente reconocida en Espa\u00f1a, tras su participaci\u00f3n en algunos realities como por ejemplo<b><i> \u201cLa Voz\u201d<\/i><\/b>. <img loading=\"lazy\" decoding=\"async\" class=\"alignleft\" src=\"https:\/\/pbs.twimg.com\/media\/EPdWXY7WoAMtRvI.jpg\" width=\"226\" height=\"283\" \/>Con\u00a0tan s\u00f3lo 19 a\u00f1os, la artista gan\u00f3 el prestigioso <i>Festival de<\/i> <i>San Remo<\/i>. <img loading=\"lazy\" decoding=\"async\" class=\"alignright\" src=\"https:\/\/www.cadenadial.com\/wp-content\/uploads\/2016\/08\/1993.png\" width=\"221\" height=\"221\" \/>Este triunfo le supuso el decidirse a dejar sus estudios y dedicarse de lleno a la m\u00fasica. Vivi\u00f3 y se cri\u00f3 en Solarolo en la casa de sus padres hasta antes de comenzar su carrera profesional, cuando se mud\u00f3 a Mil\u00e1n. Entre los premios m\u00e1s destacados, la artista ha sido galardonada con el <i>World Music Award y\u00a0<\/i>su voz se ha visto empastada con m\u00fasicos de la categor\u00eda de Pavarotti (en 1999 durante el encuentro organizado por el tenor <i>Pavarotti&amp;Friends), <\/i>entre otros<i>. <\/i><\/span><\/p>\n<p style=\"text-align: justify\"><span style=\"font-family: arial, helvetica, sans-serif\">Desde 1996 colabora con Unicef, organizaci\u00f3n para la que compuso una canci\u00f3n \u201c<i>Il mondo che vorrei\u201d<\/i>,\u00a0\u00a0 (El mundo que so\u00f1\u00e9).<\/span><\/p>\n<p><img loading=\"lazy\" decoding=\"async\" class=\"alignnone\" src=\"https:\/\/i.pinimg.com\/originals\/66\/fa\/5c\/66fa5cba2813c37e764d228d1bb0af43.jpg\" width=\"245\" height=\"322\" \/><\/p>\n\n<!-- iframe plugin v.6.0 wordpress.org\/plugins\/iframe\/ -->\n<iframe loading=\"lazy\" width=\"560\" height=\"315\" src=\"https:\/\/www.youtube.com\/embed\/hTGhD9jHx7Q\" scrolling=\"yes\" class=\"iframe-class\" frameborder=\"0\"><\/iframe>\n\n<p><span style=\"font-family: arial, helvetica, sans-serif\">Aqu\u00ed finaliza este post dedicado a una gran artista que ya cuenta con un merecido Globo de Oro para a\u00f1adir a su brillante carrera musical. Enhorabuena Laura!!!<\/span><\/p>\n<p><img loading=\"lazy\" decoding=\"async\" class=\"alignnone size-thumbnail\" src=\"https:\/\/img.europapress.es\/fotoweb\/fotonoticia_20210301092914_420.jpg\" width=\"420\" height=\"283\" \/><\/p>\n","protected":false},"excerpt":{"rendered":"<p>Esta pasada noche de domingo 28 de febrero se celebr\u00f3 la esperada gala de los Globos de Oro 2021, siendo la primera ceremonia telem\u00e1tica de la historia debido a la pandemia. Estos prestigiosos\u00a0galardones son concedidos por los 93 miembros de la Asociaci\u00f3n de la Prensa Extranjera de Hollywood en reconocimiento a la excelencia de profesionales [&hellip;]<\/p>\n","protected":false},"author":334,"featured_media":0,"comment_status":"open","ping_status":"open","sticky":false,"template":"","format":"standard","meta":{"footnotes":""},"categories":[13,2],"tags":[],"class_list":["post-2668","post","type-post","status-publish","format-standard","hentry","category-rockeros-poperos-musicos-en-el-cine","category-ultimas-noticias"],"_links":{"self":[{"href":"https:\/\/edublog.educastur.es\/unamusicadecine\/wp-json\/wp\/v2\/posts\/2668","targetHints":{"allow":["GET"]}}],"collection":[{"href":"https:\/\/edublog.educastur.es\/unamusicadecine\/wp-json\/wp\/v2\/posts"}],"about":[{"href":"https:\/\/edublog.educastur.es\/unamusicadecine\/wp-json\/wp\/v2\/types\/post"}],"author":[{"embeddable":true,"href":"https:\/\/edublog.educastur.es\/unamusicadecine\/wp-json\/wp\/v2\/users\/334"}],"replies":[{"embeddable":true,"href":"https:\/\/edublog.educastur.es\/unamusicadecine\/wp-json\/wp\/v2\/comments?post=2668"}],"version-history":[{"count":22,"href":"https:\/\/edublog.educastur.es\/unamusicadecine\/wp-json\/wp\/v2\/posts\/2668\/revisions"}],"predecessor-version":[{"id":2729,"href":"https:\/\/edublog.educastur.es\/unamusicadecine\/wp-json\/wp\/v2\/posts\/2668\/revisions\/2729"}],"wp:attachment":[{"href":"https:\/\/edublog.educastur.es\/unamusicadecine\/wp-json\/wp\/v2\/media?parent=2668"}],"wp:term":[{"taxonomy":"category","embeddable":true,"href":"https:\/\/edublog.educastur.es\/unamusicadecine\/wp-json\/wp\/v2\/categories?post=2668"},{"taxonomy":"post_tag","embeddable":true,"href":"https:\/\/edublog.educastur.es\/unamusicadecine\/wp-json\/wp\/v2\/tags?post=2668"}],"curies":[{"name":"wp","href":"https:\/\/api.w.org\/{rel}","templated":true}]}}