{"id":2923,"date":"2021-03-08T08:25:19","date_gmt":"2021-03-08T06:25:19","guid":{"rendered":"https:\/\/edublog.educastur.es\/unamusicadecine\/?p=2923"},"modified":"2026-02-25T20:48:10","modified_gmt":"2026-02-25T18:48:10","slug":"rozalen-triunfa-en-los-goya","status":"publish","type":"post","link":"https:\/\/edublog.educastur.es\/unamusicadecine\/2021\/03\/08\/rozalen-triunfa-en-los-goya\/","title":{"rendered":"Rozal\u00e9n&#8230; Goya a la mejor canci\u00f3n."},"content":{"rendered":"<p><img loading=\"lazy\" decoding=\"async\" src=\"https:\/\/mmedia.eluniversal.com\/19424\/hoy-se-celebra-el-dia-internacional-de-la-mujer-121820.jpg\" alt=\"\" width=\"500\" height=\"281\" \/><\/p>\n<p style=\"text-align: justify\"><img loading=\"lazy\" decoding=\"async\" class=\"size-thumbnail alignleft\" src=\"https:\/\/img2.rtve.es\/v\/5812078?w=1600&amp;preview=1615067339370.jpg\" width=\"220\" height=\"220\" \/>En el <em>D\u00eda Internacional de la Mujer<\/em> (8 de marzo) dedico este post a una gran mujer, una gran artista, <strong>Rozal\u00e9n<\/strong>.<\/p>\n<p style=\"text-align: justify\"><span style=\"font-family: arial, helvetica, sans-serif\">La 35\u00aa edici\u00f3n de <strong>los premios Goya<\/strong> (celebrada en la tarde-noche del 6 de marzo) ha estado marcada por las circunstancias de la pandemia, que han provocado que se celebre en un formato mixto con los nominados conectados desde sus casas y los entregadores sobre el escenario del teatro <i>Soho CaixaBank<\/i> de <b>M\u00e1laga<\/b>, pero ese contexto precisamente ha conseguido la gala m\u00e1s directa, concisa y emotiva que se recuerda.<\/span><\/p>\n<p><img loading=\"lazy\" decoding=\"async\" class=\" alignleft\" src=\"https:\/\/lh3.googleusercontent.com\/-Dv6-Qbft5MI\/YAXo9ZQ5w3I\/AAAAAAAAlqM\/C1pRvcnlxZ4cH3Qlo-g6GWnbVL0iI_nPgCNcBGAsYHQ\/image.png\" width=\"289\" height=\"186\" \/><\/p>\n<p style=\"text-align: justify\"><span style=\"font-family: arial, helvetica, sans-serif\">La cantante<strong> Rozal\u00e9n<\/strong>\u00a0y su canci\u00f3n <i>\u201cQue no, que no\u201d,<\/i> para la pel\u00edcula \u201d<b>La boda de Rosa\u201d <\/b>de<b> Ic\u00edar Bolla\u00edn<\/b>, han<b>\u00a0<\/b>levantado la estatuilla a Mejor canci\u00f3n original de <b>los Premios Goya 2021<\/b>.<\/span><\/p>\n<p class=\"article-main__description\" style=\"text-align: justify\"><span style=\"font-family: arial, helvetica, sans-serif\"><img loading=\"lazy\" decoding=\"async\" class=\" alignleft\" src=\"https:\/\/as01.epimg.net\/tikitakas\/imagenes\/2021\/03\/06\/portada\/1615066928_572795_1615067187_sumario_normal.jpg\" width=\"282\" height=\"175\" \/><\/span><\/p>\n<p class=\"article-main__description\" style=\"text-align: justify\"><span style=\"font-family: arial, helvetica, sans-serif\">Era la primera vez que la cantante debutaba en la fiesta del cine espa\u00f1ol superando a sus competidoras &#8216;<i>&#8216;Sababoo\u201d<\/i> de <b>Cherif Badua<\/b> y <b>Roque Ba\u00f1os<\/b> (<strong>\u201cAd\u00fa\u201d<\/strong>); \u201c<i>El verano que vivimos\u201d<\/i>, de <b>Alejandro Sanz <\/b>y <b>Alfonso P\u00e9rez Arias<\/b> (\u201c<b>El verano que vivimos<\/b>\u201d); y<i> \u201cLunas de papel\u201d,<\/i> de <b>Carlos Naya<\/b> (\u201c<b>Las ni\u00f1as<\/b>\u201d).<\/span><\/p>\n<p class=\"article-main__description\" style=\"text-align: justify\"><span style=\"font-family: arial, helvetica, sans-serif\"><strong>\u201cLa boda de Rosa\u201d<\/strong> de\u00a0la realizadora <strong>Ic\u00edar Bolla\u00edn<\/strong> (en la imagen) es una tierna comedia dram\u00e1tica que gira en torno a Rosa (<strong>Candela Pe\u00f1a<\/strong>). <img loading=\"lazy\" decoding=\"async\" class=\"alignleft\" src=\"https:\/\/img2.rtve.es\/a\/5623102?w=1600&amp;preview=1594550530810.jpg\" width=\"281\" height=\"158\" \/> A punto de cumplir los 45, nuestra protagonista se da cuenta de que ha vivido siempre para los dem\u00e1s y decide marcharse y dejarlo todo. Quiere tomar las riendas de su vida y cumplir el sue\u00f1o de tener un negocio propio. Pero pronto descubrir\u00e1 que su padre, sus hermanos y su hija tienen otros planes, y que cambiar de vida no es tan sencillo si no est\u00e1 en el guion familiar.<\/span><\/p>\n<p style=\"text-align: justify\"><span style=\"font-family: arial, helvetica, sans-serif\">La canci\u00f3n premiada <i>\u201cQue no, que no\u201d<\/i> que\u00a0<strong>Rozal\u00e9n<\/strong> ha compuesto e interpretado para la pel\u00edcula, es una cumbia cl\u00e1sica que alcanza una magia superior con la participaci\u00f3n musical en ella de la agrupaci\u00f3n mexicana\u00a0<strong>La Sonora Santanera<\/strong>. <img loading=\"lazy\" decoding=\"async\" class=\"alignleft\" src=\"https:\/\/media.metrolatam.com\/2020\/07\/15\/rozalenlasonoras-5221051c9d7c2ab4dc628122be4d96aa-1200x800.jpg\" width=\"288\" height=\"192\" \/>Un sonido con aires tropicales y ritmos latinos acompa\u00f1an a la albacete\u00f1a en una letra que pone el \u00abyo\u00bb por delante. Esta cumbia se resume en el siguiente mensaje: \u201c<em>Quien bien me quiere, lo va a comprender, yo no nac\u00ed solo para complacer. Y si no me sale del coraz\u00f3n, voy a aprender a decir que no; si quiero mejorar el mundo, primero voy a mimarme yo.<\/em>\u201d<\/span><\/p>\n<p style=\"text-align: justify\"><span style=\"font-family: arial, helvetica, sans-serif\">Vemos el videoclip con la canci\u00f3n donde se combinan escenas individuales de la artista con fragmentos extra\u00eddos directamente de <strong>\u00ab<\/strong><strong>La Boda de Rosa\u00bb<\/strong>.\u00a0Un trabajo visual lleno de colores que transmite sobre todo alegr\u00eda al comp\u00e1s de la melod\u00eda.<\/span><\/p>\n\n<!-- iframe plugin v.6.0 wordpress.org\/plugins\/iframe\/ -->\n<iframe loading=\"lazy\" width=\"560\" height=\"315\" src=\"https:\/\/www.youtube.com\/embed\/CsnTVgXFOn8\" scrolling=\"yes\" class=\"iframe-class\" frameborder=\"0\"><\/iframe>\n\n<p style=\"text-align: justify\"><span style=\"font-family: arial, helvetica, sans-serif\"><img loading=\"lazy\" decoding=\"async\" class=\" alignleft\" src=\"https:\/\/guitarrasbros.com\/public\/images\/1524766364_fm10c11f4_154312.jpg\" width=\"277\" height=\"156\" \/>Ahora vamos a conocer algo m\u00e1s de la artista.\u00a0Desde ni\u00f1a, <b>Mar\u00eda Rozal\u00e9n<\/b>\u00a0(<strong>Albacete<\/strong>, 1986) cantaba las canciones que le ense\u00f1aban su madre y su abuela, recitaba poes\u00eda y recib\u00eda sus primeras clases de baile. Desde los 7 a los 16 a\u00f1os toc\u00f3 la guitarra y la bandurria en la rondalla del barrio de F\u00e1tima en <strong>Albacete<\/strong>, al mismo tiempo que familiarizaba su voz con el micr\u00f3fono como cantante. A los 14 a\u00f1os empez\u00f3 a componer sus primeras canciones y a los 16 dio su primer concierto como cantautora.<\/span><\/p>\n<p style=\"text-align: justify\"><span style=\"font-family: arial, helvetica, sans-serif\"><strong>Rozal\u00e9n<\/strong>, es una de las principales voces de la canci\u00f3n de autor en Espa\u00f1a. Con cuatro trabajos editados, ha cautivado a p\u00fablico y cr\u00edtica.<\/span><\/p>\n<p style=\"text-align: justify\"><span style=\"font-family: arial, helvetica, sans-serif\"><img loading=\"lazy\" decoding=\"async\" class=\"alignleft\" src=\"https:\/\/www.womennow.es\/wp-content\/uploads\/sites\/16\/2020\/10\/rozalen-cantante-cancer-de-mama.jpg\" width=\"251\" height=\"176\" \/>La artista a trav\u00e9s de sus canciones refleja muchos de los problemas sociales con los que convivimos, de forma que su m\u00fasica va directamente al coraz\u00f3n y nos hace emocionarnos.<\/span><\/p>\n<p style=\"text-align: justify\"><span style=\"font-family: arial, helvetica, sans-serif\">Su sensibilidad especial no es casual, ya que, la cantautora es psic\u00f3loga de profesi\u00f3n y especializada en musicoterapia, uniendo as\u00ed sus dos mayores pasiones: la gente y la m\u00fasica.<\/span><\/p>\n<p style=\"text-align: justify\"><span style=\"font-family: arial, helvetica, sans-serif\">Con la inclusi\u00f3n por bandera, <img loading=\"lazy\" decoding=\"async\" class=\"size-thumbnail alignright\" src=\"https:\/\/e00-elmundo.uecdn.es\/assets\/multimedia\/imagenes\/2022\/08\/29\/16617693378695.jpg\" width=\"250\" height=\"145\" \/>una int\u00e9rprete de lengua de signos (<b>Beatriz<\/b> <b>Romero<\/b>) acompa\u00f1a a\u00a0<strong>Rozal\u00e9n<\/strong>\u00a0en cada uno de sus conciertos. Un gesto con el que consigue que sus mensajes lleguen tambi\u00e9n a aquellos que no la pueden escuchar.\u00a0<\/span><\/p>\n<p style=\"text-align: justify\"><span style=\"font-family: arial, helvetica, sans-serif\"><img loading=\"lazy\" decoding=\"async\" class=\"size-thumbnail alignleft\" src=\"https:\/\/m.media-amazon.com\/images\/I\/71xPQJKxhrL._SS500_.jpg\" width=\"250\" height=\"250\" \/>Finalizo este post en homenaje a esta artista con una de sus canciones, que ahora tiene m\u00e1s sentido que nunca, \u201c<em><strong>Vivir\u201d.\u00a0<\/strong><\/em>Un tema que te incita a dedicar tu tiempo a qui\u00e9n lo merece, a dar las gracias por cada d\u00eda, y a no perder el tiempo en odiar. Porque, nos toca vivir.\u00a0<\/span><\/p>\n\n<!-- iframe plugin v.6.0 wordpress.org\/plugins\/iframe\/ -->\n<iframe loading=\"lazy\" width=\"560\" height=\"315\" src=\"https:\/\/www.youtube.com\/embed\/iqHb7Wan98E\" scrolling=\"yes\" class=\"iframe-class\" frameborder=\"0\"><\/iframe>\n\n<p><span style=\"font-family: arial, helvetica, sans-serif\"><strong>Rozal\u00e9n<\/strong>\u00a0es una artista \u00fanica que se merece este premio y todos los que le vengan. Enhorabuena!!<\/span><\/p>\n<p>&nbsp;<\/p>\n","protected":false},"excerpt":{"rendered":"<p>En el D\u00eda Internacional de la Mujer (8 de marzo) dedico este post a una gran mujer, una gran artista, Rozal\u00e9n. La 35\u00aa edici\u00f3n de los premios Goya (celebrada en la tarde-noche del 6 de marzo) ha estado marcada por las circunstancias de la pandemia, que han provocado que se celebre en un formato mixto [&hellip;]<\/p>\n","protected":false},"author":334,"featured_media":0,"comment_status":"open","ping_status":"open","sticky":false,"template":"","format":"standard","meta":{"footnotes":""},"categories":[13,2],"tags":[],"class_list":["post-2923","post","type-post","status-publish","format-standard","hentry","category-rockeros-poperos-musicos-en-el-cine","category-ultimas-noticias"],"_links":{"self":[{"href":"https:\/\/edublog.educastur.es\/unamusicadecine\/wp-json\/wp\/v2\/posts\/2923","targetHints":{"allow":["GET"]}}],"collection":[{"href":"https:\/\/edublog.educastur.es\/unamusicadecine\/wp-json\/wp\/v2\/posts"}],"about":[{"href":"https:\/\/edublog.educastur.es\/unamusicadecine\/wp-json\/wp\/v2\/types\/post"}],"author":[{"embeddable":true,"href":"https:\/\/edublog.educastur.es\/unamusicadecine\/wp-json\/wp\/v2\/users\/334"}],"replies":[{"embeddable":true,"href":"https:\/\/edublog.educastur.es\/unamusicadecine\/wp-json\/wp\/v2\/comments?post=2923"}],"version-history":[{"count":93,"href":"https:\/\/edublog.educastur.es\/unamusicadecine\/wp-json\/wp\/v2\/posts\/2923\/revisions"}],"predecessor-version":[{"id":9263,"href":"https:\/\/edublog.educastur.es\/unamusicadecine\/wp-json\/wp\/v2\/posts\/2923\/revisions\/9263"}],"wp:attachment":[{"href":"https:\/\/edublog.educastur.es\/unamusicadecine\/wp-json\/wp\/v2\/media?parent=2923"}],"wp:term":[{"taxonomy":"category","embeddable":true,"href":"https:\/\/edublog.educastur.es\/unamusicadecine\/wp-json\/wp\/v2\/categories?post=2923"},{"taxonomy":"post_tag","embeddable":true,"href":"https:\/\/edublog.educastur.es\/unamusicadecine\/wp-json\/wp\/v2\/tags?post=2923"}],"curies":[{"name":"wp","href":"https:\/\/api.w.org\/{rel}","templated":true}]}}