{"id":3181,"date":"2021-03-18T20:12:40","date_gmt":"2021-03-18T18:12:40","guid":{"rendered":"https:\/\/edublog.educastur.es\/unamusicadecine\/?p=3181"},"modified":"2021-10-31T19:53:26","modified_gmt":"2021-10-31T17:53:26","slug":"homenaje-a-un-gran-maestro-y-compositor-anton-garcia-abril","status":"publish","type":"post","link":"https:\/\/edublog.educastur.es\/unamusicadecine\/2021\/03\/18\/homenaje-a-un-gran-maestro-y-compositor-anton-garcia-abril\/","title":{"rendered":"Homenaje a un gran maestro y compositor, Ant\u00f3n Garc\u00eda Abril."},"content":{"rendered":"<p><img loading=\"lazy\" decoding=\"async\" class=\"alignleft\" src=\"https:\/\/static1.elcorreo.com\/www\/multimedia\/202103\/17\/media\/cortadas\/anton-garcia1-kkFI-U130866009552wdE-624x385@RC.jpg\" width=\"400\" height=\"248\" \/><\/p>\n<p style=\"text-align: justify\"><span style=\"font-family: arial, helvetica, sans-serif\">El compositor del que hoy voy a hablar,\u00a0<strong>Ant\u00f3n Garc\u00eda Abril<\/strong>, probablemente no les \u00absonar\u00e1\u00bb a mis alumnos y alumnas, pero seguro que cuando lean este post, sus padres y sus abuelos sabr\u00e1n de qui\u00e9n hablo.<\/span><\/p>\n<p style=\"text-align: justify\"><span style=\"font-family: arial, helvetica, sans-serif\">El aragon\u00e9s<strong> Ant\u00f3n Garc\u00eda Abril (1933)<\/strong>, tristemente nos dejaba ayer mi\u00e9rcoles 17 de marzo por coronavirus. <\/span><\/p>\n<p style=\"text-align: justify\"><span style=\"font-family: arial, helvetica, sans-serif\"><img loading=\"lazy\" decoding=\"async\" class=\"alignright\" src=\"http:\/\/3.bp.blogspot.com\/-SowMojMRodY\/T4P84tw7cRI\/AAAAAAAAA08\/fCaDHlgPzbk\/s1600\/foto+montaje.jpg\" width=\"312\" height=\"312\" \/><\/span><\/p>\n<p style=\"text-align: justify\"><span style=\"font-family: arial, helvetica, sans-serif\">El compositor ha sido uno de los grandes\u00a0 autores de la m\u00fasica contempor\u00e1nea espa\u00f1ola, y ha realizado\u00a0 la banda sonora de m\u00e1s de 200 obras, entre pel\u00edculas, series de televisi\u00f3n y documentales.<\/span><\/p>\n<p style=\"text-align: justify\"><span style=\"font-family: arial, helvetica, sans-serif\">Aqu\u00ed empieza mi homenaje por la obra de este gran maestro.<\/span><\/p>\n<p style=\"text-align: justify\"><span style=\"font-family: arial, helvetica, sans-serif\">E<\/span><span style=\"font-family: arial, helvetica, sans-serif\">n 1989 compuso el <strong>Himno de Arag\u00f3n<\/strong>.<\/span><\/p>\n<p style=\"text-align: justify\"><span style=\"font-family: arial, helvetica, sans-serif\"> <strong><img loading=\"lazy\" decoding=\"async\" class=\"size-thumbnail alignnone\" src=\"https:\/\/image.slidesharecdn.com\/simbolos-090414144159-phpapp02\/95\/simbolos-de-aragon-3-728.jpg?cb=1239721124\" width=\"200\" height=\"150\" \/><\/strong><\/span><\/p>\n<p style=\"text-align: justify\"><span style=\"font-family: arial, helvetica, sans-serif\">Fue miembro de la <strong>Generaci\u00f3n del 51<\/strong> y uno de los fundadores del grupo Nueva M\u00fasica (1958).\u00a0<\/span><\/p>\n<p style=\"text-align: justify\"><span style=\"font-family: arial, helvetica, sans-serif\"> <img loading=\"lazy\" decoding=\"async\" class=\"alignleft\" src=\"https:\/\/www.aragonmusical.com\/wp-content\/uploads\/2021\/03\/anton-garcia-abril-en-los-15-premios-de-la-musica-aragonesa.jpg\" width=\"273\" height=\"137\" \/><\/span><\/p>\n<p style=\"text-align: justify\"><span style=\"font-family: arial, helvetica, sans-serif\">Entre la multitud de premios recibidos destacan el <strong>Premio Nacional de Teatro<\/strong> (1971), <\/span><strong style=\"font-family: arial, helvetica, sans-serif;text-align: justify\">Premio Nacional de Pedagog\u00eda e Investigaci\u00f3n Musical<\/strong><span style=\"font-family: arial, helvetica, sans-serif;text-align: justify\"> (1991), <\/span><strong style=\"font-family: arial, helvetica, sans-serif;text-align: justify\">Premio Nacional de M\u00fasica<\/strong><span style=\"font-family: arial, helvetica, sans-serif;text-align: justify\"> (1993), la <\/span><strong style=\"font-family: arial, helvetica, sans-serif;text-align: justify\">Medalla de las Artes y Ciencias Cinematogr\u00e1ficas<\/strong><span style=\"font-family: arial, helvetica, sans-serif;text-align: justify\"> (2014) o la <\/span><strong style=\"font-family: arial, helvetica, sans-serif;text-align: justify\">Medalla de Oro de las Bellas Artes<\/strong><span style=\"font-family: arial, helvetica, sans-serif;text-align: justify\"> (1998). Era acad\u00e9mico de la Real Academia de Bellas Artes de San Fernando de Madrid.<\/span><\/p>\n<p style=\"text-align: justify\"><span style=\"font-family: arial, helvetica, sans-serif\">Como siempre en nuestro blog, vamos a recordar algunas de sus m\u00edticas obras para cine y televisi\u00f3n.<\/span><\/p>\n<p style=\"text-align: justify\"><strong><span style=\"font-family: arial, helvetica, sans-serif\"><img loading=\"lazy\" decoding=\"async\" class=\"size-thumbnail alignleft\" src=\"https:\/\/images-na.ssl-images-amazon.com\/images\/I\/71b3KcY5XfL._SL1200_.jpg\" width=\"220\" height=\"220\" \/>\u00abEl hombre y la Tierra\u00bb (1974)<\/span><\/strong><span style=\"font-family: arial, helvetica, sans-serif\">. Serie televisiva documental de <strong>F\u00e9lix Rodr\u00edguez de la Fuente<\/strong>, que marc\u00f3 a generaciones de espa\u00f1oles, sobre la fauna en la pen\u00ednsula ib\u00e9rica y en algunos pa\u00edses americanos. <\/span><span style=\"font-family: arial, helvetica, sans-serif\">Sin duda \u00e9ste ha sido su trabajo m\u00e1s popular, todo un cl\u00e1sico de la m\u00fasica para televisi\u00f3n a nivel mundial. Despliegue musical de m\u00e1xima calidad y emotividad. <strong>Abril <\/strong>dec\u00eda sobre esta composici\u00f3n <\/span><em><span style=\"font-family: arial, helvetica, sans-serif\">\u00abEntend\u00ed que hab\u00eda que tratar musicalmente a los animales como seres humanos. Cada animal ten\u00eda su melod\u00eda. Fue un aprendizaje enorme\u201d.<\/span><\/em><\/p>\n\n<!-- iframe plugin v.6.0 wordpress.org\/plugins\/iframe\/ -->\n<iframe loading=\"lazy\" width=\"560\" height=\"315\" src=\"https:\/\/www.youtube.com\/embed\/EpgLSLH3QgM\" scrolling=\"yes\" class=\"iframe-class\" frameborder=\"0\"><\/iframe>\n\n<p>&nbsp;<\/p>\n<p style=\"text-align: justify\"><strong><span style=\"font-family: arial, helvetica, sans-serif\"><img loading=\"lazy\" decoding=\"async\" class=\"size-thumbnail alignleft\" src=\"https:\/\/pics.filmaffinity.com\/Curro_Jim_nez_Serie_de_TV-461205311-large.jpg\" width=\"200\" height=\"286\" \/>\u00abCurro Jim\u00e9nez\u00bb (1976)<\/span><\/strong><span style=\"font-family: arial, helvetica, sans-serif\">. Esta popular serie de televisi\u00f3n narraba las andanzas de un bandolero andaluz del siglo XIX en la Serran\u00eda de Ronda (Andaluc\u00eda). El magn\u00edfico tema principal de la serie es de <b>Waldo de los R\u00edos<\/b>, pero <b>Garc\u00eda Abril<\/b> compuso numerosas piezas incidentales, sobre todo para guitarra espa\u00f1ola, entre ellas la conocida popularmente <i>como \u201cDuelo de navajas\u201d<\/i>: drama, amenaza y poes\u00eda.<\/span><\/p>\n\n<!-- iframe plugin v.6.0 wordpress.org\/plugins\/iframe\/ -->\n<iframe loading=\"lazy\" width=\"560\" height=\"315\" src=\"https:\/\/www.youtube.com\/embed\/YPfn9T--aOA\" scrolling=\"yes\" class=\"iframe-class\" frameborder=\"0\"><\/iframe>\n\n<p style=\"text-align: justify\"><span style=\"font-family: arial, helvetica, sans-serif\"><strong><img loading=\"lazy\" decoding=\"async\" class=\"size-thumbnail alignleft\" src=\"https:\/\/i.kfs.io\/artist\/global\/2172214,0v2\/fit\/300x300.jpg\" width=\"220\" height=\"220\" \/>\u00abFortunata y Jacinta\u00bb (1980)<\/strong>. Adaptaci\u00f3n en forma de serie televisiva de la obra de <strong>Benito P\u00e9rez Gald\u00f3s<\/strong> en torno a las vivencias y desdichas de dos hermanas. M\u00fasica de puro romanticismo y delicada belleza. Obra maestra.<\/span><\/p>\n<p>&nbsp;<\/p>\n\n<!-- iframe plugin v.6.0 wordpress.org\/plugins\/iframe\/ -->\n<iframe loading=\"lazy\" width=\"560\" height=\"315\" src=\"https:\/\/www.youtube.com\/embed\/NrO2l49NTXo\" scrolling=\"yes\" class=\"iframe-class\" frameborder=\"0\"><\/iframe>\n\n<p style=\"text-align: justify\"><span style=\"font-family: arial, helvetica, sans-serif\"><strong><img loading=\"lazy\" decoding=\"async\" class=\"size-thumbnail alignleft\" src=\"https:\/\/pics.filmaffinity.com\/Anillos_de_oro_Serie_de_TV-225572396-mmed.jpg\" width=\"200\" height=\"279\" \/>\u00abAnillos de oro\u00bb (1983)<\/strong>. Si hay algo inolvidable en la serie de televisi\u00f3n de <strong>Pedro Mas\u00f3<\/strong> y <strong>Ana Diosdado <\/strong>es\u00a0la m\u00fasica que suena mientras caen los anillos y se muestran los nombres y caras de sus int\u00e9rpretes protagonistas e invitados.\u00a0<strong>Ant\u00f3n Garc\u00eda Abril<\/strong>\u00a0 fue el creador de la sinton\u00eda de esta popular serie sobre un despacho de abogados especializados en causas matrimoniales. Melod\u00eda elegante y evocadora.<\/span><\/p>\n\n<!-- iframe plugin v.6.0 wordpress.org\/plugins\/iframe\/ -->\n<iframe loading=\"lazy\" width=\"560\" height=\"315\" src=\"https:\/\/www.youtube.com\/embed\/UgmNhnHy-9M\" scrolling=\"yes\" class=\"iframe-class\" frameborder=\"0\"><\/iframe>\n\n<p style=\"text-align: justify\"><strong><img loading=\"lazy\" decoding=\"async\" class=\"alignleft\" src=\"http:\/\/es.web.img3.acsta.net\/pictures\/15\/01\/07\/13\/14\/516955.jpg\" width=\"200\" height=\"267\" \/>\u00ab<span style=\"font-family: arial, helvetica, sans-serif\">Sor Citroen\u00bb (1967)<\/span><\/strong><span style=\"font-family: arial, helvetica, sans-serif\">. Aunque ya hab\u00eda hecho incursiones en la m\u00fasica ligera para pel\u00edculas (en <b>\u201dLa ciudad no es para m\u00ed\u201d<\/b>, de 1965, por ejemplo), fue con el tema principal del filme de <b>Pedro<\/b> <b>Lazaga<\/b> con el que asent\u00f3 su estilo en este terreno. De hecho cre\u00f3 un subg\u00e9nero, el \u00abdabadabad\u00e1s\u00bb, en referencia a la letra de la pieza, utiliza un sonido de bossanova que fue todo un \u00e9xito y sirvi\u00f3 para acompa\u00f1ar a\u00a0 la motorizada hermana Tomasa (Sor Citroen) en sus andanzas\u00a0 por todo Madrid.\u00a0<\/span><\/p>\n<p style=\"text-align: justify\"><span style=\"font-family: arial, helvetica, sans-serif\"> \n<!-- iframe plugin v.6.0 wordpress.org\/plugins\/iframe\/ -->\n<iframe loading=\"lazy\" width=\"560\" height=\"315\" src=\"https:\/\/www.youtube.com\/embed\/4IceWCjT2fo\" scrolling=\"yes\" class=\"iframe-class\" frameborder=\"0\"><\/iframe>\n<\/span><\/p>\n<p style=\"text-align: justify\"><strong><img loading=\"lazy\" decoding=\"async\" class=\"size-thumbnail alignleft\" src=\"https:\/\/loresumo.com\/wp-content\/uploads\/2019\/08\/los-santos-inocentes-15-e1565206194226.jpg\" width=\"200\" height=\"205\" \/>\u00ab<span style=\"font-family: arial, helvetica, sans-serif\">Los santos inocentes\u00bb (1984)<\/span><\/strong><span style=\"font-family: arial, helvetica, sans-serif\">.<\/span> En <span style=\"font-family: arial, helvetica, sans-serif\">los trabajos de los a\u00f1os 80 y 90 el m\u00fasico se encontr\u00f3 m\u00e1s a gusto al hallar un campo de mayor libertad creativa, con el cine denominado de autor. <b>Garc\u00eda Abril<\/b> compuso una banda sonora digna de un folclorista para la pel\u00edcula de <b>Mario<\/b> <b>Cam\u00fas<\/b>. Son brillantes los fragmentos percusivos, para retratar magistralmente esa Espa\u00f1a profunda.\u00a0La m\u00fasica de <strong>Abril<\/strong> se compone esencialmente de dos temas bien diferenciados que transmiten una sensaci\u00f3n de tristeza y desamparo como las propias vidas \u201cmonocolor\u201d de sus protagonistas, rutinarias, sin presente ni futuro.<br \/>\n<\/span><\/p>\n\n<!-- iframe plugin v.6.0 wordpress.org\/plugins\/iframe\/ -->\n<iframe loading=\"lazy\" width=\"560\" height=\"315\" src=\"https:\/\/www.youtube.com\/embed\/SCu3sVvGrTw\" scrolling=\"yes\" class=\"iframe-class\" frameborder=\"0\"><\/iframe>\n\n<p style=\"text-align: justify\"><span style=\"font-family: arial, helvetica, sans-serif\">Finalizo mi homenaje a este gran m\u00fasico que, gracias a las inolvidables melod\u00edas que cre\u00f3, siempre ser\u00e1 recordado.<\/span><\/p>\n<p><img loading=\"lazy\" decoding=\"async\" class=\"alignnone size-thumbnail\" src=\"https:\/\/montseantares.files.wordpress.com\/2018\/05\/post4.jpg?w=582&amp;h=297\" width=\"582\" height=\"297\" \/><\/p>\n","protected":false},"excerpt":{"rendered":"<p>El compositor del que hoy voy a hablar,\u00a0Ant\u00f3n Garc\u00eda Abril, probablemente no les \u00absonar\u00e1\u00bb a mis alumnos y alumnas, pero seguro que cuando lean este post, sus padres y sus abuelos sabr\u00e1n de qui\u00e9n hablo. El aragon\u00e9s Ant\u00f3n Garc\u00eda Abril (1933), tristemente nos dejaba ayer mi\u00e9rcoles 17 de marzo por coronavirus. El compositor ha sido [&hellip;]<\/p>\n","protected":false},"author":334,"featured_media":0,"comment_status":"open","ping_status":"open","sticky":false,"template":"","format":"standard","meta":{"footnotes":""},"categories":[2],"tags":[],"class_list":["post-3181","post","type-post","status-publish","format-standard","hentry","category-ultimas-noticias"],"_links":{"self":[{"href":"https:\/\/edublog.educastur.es\/unamusicadecine\/wp-json\/wp\/v2\/posts\/3181","targetHints":{"allow":["GET"]}}],"collection":[{"href":"https:\/\/edublog.educastur.es\/unamusicadecine\/wp-json\/wp\/v2\/posts"}],"about":[{"href":"https:\/\/edublog.educastur.es\/unamusicadecine\/wp-json\/wp\/v2\/types\/post"}],"author":[{"embeddable":true,"href":"https:\/\/edublog.educastur.es\/unamusicadecine\/wp-json\/wp\/v2\/users\/334"}],"replies":[{"embeddable":true,"href":"https:\/\/edublog.educastur.es\/unamusicadecine\/wp-json\/wp\/v2\/comments?post=3181"}],"version-history":[{"count":61,"href":"https:\/\/edublog.educastur.es\/unamusicadecine\/wp-json\/wp\/v2\/posts\/3181\/revisions"}],"predecessor-version":[{"id":4542,"href":"https:\/\/edublog.educastur.es\/unamusicadecine\/wp-json\/wp\/v2\/posts\/3181\/revisions\/4542"}],"wp:attachment":[{"href":"https:\/\/edublog.educastur.es\/unamusicadecine\/wp-json\/wp\/v2\/media?parent=3181"}],"wp:term":[{"taxonomy":"category","embeddable":true,"href":"https:\/\/edublog.educastur.es\/unamusicadecine\/wp-json\/wp\/v2\/categories?post=3181"},{"taxonomy":"post_tag","embeddable":true,"href":"https:\/\/edublog.educastur.es\/unamusicadecine\/wp-json\/wp\/v2\/tags?post=3181"}],"curies":[{"name":"wp","href":"https:\/\/api.w.org\/{rel}","templated":true}]}}