{"id":347,"date":"2020-09-21T20:09:03","date_gmt":"2020-09-21T18:09:03","guid":{"rendered":"https:\/\/edublog.educastur.es\/unamusicadecine\/?p=347"},"modified":"2024-06-05T20:20:38","modified_gmt":"2024-06-05T18:20:38","slug":"un-mundo-de-fantasia","status":"publish","type":"post","link":"https:\/\/edublog.educastur.es\/unamusicadecine\/2020\/09\/21\/un-mundo-de-fantasia\/","title":{"rendered":"Un mundo de \u00abFANTAS\u00cdA\u00bb."},"content":{"rendered":"<p><img decoding=\"async\" class=\"aligncenter\" src=\"https:\/\/i1.wp.com\/66.media.tumblr.com\/16cac6fe426e7d13d27edd7a50678304\/tumblr_mgtz2q9AW41rouwdqo1_500.gif\" \/><\/p>\n<p style=\"text-align: justify\"><i>\u201c<\/i><span style=\"font-family: arial, helvetica, sans-serif\"><i>Fantas\u00eda\u201d<\/i> fue estrenada por los estudios <b>Disney<\/b> en 1940. La pel\u00edcula, considerada un \u201cCl\u00e1sico de animaci\u00f3n\u201d, ten\u00eda como objetivo ilustrar o acompa\u00f1ar con la animaci\u00f3n temas de m\u00fasica cl\u00e1sica.<\/span><\/p>\n<p style=\"text-align: justify\"><span style=\"font-family: arial, helvetica, sans-serif\">\u201cFantas\u00eda\u201d contiene ocho piezas musicales, tocadas la mayor\u00eda de ellas por la orquesta de Filadelfia, bajo la direcci\u00f3n de\u00a0<strong>Leopold<\/strong>\u00a0<strong>Stokowski<\/strong>.<\/span><\/p>\n<p style=\"text-align: justify\"><span style=\"font-family: arial, helvetica, sans-serif\"><img loading=\"lazy\" decoding=\"async\" src=\"https:\/\/i.gifer.com\/89S.gif\" width=\"200\" height=\"150\" \/><\/span><\/p>\n<p style=\"text-align: justify\"><span style=\"font-family: arial, helvetica, sans-serif\">En el a\u00f1o 2000 el sobrino de\u00a0<strong>Walt<\/strong>\u00a0<strong>Disney\u00a0<\/strong>impuls\u00f3 la realizaci\u00f3n de la secuela de \u201cFantas\u00eda\u201d, llamada \u201c<i>Fantas\u00eda 2000\u201d<\/i>.<img loading=\"lazy\" decoding=\"async\" class=\"size-thumbnail alignnone\" src=\"https:\/\/http2.mlstatic.com\/D_NQ_NP_870560-MLM29731177655_032019-W.jpg\" width=\"200\" height=\"292\" \/><\/span><\/p>\n<p style=\"text-align: justify\" align=\"justify\"><span style=\"font-family: arial, helvetica, sans-serif\">He elegido esta maravillosa pel\u00edcula porque en ella la fusi\u00f3n entre m\u00fasica y cine es total, es una aut\u00e9ntica explosi\u00f3n de imaginaci\u00f3n, que cobra una maestr\u00eda mayor si pensamos en el a\u00f1o en que se hizo (1940) .<\/span><\/p>\n<p style=\"text-align: justify\"><span style=\"font-family: arial, helvetica, sans-serif\">Vamos a disfrutar de una selecci\u00f3n de secuencias de la pel\u00edcula:<\/span><\/p>\n<p><span style=\"color: #0000ff;font-family: arial, helvetica, sans-serif\"><strong><span style=\"font-family: arial, helvetica, sans-serif\"><img loading=\"lazy\" decoding=\"async\" class=\"alignleft\" src=\"https:\/\/i.ytimg.com\/vi\/BAO4XH-bZsM\/hqdefault.jpg\" alt=\"\" width=\"253\" height=\"190\" \/><\/span>\u201cEl aprendiz de brujo\u201d de Paul Dukas.\u00a0<\/strong><\/span><\/p>\n<p style=\"text-align: justify\"><span style=\"font-family: arial, helvetica, sans-serif\">Con m\u00fasica de la obra \u00a0\u201dEl aprendiz de brujo\u201d de <strong>Paul<\/strong>\u00a0<strong>Dukas<\/strong>, es sin duda el corto m\u00e1s famoso de la pel\u00edcula. En ella Mickey\u00a0Mouse, despu\u00e9s de haber tomado prestado el gorro m\u00e1gico de su maestro, el brujo \u00a0Yensid, utiliza la propia magia para que una escoba lleve el agua a la fuente, y as\u00ed librarse del trabajo. El problema es que Mickey se queda dormido, y cuando despierta, la situaci\u00f3n es incontrolable y generar\u00e1 una inundaci\u00f3n que sola podr\u00e1 detener su maestro. Todo un cl\u00e1sico.<\/span><\/p>\n<p style=\"text-align: justify\" align=\"justify\"><span style=\"font-family: arial, helvetica, sans-serif\"><img loading=\"lazy\" decoding=\"async\" src=\"https:\/\/media.giphy.com\/media\/Fk7gajZFQT8rK\/giphy.gif\" width=\"180\" height=\"140\" \/><\/span><\/p>\n<p align=\"justify\"><span style=\"font-family: arial, helvetica, sans-serif\">\n<!-- iframe plugin v.6.0 wordpress.org\/plugins\/iframe\/ -->\n<iframe loading=\"lazy\" width=\"560\" height=\"315\" src=\"https:\/\/www.youtube.com\/embed\/2DX2yVucz24\" scrolling=\"yes\" class=\"iframe-class\" frameborder=\"0\"><\/iframe>\n<\/span><\/p>\n<p><span style=\"color: #0000ff;font-family: arial, helvetica, sans-serif\"><strong><img loading=\"lazy\" decoding=\"async\" class=\" alignleft\" src=\"https:\/\/pbs.twimg.com\/media\/EMB7t3jWwAAn5l_.jpg\" width=\"325\" height=\"154\" \/>Ballet \u201cEl Cascanueces\u201d de Piotr Ilitch Tchaikovsky.<\/strong><\/span><\/p>\n<p align=\"justify\"><span style=\"font-family: arial, helvetica, sans-serif\">Hermoso ballet de\u00a0<strong>Piotr Ilitch Tchaikovski<\/strong>\u00a0que aparece representado evocando las cuatro estaciones:<\/span><\/p>\n<p align=\"justify\"><span style=\"font-family: arial, helvetica, sans-serif\">&#8211;\u00a0<strong>Danza del hada de az\u00facar:\u00a0<\/strong>Hadas y elfos depositan roc\u00edo, colores de oto\u00f1o o escarcha en lo bajo del bosque;<\/span><\/p>\n<p align=\"justify\"><span style=\"font-family: arial, helvetica, sans-serif\"><img loading=\"lazy\" decoding=\"async\" src=\"https:\/\/i.pinimg.com\/originals\/77\/a8\/68\/77a868b11004825d057b5f1b21beafac.gif\" width=\"180\" height=\"140\" \/><\/span><\/p>\n<p align=\"justify\"><span style=\"font-family: arial, helvetica, sans-serif\">\n<!-- iframe plugin v.6.0 wordpress.org\/plugins\/iframe\/ -->\n<iframe loading=\"lazy\" width=\"560\" height=\"315\" src=\"https:\/\/www.youtube.com\/embed\/fvi8737wJY8\" scrolling=\"yes\" class=\"iframe-class\" frameborder=\"0\"><\/iframe>\n<\/span><\/p>\n<p align=\"justify\"><span style=\"font-family: arial, helvetica, sans-serif\"><strong>-Danza china:<\/strong> Un anillo de setas se convierte en un corro de mandarines que bailan la danza china, mientras una peque\u00f1a seta no consigue entrar en el c\u00edrculo;<\/span><\/p>\n<p align=\"justify\"><span style=\"font-family: arial, helvetica, sans-serif\"><img loading=\"lazy\" decoding=\"async\" src=\"http:\/\/4.bp.blogspot.com\/-KU4zYFAHWwg\/Ubh9H_g1FrI\/AAAAAAAAEwM\/tgpyr8Z8M-Q\/s1600\/tumblr_mb3a7xVyMG1qkg5u5o1_500.gif\" width=\"180\" height=\"140\" \/><\/span><\/p>\n<p align=\"justify\"><span style=\"font-family: arial, helvetica, sans-serif\">\n<!-- iframe plugin v.6.0 wordpress.org\/plugins\/iframe\/ -->\n<iframe loading=\"lazy\" width=\"560\" height=\"315\" src=\"https:\/\/www.youtube.com\/embed\/BPYwkN7FRb0\" scrolling=\"yes\" class=\"iframe-class\" frameborder=\"0\"><\/iframe>\n<\/span><\/p>\n<p align=\"justify\"><span style=\"font-family: arial, helvetica, sans-serif\"><strong>-Danza de las flautas: <\/strong>Hermosa danza de unas flores que se convierten en bailarinas, tras caer sobre la superficie de un estanque;<\/span><\/p>\n<p><span style=\"font-family: arial, helvetica, sans-serif\"><img loading=\"lazy\" decoding=\"async\" src=\"http:\/\/i1.ytimg.com\/vi\/ZQTZLLU9fjk\/hqdefault.jpg\" width=\"180\" height=\"140\" \/><\/span><\/p>\n<p><span style=\"font-family: arial, helvetica, sans-serif\">\n<!-- iframe plugin v.6.0 wordpress.org\/plugins\/iframe\/ -->\n<iframe loading=\"lazy\" width=\"560\" height=\"315\" src=\"https:\/\/www.youtube.com\/embed\/ZQTZLLU9fjk\" scrolling=\"yes\" class=\"iframe-class\" frameborder=\"0\"><\/iframe>\n<\/span><\/p>\n<p align=\"justify\"><span style=\"font-family: arial, helvetica, sans-serif\"><strong>-Danza \u00e1rabe:\u00a0<\/strong>Unos peces de acuario danzan pausadamente entre corales, burbujas y hojas desprendidas;<\/span><\/p>\n<p align=\"justify\"><span style=\"font-family: arial, helvetica, sans-serif\">\u00a0<img loading=\"lazy\" decoding=\"async\" src=\"https:\/\/i.gifer.com\/EY8.gif\" width=\"180\" height=\"140\" \/><\/span><\/p>\n<p align=\"justify\"><span style=\"font-family: arial, helvetica, sans-serif\">\n<!-- iframe plugin v.6.0 wordpress.org\/plugins\/iframe\/ -->\n<iframe loading=\"lazy\" width=\"560\" height=\"315\" src=\"https:\/\/www.youtube.com\/embed\/wcU5tsfhA0o\" scrolling=\"yes\" class=\"iframe-class\" frameborder=\"0\"><\/iframe>\n<\/span><\/p>\n<p align=\"justify\"><span style=\"font-family: arial, helvetica, sans-serif\"><strong>-Danza rusa:<\/strong> Un ballet de cardos cosacos y orqu\u00eddeas campesinas rusas, interpretan el \u201cTrepak\u201d o \u201cDanza rusa\u201d al modo ucraniano;<\/span><\/p>\n<p><span style=\"font-family: arial, helvetica, sans-serif\"><img loading=\"lazy\" decoding=\"async\" src=\"http:\/\/m1.paperblog.com\/i\/201\/2014569\/fantasia-L-78L6oS.jpeg\" width=\"180\" height=\"140\" \/><\/span><\/p>\n<p><span style=\"font-family: arial, helvetica, sans-serif\">\n<!-- iframe plugin v.6.0 wordpress.org\/plugins\/iframe\/ -->\n<iframe loading=\"lazy\" width=\"560\" height=\"315\" src=\"https:\/\/www.youtube.com\/embed\/L8jKNdNyyrI\" scrolling=\"yes\" class=\"iframe-class\" frameborder=\"0\"><\/iframe>\n<\/span><\/p>\n<p style=\"text-align: justify\"><span style=\"font-family: arial, helvetica, sans-serif\"><strong>-Baile de las flores:<\/strong> Se vuelve a recurrir a las hadas, si bien ahora son las del oto\u00f1o y las del invierno, que respectivamente bailar\u00e1n entre hojas secas y copos de nieve en uno de los momentos m\u00e1s bonitos de la pel\u00edcula.<\/span><\/p>\n<p><span style=\"font-family: arial, helvetica, sans-serif\"><img loading=\"lazy\" decoding=\"async\" src=\"https:\/\/3.bp.blogspot.com\/-GV8MfK03grE\/Wg4eYY3oKUI\/AAAAAAADt8E\/KAaF48XBJfkuKn6uHarBxjTJfoN1ymSQwCLcBGAs\/s640\/tumblr_nz9wisP8qa1ru72gvo1_500.gif\" width=\"180\" height=\"140\" \/><\/span><\/p>\n<p><span style=\"font-family: arial, helvetica, sans-serif\">\n<!-- iframe plugin v.6.0 wordpress.org\/plugins\/iframe\/ -->\n<iframe loading=\"lazy\" width=\"560\" height=\"315\" src=\"https:\/\/www.youtube.com\/embed\/Uss3NHf0l6U\" scrolling=\"yes\" class=\"iframe-class\" frameborder=\"0\"><\/iframe>\n<\/span><\/p>\n<p><span style=\"color: #0000ff;font-family: arial, helvetica, sans-serif\"><strong><img loading=\"lazy\" decoding=\"async\" class=\" alignleft\" src=\"https:\/\/m.media-amazon.com\/images\/I\/91W+0bz3MXL._SS500_.jpg\" width=\"180\" height=\"180\" \/>\u201cSinfon\u00eda Pastoral\u201d de Beethoven<\/strong><\/span><\/p>\n<p style=\"text-align: justify\"><span style=\"font-family: arial, helvetica, sans-serif\"><strong>Beethoven<\/strong>\u00a0se inspir\u00f3 en un tranquilo d\u00eda que pas\u00f3 en el campo para componer su sexta sinfon\u00eda, m\u00e1s conocida como \u201cSinfon\u00eda Pastoral\u201d.<\/span><\/p>\n<p style=\"text-align: justify\"><span style=\"font-family: arial, helvetica, sans-serif\">El compositor estructur\u00f3 su obra en cinco movimientos acompa\u00f1ados de unos t\u00edtulos que nos sit\u00faan perfectamente en la escena all\u00ed evocada. Disney traslad\u00f3 las escenas de la naturaleza, a un hermoso escenario situado en las laderas del monte Olimpo, donde habitan los dioses.<\/span><\/p>\n<p style=\"text-align: justify\"><span style=\"font-family: arial, helvetica, sans-serif\">Aqu\u00ed\u00a0encontramos a la mayor\u00eda de los personajes de la mitolog\u00eda griega representados como graciosas figuras hermosas, delicadas y con sentido del humor.<\/span><\/p>\n<p style=\"text-align: justify\"><span style=\"font-family: arial, helvetica, sans-serif\">&#8211;<b>Primer movimiento<\/b>. Disney presenta a Pegaso y su familia de caballos alados.<\/span><\/p>\n<p style=\"text-align: justify\"><span style=\"font-family: arial, helvetica, sans-serif\"><img loading=\"lazy\" decoding=\"async\" src=\"http:\/\/38.media.tumblr.com\/88a9390993a9e6c8e9099b47ebe9eeda\/tumblr_mistqbwijH1qki7dgo1_500.gif\" width=\"180\" height=\"140\" \/><\/span><\/p>\n<p style=\"text-align: justify\"><span style=\"font-family: arial, helvetica, sans-serif\">\n<!-- iframe plugin v.6.0 wordpress.org\/plugins\/iframe\/ -->\n<iframe loading=\"lazy\" width=\"560\" height=\"315\" src=\"https:\/\/www.youtube.com\/embed\/l_EDBM1tOEo\" scrolling=\"yes\" class=\"iframe-class\" frameborder=\"0\"><\/iframe>\n<\/span><\/p>\n<p style=\"text-align: justify\"><span style=\"font-family: arial, helvetica, sans-serif\">&#8211; <b>Segundo movimiento.<\/b> Aparecen en escena \u00a0los enamorados centauros.<\/span><\/p>\n<p style=\"text-align: justify\"><span style=\"font-family: arial, helvetica, sans-serif\"><img loading=\"lazy\" decoding=\"async\" src=\"https:\/\/i.pinimg.com\/originals\/79\/d5\/04\/79d504ef84382b4550549a01bba0af0e.gif\" width=\"180\" height=\"140\" \/><\/span><\/p>\n<p><span style=\"font-family: arial, helvetica, sans-serif\">\n<!-- iframe plugin v.6.0 wordpress.org\/plugins\/iframe\/ -->\n<iframe loading=\"lazy\" width=\"560\" height=\"315\" src=\"https:\/\/www.youtube.com\/embed\/vKfAF4jVqnA\" scrolling=\"yes\" class=\"iframe-class\" frameborder=\"0\"><\/iframe>\n<\/span><\/p>\n<p style=\"text-align: justify\"><span style=\"font-family: arial, helvetica, sans-serif\">&#8211; <b>Tercer movimiento. <\/b>Centauros, pegasos y faunos se preparan para una celebraci\u00f3n en honor a Baco, el dios del vino, que acude a lomos de su asno con cuernos, Jacchus.<\/span><\/p>\n<p><span style=\"font-family: arial, helvetica, sans-serif\"><img loading=\"lazy\" decoding=\"async\" src=\"http:\/\/24.media.tumblr.com\/tumblr_lqdr3nqC9l1qbmtjno1_r1_500.gif\" width=\"180\" height=\"150\" \/><\/span><\/p>\n<p><span style=\"font-family: arial, helvetica, sans-serif\">\n<!-- iframe plugin v.6.0 wordpress.org\/plugins\/iframe\/ -->\n<iframe loading=\"lazy\" width=\"560\" height=\"315\" src=\"https:\/\/www.youtube.com\/embed\/R7RbvOGRe_w\" scrolling=\"yes\" class=\"iframe-class\" frameborder=\"0\"><\/iframe>\n<\/span><\/p>\n<p><span style=\"font-family: arial, helvetica, sans-serif\"><b>&#8211; Cuarto movimiento<\/b>. \u00a0La celebraci\u00f3n es interrumpida por Zeus, que comienza a divertirse lanzando rayos desde las nubes, hasta que cansado, decide retirarse a dormir.<\/span><\/p>\n<p><span style=\"font-family: arial, helvetica, sans-serif\"><img loading=\"lazy\" decoding=\"async\" src=\"https:\/\/th.bing.com\/th\/id\/R.34fe6bd4c64b2a9880d5cf61d0a9f65a?rik=sb8JZnBXkHN4Cg&amp;riu=http%3a%2f%2f1.bp.blogspot.com%2f-GDKAhiuL3ew%2fUS50pld8s8I%2fAAAAAAAAL0g%2fV4PF1CX5utw%2fs1600%2ffantasia%2b7%2bzues.jpg&amp;ehk=%2b1SZ%2b3%2fzdQJnchpWGu5sFIdsAIxIFDpJTnWZ1yhqqmM%3d&amp;risl=&amp;pid=ImgRaw&amp;r=0\" width=\"180\" height=\"140\" \/><\/span><\/p>\n<p><span style=\"font-family: arial, helvetica, sans-serif\">\n<!-- iframe plugin v.6.0 wordpress.org\/plugins\/iframe\/ -->\n<iframe loading=\"lazy\" width=\"560\" height=\"315\" src=\"https:\/\/www.youtube.com\/embed\/gTInBejxFW0\" scrolling=\"yes\" class=\"iframe-class\" frameborder=\"0\"><\/iframe>\n<\/span><\/p>\n<p><span style=\"font-family: arial, helvetica, sans-serif\">&#8211; <b>Quinto movimiento<\/b>. Alegr\u00eda y sentimientos de agradecimiento despu\u00e9s de la tormenta, irrumpiendo con fuerza el arco iris.<\/span><\/p>\n<p><span style=\"font-family: arial, helvetica, sans-serif\"><img loading=\"lazy\" decoding=\"async\" src=\"https:\/\/s-media-cache-ak0.pinimg.com\/736x\/54\/49\/1d\/54491daf6e28537c9aa47060e31735a5.jpg\" width=\"180\" height=\"140\" \/><\/span><\/p>\n<p><span style=\"font-family: arial, helvetica, sans-serif\">\n<!-- iframe plugin v.6.0 wordpress.org\/plugins\/iframe\/ -->\n<iframe loading=\"lazy\" width=\"560\" height=\"315\" src=\"https:\/\/www.youtube.com\/embed\/1jhsKuJ8TFg\" scrolling=\"yes\" class=\"iframe-class\" frameborder=\"0\"><\/iframe>\n<\/span><\/p>\n<p><span style=\"font-family: arial, helvetica, sans-serif\"><strong><span style=\"color: #0000ff\"><img loading=\"lazy\" decoding=\"async\" class=\"size-thumbnail alignleft\" src=\"https:\/\/www.svmaniscalco.it\/WP0\/wp-content\/uploads\/Danza-delle-ore-copertina.jpg\" width=\"200\" height=\"280\" \/>\u201cDanza de las horas\u201d de Amilcare Ponchielli.<\/span><\/strong><\/span><\/p>\n<p style=\"text-align: justify\"><span style=\"font-family: arial, helvetica, sans-serif\">A continuaci\u00f3n, se representa el ballet de la \u201c<i>Danza de las horas\u201d<\/i>, perteneciente al segundo cuadro del tercer acto de la \u00f3pera \u201c<i>La Gioconda\u201d<\/i> de\u00a0<strong>Ponchielli<\/strong>\u00a0de manera bastante fiel al libreto, s\u00f3lo que aqu\u00ed est\u00e1 interpretado por: hipop\u00f3tamos, avestruces y cocodrilos.<\/span><\/p>\n<p>&nbsp;<\/p>\n<p style=\"text-align: justify\"><span style=\"font-family: arial, helvetica, sans-serif\"><img loading=\"lazy\" decoding=\"async\" class=\"alignleft\" src=\"https:\/\/lh6.ggpht.com\/-wBBUAojOrTE\/VNAstHnNZKI\/AAAAAAAA8Lg\/1oBiw4fUiTw\/tutu%252520day_thumb%25255B1%25255D.gif?imgmax=800\" width=\"180\" height=\"140\" \/><\/span><\/p>\n<p><img loading=\"lazy\" decoding=\"async\" class=\"alignnone\" src=\"https:\/\/i.pinimg.com\/originals\/9f\/7a\/b2\/9f7ab273cc77541ed8980d036f804a4f.gif\" width=\"180\" height=\"140\" \/><span style=\"font-family: arial, helvetica, sans-serif\">\u00a0<img loading=\"lazy\" decoding=\"async\" class=\"alignnone\" src=\"https:\/\/i.gifer.com\/EY1.gif\" width=\"180\" height=\"140\" \/><\/span><\/p>\n<p><span style=\"font-family: arial, helvetica, sans-serif\">Un\u00a0cuerpo de baile voluntarioso, pero poco dotado para la danza.<\/span><\/p>\n<p align=\"justify\"><span style=\"font-family: arial, helvetica, sans-serif\">\u00bfQui\u00e9n dijo que la m\u00fasica cl\u00e1sica no es divertida?<\/span><\/p>\n<p align=\"justify\"><span style=\"font-family: arial, helvetica, sans-serif\">\n<!-- iframe plugin v.6.0 wordpress.org\/plugins\/iframe\/ -->\n<iframe loading=\"lazy\" width=\"560\" height=\"315\" src=\"https:\/\/www.youtube.com\/embed\/jxWX52iwdYU\" scrolling=\"yes\" class=\"iframe-class\" frameborder=\"0\"><\/iframe>\n<\/span><\/p>\n<p align=\"justify\"><span style=\"font-family: arial, helvetica, sans-serif\">Concluyo este post haciendo la siguiente reflexi\u00f3n, en estos tiempos que corren necesitamos m\u00e1s pel\u00edculas como \u00e9sta, necesitamos m\u00e1s arte, m\u00e1s m\u00fasica, m\u00e1s cine, y en definitiva, m\u00e1s fantas\u00eda.<\/span><\/p>\n<p style=\"text-align: center\" align=\"justify\"><span style=\"font-family: arial, helvetica, sans-serif\"><span style=\"color: #0000ff\"><strong>ACTIVIDADES <img loading=\"lazy\" decoding=\"async\" class=\"alignnone size-thumbnail wp-image-8224\" src=\"http:\/\/edublog.educastur.es\/unamusicadecine\/files\/2023\/12\/D4ADBE8B-56BF-4B9F-AF53-59B44CB25317-150x150.png\" alt=\"\" width=\"150\" height=\"150\" srcset=\"https:\/\/edublog.educastur.es\/unamusicadecine\/files\/2023\/12\/D4ADBE8B-56BF-4B9F-AF53-59B44CB25317-150x150.png 150w, https:\/\/edublog.educastur.es\/unamusicadecine\/files\/2023\/12\/D4ADBE8B-56BF-4B9F-AF53-59B44CB25317-300x300.png 300w, https:\/\/edublog.educastur.es\/unamusicadecine\/files\/2023\/12\/D4ADBE8B-56BF-4B9F-AF53-59B44CB25317-85x85.png 85w, https:\/\/edublog.educastur.es\/unamusicadecine\/files\/2023\/12\/D4ADBE8B-56BF-4B9F-AF53-59B44CB25317.png 398w\" sizes=\"auto, (max-width: 150px) 100vw, 150px\" \/><\/strong><\/span><\/span><\/p>\n<ol style=\"text-align: justify\">\n<li><span style=\"font-family: arial, helvetica, sans-serif\">\u00bfEn qu\u00e9 a\u00f1o se estren\u00f3 la pel\u00edcula \u201cFantas\u00eda\u00bb?<\/span><\/li>\n<li><span style=\"font-family: arial, helvetica, sans-serif\">\u00bfPor qu\u00e9 est\u00e1 considerada un \u201ccl\u00e1sico del cine de animaci\u00f3n\u201d?<\/span><\/li>\n<li><span style=\"font-family: arial, helvetica, sans-serif\">\u00bfQu\u00e9 estudios rodaron la pel\u00edcula?<\/span><\/li>\n<li><span style=\"font-family: arial, helvetica, sans-serif\">\u00bfQu\u00e9 orquesta interpreta los temas musicales? \u00bfQui\u00e9n la dirige? Realiza una breve biograf\u00eda del director. (Ecured).<\/span><\/li>\n<li><span style=\"font-family: arial, helvetica, sans-serif\">\u00bfCu\u00e1l de los siguientes fragmentos musicales est\u00e1 basado en una \u00f3pera? \u00bfQui\u00e9n es el autor? \u00bfQu\u00e9 animales son los protagonistas?\u00bfQu\u00e9 sentimientos te transmite la m\u00fasica?\u00a0 Realiza una breve biograf\u00eda del m\u00fasico. (Biograf\u00edas y vidas)<br \/>\n<\/span><\/li>\n<li><span style=\"font-family: arial, helvetica, sans-serif\">\u00bfCu\u00e1l es la obra musical qu\u00e9 tiene como protagonista a Micky Mouse? \u00bfC\u00f3mo acaba la historia?\u00bfqui\u00e9n es el autor que compuso la obra musical? \u00bfQu\u00e9 sentimientos te transmite la m\u00fasica? Realiza una breve biograf\u00eda del m\u00fasico. (Biograf\u00edas y vidas)<br \/>\n<\/span><\/li>\n<li><span style=\"font-family: arial, helvetica, sans-serif\">\u00bfC\u00f3mo se llama la obra de <strong>Beethoven<\/strong> qu\u00e9 aparece en el post? \u00bfCu\u00e1ntas partes tiene? \u00bfQui\u00e9nes son los protagonistas de cada una? Elige la parte que m\u00e1s te gusta y explica los sentimientos que te transmite la m\u00fasica.<br \/>\n<\/span><\/li>\n<li><span style=\"font-family: arial, helvetica, sans-serif\">\u00bfCu\u00e1l es el ballet de <strong>Tchaikovsky <\/strong>qu\u00e9 aparece en la pel\u00edcula?\u00bfCu\u00e1ntas partes tiene la obra? Elige la que m\u00e1s te haya gustado y explica los sentimientos que te transmite la m\u00fasica. Realiza una breve biograf\u00eda del m\u00fasico. (Biograf\u00edas y vidas)<\/span><\/li>\n<li><span style=\"font-family: arial, helvetica, sans-serif\">\u00bfTe ha parecido interesante el post?\u00bfQu\u00e9 has aprendido?<\/span><\/li>\n<\/ol>\n<p style=\"text-align: justify\" align=\"justify\"><img loading=\"lazy\" decoding=\"async\" class=\"size-thumbnail aligncenter\" src=\"https:\/\/i.pinimg.com\/originals\/33\/b2\/61\/33b26169872927e715791e9d17e6a061.gif\" width=\"200\" height=\"200\" \/><\/p>\n","protected":false},"excerpt":{"rendered":"<p>\u201cFantas\u00eda\u201d fue estrenada por los estudios Disney en 1940. La pel\u00edcula, considerada un \u201cCl\u00e1sico de animaci\u00f3n\u201d, ten\u00eda como objetivo ilustrar o acompa\u00f1ar con la animaci\u00f3n temas de m\u00fasica cl\u00e1sica. \u201cFantas\u00eda\u201d contiene ocho piezas musicales, tocadas la mayor\u00eda de ellas por la orquesta de Filadelfia, bajo la direcci\u00f3n de\u00a0Leopold\u00a0Stokowski. En el a\u00f1o 2000 el sobrino de\u00a0Walt\u00a0Disney\u00a0impuls\u00f3 [&hellip;]<\/p>\n","protected":false},"author":334,"featured_media":0,"comment_status":"open","ping_status":"closed","sticky":false,"template":"","format":"standard","meta":{"footnotes":""},"categories":[3,5,8,9,13],"tags":[],"class_list":["post-347","post","type-post","status-publish","format-standard","hentry","category-comentamos-una-banda-sonora","category-grandes-musicales","category-la-musica-en-el-cine-de-animacion","category-musica-prestada-al-cine","category-rockeros-poperos-musicos-en-el-cine"],"_links":{"self":[{"href":"https:\/\/edublog.educastur.es\/unamusicadecine\/wp-json\/wp\/v2\/posts\/347","targetHints":{"allow":["GET"]}}],"collection":[{"href":"https:\/\/edublog.educastur.es\/unamusicadecine\/wp-json\/wp\/v2\/posts"}],"about":[{"href":"https:\/\/edublog.educastur.es\/unamusicadecine\/wp-json\/wp\/v2\/types\/post"}],"author":[{"embeddable":true,"href":"https:\/\/edublog.educastur.es\/unamusicadecine\/wp-json\/wp\/v2\/users\/334"}],"replies":[{"embeddable":true,"href":"https:\/\/edublog.educastur.es\/unamusicadecine\/wp-json\/wp\/v2\/comments?post=347"}],"version-history":[{"count":19,"href":"https:\/\/edublog.educastur.es\/unamusicadecine\/wp-json\/wp\/v2\/posts\/347\/revisions"}],"predecessor-version":[{"id":2156,"href":"https:\/\/edublog.educastur.es\/unamusicadecine\/wp-json\/wp\/v2\/posts\/347\/revisions\/2156"}],"wp:attachment":[{"href":"https:\/\/edublog.educastur.es\/unamusicadecine\/wp-json\/wp\/v2\/media?parent=347"}],"wp:term":[{"taxonomy":"category","embeddable":true,"href":"https:\/\/edublog.educastur.es\/unamusicadecine\/wp-json\/wp\/v2\/categories?post=347"},{"taxonomy":"post_tag","embeddable":true,"href":"https:\/\/edublog.educastur.es\/unamusicadecine\/wp-json\/wp\/v2\/tags?post=347"}],"curies":[{"name":"wp","href":"https:\/\/api.w.org\/{rel}","templated":true}]}}