{"id":3506,"date":"2021-05-24T09:27:53","date_gmt":"2021-05-24T07:27:53","guid":{"rendered":"https:\/\/edublog.educastur.es\/unamusicadecine\/?p=3506"},"modified":"2021-05-25T22:31:43","modified_gmt":"2021-05-25T20:31:43","slug":"la-musica-de-battiato-tambien-sono-en-el-cine-ultimo-homenaje","status":"publish","type":"post","link":"https:\/\/edublog.educastur.es\/unamusicadecine\/2021\/05\/24\/la-musica-de-battiato-tambien-sono-en-el-cine-ultimo-homenaje\/","title":{"rendered":"La m\u00fasica de Battiato tambi\u00e9n son\u00f3 en el cine. \u00daltimo homenaje."},"content":{"rendered":"<p><img loading=\"lazy\" decoding=\"async\" class=\"alignnone\" src=\"https:\/\/lh3.googleusercontent.com\/proxy\/qqf5yUs5INiX1ha7cw_gF4fWKTULNsxZdnkux-LbYjSbfp5Mf8J47rSjg--1Xh_txm8lDss4D6tueFNqcoq4wvU\" width=\"406\" height=\"403\" \/><\/p>\n<p style=\"text-align: justify\"><span style=\"font-family: arial, helvetica, sans-serif\">La m\u00fasica italiana, y la m\u00fasica en general, ha perdido una de sus figuras m\u00e1s ic\u00f3nicas. El cantante y compositor italiano <strong>Franco Battiato<\/strong>, fallec\u00eda en su casa de Milo (Sicilia) el pasado martes18 de mayo, a los 76 a\u00f1os.\u00a0<\/span><\/p>\n<p style=\"text-align: justify\"><span style=\"font-family: arial, helvetica, sans-serif\"><b>Battiato<img loading=\"lazy\" decoding=\"async\" class=\"alignright\" src=\"https:\/\/2r62j11x4zsy3ytak02nzvbk24y-wpengine.netdna-ssl.com\/wp-content\/uploads\/2015\/03\/franco-battiato-madrid-marzo-2013-apriti-sesamo1-460x387.jpg\" width=\"235\" height=\"198\" \/><\/b> ha sido uno de los m\u00fasicos m\u00e1s importantes de la cultura europea. Cultiv\u00f3 diferentes estilos musicales y a todos les imprimi\u00f3 su sello personal. Su m\u00fasica oscil\u00f3 del pop a la psicodelia y de la psicodelia al rock experimental. <strong>Battiato<\/strong> sonaba a <strong>Battiato<\/strong>, inimitable, f\u00e1cil de reconocer desde los primeros acordes, incluso antes de que comenzara a cantar con esa peculiar voz y ese rasgado nasal tan italiano.<\/span><\/p>\n<p style=\"text-align: justify\"><span style=\"font-family: arial, helvetica, sans-serif\">En Espa\u00f1a se convirti\u00f3 en todo un fen\u00f3meno que alcanz\u00f3 enormes cifras de ventas con las versiones en castellano de sus canciones. <img loading=\"lazy\" decoding=\"async\" class=\"alignleft\" src=\"https:\/\/www.mondadoriperte.it\/media\/catalog\/product\/cache\/2\/image_thumb\/9df78eab33525d08d6e5fb8d27136e95\/p\/r\/prodotto_cd-battiato-01-min.jpg\" width=\"310\" height=\"193\" \/>Algunas de ellas fueron adoptadas como aut\u00e9nticos himnos en Italia, entre otras, <i>La cura<\/i>, <em>Centro di gravit\u00e1 perma<\/em><em>nente, <\/em><i>E ti vengo a cercare<\/i>,\u00a0<i>La stagiones dell&#8217;amore<\/i>,<i>\u00a0Voglio vederti danzare<\/i>,\u00a0<i>Radio Varsavia<\/i>&#8230;<\/span><\/p>\n<p style=\"text-align: justify\"><span style=\"font-family: arial, helvetica, sans-serif\">Polifac\u00e9tico artista obtuvo un quinto puesto en el festival de Eurovisi\u00f3n de 1984, donde particip\u00f3 junto a <strong>Alice<\/strong>. <img loading=\"lazy\" decoding=\"async\" class=\"size-thumbnail alignright\" src=\"https:\/\/lh3.googleusercontent.com\/proxy\/ttBdkLbbFWrzAN1avQsTMFSMk-HTpo5uPxI7T8HjuXWNA9uwPX8cfKOM0O8zrriRSYHgElYtxrR0dpGiMYU\" width=\"266\" height=\"214\" \/><\/span><\/p>\n<p style=\"text-align: justify\"><span style=\"font-family: arial, helvetica, sans-serif\">Compuso tambi\u00e9n una \u00f3pera, \u00ab<i>Gilgamesh\u00bb<\/i>, <img loading=\"lazy\" decoding=\"async\" class=\"alignleft\" src=\"https:\/\/lh3.googleusercontent.com\/proxy\/yxgbt4Zw_1aNDhs2E5Dp847OUPfqQc3qq4BuBy7gguS1XHwHywaGmzYqb4yp4AnsWfphK36vcGzwY9Wa4bICrUaI-FBzNK9572WHGf5B2LUkAWyo8gZ0NhTp\" width=\"249\" height=\"174\" \/>estrenada en 1992 en la <strong>\u00d3pera de Roma<\/strong>, y una sonata para piano, <i>Egipto antes de las arenas. <\/i><\/span><\/p>\n<p style=\"text-align: justify\"><span style=\"font-family: arial, helvetica, sans-serif\">Aficionado al teatro y a la actuaci\u00f3n desde su juventud, dirigi\u00f3, adem\u00e1s, dos\u00a0 pel\u00edculas, \u00ab<i>Perdutoamor\u00bb <\/i>(2003) <img loading=\"lazy\" decoding=\"async\" class=\"alignleft\" src=\"https:\/\/images-na.ssl-images-amazon.com\/images\/I\/51J9M1KTFKL._SX466_.jpg\" width=\"135\" height=\"135\" \/>y \u00abMusikanten\u00bb (2006).<\/span><\/p>\n<div class=\"primary-cli cli cli-text \">\n<p><span style=\"font-family: arial, helvetica, sans-serif\"><strong><img loading=\"lazy\" decoding=\"async\" class=\"alignnone\" src=\"https:\/\/www.mataderomadrid.org\/sites\/default\/files\/styles\/1500_x_1000_16_9\/public\/media\/image\/2019\/12\/musikanten-web.jpg?itok=YBuKrD93\" width=\"191\" height=\"127\" \/><\/strong><\/span><\/p>\n<p><span style=\"font-family: arial, helvetica, sans-serif\"><strong>Batiatto<\/strong> se retir\u00f3 de la m\u00fasica en 2019.<\/span><\/p>\n<p style=\"text-align: justify\"><span style=\"font-family: arial, helvetica, sans-serif\">Pero como siempre hacemos en el blog, vamos a recordar a <strong>Batiatto<\/strong> a trav\u00e9s de series o pel\u00edculas que contaron con su m\u00fasica como fondo sonoro.<\/span><\/p>\n<p style=\"text-align: justify\"><span style=\"font-family: arial, helvetica, sans-serif\"><img loading=\"lazy\" decoding=\"async\" class=\"alignleft\" src=\"https:\/\/www.mundodeportivo.com\/r\/GODO\/MD\/p8\/ContraPortada\/Imagenes\/2021\/05\/15\/Recortada\/img_dsorolla_20200808-002930_imagenes_md_otras_fuentes_casa-papel-cartel-cke-k9UC-U493767642158FkD-980x554@MundoDeportivo-Web.jpg\" width=\"349\" height=\"197\" \/>Una de las m\u00e1s sonadas fue la aparici\u00f3n de su canci\u00f3n \u201c<i>Centro di gravit\u00e1 permanente\u201c<\/i> en\u00a0la popular serie espa\u00f1ola \u201c<em>La casa de papel\u201d\u00a0<\/em>(Netflix, 2017).<\/span><\/p>\n<\/div>\n<div id=\"_wmass_5046\">\n<div id=\"jw-_50465046\" style=\"text-align: justify\"><span style=\"font-family: arial, helvetica, sans-serif\">El tema de <b>Battiato<\/b> es interpretado <em>a capella<\/em> por un coro de monjes en la boda de Berl\u00edn y Tatiana, donde al final los invitados se arrancan a cantar a pleno pulm\u00f3n el \u00e9xito del italiano.<\/span><\/div>\n<\/div>\n<div><\/div>\n<div><\/div>\n<div id=\"_wmass_5046\">\n<div style=\"text-align: justify\"><span style=\"font-family: arial, helvetica, sans-serif\">\n<!-- iframe plugin v.6.0 wordpress.org\/plugins\/iframe\/ -->\n<iframe loading=\"lazy\" width=\"560\" height=\"315\" src=\"https:\/\/www.youtube.com\/embed\/MkrAdyVptAQ\" scrolling=\"yes\" class=\"iframe-class\" frameborder=\"0\"><\/iframe>\n\u00a0<\/span><\/div>\n<div><\/div>\n<div style=\"text-align: justify\"><span style=\"font-family: arial, helvetica, sans-serif\">Tras la emisi\u00f3n de este episodio (el segundo de la cuarta temporada), se dispararon las b\u00fasquedas de la canci\u00f3n en Google y son muchos los j\u00f3venes que han recordado la canci\u00f3n del italiano tras su muerte, admitiendo que la que conoc\u00edan gracias a la serie.<\/span><\/div>\n<div><\/div>\n<div style=\"text-align: justify\"><span style=\"font-family: arial, helvetica, sans-serif\"><img loading=\"lazy\" decoding=\"async\" class=\"size-thumbnail alignleft\" src=\"https:\/\/pics.filmaffinity.com\/franco_battiato_centro_di_gravita_permanente_music_video-801410320-s200.jpg\" width=\"200\" height=\"199\" \/>Publicada en 1981,<em>\u00a0\u201cCentro di gravit\u00e1 perma<\/em><em>nente\u201d\u00a0<\/em>fue el primer gran \u00e9xito del cantante italiano e hizo que su disco \u00ab<em>La voce del padrone\u00bb<\/em> fuera el primero que vendi\u00f3 m\u00e1s de un mill\u00f3n de copias en Italia. Este es el videoclip, la canci\u00f3n habla sobre la filosof\u00eda y la espiritualidad, el tomar conciencia sobre lo que sucede.<\/span><\/div>\n<\/div>\n<div><\/div>\n<div><\/div>\n<div><\/div>\n<div><\/div>\n<div id=\"_wmass_5046\">\n<div style=\"text-align: justify\"><span style=\"font-family: arial, helvetica, sans-serif\">\n<!-- iframe plugin v.6.0 wordpress.org\/plugins\/iframe\/ -->\n<iframe loading=\"lazy\" width=\"560\" height=\"315\" src=\"https:\/\/www.youtube.com\/embed\/hFGz-t5R0BE\" scrolling=\"yes\" class=\"iframe-class\" frameborder=\"0\"><\/iframe>\n\u00a0<\/span><\/div>\n<div><\/div>\n<\/div>\n<div><\/div>\n<div style=\"text-align: justify\"><span style=\"font-family: arial, helvetica, sans-serif\"><img loading=\"lazy\" decoding=\"async\" class=\"alignleft\" src=\"https:\/\/pics.filmaffinity.com\/la_messa_e_finita-411065040-large.jpg\" width=\"187\" height=\"295\" \/>En la pel\u00edcula <em>\u00abLa misa ha terminado\u00bb <\/em>(1985) del director y actor <strong>Nani Moretti<\/strong> inclu\u00eda un <em>hit<\/em> como <em>\u00abITreni di Tozeur\u00bb,<\/em> <\/span><span style=\"font-family: arial, helvetica, sans-serif\">con la que el cantante (en compa\u00f1\u00eda de <strong>Alice<\/strong>) hab\u00eda concursado en Eurovisi\u00f3n.<\/span><\/div>\n<div><\/div>\n<div><img loading=\"lazy\" decoding=\"async\" class=\"alignnone\" src=\"https:\/\/images-na.ssl-images-amazon.com\/images\/I\/51GBzlRVtyL._SY355_.jpg\" width=\"200\" height=\"201\" \/><\/div>\n<div style=\"text-align: justify\"><span style=\"font-family: arial, helvetica, sans-serif\">En este film <strong>Moretti<\/strong> interpretaba a un cura con crisis de fe.<\/span><\/div>\n<div><\/div>\n<div><\/div>\n<div>\n<!-- iframe plugin v.6.0 wordpress.org\/plugins\/iframe\/ -->\n<iframe loading=\"lazy\" width=\"560\" height=\"315\" src=\"https:\/\/www.youtube.com\/embed\/DQEu74J-vrw\" scrolling=\"yes\" class=\"iframe-class\" frameborder=\"0\"><\/iframe>\n<\/div>\n<div><\/div>\n<div><\/div>\n<div><span style=\"font-family: arial, helvetica, sans-serif\">Esta es la actuaci\u00f3n en Eurovisi\u00f3n.<\/span><\/div>\n<div><\/div>\n<div><span style=\"font-family: arial, helvetica, sans-serif\">\n<!-- iframe plugin v.6.0 wordpress.org\/plugins\/iframe\/ -->\n<iframe loading=\"lazy\" width=\"560\" height=\"315\" src=\"https:\/\/www.youtube.com\/embed\/Q3KUujSf3t8\" scrolling=\"yes\" class=\"iframe-class\" frameborder=\"0\"><\/iframe>\n<\/span><\/div>\n<div><\/div>\n<div><\/div>\n<div style=\"text-align: justify\"><span style=\"font-family: arial, helvetica, sans-serif\"><em><img loading=\"lazy\" decoding=\"async\" class=\"alignleft\" src=\"https:\/\/pics.filmaffinity.com\/children_of_men-423341707-large.jpg\" width=\"176\" height=\"260\" \/><\/em>Pero <strong>Battiato<\/strong> se atreve con todo y en 2006 versiona nada menos que a los <strong>Rolling Stones<\/strong>. El resultado fue una versi\u00f3n bell\u00edsima de la canci\u00f3n de la banda, \u00ab<em>Ruby Tuesday\u00bb,<\/em><\/span><\/div>\n<div style=\"text-align: justify\"><span style=\"font-family: arial, helvetica, sans-serif\"><em><img loading=\"lazy\" decoding=\"async\" class=\"alignright\" src=\"https:\/\/1.bp.blogspot.com\/-E_0DwaEfI8Y\/XhQni9hbeMI\/AAAAAAAAIHU\/GSZ87vJEakkCugp_5zzhmdNkeuyPLkt-QCLcBGAsYHQ\/s1600\/The%2BRolling%2BStones%2B9.jpg\" width=\"252\" height=\"142\" \/><\/em><br \/>\nque ambientaba una de las escenas m\u00e1s emotivas de la pel\u00edcula de ciencia-ficci\u00f3n \u00ab<em>Hijos de los hombres\u00bb, <\/em>con el personaje de\u00a0<strong>Michael Caine<\/strong> afrontando su destino.<\/span><\/div>\n<div><\/div>\n<div><\/div>\n<div>\n<!-- iframe plugin v.6.0 wordpress.org\/plugins\/iframe\/ -->\n<iframe loading=\"lazy\" width=\"560\" height=\"315\" src=\"https:\/\/www.youtube.com\/embed\/s7R8TRO_zjA\" scrolling=\"yes\" class=\"iframe-class\" frameborder=\"0\"><\/iframe>\n<\/div>\n<div><\/div>\n<div>\n<p id=\"m218-217-219\" class=\"paragraph \" style=\"text-align: justify\"><span style=\"font-family: arial, helvetica, sans-serif\"><strong><img loading=\"lazy\" decoding=\"async\" class=\" alignleft\" src=\"https:\/\/pics.filmaffinity.com\/todas_las_canciones_hablan_de_mi-389898987-large.jpg\" width=\"184\" height=\"259\" \/>Jon\u00e1s Trueba<\/strong> dirigi\u00f3 la pel\u00edcula espa\u00f1ola \u00ab<em>Todas las canciones hablan de m\u00ed\u00bb <\/em>(2010),<br \/>\ny no trat\u00f3 de disimular que hab\u00eda mucho de \u00e9l en el protagonista, ese Ramiro (<strong>Oriol Vila<\/strong>) que de repente comprend\u00eda que \u00ab<em>La Stagione dell&#8217;Amore\u00bb<\/em> (o \u00ab<em>La estaci\u00f3n de los amores\u00bb<\/em>) era un temazo incre\u00edble.<\/span><\/p>\n<p id=\"m223-222-224\" class=\"paragraph \" style=\"text-align: justify\"><span style=\"font-family: arial, helvetica, sans-serif\"><em><img loading=\"lazy\" decoding=\"async\" class=\"alignright\" src=\"https:\/\/m.media-amazon.com\/images\/I\/71SLacdO4WL._SS500_.jpg\" width=\"200\" height=\"200\" \/>\u00abRamiro ten\u00eda la sensaci\u00f3n de que todo lo que le\u00eda ten\u00eda que ver con \u00e9l. Le pasaba algo parecido con la m\u00fasica; de pronto le gustaban canciones que hasta entonces le hab\u00edan parecido rid\u00edculas\u201d, <\/em>reflexionaba el narrador de la pel\u00edcula mientras el protagonista pon\u00eda el vinilo de \u00ab<em>Orizzonti Perduti\u00bb <\/em>(1983) y se dejaba llevar. Un cl\u00e1sico.<\/span><\/p>\n<\/div>\n<div style=\"text-align: justify\">\n<!-- iframe plugin v.6.0 wordpress.org\/plugins\/iframe\/ -->\n<iframe loading=\"lazy\" width=\"560\" height=\"315\" src=\"https:\/\/www.youtube.com\/embed\/zCM_jU8UbCw\" scrolling=\"yes\" class=\"iframe-class\" frameborder=\"0\"><\/iframe>\n<\/div>\n<div><\/div>\n<div><\/div>\n<div style=\"text-align: justify\"><span style=\"font-family: arial, helvetica, sans-serif\">Sin duda la mejor forma de recordar a <strong>Batiatto<\/strong> es a trav\u00e9s de su m\u00fasica, esta m\u00fasica que nunca dejar\u00e1 de estar junto a nosotros, esta m\u00fasica que nunca dejar\u00e1 de <i>ser <\/i>y que forma parte de nuestra memoria sentimental. Hasta siempre maestro.<\/span><\/div>\n<div><\/div>\n<div id=\"_wmass_5016\">\n<div id=\"jw-_50165016\"><\/div>\n<\/div>\n<div class=\"cli cli-advertisement\">\n<div id=\"cser_gpt-MPU4\" class=\"adspot-element ad-entry_paragraph_1\" data-google-query-id=\"CMuPyvLf0_ACFQodBgAdGnIM1A\"><img loading=\"lazy\" decoding=\"async\" class=\"alignnone\" src=\"https:\/\/img2.rtve.es\/a\/5907690?w=1600&amp;preview=1621358923315.jpg\" width=\"441\" height=\"295\" \/><\/div>\n<\/div>\n","protected":false},"excerpt":{"rendered":"<p>La m\u00fasica italiana, y la m\u00fasica en general, ha perdido una de sus figuras m\u00e1s ic\u00f3nicas. El cantante y compositor italiano Franco Battiato, fallec\u00eda en su casa de Milo (Sicilia) el pasado martes18 de mayo, a los 76 a\u00f1os.\u00a0 Battiato ha sido uno de los m\u00fasicos m\u00e1s importantes de la cultura europea. Cultiv\u00f3 diferentes estilos [&hellip;]<\/p>\n","protected":false},"author":334,"featured_media":0,"comment_status":"open","ping_status":"closed","sticky":false,"template":"","format":"standard","meta":{"footnotes":""},"categories":[11,13,2],"tags":[],"class_list":["post-3506","post","type-post","status-publish","format-standard","hentry","category-otras-bandas-sonoras-la-musica-de-las-series","category-rockeros-poperos-musicos-en-el-cine","category-ultimas-noticias"],"_links":{"self":[{"href":"https:\/\/edublog.educastur.es\/unamusicadecine\/wp-json\/wp\/v2\/posts\/3506","targetHints":{"allow":["GET"]}}],"collection":[{"href":"https:\/\/edublog.educastur.es\/unamusicadecine\/wp-json\/wp\/v2\/posts"}],"about":[{"href":"https:\/\/edublog.educastur.es\/unamusicadecine\/wp-json\/wp\/v2\/types\/post"}],"author":[{"embeddable":true,"href":"https:\/\/edublog.educastur.es\/unamusicadecine\/wp-json\/wp\/v2\/users\/334"}],"replies":[{"embeddable":true,"href":"https:\/\/edublog.educastur.es\/unamusicadecine\/wp-json\/wp\/v2\/comments?post=3506"}],"version-history":[{"count":113,"href":"https:\/\/edublog.educastur.es\/unamusicadecine\/wp-json\/wp\/v2\/posts\/3506\/revisions"}],"predecessor-version":[{"id":3695,"href":"https:\/\/edublog.educastur.es\/unamusicadecine\/wp-json\/wp\/v2\/posts\/3506\/revisions\/3695"}],"wp:attachment":[{"href":"https:\/\/edublog.educastur.es\/unamusicadecine\/wp-json\/wp\/v2\/media?parent=3506"}],"wp:term":[{"taxonomy":"category","embeddable":true,"href":"https:\/\/edublog.educastur.es\/unamusicadecine\/wp-json\/wp\/v2\/categories?post=3506"},{"taxonomy":"post_tag","embeddable":true,"href":"https:\/\/edublog.educastur.es\/unamusicadecine\/wp-json\/wp\/v2\/tags?post=3506"}],"curies":[{"name":"wp","href":"https:\/\/api.w.org\/{rel}","templated":true}]}}