{"id":3605,"date":"2021-06-02T09:27:15","date_gmt":"2021-06-02T07:27:15","guid":{"rendered":"https:\/\/edublog.educastur.es\/unamusicadecine\/?p=3605"},"modified":"2022-06-08T13:16:30","modified_gmt":"2022-06-08T11:16:30","slug":"compositores-romanticos-en-el-cine","status":"publish","type":"post","link":"https:\/\/edublog.educastur.es\/unamusicadecine\/2021\/06\/02\/compositores-romanticos-en-el-cine\/","title":{"rendered":"Compositores rom\u00e1nticos en el cine."},"content":{"rendered":"<p><img loading=\"lazy\" decoding=\"async\" class=\"size-thumbnail alignleft\" src=\"https:\/\/img2.freepng.es\/20180216\/biw\/kisspng-photographic-film-cinema-movie-projector-camera-5a86752a5cc0d2.4429891715187612583799.jpg\" width=\"130\" height=\"142\" \/><\/p>\n<p><img loading=\"lazy\" decoding=\"async\" class=\"alignnone\" src=\"https:\/\/musicadacapo.files.wordpress.com\/2013\/04\/romanticos_afectados_b.jpg\" width=\"335\" height=\"231\" \/><\/p>\n<p style=\"text-align: justify\"><span style=\"font-family: arial, helvetica, sans-serif\">\u00a1Cu\u00e1ntas veces hemos ido al cine y en alg\u00fan momento ha sonado una pieza de m\u00fasica cl\u00e1sica!! <\/span><span style=\"font-family: arial, helvetica, sans-serif\">Como estamos estudiando el periodo rom\u00e1ntico en 2\u00ba de ESO, vamos a ver una selecci\u00f3n de \u00a0ejemplos de m\u00fasica de esa \u00e9poca en el cine.<br \/>\n<\/span><\/p>\n<p style=\"text-align: justify\"><span style=\"color: #ff00ff;font-family: arial, helvetica, sans-serif\"><strong><img loading=\"lazy\" decoding=\"async\" class=\" alignleft\" src=\"https:\/\/r4.abcimg.es\/resizer\/resizer.php?imagen=https%3A%2F%2Fstatic2.abc.es%2Fmedia%2Fpeliculas%2F000%2F004%2F407%2Fel-gran-dictador-1.jpg&amp;nuevoancho=690&amp;medio=abc\" width=\"190\" height=\"281\" \/>Pel\u00edcula: \u201cEl Gran dictador\u201d (Chaplin, 1940). <\/strong><\/span><\/p>\n<p style=\"text-align: justify\"><strong><span style=\"font-family: arial, helvetica, sans-serif\"><span style=\"color: #ff00ff\">M\u00fasica rom\u00e1ntica: \u201cDanza h\u00fangara n\u00ba5\u201d. Autor: Brahms. <img loading=\"lazy\" decoding=\"async\" class=\"size-thumbnail alignright\" src=\"https:\/\/i.pinimg.com\/originals\/7f\/cf\/5b\/7fcf5b1f7bb2f2c9fbf9a8fd1288628d.jpg\" width=\"214\" height=\"120\" \/><br \/>\n<\/span><\/span><\/strong><\/p>\n<p>&nbsp;<\/p>\n<p>&nbsp;<\/p>\n<p style=\"text-align: justify\"><span style=\"font-family: arial, helvetica, sans-serif\"><strong>\u201cEl gran dictador\u201d\u00a0<\/strong>fue la primera pel\u00edcula sonora que dirigi\u00f3 e interpret\u00f3 el gran <strong>Charles Chaplin<\/strong>.<\/span><\/p>\n<p style=\"text-align: justify\"><span style=\"font-family: arial, helvetica, sans-serif\"><strong><img loading=\"lazy\" decoding=\"async\" class=\"size-thumbnail alignleft\" src=\"https:\/\/img2.freepng.es\/20180216\/biw\/kisspng-photographic-film-cinema-movie-projector-camera-5a86752a5cc0d2.4429891715187612583799.jpg\" width=\"80\" height=\"87\" \/><\/strong><strong>La escena:<\/strong> La secuencia transcurre en una barber\u00eda al ritmo de la \u201c<em>Danza h\u00fangara n\u00ba 5\u2033 <\/em>de <strong>Johannes Brahms<\/strong>, y en ella el inimitable <strong>Chaplin<\/strong>, aqu\u00ed en el papel de un barbero jud\u00edo, atiende a un cliente de una forma muy peculiar. No desvelar\u00e9 nada para que ve\u00e1is la secuencia. Inolvidable.<\/span><\/p>\n\n<!-- iframe plugin v.6.0 wordpress.org\/plugins\/iframe\/ -->\n<iframe loading=\"lazy\" width=\"560\" height=\"315\" src=\"https:\/\/www.youtube.com\/embed\/yY4DMTnbhsU\" scrolling=\"yes\" class=\"iframe-class\" frameborder=\"0\"><\/iframe>\n\n<p style=\"text-align: justify\"><span style=\"color: #ff00ff\"><strong><span style=\"font-family: arial, helvetica, sans-serif\"><img loading=\"lazy\" decoding=\"async\" class=\"size-thumbnail alignleft\" src=\"https:\/\/cdn.culturagenial.com\/es\/imagenes\/cartel-2001-0-cke.jpg\" width=\"190\" height=\"279\" \/>Pel\u00edcula: \u201c2001: Una odisea del espacio\u201d (Stanley Kubrick,1968). <\/span><\/strong><\/span><\/p>\n<p style=\"text-align: justify\"><span style=\"color: #ff00ff\"><strong><span style=\"font-family: arial, helvetica, sans-serif\">M\u00fasica rom\u00e1ntica: Vals \u201cEl Danubio Azul\u201d. Autor: Johann Strauss (hijo).<br \/>\n<\/span><\/strong><\/span><\/p>\n<p><strong><img loading=\"lazy\" decoding=\"async\" class=\"size-thumbnail alignright\" src=\"https:\/\/i.scdn.co\/image\/ab67616d0000b273542ffa6c58c487e1cc262b7d\" width=\"170\" height=\"170\" \/><\/strong><\/p>\n<p id=\"m205-204-206\" class=\"paragraph \" style=\"text-align: justify\"><span style=\"font-family: arial, helvetica, sans-serif\">Sin duda si hay un vals famoso es \u00e9ste. Compuesto\u00a0por <b>Johan Strauss <\/b>hijo en 1867, hoy en d\u00eda es la pieza omnipresente en el tradicional Concierto de A\u00f1o Nuevo de Viena.\u00a0<\/span><\/p>\n<p id=\"m210-209-211\" class=\"paragraph \" style=\"text-align: justify\"><span style=\"font-family: arial, helvetica, sans-serif\"><strong><img loading=\"lazy\" decoding=\"async\" class=\"size-thumbnail alignleft\" src=\"https:\/\/img2.freepng.es\/20180216\/biw\/kisspng-photographic-film-cinema-movie-projector-camera-5a86752a5cc0d2.4429891715187612583799.jpg\" width=\"80\" height=\"87\" \/>La escena:<\/strong> En este cl\u00e1sico de ciencia-ficci\u00f3n, el vals acompa\u00f1a los movimientos de las naves y la \u00f3rbita de la estaci\u00f3n espacial en medio de un inmenso fondo de estrellas. Esa sensaci\u00f3n de extrema ligereza de una escena que es casi una coreograf\u00eda, est\u00e1 en perfecta sinton\u00eda con tan refinada m\u00fasica de danza. Un cl\u00e1sico.<\/span><\/p>\n<p class=\"paragraph \" style=\"text-align: justify\"><span style=\"font-family: arial, helvetica, sans-serif\">\n<!-- iframe plugin v.6.0 wordpress.org\/plugins\/iframe\/ -->\n<iframe loading=\"lazy\" width=\"560\" height=\"315\" src=\"https:\/\/www.youtube.com\/embed\/0ZoSYsNADtY\" scrolling=\"yes\" class=\"iframe-class\" frameborder=\"0\"><\/iframe>\n\u00a0<\/span><\/p>\n<p style=\"text-align: justify\"><span style=\"font-family: arial, helvetica, sans-serif;color: #ff00ff\"><strong><img loading=\"lazy\" decoding=\"async\" class=\"size-thumbnail alignleft\" src=\"https:\/\/pics.filmaffinity.com\/Atrapado_por_su_pasado-858305393-large.jpg\" width=\"190\" height=\"269\" \/><\/strong><\/span><\/p>\n<p style=\"text-align: justify\"><span style=\"font-family: arial, helvetica, sans-serif;color: #ff00ff\"><strong>Pel\u00edcula: \u201cAtrapado por su pasado\u201d (Brian de Palma, 1994). <\/strong><\/span><\/p>\n<p style=\"text-align: justify\"><span style=\"font-family: arial, helvetica, sans-serif;color: #ff00ff\"><strong>M\u00fasica rom\u00e1ntica: \u201c<em>Dueto de las flores\u201d<\/em> de la \u00f3pera \u201c<em>Lakm\u00e9\u201d. Autor:\u00a0<\/em>L\u00e9o Delibes.<\/strong><\/span><\/p>\n<p><strong><img loading=\"lazy\" decoding=\"async\" class=\"size-thumbnail alignright\" src=\"https:\/\/i.ytimg.com\/vi\/5RSmu1f0gvE\/hqdefault.jpg\" width=\"180\" height=\"136\" \/><\/strong><\/p>\n<p style=\"text-align: justify\"><span style=\"font-family: arial, helvetica, sans-serif\">Excelente thriller de\u00a0 <strong>Brian de Palma<\/strong>. Gui\u00f3n brillante y\u00a0 excepcional reparto (<strong>Al Pacino<\/strong>, <strong>Sean Penn<\/strong>) que revaloriza una pel\u00edcula que destaca por sus cuidadas escenas y su sensible y complejo retrato de personajes.<\/span><\/p>\n<p style=\"text-align: justify\"><span style=\"font-family: arial, helvetica, sans-serif\"><strong><img loading=\"lazy\" decoding=\"async\" class=\"size-thumbnail alignleft\" src=\"https:\/\/img2.freepng.es\/20180216\/biw\/kisspng-photographic-film-cinema-movie-projector-camera-5a86752a5cc0d2.4429891715187612583799.jpg\" width=\"80\" height=\"87\" \/><\/strong><\/span><\/p>\n<p style=\"text-align: justify\"><span style=\"font-family: arial, helvetica, sans-serif\"><strong>La escena: <\/strong>En la lluviosa noche neoyorquina, nuestro protagonista <strong>(Al Pacino)\u00a0<\/strong>se refugia del aguacero cubri\u00e9ndose la cabeza y los hombros con la tapa met\u00e1lica de un cubo de la basura, mientras descubre desde una azotea a <b>Penelope Ann Miller <\/b>en la clase de danza que tiene lugar tras las iluminadas ventanas del edificio de enfrente. Una escena sutil, delicada, maravillosa, bell\u00edsima.<\/span><\/p>\n<p style=\"text-align: justify\"><span style=\"font-family: arial, helvetica, sans-serif\">\n<!-- iframe plugin v.6.0 wordpress.org\/plugins\/iframe\/ -->\n<iframe loading=\"lazy\" width=\"560\" height=\"315\" src=\"https:\/\/www.youtube.com\/embed\/fQCgplC2yg4\" scrolling=\"yes\" class=\"iframe-class\" frameborder=\"0\"><\/iframe>\n\u00a0<\/span><\/p>\n<p style=\"text-align: justify\"><span style=\"font-family: arial, helvetica, sans-serif;color: #ff00ff\"><strong><img loading=\"lazy\" decoding=\"async\" class=\"size-thumbnail alignleft\" src=\"https:\/\/encrypted-tbn3.gstatic.com\/images?q=tbn:ANd9GcQ0mMsAoyn5iUgDjWMwklkQqUzUdBW2csf0gemAnchzyAN-oHzV\" width=\"190\" height=\"285\" \/><\/strong><\/span><\/p>\n<p style=\"text-align: justify\"><span style=\"font-family: arial, helvetica, sans-serif;color: #ff00ff\"><strong>Pel\u00edcula: \u201cBilly Elliot\u201d (Stephen Daldry, 2000). <\/strong><\/span><\/p>\n<p style=\"text-align: justify\"><span style=\"font-family: arial, helvetica, sans-serif;color: #ff00ff\"><strong>M\u00fasica rom\u00e1ntica: Ballet \u201cEl lago de los cisnes\u201d.<em>\u00a0<\/em><span style=\"font-family: arial, helvetica, sans-serif;color: #ff00ff\">Autor: P.I.\u00a0<\/span><\/strong><b>Tchaikovsky. <img loading=\"lazy\" decoding=\"async\" class=\"size-thumbnail alignright\" src=\"https:\/\/lamusicagratis.com\/wp-content\/uploads\/2020\/03\/m%C3%BAsica-cl%C3%A1sica-el-lago-de-los-cisnes.jpg\" width=\"170\" height=\"170\" \/><\/b><\/span><\/p>\n<p style=\"text-align: justify\"><span style=\"font-family: arial, helvetica, sans-serif\">La pel\u00edcula de Billy Elliot relata la historia de un ni\u00f1o que descubre su pasi\u00f3n por la danza, esto le har\u00e1 librar una lucha contra los estereotipos y prejuicios de la sociedad del pueblo minero ingl\u00e9s en el que vive.<\/span><\/p>\n<p style=\"text-align: justify\"><span style=\"font-family: arial, helvetica, sans-serif\"><b><strong><img loading=\"lazy\" decoding=\"async\" class=\"size-thumbnail alignleft\" src=\"https:\/\/img2.freepng.es\/20180216\/biw\/kisspng-photographic-film-cinema-movie-projector-camera-5a86752a5cc0d2.4429891715187612583799.jpg\" width=\"80\" height=\"87\" \/><\/strong>La escena: <\/b>Catorce a\u00f1os despu\u00e9s,\u00a0Billy Elliot se ha convertido en un bailar\u00edn profesional. En la escena final de la pel\u00edcula, su padre, emocionado, y su hermano acuden al estreno del \u00ab<i>Lago de los Cisnes<\/i>\u00bb donde Billy es un bailar\u00edn profesional y como tal, hace una aparici\u00f3n estelar. Inolvidable escena.<\/span><\/p>\n<p style=\"text-align: justify\"><span style=\"font-family: arial, helvetica, sans-serif\">\n<!-- iframe plugin v.6.0 wordpress.org\/plugins\/iframe\/ -->\n<iframe loading=\"lazy\" width=\"560\" height=\"315\" src=\"https:\/\/www.youtube.com\/embed\/989pUycUqAg\" scrolling=\"yes\" class=\"iframe-class\" frameborder=\"0\"><\/iframe>\n\u00a0<\/span><\/p>\n<p><span style=\"font-family: arial, helvetica, sans-serif;color: #ff00ff\"><b><img loading=\"lazy\" decoding=\"async\" class=\"size-thumbnail alignleft\" src=\"https:\/\/amc-theatres-res.cloudinary.com\/v1583840291\/amc-cdn\/production\/2\/movies\/10100\/10084\/Poster\/p_800x1200_AMC_VforVendetta_03072020.jpg\" width=\"190\" height=\"285\" \/><\/b><\/span><\/p>\n<p style=\"text-align: justify\"><span style=\"font-family: arial, helvetica, sans-serif;color: #ff00ff\"><b>Pel\u00edcula: \u201cV de Vendetta\u201d (James McTeigue, 2005). <\/b><\/span><\/p>\n<p style=\"text-align: justify\"><span style=\"font-family: arial, helvetica, sans-serif;color: #ff00ff\"><b>M\u00fasica rom\u00e1ntica: Obertura 1812. Autor: P. I. Tchaikovsky. <img loading=\"lazy\" decoding=\"async\" class=\"size-thumbnail alignright\" src=\"http:\/\/2.bp.blogspot.com\/_KXw12gs_0hQ\/THuG01a5oxI\/AAAAAAAAFik\/wZu0ws1FDfI\/w1200-h630-p-k-no-nu\/1812.jpg\" width=\"150\" height=\"216\" \/><\/b><\/span><\/p>\n<p style=\"text-align: justify\"><span style=\"font-family: arial, helvetica, sans-serif\">La pel\u00edcula est\u00e1\u00a0basada en el c\u00f3mic hom\u00f3nimo de <b>Alan Moore<\/b> y <b>David Lloyd<\/b>. El argumento tiene lugar en Inglaterra, en un futuro ficticio, cuando el pa\u00eds se encuentra oprimido bajo un sistema dictatorial. Entretanto, un misterioso hombre enmascarado aparece con ansias de venganza y deseos de libertad.<\/span><\/p>\n<p style=\"text-align: justify\"><b><span style=\"font-family: arial, helvetica, sans-serif\"><strong><img loading=\"lazy\" decoding=\"async\" class=\"size-thumbnail alignleft\" src=\"https:\/\/img2.freepng.es\/20180216\/biw\/kisspng-photographic-film-cinema-movie-projector-camera-5a86752a5cc0d2.4429891715187612583799.jpg\" width=\"80\" height=\"87\" \/><\/strong>La escena: <\/span><\/b><span style=\"font-family: arial, helvetica, sans-serif\">Lo m\u00e1s emblem\u00e1tico\u00a0<\/span><span style=\"font-family: arial, helvetica, sans-serif\">de esta pel\u00edcula son los momentos en que se escucha la Obertura de\u00a0<b>Tchaikovsky.\u00a0<\/b><\/span><span style=\"font-family: arial, helvetica, sans-serif\">Secciones de esta obra suenan por todo Londres a trav\u00e9s de altavoces para deleite de personajes y espectadores. Con la m\u00fasica del compositor ruso como espectadora, la anarqu\u00eda triunfa y los edificios gubernamentales estallan en enormes explosiones hasta llegar al\u00a0<\/span><span style=\"font-family: arial, helvetica, sans-serif\">apote\u00f3sico final con la destrucci\u00f3n del Parlamento brit\u00e1nico. Sublime.<\/span><\/p>\n<p style=\"text-align: justify\"><span style=\"font-family: arial, helvetica, sans-serif\">\n<!-- iframe plugin v.6.0 wordpress.org\/plugins\/iframe\/ -->\n<iframe loading=\"lazy\" width=\"560\" height=\"315\" src=\"https:\/\/www.youtube.com\/embed\/BM7gYIBWGZo\" scrolling=\"yes\" class=\"iframe-class\" frameborder=\"0\"><\/iframe>\n\u00a0<\/span><\/p>\n<p style=\"text-align: justify\"><span style=\"color: #ff00ff;font-family: arial, helvetica, sans-serif\"><strong><img loading=\"lazy\" decoding=\"async\" class=\"size-thumbnail alignleft\" src=\"https:\/\/decine21.com\/img\/upload\/obras\/el-pianista-1631\/src\/el-pianista-1631-c.jpg\" width=\"190\" height=\"267\" \/><\/strong><\/span><\/p>\n<p style=\"text-align: justify\"><span style=\"color: #ff00ff;font-family: arial, helvetica, sans-serif\"><strong>Pel\u00edcula: \u201cEl pianista\u201d (Roman Polansky, 2002). <\/strong><\/span><\/p>\n<p style=\"text-align: justify\"><span style=\"color: #ff00ff;font-family: arial, helvetica, sans-serif\"><strong>M\u00fasica rom\u00e1ntica:\u00a0Balada n\u00ba1 para piano en sol menor op.23. Autor: Fr\u00e9d\u00e9ric Chopin. <img loading=\"lazy\" decoding=\"async\" class=\"size-thumbnail alignright\" src=\"https:\/\/images-na.ssl-images-amazon.com\/images\/I\/91iWH4M3xmL.jpg\" width=\"150\" height=\"202\" \/><\/strong><\/span><\/p>\n<p style=\"text-align: justify\"><span style=\"font-family: arial, helvetica, sans-serif\">Pel\u00edcula basada en hechos reales. <strong>Wladyslaw<\/strong><b> Szpilman, (Adri\u00e1n Brody)\u00a0<\/b>un brillante pianista polaco de origen jud\u00edo, vive con su familia en el ghetto de Varsovia. Cuando, en 1939, los alemanes invaden Polonia, consigue evitar la deportaci\u00f3n gracias a la ayuda de algunos amigos. Pero tendr\u00e1 que vivir escondido y completamente aislado durante mucho tiempo, y para sobrevivir tendr\u00e1 que afrontar constantes peligros.\u00a0<\/span><span style=\"font-family: arial, helvetica, sans-serif\"><strong>Adrien Brody<\/strong>\u00a0fue premiado con un Oscar al mejor actor. <\/span><\/p>\n<p style=\"text-align: justify\"><span style=\"font-family: arial, helvetica, sans-serif\"><b><strong><img loading=\"lazy\" decoding=\"async\" class=\"size-thumbnail alignleft\" src=\"https:\/\/img2.freepng.es\/20180216\/biw\/kisspng-photographic-film-cinema-movie-projector-camera-5a86752a5cc0d2.4429891715187612583799.jpg\" width=\"80\" height=\"87\" \/><\/strong>La escena: \u00a0<\/b><em>W\u0142adys\u0142aw <\/em><i>Szpilman\u00a0<\/i>interpreta al piano para un militar de las SS una <i>\u201cLa Balada n\u00ba 1\u201d<\/i> de<strong> Chopin.\u00a0<\/strong>Se trata de una escena que aunque se haya visto mil veces no deja de conmover<\/span>. <span style=\"font-family: arial, helvetica, sans-serif\">Por<\/span>\u00a0<span style=\"font-family: arial, helvetica, sans-serif\">encima de las diferencias irreconciliables entre un jud\u00edo y un nazi est\u00e1 el poder sobrenatural y la fuerza de la m\u00fasica.<br \/>\n<\/span><\/p>\n<p style=\"text-align: justify\"><span style=\"font-family: arial, helvetica, sans-serif\">\n<!-- iframe plugin v.6.0 wordpress.org\/plugins\/iframe\/ -->\n<iframe loading=\"lazy\" width=\"560\" height=\"315\" src=\"https:\/\/www.youtube.com\/embed\/lfgxJ8oY0B4\" scrolling=\"yes\" class=\"iframe-class\" frameborder=\"0\"><\/iframe>\n\u00a0<\/span><\/p>\n<p style=\"text-align: justify\"><span style=\"font-family: arial, helvetica, sans-serif;color: #ff00ff\"><strong><img loading=\"lazy\" decoding=\"async\" class=\"size-thumbnail alignleft\" src=\"https:\/\/upload.wikimedia.org\/wikipedia\/en\/thumb\/d\/d3\/Five_easy_pieces.jpg\/220px-Five_easy_pieces.jpg\" width=\"190\" height=\"290\" \/>Pel\u00edcula: \u201cCinco piezas f\u00e1ciles\u201d (Bob Rafelson, 1970). <\/strong><\/span><\/p>\n<p style=\"text-align: justify\"><span style=\"font-family: arial, helvetica, sans-serif;color: #ff00ff\"><strong>M\u00fasica rom\u00e1ntica: Preludio en mi menor, op. 28 n\u00b04. Autor: Fr\u00e9d\u00e9ric Chopin. <\/strong><\/span><\/p>\n<p style=\"text-align: justify\"><span style=\"font-family: arial, helvetica, sans-serif;color: #ff00ff\"><strong><span style=\"font-family: arial, helvetica, sans-serif\"><img loading=\"lazy\" decoding=\"async\" class=\"size-thumbnail alignright\" src=\"https:\/\/zitabs.com.ar\/wp-content\/uploads\/2019\/09\/Preludio-No.4-Chopin-Portada_SLIDER.jpg\" width=\"150\" height=\"212\" \/><\/span><\/strong><\/span><\/p>\n<p style=\"text-align: justify\"><span style=\"font-family: arial, helvetica, sans-serif\">Drama que centra su atenci\u00f3n en un m\u00fasico de indudable talento y desordenados sentimientos que abandona su carrera musical y su mundo familiar para trabajar en una refiner\u00eda.<\/span><\/p>\n<p><span style=\"font-family: arial, helvetica, sans-serif\"><b><strong><img loading=\"lazy\" decoding=\"async\" class=\"size-thumbnail alignleft\" src=\"https:\/\/img2.freepng.es\/20180216\/biw\/kisspng-photographic-film-cinema-movie-projector-camera-5a86752a5cc0d2.4429891715187612583799.jpg\" width=\"80\" height=\"87\" \/><\/strong><\/b><\/span><\/p>\n<p style=\"text-align: justify\"><span style=\"font-family: arial, helvetica, sans-serif\"><b>La escena:<\/b> Cuando llega <i>el \u201cPreludio en mi menor\u201d<\/i>, interpretado por el personaje de <b>Nicholson<\/b> en su antigua sala de m\u00fasica familiar despu\u00e9s de muchos a\u00f1os de distanciamiento, el tiempo de alguna manera parece detenerse para su interpretaci\u00f3n, una marca del l\u00fagubre e introvertido genio de la pieza.<\/span><\/p>\n<p style=\"text-align: justify\"><span style=\"font-family: arial, helvetica, sans-serif\">\n<!-- iframe plugin v.6.0 wordpress.org\/plugins\/iframe\/ -->\n<iframe loading=\"lazy\" width=\"560\" height=\"315\" src=\"https:\/\/www.youtube.com\/embed\/CbUvLbgnxIQ\" scrolling=\"yes\" class=\"iframe-class\" frameborder=\"0\"><\/iframe>\n\u00a0<\/span><\/p>\n<p style=\"text-align: justify\"><span style=\"color: #ff00ff;font-family: arial, helvetica, sans-serif\"><strong><img loading=\"lazy\" decoding=\"async\" class=\"size-thumbnail alignleft\" src=\"https:\/\/upload.wikimedia.org\/wikipedia\/en\/5\/51\/Catconcertotitle.jpg\" width=\"190\" height=\"297\" \/><\/strong><\/span><\/p>\n<p style=\"text-align: justify\"><span style=\"color: #ff00ff;font-family: arial, helvetica, sans-serif\"><strong>Cortometraje animado: <\/strong><\/span><span style=\"color: #ff00ff;font-family: arial, helvetica, sans-serif\"><strong>\u201cThe Cat Concerto\u201d (1946).<\/strong><\/span><\/p>\n<p style=\"text-align: justify\"><span style=\"color: #ff00ff;font-family: arial, helvetica, sans-serif\"><strong> M\u00fasica rom\u00e1ntica: <\/strong><\/span><span style=\"color: #ff00ff;font-family: arial, helvetica, sans-serif\"><strong>Rapsodia h\u00fangara n\u00ba2. Autor: Franz Liszt. <img loading=\"lazy\" decoding=\"async\" class=\"size-thumbnail alignright\" src=\"https:\/\/s.mxmcdn.net\/images-storage\/albums5\/6\/1\/4\/0\/3\/4\/33430416_500_500.jpg\" width=\"170\" height=\"170\" \/><\/strong><\/span><\/p>\n<p style=\"text-align: justify\"><span style=\"font-family: arial, helvetica, sans-serif\">El famoso pianista chino <b>Lang Lang<\/b> cont\u00f3 que entr\u00f3 en el mundo del piano cuando ten\u00eda s\u00f3lo 3 a\u00f1os viendo el corto de <strong>Tom y Jerry <\/strong>en el que sonaba la <em>\u00abRapsodia h\u00fangara\u00bb<\/em> de<strong> Franz Liszt<\/strong>.<\/span><\/p>\n<p><span style=\"font-family: arial, helvetica, sans-serif\">Esta animaci\u00f3n gan\u00f3 el <strong>\u00d3scar al mejor cortometraje animado de 1946<\/strong>.<\/span><\/p>\n<p style=\"text-align: justify\"><span style=\"font-family: arial, helvetica, sans-serif\"><b><strong><img loading=\"lazy\" decoding=\"async\" class=\"size-thumbnail alignleft\" src=\"https:\/\/img2.freepng.es\/20180216\/biw\/kisspng-photographic-film-cinema-movie-projector-camera-5a86752a5cc0d2.4429891715187612583799.jpg\" width=\"80\" height=\"87\" \/><\/strong>El corto:<\/b> \u00a0<\/span><span style=\"font-family: arial, helvetica, sans-serif\">La trama gira en torno a un concierto formal, donde <b>Tom<\/b>, un virtuoso del piano, est\u00e1 dando un recital. <b>Jerry<\/b>, que esta durmiendo dentro del piano, es despertado bruscamente por la m\u00fasica. El rat\u00f3n sube y comienza a dirigir a Tom con las manos, pero Tom no tolera esto y quita r\u00e1pidamente a Jerry del piano. As\u00ed comienza el conflicto entre el gato y el rat\u00f3n que se mantiene durante el cortometraje. Tom contin\u00faa tocando sin interrupciones solo hasta que Jerry las provoca. Magistral.<\/span><\/p>\n<p style=\"text-align: justify\"><span style=\"font-family: arial, helvetica, sans-serif\">\n<!-- iframe plugin v.6.0 wordpress.org\/plugins\/iframe\/ -->\n<iframe loading=\"lazy\" width=\"560\" height=\"315\" src=\"https:\/\/www.youtube.com\/embed\/QpEfHVFilRc\" scrolling=\"yes\" class=\"iframe-class\" frameborder=\"0\"><\/iframe>\n <\/span><\/p>\n<p style=\"text-align: justify\"><span style=\"font-family: arial, helvetica, sans-serif\">Una vez m\u00e1s vemos en este post como la m\u00fasica cl\u00e1sica ha formado y formar\u00e1 parte de muchas de las bandas sonoras de grandes pel\u00edculas, contribuyendo a engrandecerlas.<br \/>\n<\/span><\/p>\n<p style=\"text-align: center\"><strong><span style=\"font-family: arial, helvetica, sans-serif;color: #0000ff\">ACTIVIDAD<\/span>\u00a0<img loading=\"lazy\" decoding=\"async\" class=\"alignnone size-thumbnail wp-image-4192\" src=\"http:\/\/edublog.educastur.es\/unamusicadecine\/files\/2021\/09\/avatar-150x150.jpeg\" alt=\"\" width=\"150\" height=\"150\" \/><\/strong><\/p>\n<ol>\n<li><strong><span style=\"font-family: arial, helvetica, sans-serif\">Enumera los compositores rom\u00e1nticos del post.<\/span><\/strong><\/li>\n<li style=\"text-align: justify\"><strong><span style=\"font-family: arial, helvetica, sans-serif\">\u00bfQu\u00e9 compositor rom\u00e1ntico se escucha en un cortometraje animado? \u00bfCu\u00e1l es el t\u00edtulo de la obra? \u00bfQu\u00e9 famoso pianista entr\u00f3 en el mundo del piano gracias a este corto? \u00bfQu\u00e9 premio obtuvo el corto y en qu\u00e9 a\u00f1o?<\/span><\/strong><\/li>\n<li style=\"text-align: justify\"><strong><span style=\"font-family: arial, helvetica, sans-serif\">\u00bfQu\u00e9 pel\u00edcula del post transcurre bajo los sones de la famosa <em>\u201c<\/em><\/span><\/strong><strong><span style=\"font-family: arial, helvetica, sans-serif\"><em>Danza h\u00fangara n\u00ba 5\u2033<\/em>? \u00bfQui\u00e9n es el autor de la obra? \u00bfQu\u00e9 aporta la m\u00fasica a la escena?<\/span><\/strong><em><br \/>\n<\/em><\/li>\n<li style=\"text-align: justify\"><span style=\"font-family: arial, helvetica, sans-serif\"><strong>\u00bfQu\u00e9 obra del post sirvi\u00f3 como fondo sonoro de un cl\u00e1sico de ciencia-ficci\u00f3n? \u00bfQui\u00e9n es el compositor rom\u00e1ntico de la obra? \u00bfQu\u00e9 crees que aporta la m\u00fasica a la escena?<br \/>\n<\/strong><\/span><\/li>\n<li style=\"text-align: justify\"><strong><span style=\"font-family: arial, helvetica, sans-serif\">\u00bfQu\u00e9 ballet se utiliza en una de las pel\u00edculas del post? \u00bfQui\u00e9n es el compositor? \u00bfCu\u00e1l es la pel\u00edcula?<\/span><\/strong><\/li>\n<li style=\"text-align: justify\"><span style=\"font-family: arial, helvetica, sans-serif\"><strong>\u00bfQu\u00e9 compositor, que es conocido como el maestro del piano rom\u00e1ntico, aparece dos veces en el post de romanticismo? \u00bfCu\u00e1les son las dos obras que se escuchan? \u00bfEn cu\u00e1l de las dos pel\u00edculas se observa que la m\u00fasica puede unir a personas de ideolog\u00edas opuestas? \u00bfQu\u00e9 crees que aporta la m\u00fasica a la escena?<\/strong><\/span><\/li>\n<li style=\"text-align: justify\"><strong><span style=\"font-family: arial, helvetica, sans-serif\">\u00bfEn qu\u00e9 pel\u00edcula del post se usa la m\u00fasica para provocar el caos y la destrucci\u00f3n? \u00bfCu\u00e1l es la obra y el compositor?<\/span><\/strong><\/li>\n<li style=\"text-align: justify\"><span style=\"font-family: arial, helvetica, sans-serif\"><strong>\u00bfQu\u00e9 pel\u00edcula del post tiene una escena que se desarrolla en una lluviosa noche neoyorquina? \u00bfQu\u00e9 obra y autor se escucha de fondo sonoro?<\/strong><\/span><\/li>\n<li><strong><span style=\"font-family: arial, helvetica, sans-serif\">Explica lo que te ha aportado este post.<\/span><\/strong><\/li>\n<\/ol>\n<p>&nbsp;<\/p>\n","protected":false},"excerpt":{"rendered":"<p>\u00a1Cu\u00e1ntas veces hemos ido al cine y en alg\u00fan momento ha sonado una pieza de m\u00fasica cl\u00e1sica!! Como estamos estudiando el periodo rom\u00e1ntico en 2\u00ba de ESO, vamos a ver una selecci\u00f3n de \u00a0ejemplos de m\u00fasica de esa \u00e9poca en el cine. Pel\u00edcula: \u201cEl Gran dictador\u201d (Chaplin, 1940). M\u00fasica rom\u00e1ntica: \u201cDanza h\u00fangara n\u00ba5\u201d. Autor: Brahms. [&hellip;]<\/p>\n","protected":false},"author":334,"featured_media":0,"comment_status":"closed","ping_status":"closed","sticky":false,"template":"","format":"standard","meta":{"footnotes":""},"categories":[4,9,13],"tags":[],"class_list":["post-3605","post","type-post","status-publish","format-standard","hentry","category-evolucion-de-la-musica-de-cine","category-musica-prestada-al-cine","category-rockeros-poperos-musicos-en-el-cine"],"_links":{"self":[{"href":"https:\/\/edublog.educastur.es\/unamusicadecine\/wp-json\/wp\/v2\/posts\/3605","targetHints":{"allow":["GET"]}}],"collection":[{"href":"https:\/\/edublog.educastur.es\/unamusicadecine\/wp-json\/wp\/v2\/posts"}],"about":[{"href":"https:\/\/edublog.educastur.es\/unamusicadecine\/wp-json\/wp\/v2\/types\/post"}],"author":[{"embeddable":true,"href":"https:\/\/edublog.educastur.es\/unamusicadecine\/wp-json\/wp\/v2\/users\/334"}],"replies":[{"embeddable":true,"href":"https:\/\/edublog.educastur.es\/unamusicadecine\/wp-json\/wp\/v2\/comments?post=3605"}],"version-history":[{"count":103,"href":"https:\/\/edublog.educastur.es\/unamusicadecine\/wp-json\/wp\/v2\/posts\/3605\/revisions"}],"predecessor-version":[{"id":7266,"href":"https:\/\/edublog.educastur.es\/unamusicadecine\/wp-json\/wp\/v2\/posts\/3605\/revisions\/7266"}],"wp:attachment":[{"href":"https:\/\/edublog.educastur.es\/unamusicadecine\/wp-json\/wp\/v2\/media?parent=3605"}],"wp:term":[{"taxonomy":"category","embeddable":true,"href":"https:\/\/edublog.educastur.es\/unamusicadecine\/wp-json\/wp\/v2\/categories?post=3605"},{"taxonomy":"post_tag","embeddable":true,"href":"https:\/\/edublog.educastur.es\/unamusicadecine\/wp-json\/wp\/v2\/tags?post=3605"}],"curies":[{"name":"wp","href":"https:\/\/api.w.org\/{rel}","templated":true}]}}