{"id":362,"date":"2020-09-21T20:45:20","date_gmt":"2020-09-21T18:45:20","guid":{"rendered":"https:\/\/edublog.educastur.es\/unamusicadecine\/?p=362"},"modified":"2025-03-23T20:44:04","modified_gmt":"2025-03-23T18:44:04","slug":"piratas-del-caribe","status":"publish","type":"post","link":"https:\/\/edublog.educastur.es\/unamusicadecine\/2020\/09\/21\/piratas-del-caribe\/","title":{"rendered":"Una banda sonora de corsarios. PIRATAS DEL CARIBE."},"content":{"rendered":"<p align=\"justify\"><img loading=\"lazy\" decoding=\"async\" class=\"size-thumbnail aligncenter\" src=\"https:\/\/i.pinimg.com\/originals\/d5\/97\/ad\/d597adf68e183cf18bb89ebcc8aab00d.jpg\" width=\"600\" height=\"500\" \/><\/p>\n<p align=\"justify\"><span style=\"font-family: arial, helvetica, sans-serif\">El compositor alem\u00e1n\u00a0<strong>Hans Zimmer<\/strong><\/span><\/p>\n<p align=\"justify\"><span style=\"font-family: arial, helvetica, sans-serif\">\u00a0<img loading=\"lazy\" decoding=\"async\" class=\"alignleft\" src=\"http:\/\/3.bp.blogspot.com\/-chTv6auctj4\/UBrb6G8ZcbI\/AAAAAAAAEIw\/t8oMjhgpx9I\/s1600\/image-184990-galleryV9-zptw.jpg\" width=\"350\" height=\"161\" \/><\/span><\/p>\n<p style=\"text-align: justify\" align=\"justify\"><span style=\"font-family: arial, helvetica, sans-serif\">es el autor de la banda sonora de la tetralog\u00eda de \u201c<i>Piratas del Caribe<\/i>\u201d. Est\u00e1 considerado un pionero en la integraci\u00f3n de m\u00fasica electr\u00f3nica y arreglos orquestales tradicionales. Hoy en d\u00eda es un autor indispensable dentro de la m\u00fasica de cine.<\/span><\/p>\n<p style=\"text-align: justify\" align=\"left\"><span style=\"font-family: arial, helvetica, sans-serif\">De entre los premios que ha obtenido, destaca el merecido \u00d3scar a la mejor banda sonora por \u201c<i>El rey le\u00f3n<\/i>\u201d (1995) donde nos transport\u00f3 con su inolvidable m\u00fasica\u00a0a la sabana africana.<\/span><\/p>\n<p align=\"justify\"><span style=\"font-family: arial, helvetica, sans-serif\">Vamos a hacer un breve recorrido por el universo sonoro de la saga de piratas m\u00e1s famosa.<\/span><\/p>\n<ul>\n<li><span style=\"font-family: arial, helvetica, sans-serif\">\u00a0<strong><span style=\"color: #0000ff\">Piratas del Caribe, la maldici\u00f3n de la perla negra<\/span><br \/>\n<\/strong><\/span><\/li>\n<\/ul>\n<p style=\"text-align: justify\"><span style=\"font-family: arial, helvetica, sans-serif\"><img loading=\"lazy\" decoding=\"async\" src=\"http:\/\/t2.gstatic.com\/images?q=tbn:ANd9GcQmtZo5irm-k9Z4_hJs_s00hQfdDniDOmFqqn1JnzmAHhanCDcW9Q\" width=\"192\" height=\"262\" \/>\u00a0\u00a0es la primera pel\u00edcula de la tetralog\u00eda y cuenta con un protagonista indiscutible, el pirata m\u00e1s famoso del cine, <strong>Jack Sparrow<\/strong>\u00a0(Johny Deep).<strong>\u00a0<\/strong><\/span><\/p>\n<p><span style=\"font-family: arial, helvetica, sans-serif\"><img loading=\"lazy\" decoding=\"async\" class=\"alignnone\" src=\"https:\/\/vignette.wikia.nocookie.net\/disney\/images\/7\/7c\/Jack_Sparrow_OST_Textless_Poster.jpg\/revision\/latest?cb=20190103162815\" width=\"160\" height=\"170\" \/><\/span><\/p>\n<p align=\"justify\"><span style=\"font-family: arial, helvetica, sans-serif\">Aqu\u00ed ten\u00e9is el archiconocido tema musical que aparece a lo largo de la pel\u00edcula.<\/span><\/p>\n<p align=\"justify\">\n<!-- iframe plugin v.6.0 wordpress.org\/plugins\/iframe\/ -->\n<iframe loading=\"lazy\" width=\"560\" height=\"315\" src=\"https:\/\/www.youtube.com\/embed\/fqipFgNJ_vw\" scrolling=\"yes\" class=\"iframe-class\" frameborder=\"0\"><\/iframe>\n<\/p>\n<ul>\n<li style=\"text-align: justify\"><span style=\"font-family: arial, helvetica, sans-serif;color: #0000ff\"><strong>Piratas del Caribe, el cofre del hombre muerto\u00a0<\/strong><\/span><\/li>\n<\/ul>\n<p align=\"justify\"><strong>\u00a0 \u00a0 <img loading=\"lazy\" decoding=\"async\" class=\"\" src=\"https:\/\/images.justwatch.com\/poster\/101333555\/s592\" alt=\"Piratas del Caribe: El cofre del hombre muerto online\" width=\"191\" height=\"272\" \/> <\/strong><span style=\"font-family: arial, helvetica, sans-serif\">Esta segunda pel\u00edcula recibi\u00f3 el \u00d3scar en \u00a0el a\u00f1o 2006 a los mejores efectos especiales. Contin\u00faan las aventuras de estos singulares corsarios enfrentados esta vez a Kraken, el malvado monstruo de los tent\u00e1culos. \u00a0<img loading=\"lazy\" decoding=\"async\" src=\"http:\/\/img.photobucket.com\/albums\/v153\/rodaballo\/Weblog\/DavyJones.jpg\" width=\"160\" height=\"140\" \/><\/span><\/p>\n<p><span style=\"font-family: arial, helvetica, sans-serif\">Este es un tema musical lleno de fuerza \u00a0y emoci\u00f3n.<\/span><\/p>\n<p><span style=\"font-family: arial, helvetica, sans-serif\">\n<!-- iframe plugin v.6.0 wordpress.org\/plugins\/iframe\/ -->\n<iframe loading=\"lazy\" width=\"560\" height=\"315\" src=\"https:\/\/www.youtube.com\/embed\/9hftBg4oZWQ\" scrolling=\"yes\" class=\"iframe-class\" frameborder=\"0\"><\/iframe>\n<\/span><\/p>\n<ul>\n<li><span style=\"font-family: arial, helvetica, sans-serif\"><strong><span style=\"color: #0000ff\">Piratas del Caribe 3: En el fin del mundo<\/span><br \/>\n<\/strong><\/span><\/li>\n<\/ul>\n<p style=\"text-align: justify\"><span style=\"font-family: arial, helvetica, sans-serif\"><img loading=\"lazy\" decoding=\"async\" src=\"https:\/\/1.bp.blogspot.com\/-XnELIk664t4\/XtvK1t3LXMI\/AAAAAAAABSE\/SV96xIY5NEsKYxwl_PA5dcRGdk8QF_2IgCLcBGAsYHQ\/s1600\/piratas3.jpg\" width=\"190\" height=\"260\" \/> <\/span><span style=\"font-family: arial, helvetica, sans-serif\">Esta vez Singapur ser\u00e1 el nuevo escenario donde se sit\u00faa la acci\u00f3n y \u00a0la m\u00fasica fluye en perfecta armon\u00eda con la imagen.<\/span><\/p>\n<p><span style=\"font-family: arial, helvetica, sans-serif\">\n<!-- iframe plugin v.6.0 wordpress.org\/plugins\/iframe\/ -->\n<iframe loading=\"lazy\" width=\"560\" height=\"315\" src=\"https:\/\/www.youtube.com\/embed\/7rWeA4z42nA\" scrolling=\"yes\" class=\"iframe-class\" frameborder=\"0\"><\/iframe>\n<\/span><\/p>\n<ul style=\"list-style-type: disc\">\n<li><span style=\"font-family: arial, helvetica, sans-serif\"><strong><span style=\"color: #0000ff\">Piratas del Caribe 4: En mareas misteriosas.<\/span><br \/>\n<\/strong><\/span><\/li>\n<\/ul>\n<p align=\"justify\"><span style=\"font-family: arial, helvetica, sans-serif\"><strong>\u00a0<\/strong><img loading=\"lazy\" decoding=\"async\" src=\"http:\/\/www.elseptimoarte.net\/carteles\/207\/piratas_del_caribe_en_mareas_misteriosas_9268.jpg\" width=\"192\" height=\"262\" \/> Contin\u00faan las aventuras de los corsarios, adem\u00e1s Jack se cruzar\u00e1 con una mujer de su pasado (Pen\u00e9lope Cruz), y caer\u00e1 en manos de Barbanegra. Todo ello unido a la fuerza de su banda sonora.<\/span><\/p>\n<p align=\"justify\"><span style=\"font-family: arial, helvetica, sans-serif\">\n<!-- iframe plugin v.6.0 wordpress.org\/plugins\/iframe\/ -->\n<iframe loading=\"lazy\" width=\"560\" height=\"315\" src=\"https:\/\/www.youtube.com\/embed\/oP3WEdCbwdQ\" scrolling=\"yes\" class=\"iframe-class\" frameborder=\"0\"><\/iframe>\n\u00a0<\/span><\/p>\n<p align=\"justify\"><img loading=\"lazy\" decoding=\"async\" class=\"size-thumbnail aligncenter\" src=\"https:\/\/downloadwap.com\/thumbs3\/screensavers\/d\/new\/movies\/pirates_of_the_caribbean-273692.gif\" width=\"250\" height=\"186\" \/><\/p>\n<p align=\"justify\">\n","protected":false},"excerpt":{"rendered":"<p>El compositor alem\u00e1n\u00a0Hans Zimmer \u00a0 es el autor de la banda sonora de la tetralog\u00eda de \u201cPiratas del Caribe\u201d. Est\u00e1 considerado un pionero en la integraci\u00f3n de m\u00fasica electr\u00f3nica y arreglos orquestales tradicionales. Hoy en d\u00eda es un autor indispensable dentro de la m\u00fasica de cine. De entre los premios que ha obtenido, destaca el [&hellip;]<\/p>\n","protected":false},"author":334,"featured_media":0,"comment_status":"open","ping_status":"open","sticky":false,"template":"","format":"standard","meta":{"footnotes":""},"categories":[3],"tags":[],"class_list":["post-362","post","type-post","status-publish","format-standard","hentry","category-comentamos-una-banda-sonora"],"_links":{"self":[{"href":"https:\/\/edublog.educastur.es\/unamusicadecine\/wp-json\/wp\/v2\/posts\/362","targetHints":{"allow":["GET"]}}],"collection":[{"href":"https:\/\/edublog.educastur.es\/unamusicadecine\/wp-json\/wp\/v2\/posts"}],"about":[{"href":"https:\/\/edublog.educastur.es\/unamusicadecine\/wp-json\/wp\/v2\/types\/post"}],"author":[{"embeddable":true,"href":"https:\/\/edublog.educastur.es\/unamusicadecine\/wp-json\/wp\/v2\/users\/334"}],"replies":[{"embeddable":true,"href":"https:\/\/edublog.educastur.es\/unamusicadecine\/wp-json\/wp\/v2\/comments?post=362"}],"version-history":[{"count":6,"href":"https:\/\/edublog.educastur.es\/unamusicadecine\/wp-json\/wp\/v2\/posts\/362\/revisions"}],"predecessor-version":[{"id":8945,"href":"https:\/\/edublog.educastur.es\/unamusicadecine\/wp-json\/wp\/v2\/posts\/362\/revisions\/8945"}],"wp:attachment":[{"href":"https:\/\/edublog.educastur.es\/unamusicadecine\/wp-json\/wp\/v2\/media?parent=362"}],"wp:term":[{"taxonomy":"category","embeddable":true,"href":"https:\/\/edublog.educastur.es\/unamusicadecine\/wp-json\/wp\/v2\/categories?post=362"},{"taxonomy":"post_tag","embeddable":true,"href":"https:\/\/edublog.educastur.es\/unamusicadecine\/wp-json\/wp\/v2\/tags?post=362"}],"curies":[{"name":"wp","href":"https:\/\/api.w.org\/{rel}","templated":true}]}}