{"id":368,"date":"2020-09-21T20:56:33","date_gmt":"2020-09-21T18:56:33","guid":{"rendered":"https:\/\/edublog.educastur.es\/unamusicadecine\/?p=368"},"modified":"2026-04-23T08:36:37","modified_gmt":"2026-04-23T06:36:37","slug":"los-chicos-del-coro","status":"publish","type":"post","link":"https:\/\/edublog.educastur.es\/unamusicadecine\/2020\/09\/21\/los-chicos-del-coro\/","title":{"rendered":"LOS CHICOS DEL CORO"},"content":{"rendered":"<p align=\"justify\"><img loading=\"lazy\" decoding=\"async\" class=\"aligncenter\" src=\"https:\/\/pics.filmaffinity.com\/les_choristes-262389484-large.jpg\" width=\"334\" height=\"446\" \/><\/p>\n<p align=\"justify\"><span style=\"font-family: arial, helvetica, sans-serif\">En 1\u00ba de ESO estamos dando el tema de \u00abLa Voz y las Agrupaciones Vocales\u00bb, por ello, vamos a trabajar <\/span><span style=\"font-family: arial, helvetica, sans-serif\">en este post a partir de una pel\u00edcula que nos permitir\u00e1 escuchar y disfrutar con las canciones interpretadas por un coro de voces blancas, que se llama as\u00ed, porque sus integrantes son ni\u00f1os a los que todav\u00eda no les ha cambiado la voz.\u00a0<img loading=\"lazy\" decoding=\"async\" class=\"alignnone\" src=\"https:\/\/musicameruelo.files.wordpress.com\/2010\/10\/captura-de-pantalla-2010-11-06-a-las-21-15-08.png\" alt=\"\" width=\"292\" height=\"152\" \/><\/span><\/p>\n<p style=\"text-align: justify\" align=\"justify\"><span style=\"font-family: arial, helvetica, sans-serif\">La pel\u00edcula \u201cLos chicos del coro\u201d nos cuenta una historia preciosa, unos ni\u00f1os \u00abdif\u00edciles\u00bb, en su mayor\u00eda hu\u00e9rfanos, est\u00e1n recluidos en un internado para su \u00abreeducaci\u00f3n\u00bb. All\u00ed llegar\u00e1 un vigilante, Clement Mathieu, (<strong>G\u00e9rard Jugnot<\/strong>) <img loading=\"lazy\" decoding=\"async\" class=\"alignleft\" src=\"https:\/\/educomunicacion.es\/cineyeducacion\/0%20Imagenescine\/coro97.gif\" alt=\"\" width=\"234\" height=\"158\" \/>cuya pasi\u00f3n es la m\u00fasica. Este hombre, m\u00fasico vocacional, utilizar\u00e1 el arte del canto para motivar a los alumnos, y les abrir\u00e1 un nuevo mundo gracias al poder de la m\u00fasica. Por primera vez se sentir\u00e1n orgullosos de pertenecer a un grupo.<\/span><\/p>\n<p align=\"justify\"><span style=\"font-family: arial, helvetica, sans-serif\"><img loading=\"lazy\" decoding=\"async\" class=\"alignright\" src=\"https:\/\/cineyamigosparacompartir.files.wordpress.com\/2019\/12\/christophe-barratier-1.jpg\" alt=\"\" width=\"150\" height=\"225\" \/><\/span><\/p>\n<p align=\"justify\"><span style=\"font-family: arial, helvetica, sans-serif\">La pel\u00edcula estuvo nominada a los \u00d3scars de ese a\u00f1o (2004) y su director\u00a0<strong>Christophe Barratier<\/strong>\u00a0 cuenta que la pel\u00edcula tiene tintes autobiogr\u00e1ficos.<\/span><\/p>\n<p align=\"justify\"><span style=\"font-family: arial, helvetica, sans-serif\"><img loading=\"lazy\" decoding=\"async\" class=\"size-thumbnail alignleft\" src=\"https:\/\/upload.wikimedia.org\/wikipedia\/commons\/b\/b2\/Bruno_Coulais_2013.jpg\" width=\"150\" height=\"228\" \/><\/span><\/p>\n<p align=\"justify\"><span style=\"font-family: arial, helvetica, sans-serif\"><a href=\"https:\/\/edublog.educastur.es\/unamusicadecine\/2021\/01\/27\/wolfwalkers-la-magia-de-la-animacion-y-de-la-musica-de-bruno-coulais\/\"><strong>Bruno Coulais<\/strong><\/a>, compositor franc\u00e9s, es el autor de la m\u00fasica de la pel\u00edcula, la gran protagonista sin duda.<\/span><\/p>\n<p style=\"text-align: justify\" align=\"justify\"><img loading=\"lazy\" decoding=\"async\" class=\"alignleft\" src=\"http:\/\/www.estoeselche.com\/privado\/img\/1530286011-Las%20voces%20del%20coro%20cartel%202.jpg\" width=\"283\" height=\"178\" \/><\/p>\n<p style=\"text-align: justify\" align=\"justify\"><span style=\"font-family: arial, helvetica, sans-serif\">El coro que interpreta con maestr\u00eda los temas, se trata del coro de <strong>Saint Marc en Ly\u00f3n<\/strong>, dirigido por <b>Nicolas Porte<\/b>, quien ha\u00a0<span style=\"color: #000000\">manifestado\u00a0<\/span>que\u00a0<span style=\"color: #000000\"><strong>\u201cla coral existe desde el a\u00f1o 1986\u2033<\/strong>.<\/span><\/span><\/p>\n<p style=\"text-align: justify\" align=\"justify\"><span style=\"font-family: arial, helvetica, sans-serif\">A continuaci\u00f3n vamos a escuchar tres de los temas principales de la pel\u00edcula. M\u00fasica emotiva, llena de sentimientos, que nos toca el coraz\u00f3n.<\/span><\/p>\n<p style=\"text-align: justify\"><span style=\"font-family: arial, helvetica, sans-serif\"><em><strong><img loading=\"lazy\" decoding=\"async\" class=\"alignleft\" src=\"https:\/\/png.pngtree.com\/png-clipart\/20230913\/original\/pngtree-chorus-clipart-children-choir-singing-with-instruments-in-circle-vector-illustration-png-image_11069173.png\" alt=\"\" width=\"150\" height=\"150\" \/>\u00abVois sur ton chemin\u00bb (Veo en tu camino)<\/strong>,<\/em> melod\u00eda en forma de canon que fue nominada al <em>Oscar a la Mejor Canci\u00f3n Original<\/em> en 2004.\u00a0<\/span><\/p>\n\n<!-- iframe plugin v.6.0 wordpress.org\/plugins\/iframe\/ -->\n<iframe loading=\"lazy\" width=\"560\" height=\"315\" src=\"https:\/\/www.youtube.com\/embed\/P-Zz_bSCsBE\" scrolling=\"yes\" class=\"iframe-class\" frameborder=\"0\"><\/iframe>\n\n<p style=\"text-align: justify\"><strong><em><span style=\"font-family: arial, helvetica, sans-serif\"><img loading=\"lazy\" decoding=\"async\" class=\"alignleft\" src=\"https:\/\/png.pngtree.com\/png-clipart\/20230913\/original\/pngtree-chorus-clipart-children-choir-singing-with-instruments-in-circle-vector-illustration-png-image_11069173.png\" alt=\"\" width=\"150\" height=\"150\" \/>\u00abCaresse sur l\u00b4Ocean\u00bb (Caricia sobre el oc\u00e9ano). <\/span><\/em><\/strong><span style=\"font-family: arial, helvetica, sans-serif\">Esta bella canci\u00f3n, no solo acaricia el oc\u00e9ano, sino tambi\u00e9n el alma.<\/span><\/p>\n\n<!-- iframe plugin v.6.0 wordpress.org\/plugins\/iframe\/ -->\n<iframe loading=\"lazy\" width=\"560\" height=\"315\" src=\"https:\/\/www.youtube.com\/embed\/hJy3zEyWHaM\" scrolling=\"yes\" class=\"iframe-class\" frameborder=\"0\"><\/iframe>\n\n<p style=\"text-align: justify\"><span style=\"font-family: arial, helvetica, sans-serif\"><img loading=\"lazy\" decoding=\"async\" class=\"alignleft\" src=\"https:\/\/png.pngtree.com\/png-clipart\/20230913\/original\/pngtree-chorus-clipart-children-choir-singing-with-instruments-in-circle-vector-illustration-png-image_11069173.png\" alt=\"\" width=\"150\" height=\"150\" \/>En esta escena al final de la pel\u00edcula, el profesor de m\u00fasica<strong> Cl\u00e9ment Matthieu<\/strong>, que ha sido expulsado del internado, siente el cari\u00f1o y el respeto de los ni\u00f1os hacia \u00e9l cuando ve los aviones de papel que le lanzan por una ventana. De fondo, cantan la canci\u00f3n <strong><em>\u00abCerf-volant\u00bb<\/em> <em>(Cometa)<\/em><\/strong> a modo de despedida. Imposible no emocionarse.<\/span><\/p>\n\n<!-- iframe plugin v.6.0 wordpress.org\/plugins\/iframe\/ -->\n<iframe loading=\"lazy\" width=\"560\" height=\"315\" src=\"https:\/\/www.youtube.com\/embed\/hIlE2f8UAfM\" scrolling=\"yes\" class=\"iframe-class\" frameborder=\"0\"><\/iframe>\n\n<p style=\"text-align: center\"><span style=\"text-decoration: underline;font-family: arial, helvetica, sans-serif\"><strong>ACTIVIDADES<\/strong><\/span> <span style=\"text-decoration: underline\"><strong><img loading=\"lazy\" decoding=\"async\" class=\"alignnone size-thumbnail wp-image-8224\" src=\"http:\/\/edublog.educastur.es\/unamusicadecine\/files\/2023\/12\/D4ADBE8B-56BF-4B9F-AF53-59B44CB25317-150x150.png\" alt=\"\" width=\"150\" height=\"150\" srcset=\"https:\/\/edublog.educastur.es\/unamusicadecine\/files\/2023\/12\/D4ADBE8B-56BF-4B9F-AF53-59B44CB25317-150x150.png 150w, https:\/\/edublog.educastur.es\/unamusicadecine\/files\/2023\/12\/D4ADBE8B-56BF-4B9F-AF53-59B44CB25317-300x300.png 300w, https:\/\/edublog.educastur.es\/unamusicadecine\/files\/2023\/12\/D4ADBE8B-56BF-4B9F-AF53-59B44CB25317-85x85.png 85w, https:\/\/edublog.educastur.es\/unamusicadecine\/files\/2023\/12\/D4ADBE8B-56BF-4B9F-AF53-59B44CB25317.png 398w\" sizes=\"auto, (max-width: 150px) 100vw, 150px\" \/><\/strong><\/span><\/p>\n<p style=\"padding-left: 40px;text-align: justify\"><strong><span style=\"font-family: arial, helvetica, sans-serif\">\u00a01. Completa la siguiente ficha t\u00e9cnica sobre la pel\u00edcula:<\/span><\/strong><\/p>\n<ul style=\"text-align: justify\">\n<li style=\"list-style-type: none\">\n<ul>\n<li><strong><span style=\"font-family: arial, helvetica, sans-serif\">T\u00edtulo original.<\/span><\/strong><\/li>\n<li><strong><span style=\"font-family: arial, helvetica, sans-serif\">Nacionalidad y a\u00f1o de estreno.<\/span><\/strong><\/li>\n<li><strong><span style=\"font-family: arial, helvetica, sans-serif\">Director<\/span><\/strong><\/li>\n<li><strong><span style=\"font-family: arial, helvetica, sans-serif\">Autor de la banda sonora. Breve biograf\u00eda (pincha en el nombre del compositor).<\/span><\/strong><\/li>\n<li><strong><span style=\"font-family: arial, helvetica, sans-serif\">Reparto (Actores principales)<\/span><\/strong><\/li>\n<li><strong><span style=\"font-family: arial, helvetica, sans-serif\">Sinopsis (Argumento)<\/span><\/strong><\/li>\n<li><strong><span style=\"font-family: arial, helvetica, sans-serif\">Premios\u00a0<\/span><\/strong><strong><span style=\"font-family: arial, helvetica, sans-serif\">\u00a0<\/span><\/strong><\/li>\n<\/ul>\n<\/li>\n<\/ul>\n<p style=\"padding-left: 40px;text-align: justify\"><strong><span style=\"font-family: arial, helvetica, sans-serif\">2. \u00bfCre\u00e9is que la m\u00fasica puede influir en la conducta de las personas?<\/span><\/strong><\/p>\n<p style=\"padding-left: 40px;text-align: justify\"><strong><span style=\"font-family: arial, helvetica, sans-serif\">3. \u00bfQui\u00e9n es el coro que interpreta las canciones de la pel\u00edcula?<\/span><\/strong><\/p>\n<p style=\"padding-left: 40px;text-align: justify\"><strong><span style=\"font-family: arial, helvetica, sans-serif\">4. \u00bfC\u00f3mo se llaman los coros de voces en los qu\u00e9 solo cantan ni\u00f1os?<\/span><\/strong><\/p>\n<p style=\"padding-left: 40px;text-align: justify\"><strong><span style=\"font-family: arial, helvetica, sans-serif\">5. Visiona los tres v\u00eddeos que aparecen en el post. \u00bfQu\u00e9 sentimientos te han producido cada una de las canciones?<\/span><\/strong><\/p>\n<p style=\"padding-left: 40px;text-align: justify\"><strong><span style=\"font-family: arial, helvetica, sans-serif\">6. Busca otras pel\u00edculas que tengan que ver con el tema de la voz. Pon el enlace (link) de youtube donde aparezca un n\u00famero vocal y com\u00e9ntalo.<\/span><\/strong><\/p>\n<p style=\"padding-left: 40px;text-align: justify\"><strong><span style=\"font-family: arial, helvetica, sans-serif\">7.\u00bfTe ha parecido interesante el post? \u00bfQu\u00e9 has aprendido? Debes contestar a la pregunta en el blog, si el comentario es correcto ser\u00e1 publicado.<\/span><\/strong><\/p>\n<p>&nbsp;<\/p>\n<p><img loading=\"lazy\" decoding=\"async\" class=\"size-thumbnail aligncenter\" src=\"https:\/\/image.jimcdn.com\/app\/cms\/image\/transf\/dimension=257x1024:format=jpg\/path\/s39145781b4b2fa7a\/image\/ib1c505195e782da5\/version\/1551791082\/image.jpg\" width=\"257\" height=\"193\" \/><\/p>\n","protected":false},"excerpt":{"rendered":"<p>En 1\u00ba de ESO estamos dando el tema de \u00abLa Voz y las Agrupaciones Vocales\u00bb, por ello, vamos a trabajar en este post a partir de una pel\u00edcula que nos permitir\u00e1 escuchar y disfrutar con las canciones interpretadas por un coro de voces blancas, que se llama as\u00ed, porque sus integrantes son ni\u00f1os a los [&hellip;]<\/p>\n","protected":false},"author":334,"featured_media":0,"comment_status":"open","ping_status":"open","sticky":false,"template":"","format":"standard","meta":{"footnotes":""},"categories":[3],"tags":[],"class_list":["post-368","post","type-post","status-publish","format-standard","hentry","category-comentamos-una-banda-sonora"],"_links":{"self":[{"href":"https:\/\/edublog.educastur.es\/unamusicadecine\/wp-json\/wp\/v2\/posts\/368","targetHints":{"allow":["GET"]}}],"collection":[{"href":"https:\/\/edublog.educastur.es\/unamusicadecine\/wp-json\/wp\/v2\/posts"}],"about":[{"href":"https:\/\/edublog.educastur.es\/unamusicadecine\/wp-json\/wp\/v2\/types\/post"}],"author":[{"embeddable":true,"href":"https:\/\/edublog.educastur.es\/unamusicadecine\/wp-json\/wp\/v2\/users\/334"}],"replies":[{"embeddable":true,"href":"https:\/\/edublog.educastur.es\/unamusicadecine\/wp-json\/wp\/v2\/comments?post=368"}],"version-history":[{"count":47,"href":"https:\/\/edublog.educastur.es\/unamusicadecine\/wp-json\/wp\/v2\/posts\/368\/revisions"}],"predecessor-version":[{"id":9286,"href":"https:\/\/edublog.educastur.es\/unamusicadecine\/wp-json\/wp\/v2\/posts\/368\/revisions\/9286"}],"wp:attachment":[{"href":"https:\/\/edublog.educastur.es\/unamusicadecine\/wp-json\/wp\/v2\/media?parent=368"}],"wp:term":[{"taxonomy":"category","embeddable":true,"href":"https:\/\/edublog.educastur.es\/unamusicadecine\/wp-json\/wp\/v2\/categories?post=368"},{"taxonomy":"post_tag","embeddable":true,"href":"https:\/\/edublog.educastur.es\/unamusicadecine\/wp-json\/wp\/v2\/tags?post=368"}],"curies":[{"name":"wp","href":"https:\/\/api.w.org\/{rel}","templated":true}]}}