{"id":385,"date":"2020-09-21T22:31:24","date_gmt":"2020-09-21T20:31:24","guid":{"rendered":"https:\/\/edublog.educastur.es\/unamusicadecine\/?p=385"},"modified":"2026-04-29T10:55:29","modified_gmt":"2026-04-29T08:55:29","slug":"mozart-y-beethoven-en-el-cine","status":"publish","type":"post","link":"https:\/\/edublog.educastur.es\/unamusicadecine\/2020\/09\/21\/mozart-y-beethoven-en-el-cine\/","title":{"rendered":"MOZART Y BEETHOVEN EN EL CINE"},"content":{"rendered":"<p><img loading=\"lazy\" decoding=\"async\" class=\"aligncenter\" src=\"http:\/\/4.bp.blogspot.com\/-VG0CMLScKuQ\/Twx71bvLEAI\/AAAAAAAAAGg\/hfM53gkwipo\/s1600\/beethoven-e-mozart.jpg\" width=\"521\" height=\"521\" \/><\/p>\n<p style=\"text-align: justify\"><span style=\"font-family: arial, helvetica, sans-serif\">El biopic es un g\u00e9nero cinematogr\u00e1fico que se inspira en la biograf\u00eda de una persona real. En este caso he elegido dos biopic sobre dos m\u00fasicos \u00a0geniales: <strong>Mozart<\/strong> y <strong>Beethoven<\/strong> (aprovechando que en 2\u00ba de ESO estamos con el tema de Clasicismo) que nos acercar\u00e1n a la vida y obra de los dos maestros.<\/span><\/p>\n<p style=\"text-align: justify\"><span style=\"font-family: arial, helvetica, sans-serif\">La banda \u00a0sonora de ambas pel\u00edculas comprende exclusivamente m\u00fasica de ambos compositores (ya preexistente), por tanto est\u00e1n dentro de la categor\u00eda\u00a0de\u00a0<em>m\u00fasica prestada al cine.<\/em><\/span><\/p>\n<p style=\"text-align: justify\"><span style=\"font-family: arial, helvetica, sans-serif\">Comenzamos el recorrido.<\/span><\/p>\n<ul>\n<li style=\"text-align: justify\"><span style=\"color: #ff00ff\"><strong>AMADEUS.<\/strong><\/span><\/li>\n<\/ul>\n<p style=\"text-align: justify\"><span style=\"font-family: arial, helvetica, sans-serif\">El 2 de noviembre de 1979 el <b>National Theatre de Londres <\/b>estren\u00f3 la obra de teatro\u00a0<i>\u201cAmadeus\u201d <\/i>del dramaturgo ingl\u00e9s <b>Peter<\/b> <b>Shaffer<\/b>, <img loading=\"lazy\" decoding=\"async\" class=\"size-thumbnail alignright\" src=\"https:\/\/encrypted-tbn0.gstatic.com\/images?q=tbn:ANd9GcRc6cf6exYOQ5XvOquiUVpN5NvV3NjoQ_tR6w&amp;usqp=CAU\" width=\"183\" height=\"276\" \/> con gran \u00e9xito de p\u00fablico y de cr\u00edtica. El cineasta checo <a href=\"https:\/\/edublog.educastur.es\/unamusicadecine\/2020\/10\/02\/1005\/\"><strong>Milos Forman<\/strong><\/a> <\/span><\/p>\n<p style=\"text-align: justify\"><img loading=\"lazy\" decoding=\"async\" class=\"alignleft\" src=\"https:\/\/m.media-amazon.com\/images\/M\/MV5BNDY5NDAyODM2Nl5BMl5BanBnXkFtZTcwMzgzNzg3OA@@._V1_UY264_CR11,0,178,264_AL_.jpg\" alt=\"\" width=\"178\" height=\"264\" \/><span style=\"font-family: arial, helvetica, sans-serif\">fue uno de los asistentes al mismo, y se sinti\u00f3 cautivado por la obra, hasta el punto que de ah\u00ed surgir\u00eda <\/span><span style=\"font-family: arial, helvetica, sans-serif\">su pel\u00edcula<i> \u201cAmadeus\u201d \u00a0<\/i>que recibi\u00f3 nada menos que\u00a08 premios <em>Oscars<\/em> de la Academia de Hollywood, entre ellos el de mejor pel\u00edcula en 1984, y cuatro <em>Globos de Oro<\/em>.<\/span><\/p>\n<p style=\"text-align: justify\"><span style=\"font-family: arial, helvetica, sans-serif\"> <img loading=\"lazy\" decoding=\"async\" class=\"alignleft\" src=\"http:\/\/es.web.img3.acsta.net\/medias\/nmedia\/18\/72\/74\/31\/20080748.jpg\" width=\"260\" height=\"369\" \/><i><\/i><\/span><\/p>\n<p style=\"text-align: justify\"><span style=\"font-family: arial, helvetica, sans-serif\"><i>Amadeus\u00a0<\/i>es una narraci\u00f3n en\u00a0<i>flashback<\/i>\u00a0de la vida de <strong>Wolfgang Amadeus Mozart<\/strong>, el ni\u00f1o prodigio del clasicismo europeo y uno de los compositores de mayor \u00e9xito de la historia, desde el punto de vista del que fuera su rival en vida, <strong>Antonio Salieri<\/strong>. La pel\u00edcula transcurre en Viena, en torno al a\u00f1o 1781. Un anciano (<strong>Salieri<\/strong>) que ha intentado suicidarse confiesa a un sacerdote que es el culpable de la muerte del famoso compositor <strong>Wolfgang Amadeus Mozart<\/strong>. Se trata de <strong>Antonio Salieri<\/strong>, antiguo compositor de corte del emperador y ya olvidado por todos. Salieri narrar\u00e1 su historia desde su infancia, y su relaci\u00f3n de amor-odio con el genial m\u00fasico vien\u00e9s.\u00a0<\/span><\/p>\n<p style=\"text-align: justify\"><span style=\"font-family: arial, helvetica, sans-serif\">La pel\u00edcula trata mal a la persona de <strong>Mozart<\/strong> porque lo presenta como alguien vulgar, infantil y caprichoso, pero no ocurre lo mismo con su m\u00fasica, y en una escena del filme\u00a0 <strong>Mozart<\/strong> afirma ante el emperador: \u201cYo soy vulgar, pero os aseguro que mi m\u00fasica no lo es\u201d.<\/span><\/p>\n<p style=\"text-align: justify\"><span style=\"font-family: arial, helvetica, sans-serif\"><img loading=\"lazy\" decoding=\"async\" class=\"alignleft\" src=\"https:\/\/i.pinimg.com\/originals\/b3\/8b\/5f\/b38b5f40c667dd1f540f4bdb2ae688a5.jpg\" width=\"188\" height=\"245\" \/>Muy destacable es la actuaci\u00f3n de los dos actores principales.\u00a0<\/span><\/p>\n<p style=\"text-align: justify\"><span style=\"font-family: arial, helvetica, sans-serif\"><b>Tom Hulce<\/b>, que interpreta a Mozart, practicaba con el piano varias horas al d\u00eda.\u00a0 Adem\u00e1s, dot\u00f3 al personaje de Mozart de su inolvidable risa nerviosa que ha quedado grabada en el imaginario colectivo como uno de los rasgos definitorios de su personalidad: contribuye, adem\u00e1s, a crear la imagen de \u00abni\u00f1o grande\u00bb u hombre inmaduro que <b>Salieri<\/b> le achaca durante el film. <\/span><\/p>\n<p style=\"text-align: justify\"><span style=\"font-family: arial, helvetica, sans-serif\"><b><img loading=\"lazy\" decoding=\"async\" class=\"alignleft\" src=\"https:\/\/iv1.lisimg.com\/image\/25081765\/563full-antonio-salieri-(f.-murray-abraham).jpg\" width=\"182\" height=\"217\" \/>Murray Abraham<\/b>, que gan\u00f3 el <em>\u00d3scar<\/em> y el <em>Globo de Oro<\/em> por su magistral interpretaci\u00f3n del envidioso <strong>Antonio Salieri,<\/strong> es quien lleva el peso del argumento del film: el desconcierto al no comprender por qu\u00e9 un hombrecillo adicto al juego, mujeriego y poco trabajador obtiene un \u00e9xito masivo, mientras que \u00e9l, que ha dedicado su vida al trabajo olvidando otros placeres terrenales debe permanecer en un oscuro segundo plano, se ve reflejado en las miradas y gestos de <strong>Abraham<\/strong>.<\/span><\/p>\n<p style=\"text-align: justify\"><span style=\"font-family: arial, helvetica, sans-serif\"><img loading=\"lazy\" decoding=\"async\" class=\"alignleft\" src=\"https:\/\/i.pinimg.com\/originals\/f6\/8f\/ca\/f68fca06db120e0e8f1fa40e663dc1df.jpg\" width=\"220\" height=\"139\" \/>La pel\u00edcula se rod\u00f3 por completo en\u00a0<b>Praga<\/b>, ciudad natal de <strong>Milos Forman<\/strong>, en los alrededores del casco hist\u00f3rico, y en los teatros donde originalmente tuvieron lugar las representaciones de las obras de <strong>Mozart<\/strong>. La ambientaci\u00f3n y el vestuario contribuyen de forma inestimable al trabajo de los actores, y ayudan al espectador a introducirse en el lugar y tiempo de la acci\u00f3n.<\/span><\/p>\n<p>&nbsp;<\/p>\n<p style=\"text-align: justify\" data-wp-editing=\"1\"><span style=\"font-family: arial, helvetica, sans-serif\"><img loading=\"lazy\" decoding=\"async\" class=\"alignright\" src=\"https:\/\/http2.mlstatic.com\/D_NQ_NP_680235-MLM41508629296_042020-W.jpg\" width=\"211\" height=\"158\" \/> Menci\u00f3n especial merece su magn\u00edfica banda sonora.\u00a0La m\u00fasica es en la pel\u00edcula el arte perfecto, el que logra transmitir belleza y armon\u00eda. La direcci\u00f3n musical estuvo a cargo de <strong>Sir Neville Marriner (Lincoln, Inglaterra, 15 de abril de 1924 &#8211; 2 de octubre de 2016) <\/strong>al frente de su famos\u00edsima <em>Academy\u00a0\u00a0of St. Martin in the Fields<\/em>, con una acertad\u00edsima selecci\u00f3n de obras de <b>Mozart<\/b>.<\/span><\/p>\n<p style=\"text-align: justify\"><img loading=\"lazy\" decoding=\"async\" class=\"alignleft\" src=\"https:\/\/img.apmcdn.org\/09ccae63bafadfad630a5182c20b4ed03c6159f4\/portrait\/e68d4e-20170125-neville-marriner-13.jpg\" width=\"188\" height=\"226\" \/><\/p>\n<p style=\"text-align: justify\"><span style=\"font-family: arial, helvetica, sans-serif\">El famoso director de orquesta y violinista brit\u00e1nico que ostentaba el t\u00edtulo honor\u00edfico de \u00abcaballero\u00bb (Sir), hab\u00eda empezado su carrera en la Orquesta Sinf\u00f3nica de <strong>Londres<\/strong> y despu\u00e9s fund\u00f3 la citada <em>Academia de m\u00fasica de St. Martin in the Fields<\/em>.\u00a0 <strong>Marriner<\/strong> convirti\u00f3 a esta orquesta de c\u00e1mara en una de las entidades musicales m\u00e1s conocidas y prestigiosas del mundo.<\/span><\/p>\n<p style=\"text-align: justify\"><span style=\"font-family: arial, helvetica, sans-serif\">Y ahora vamos a ver algunas escenas de esta gran pel\u00edcula.<\/span><\/p>\n<ul>\n<li style=\"text-align: justify\"><span style=\"font-family: arial, helvetica, sans-serif;color: #0000ff\"><b>Escena 1. Salieri y el Padre Vogler.<\/b><\/span><\/li>\n<\/ul>\n<p style=\"text-align: justify\"><span style=\"font-family: arial, helvetica, sans-serif\"><strong>Salieri<\/strong> ve como, a\u00fan despu\u00e9s de muerto, la m\u00fasica de <strong>Mozart <\/strong>sigue siendo inmortal, mientras la suya permanece en el olvido.<\/span><\/p>\n<p><span style=\"font-family: arial, helvetica, sans-serif\"><b>\n<!-- iframe plugin v.6.0 wordpress.org\/plugins\/iframe\/ -->\n<iframe loading=\"lazy\" width=\"560\" height=\"315\" src=\"https:\/\/www.youtube.com\/embed\/41xIuOHwkhQ\" scrolling=\"yes\" class=\"iframe-class\" frameborder=\"0\"><\/iframe>\n<\/b><\/span><\/p>\n<ul>\n<li><span style=\"font-family: arial, helvetica, sans-serif;color: #0000ff\"><b>Escena 2. Infancia de Mozart y Salieri.<\/b><\/span><\/li>\n<\/ul>\n<p><span style=\"font-family: arial, helvetica, sans-serif\"><strong>Salieri<\/strong> recuerda su infancia tan diferente de la de <strong>Mozart.<\/strong><\/span><\/p>\n\n<!-- iframe plugin v.6.0 wordpress.org\/plugins\/iframe\/ -->\n<iframe loading=\"lazy\" width=\"560\" height=\"315\" src=\"https:\/\/www.youtube.com\/embed\/b9e9A-A9mIQ\" scrolling=\"yes\" class=\"iframe-class\" frameborder=\"0\"><\/iframe>\n\n<ul>\n<li><span style=\"font-family: arial, helvetica, sans-serif;color: #0000ff\"><b>Escena 3. Talento de Mozart.<\/b><\/span><\/li>\n<\/ul>\n<p style=\"text-align: justify\"><span style=\"font-family: arial, helvetica, sans-serif\">Este es uno de los momentos claves de la pel\u00edcula, por un lado veremos el talento de <b>Mozart,<\/b> y por otro,\u00a0<b>Salieri<\/b> comenzar\u00e1 a odiarlo por ello.<\/span><\/p>\n\n<!-- iframe plugin v.6.0 wordpress.org\/plugins\/iframe\/ -->\n<iframe loading=\"lazy\" width=\"560\" height=\"315\" src=\"https:\/\/www.youtube.com\/embed\/lh7NHJkVP3k\" scrolling=\"yes\" class=\"iframe-class\" frameborder=\"0\"><\/iframe>\n\n<ul>\n<li><span style=\"color: #0000ff\"><strong><span style=\"font-family: arial, helvetica, sans-serif\">Escena 4. La voz de Dios.<\/span><\/strong><\/span><\/li>\n<\/ul>\n<p style=\"text-align: justify\"><span style=\"font-family: arial, helvetica, sans-serif\"><b>Salieri <\/b>tiene en sus manos la obra de <b>Mozart<\/b>, y la va ojeando. Son las partituras originales y <b>Salieri<\/b> busca errores o tachaduras que dejen entrever que <b>Mozart<\/b> es humano, alguien capaz de equivocarse. Pero no, en esos papeles lo \u00fanico que se observa es la perfecci\u00f3n,\u00a0que descoloca y tambi\u00e9n maravilla al italiano.<\/span><\/p>\n\n<!-- iframe plugin v.6.0 wordpress.org\/plugins\/iframe\/ -->\n<iframe loading=\"lazy\" width=\"560\" height=\"315\" src=\"https:\/\/www.youtube.com\/embed\/N_lheg0YmxQ\" scrolling=\"yes\" class=\"iframe-class\" frameborder=\"0\"><\/iframe>\n\n<ul>\n<li><span style=\"font-family: arial, helvetica, sans-serif;color: #0000ff\"><strong>Escena 5. Mozart toca a la manera de Bach y Salieri.<\/strong><\/span><\/li>\n<\/ul>\n<p><span style=\"font-family: arial, helvetica, sans-serif\">Mozart va con su esposa y su padre a un baile de disfraces.<\/span><\/p>\n\n<!-- iframe plugin v.6.0 wordpress.org\/plugins\/iframe\/ -->\n<iframe loading=\"lazy\" width=\"560\" height=\"315\" src=\"https:\/\/www.youtube.com\/embed\/9BpUE5855us\" scrolling=\"yes\" class=\"iframe-class\" frameborder=\"0\"><\/iframe>\n\n<ul>\n<li style=\"text-align: justify\"><span style=\"font-family: arial, helvetica, sans-serif\"><span style=\"color: #0000ff\"><b>Escenas 6, 7 y 8. Selecci\u00f3n de \u00f3peras.<\/b><\/span> El estreno de cada obra est\u00e1 presentado de forma muy atractiva para el espectador, con gran lujo de medios y unas coreograf\u00edas que parecen dignas del mejor musical.<\/span><\/li>\n<\/ul>\n<p><em>\u00a0<\/em><img loading=\"lazy\" decoding=\"async\" src=\"http:\/\/3.bp.blogspot.com\/-KY_mqjNJtUk\/TvtnI7XcnsI\/AAAAAAAAADE\/FBTGC2NBd-A\/s400\/bodas+de+figaro2.jpg\" width=\"279\" height=\"181\" \/><\/p>\n\n<!-- iframe plugin v.6.0 wordpress.org\/plugins\/iframe\/ -->\n<iframe loading=\"lazy\" width=\"560\" height=\"315\" src=\"https:\/\/www.youtube.com\/embed\/v8yCDvCw61s\" scrolling=\"yes\" class=\"iframe-class\" frameborder=\"0\"><\/iframe>\n\n<p>&nbsp;<\/p>\n<p><img loading=\"lazy\" decoding=\"async\" class=\"\" src=\"https:\/\/conunvasodewhisky.files.wordpress.com\/2011\/09\/don_g_poster3.jpg\" width=\"214\" height=\"250\" \/><\/p>\n\n<!-- iframe plugin v.6.0 wordpress.org\/plugins\/iframe\/ -->\n<iframe loading=\"lazy\" width=\"560\" height=\"315\" src=\"https:\/\/www.youtube.com\/embed\/FoE7M0qD9PM?si=Dw05bV-HGp_VWRuk\" scrolling=\"yes\" class=\"iframe-class\" frameborder=\"0\"><\/iframe>\n\n<p>&nbsp;<\/p>\n<p><img loading=\"lazy\" decoding=\"async\" class=\"\" src=\"http:\/\/t2.gstatic.com\/images?q=tbn:ANd9GcSZLdzX8JLc_bVBa9S_natsXFOWhv_qIe6FWXNgl7_Nctv5bMxN2g\" width=\"202\" height=\"291\" \/><\/p>\n\n<!-- iframe plugin v.6.0 wordpress.org\/plugins\/iframe\/ -->\n<iframe loading=\"lazy\" width=\"560\" height=\"315\" src=\"https:\/\/www.youtube.com\/embed\/lZbJmnqLtbk\" scrolling=\"yes\" class=\"iframe-class\" frameborder=\"0\"><\/iframe>\n\n<ul>\n<li><span style=\"font-family: arial, helvetica, sans-serif;color: #0000ff\"><b>Escena 8. R\u00e9quiem.<\/b><\/span><\/li>\n<\/ul>\n<p style=\"text-align: justify\"><span style=\"font-family: arial, helvetica, sans-serif\">La parte final de la pel\u00edcula es de los mejores momentos de la misma: en ella <strong>Salieri<\/strong> ayuda a <strong>Mozart<\/strong>, en su lecho de muerte, a intentar terminar su \u00faltima obra, el\u00a0<em><strong>R\u00e9quiem<\/strong>. <\/em>En esta escena podemos ver resumido todo el argumento del film: <b>Mozart<\/b>, un pobre hombre machacado por la bebida, la falta de la figura paterna, y consumido por el \u00e9xito, concibe una espl\u00e9ndida obra musical que ser\u00e1 recordada cientos de a\u00f1os despu\u00e9s ante la incr\u00e9dula mirada de un <strong>Salieri<\/strong> que a duras penas es capaz de seguir sus indicaciones. Si en verdad fue as\u00ed como concibi\u00f3 la obra, realmente era un genio.\u00a0<\/span><\/p>\n<p><img loading=\"lazy\" decoding=\"async\" class=\"alignnone \" src=\"https:\/\/images-na.ssl-images-amazon.com\/images\/I\/61MFenJLIxL._SX376_BO1,204,203,200_.jpg\" width=\"200\" height=\"263\" \/><\/p>\n\n<!-- iframe plugin v.6.0 wordpress.org\/plugins\/iframe\/ -->\n<iframe loading=\"lazy\" width=\"560\" height=\"315\" src=\"https:\/\/www.youtube.com\/embed\/FoE7M0qD9PM?si=ffr8q3rRNj3EzDGu\" scrolling=\"yes\" class=\"iframe-class\" frameborder=\"0\"><\/iframe>\n\n<ul>\n<li><span style=\"font-family: arial, helvetica, sans-serif;color: #0000ff\"><b>Escena 9. Muerte y entierro de Mozart.<\/b><\/span><\/li>\n<\/ul>\n\n<!-- iframe plugin v.6.0 wordpress.org\/plugins\/iframe\/ -->\n<iframe loading=\"lazy\" width=\"560\" height=\"315\" src=\"https:\/\/www.youtube.com\/embed\/K7xMJVl3OV8\" scrolling=\"yes\" class=\"iframe-class\" frameborder=\"0\"><\/iframe>\n\n<ul>\n<li><span style=\"color: #ff00ff;font-family: arial, helvetica, sans-serif\"><strong>AMOR INMORTAL.<\/strong><\/span><\/li>\n<\/ul>\n<p style=\"text-align: justify\"><img loading=\"lazy\" decoding=\"async\" class=\"alignright\" src=\"http:\/\/pics.filmaffinity.com\/Amor_inmortal-370361686-large.jpg\" width=\"216\" height=\"230\" \/> <span style=\"font-family: arial, helvetica, sans-serif\"><em>Amor inmortal (1994)\u00a0<\/em>es otro\u00a0\u201dbiopic\u201d, aunque con menor fortuna que el anterior, que se basa en la vida de <strong>Beethoven<\/strong>.<\/span><\/p>\n<p><span style=\"font-family: arial, helvetica, sans-serif\"><strong>Bernard Rose\u00a0<\/strong>\u00a0<\/span><span style=\"font-family: arial, helvetica, sans-serif\">es el director de la pel\u00edcula, <\/span><span style=\"font-family: arial, helvetica, sans-serif\">y\u00a0<\/span><span style=\"font-family: arial, helvetica, sans-serif\"><strong>Gary Oldman<\/strong><\/span><\/p>\n<p><span style=\"font-family: arial, helvetica, sans-serif\"><img loading=\"lazy\" decoding=\"async\" class=\"aligncenter\" src=\"https:\/\/i.pinimg.com\/originals\/cb\/56\/48\/cb5648b82dd70b1575c06c723dac3458.jpg\" alt=\"\" width=\"178\" height=\"237\" \/>el actor que encarna al\u00a0 m\u00fasico genial.<\/span><\/p>\n<p style=\"text-align: justify\"><span style=\"font-family: arial, helvetica, sans-serif\">El argumento parte de un hecho real: tras la muerte de <strong>Beethoven<\/strong>, en 1827, se encontraron entre sus papeles tres cartas de amor escritas un mismo d\u00eda (por la ma\u00f1ana, tarde y noche), a una mujer de la que no se indicaba su nombre, y a la que el compositor se dirig\u00eda como \u201cMi amada inmortal\u201d. Las candidatas m\u00e1s citadas eran tres j\u00f3venes arist\u00f3cratas de una misma familia: <strong>Giulietta Guicciardi,<\/strong> y sus primas, las hermanas <strong>Josephine<\/strong> y <strong>Therese de Brunswick<\/strong>. \u00a0En la pel\u00edcula se a\u00f1ade (ficticiamente) que lo que se encontr\u00f3 a su muerte, fue un testamento donde lega todos sus bienes a la \u201cAmada Inmortal\u201d. Su fiel disc\u00edpulo <strong>Anton Schindler<\/strong> iniciar\u00e1 la b\u00fasqueda de esa mujer.<\/span><\/p>\n<p style=\"text-align: justify\"><span style=\"font-family: arial, helvetica, sans-serif\">Para la banda sonora, al igual que en \u00abAmadeus\u00bb, no se repar\u00f3 en gastos para contratar a los int\u00e9rpretes entre los mejores beethovenianos de aquel momento, entre ellos la <strong>London Symphony<\/strong> dirigida por <strong>Sir Georg Solti<\/strong> en las obras orquestales, y <strong>Murray Perahia<\/strong> en el piano.\u00a0<\/span><\/p>\n<p style=\"text-align: justify\"><span style=\"font-family: arial, helvetica, sans-serif\">Vamos a disfrutar con su m\u00fasica\u00a0 a trav\u00e9s de varias secuencias de la pel\u00edcula:<\/span><\/p>\n<ul>\n<li style=\"text-align: justify\"><span style=\"font-family: arial, helvetica, sans-serif\"> <b>Escena 1. Sordera de Beethoven.<\/b><\/span><\/li>\n<\/ul>\n<p style=\"text-align: justify\"><span style=\"font-family: arial, helvetica, sans-serif\">Esta escena de la pel\u00edcula muestra como Giulietta y su padre \u201cdescubren\u201d la sordera de <strong>Beethoven<\/strong> espiando al m\u00fasico mientras interpreta su <strong>Sonata\u00a0\u201cClaro de Luna\u201d<\/strong>\u00a0con el o\u00eddo pegado al piano.<\/span><\/p>\n\n<!-- iframe plugin v.6.0 wordpress.org\/plugins\/iframe\/ -->\n<iframe loading=\"lazy\" width=\"560\" height=\"315\" src=\"https:\/\/www.youtube.com\/embed\/uPljRW-snRE\" scrolling=\"yes\" class=\"iframe-class\" frameborder=\"0\"><\/iframe>\n\n<ul>\n<li style=\"text-align: justify\"><span style=\"font-family: arial, helvetica, sans-serif\"><strong>Escena 2. Himno a la Alegr\u00eda.<\/strong><\/span><\/li>\n<\/ul>\n<p style=\"text-align: justify\"><span style=\"font-family: arial, helvetica, sans-serif\">Destaca esta escena en la que se unen la m\u00fasica interpretada por el tenor en la\u00a0<strong>\u201cNovena\u201d<\/strong> y un recuerdo del Beethoven ni\u00f1o, arroj\u00e1ndose a un estanque tras huir de las palizas de su padre, y so\u00f1ando con las estrellas (\u201dM\u00e1s all\u00e1 de las estrellas debe habitar un Padre amante\u201d, dicen en otro momento los versos de la obra).<\/span><\/p>\n<p><span style=\"font-family: arial, helvetica, sans-serif\">\n<!-- iframe plugin v.6.0 wordpress.org\/plugins\/iframe\/ -->\n<iframe loading=\"lazy\" width=\"560\" height=\"315\" src=\"https:\/\/www.youtube.com\/embed\/Uvf20XIkGVc?si=6RtegpPq5sGIUNzK\" scrolling=\"yes\" class=\"iframe-class\" frameborder=\"0\"><\/iframe>\n<\/span><\/p>\n<p style=\"text-align: justify\"><span style=\"font-family: arial, helvetica, sans-serif\">Para finalizar este art\u00edculo escucharemos una versi\u00f3n moderna de un cl\u00e1sico de la m\u00fasica. Se trata de la canci\u00f3n que hizo un grupo bilba\u00edno de los 60, llamado <strong>Mocedades<\/strong>, <em>\u201cCuando t\u00fa nazcas\u201d<\/em>, sobre los compases del 2\u00ba movimiento de la \u00abSinfon\u00eda n\u00ba 7\u00bb de <strong>Beethoven<\/strong>.<\/span><\/p>\n\n<!-- iframe plugin v.6.0 wordpress.org\/plugins\/iframe\/ -->\n<iframe loading=\"lazy\" width=\"560\" height=\"315\" src=\"https:\/\/www.youtube.com\/embed\/tWGEHfZV-hc\" scrolling=\"yes\" class=\"iframe-class\" frameborder=\"0\"><\/iframe>\n\n","protected":false},"excerpt":{"rendered":"<p>El biopic es un g\u00e9nero cinematogr\u00e1fico que se inspira en la biograf\u00eda de una persona real. En este caso he elegido dos biopic sobre dos m\u00fasicos \u00a0geniales: Mozart y Beethoven (aprovechando que en 2\u00ba de ESO estamos con el tema de Clasicismo) que nos acercar\u00e1n a la vida y obra de los dos maestros. La [&hellip;]<\/p>\n","protected":false},"author":334,"featured_media":0,"comment_status":"open","ping_status":"closed","sticky":false,"template":"","format":"standard","meta":{"footnotes":""},"categories":[3,9],"tags":[],"class_list":["post-385","post","type-post","status-publish","format-standard","hentry","category-comentamos-una-banda-sonora","category-musica-prestada-al-cine"],"_links":{"self":[{"href":"https:\/\/edublog.educastur.es\/unamusicadecine\/wp-json\/wp\/v2\/posts\/385","targetHints":{"allow":["GET"]}}],"collection":[{"href":"https:\/\/edublog.educastur.es\/unamusicadecine\/wp-json\/wp\/v2\/posts"}],"about":[{"href":"https:\/\/edublog.educastur.es\/unamusicadecine\/wp-json\/wp\/v2\/types\/post"}],"author":[{"embeddable":true,"href":"https:\/\/edublog.educastur.es\/unamusicadecine\/wp-json\/wp\/v2\/users\/334"}],"replies":[{"embeddable":true,"href":"https:\/\/edublog.educastur.es\/unamusicadecine\/wp-json\/wp\/v2\/comments?post=385"}],"version-history":[{"count":62,"href":"https:\/\/edublog.educastur.es\/unamusicadecine\/wp-json\/wp\/v2\/posts\/385\/revisions"}],"predecessor-version":[{"id":9292,"href":"https:\/\/edublog.educastur.es\/unamusicadecine\/wp-json\/wp\/v2\/posts\/385\/revisions\/9292"}],"wp:attachment":[{"href":"https:\/\/edublog.educastur.es\/unamusicadecine\/wp-json\/wp\/v2\/media?parent=385"}],"wp:term":[{"taxonomy":"category","embeddable":true,"href":"https:\/\/edublog.educastur.es\/unamusicadecine\/wp-json\/wp\/v2\/categories?post=385"},{"taxonomy":"post_tag","embeddable":true,"href":"https:\/\/edublog.educastur.es\/unamusicadecine\/wp-json\/wp\/v2\/tags?post=385"}],"curies":[{"name":"wp","href":"https:\/\/api.w.org\/{rel}","templated":true}]}}