{"id":391,"date":"2020-09-21T22:48:55","date_gmt":"2020-09-21T20:48:55","guid":{"rendered":"https:\/\/edublog.educastur.es\/unamusicadecine\/?p=391"},"modified":"2024-01-16T14:56:34","modified_gmt":"2024-01-16T12:56:34","slug":"los-miserables","status":"publish","type":"post","link":"https:\/\/edublog.educastur.es\/unamusicadecine\/2020\/09\/21\/los-miserables\/","title":{"rendered":"LOS MISERABLES"},"content":{"rendered":"<p align=\"justify\"><img loading=\"lazy\" decoding=\"async\" src=\"https:\/\/estaticos-cdn.elperiodico.com\/clip\/fdad7ec0-2584-458d-83b8-505de2296351_alta-libre-aspect-ratio_default_0.jpg\" alt=\"\" width=\"500\" height=\"369\" \/><\/p>\n<p style=\"text-align: justify\" align=\"justify\"><span style=\"font-family: arial, helvetica, sans-serif\">Con este art\u00edculo retomo mi \u201cactividad bloguera\u201d\u00a0 en este nuevo curso y lo hago aprovechando que ha sido la 70 edici\u00f3n de los <i>Globos de Oro <\/i>y una pel\u00edcula, \u201c<b>Los miserables\u201d<\/b>, (basada en el musical del mismo nombre) ha ganado tres de ellos (mejor pel\u00edcula-comedia o musical, mejor actor principal y actriz de reparto).<\/span><\/p>\n<ul style=\"text-align: justify\">\n<li><span style=\"font-family: arial, helvetica, sans-serif\"><strong><span style=\"color: #0000ff\">La novela<\/span><\/strong><\/span>\n<p align=\"justify\"><span style=\"font-family: arial, helvetica, sans-serif\"><img loading=\"lazy\" decoding=\"async\" class=\"alignright\" src=\"http:\/\/upload.wikimedia.org\/wikipedia\/commons\/thumb\/9\/99\/Ebcosette.jpg\/200px-Ebcosette.jpg\" width=\"200\" height=\"309\" \/><\/span><\/p>\n<\/li>\n<\/ul>\n<p style=\"text-align: justify\" align=\"justify\"><span style=\"font-family: arial, helvetica, sans-serif\">\u201cLos miserables\u201d es una novela del escritor franc\u00e9s <b>V\u00edctor Hugo <\/b>publicada en 1862. La\u00a0 historia, de estilo rom\u00e1ntico, gira entorno a la\u00a0 incesante lucha\u00a0 entre el bien y el mal, encarnados en dos personajes antag\u00f3nicos dentro del\u00a0 contexto hist\u00f3rico de la Rebeli\u00f3n de junio de 1830. Es una novela cr\u00edtica y valiente siempre a favor de las clases sociales m\u00e1s desfavorecidas, cobrando ahora plena actualidad.<\/span><\/p>\n<ul style=\"text-align: justify\">\n<li><span style=\"font-family: arial, helvetica, sans-serif\">\u00a0<strong><span style=\"color: #0000ff\">El musical<br \/>\n<\/span><\/strong><\/span><\/li>\n<\/ul>\n<p style=\"text-align: justify\" align=\"justify\"><span style=\"font-family: arial, helvetica, sans-serif\">\u00a0<img loading=\"lazy\" decoding=\"async\" src=\"https:\/\/www.matthewgerstman.com\/content\/images\/2019\/10\/LES-MISERABLES-Musical-02_feature.jpg\" width=\"560\" height=\"221\" \/><\/span><\/p>\n<p style=\"text-align: justify\" align=\"justify\"><span style=\"font-family: arial, helvetica, sans-serif\">En 1980 se estren\u00f3 en Par\u00eds el musical \u201c<b>Los Miserables<\/b>\u201d inspirado en la novela del mismo t\u00edtulo. La m\u00fasica fue compuesta por\u00a0\u00a0<strong>Claude-Michel Sch\u00f6nberg\u00a0<\/strong>y la letra de las canciones fue escrita por <strong>Alain Boublil\u00a0<\/strong>y\u00a0<strong>Jean-Marc Natel.<\/strong>\u00a0<strong><br \/>\n<\/strong><\/span><\/p>\n<p style=\"text-align: justify\" align=\"justify\"><span style=\"font-family: arial, helvetica, sans-serif\">Pero es en el estreno\u00a0 en\u00a0<strong>Londres<\/strong>\u00a0(1985) cuando el\u00a0 musical (con libreto de <b>Herbert Kretzmer<\/b>) alcanzar\u00e1 una popularidad sin precedentes, que lo convertir\u00e1\u00a0 en una leyenda dentro de los\u00a0 musicales.<\/span><\/p>\n<p style=\"text-align: justify\" align=\"justify\"><span style=\"font-family: arial, helvetica, sans-serif\"><img loading=\"lazy\" decoding=\"async\" class=\"alignleft\" src=\"http:\/\/4.bp.blogspot.com\/-nUn00h_mVkQ\/UJ_J9zdCQHI\/AAAAAAAAJms\/xLb8nuLbsW4\/s1600\/0615_Les_Miserables_full_600.jpeg\" width=\"226\" height=\"151\" \/><\/span><\/p>\n<p style=\"text-align: justify\" align=\"justify\"><span style=\"font-family: arial, helvetica, sans-serif\">La obra atraviesa el Atl\u00e1ntico y se estrena en\u00a0<strong>Broadway<\/strong>\u00a0en 1987. Gan\u00f3 ocho premios <i>Tonys\u00a0\u00a0<\/i> incluyendo mejor musical y mejor partitura original.<\/span><\/p>\n<p align=\"justify\"><span style=\"font-family: arial, helvetica, sans-serif\">El musical se estren\u00f3 en castellano en\u00a0<strong>Madrid<\/strong>\u00a0en 1992 en el Teatro Nuevo Apolo producido entre otros por el tenor <b>Pl\u00e1cido Domingo<\/b>.<\/span><\/p>\n<p align=\"justify\"><img loading=\"lazy\" decoding=\"async\" class=\"alignnone\" src=\"http:\/\/www.conmishijos.com\/uploads\/ocio_familia\/espectaculos_teatro_nuevo_apolo_madrid.jpg\" width=\"432\" height=\"210\" \/><\/p>\n<ul>\n<li style=\"text-align: justify\"><span style=\"font-family: arial, helvetica, sans-serif\"><strong><span style=\"color: #0000ff\">Versiones en la gran pantalla<\/span><\/strong><\/span><\/li>\n<\/ul>\n<p style=\"text-align: justify\"><span style=\"font-family: arial, helvetica, sans-serif\">Los miserables ha sido llevada al cine en m\u00e1s de cuarenta versiones, muchas de ellas en la \u00e9poca muda.Vamos a ver algunos ejemplos:<\/span><\/p>\n<ul style=\"text-align: justify\">\n<li><span style=\"font-family: arial, helvetica, sans-serif\"><strong><em>Los\u00a0<\/em>\u00a0<em>miserables<\/em><\/strong>\u00a0<strong>(1935)<\/strong><\/span><\/li>\n<\/ul>\n<p style=\"text-align: justify\" align=\"justify\"><span style=\"font-family: arial, helvetica, sans-serif\"><img loading=\"lazy\" decoding=\"async\" src=\"http:\/\/t3.gstatic.com\/images?q=tbn:ANd9GcRAHMTQjsYtP6bHri1neyyXgzIzwp0JyB3R5kccaSbmUOml0bPWZZj0eVDj\" width=\"180\" height=\"239\" \/>\u00a0Esta versi\u00f3n dirigida por\u00a0<strong>Richard Boleslawski<\/strong>\u00a0ha sido de la m\u00e1s exitosas y cont\u00f3 con 4 nominaciones al \u00d3scar en las categor\u00edas de mejor pel\u00edcula, asistente del director, fotograf\u00eda y montaje.<\/span><\/p>\n<ul style=\"text-align: justify\">\n<li><span style=\"font-family: arial, helvetica, sans-serif\">\u00a0<strong><em>El inspector de hierro (1952<\/em><em>)<\/em><\/strong><\/span><\/li>\n<\/ul>\n<p style=\"text-align: justify\"><img loading=\"lazy\" decoding=\"async\" src=\"https:\/\/i.pinimg.com\/originals\/46\/28\/66\/46286613b478177a946fe7cd82b57b29.jpg\" alt=\"\" width=\"180\" height=\"280\" \/> <strong style=\"font-family: arial, helvetica, sans-serif\">Lewis Milestone <\/strong><span style=\"font-family: arial, helvetica, sans-serif\">dirige para Hollywood una versi\u00f3n de la novela sin el \u00e9xito de la anterior.<\/span><\/p>\n<ul style=\"text-align: justify\">\n<li><span style=\"font-family: arial, helvetica, sans-serif\">\u00a0<strong><em>Los miserables (1998)<br \/>\n<\/em><\/strong><\/span><\/li>\n<\/ul>\n<p style=\"text-align: justify\"><img loading=\"lazy\" decoding=\"async\" src=\"https:\/\/th.bing.com\/th\/id\/R.472c62827157681b98c43b955c5c29da?rik=%2f8GZaGCjH%2f%2bY3g&amp;riu=http%3a%2f%2fimg4.wikia.nocookie.net%2f__cb20121227120330%2flosmiserables%2fes%2fimages%2ff%2ff9%2fLos_miserables_1998.jpg&amp;ehk=ACrf0F6c%2b3KeRkIfChkO6TtPAiALK7cdpOmYotzupr8%3d&amp;risl=&amp;pid=ImgRaw&amp;r=0\" alt=\"\" width=\"180\" height=\"253\" \/> <span style=\"font-family: arial, helvetica, sans-serif\">El realizador dan\u00e9s <strong>Bille August\u00a0<\/strong>dirigi\u00f3\u00a0 su versi\u00f3n de la novela con \u00e9xito de cr\u00edtica. En los papeles protagonistas cont\u00f3 con actores de la talla de <b>Lian Neeson <\/b>y <b>Geoffrey<\/b> <b>Rush<\/b>, entre otros.<\/span><\/p>\n<ul style=\"text-align: justify\">\n<li><span style=\"font-family: arial, helvetica, sans-serif\">\u00a0<strong><span style=\"color: #0000ff\">Los miserables, camino hacia los Oscars<\/span><\/strong><\/span><\/li>\n<\/ul>\n<p style=\"text-align: justify\" align=\"justify\"><span style=\"font-family: arial, helvetica, sans-serif\"><img loading=\"lazy\" decoding=\"async\" class=\"\" src=\"https:\/\/picfiles.alphacoders.com\/106\/106746.jpg\" alt=\"\" width=\"180\" height=\"257\" \/>El 25 de diciembre de 2012 se estren\u00f3 en Espa\u00f1a la \u00faltima adaptaci\u00f3n del musical llevado al cine por <strong>Tom Hooper<\/strong>, que a su vez fue el gran triunfador en la ceremonia de los<strong><img loading=\"lazy\" decoding=\"async\" class=\"alignright\" src=\"http:\/\/www.lafilacero.com\/covers\/3535.jpg\" width=\"200\" height=\"281\" align=\"right\" \/><\/strong><\/span><span style=\"font-family: arial, helvetica, sans-serif\">\u00a0Oscar 2011 con la estupenda pel\u00edcula\u00a0\u00a0<strong>\u201cEl discurso del rey\u201d. \u00a0\u00a0\u00a0\u00a0<\/strong><strong>\u00a0<\/strong><\/span><\/p>\n<p style=\"text-align: justify\" align=\"justify\"><span style=\"font-family: arial, helvetica, sans-serif\">Llevar al cine un musical siempre es una ardua tarea, porque tenemos la referencia de la obra teatral original, pero de momento \u201cLos miserables\u201d no est\u00e1 cosechando m\u00e1s que \u00e9xitos para su director y actores tras sus premios en los <i>Globos de Oro<\/i> y sus recientes nominaciones a los <i>Oscar.<\/i>\u00a0<img loading=\"lazy\" decoding=\"async\" src=\"http:\/\/t2.gstatic.com\/images?q=tbn:ANd9GcTxS5yszvycElXBwIpsdgQRSOnJG10nMubIz2sSmuAyeKNIzBJ3f_pJxQ\" width=\"54\" height=\"96\" \/><\/span><\/p>\n<p style=\"text-align: justify\" align=\"justify\"><span style=\"font-family: arial, helvetica, sans-serif\">Otro aspecto a destacar de la pel\u00edcula, que la hace m\u00e1s aut\u00e9ntica, es que\u00a0 mientras que la mayor\u00eda de los musicales graban a sus actores previamente para\u00a0 despu\u00e9s rodar\u00a0 el playback, en \u00e9sta todas las canciones son con sonido directo, as\u00ed que \u201cno hay trampa ni cart\u00f3n\u201d,\u00a0<\/span><span style=\"font-family: arial, helvetica, sans-serif\">los actores y actrices tiene que dar lo mejor de si mismos (y lo hacen).\u00a0<\/span><\/p>\n<p style=\"text-align: justify\" align=\"justify\"><span style=\"font-family: arial, helvetica, sans-serif\">La historia comienza en 1815,\u00a0 momento en que el presidiario\u00a0<\/span><span style=\"font-family: arial, helvetica, sans-serif\">Jean Valjean (<strong>Hugh Jackman<\/strong>)\u00a0<img loading=\"lazy\" decoding=\"async\" src=\"http:\/\/t0.gstatic.com\/images?q=tbn:ANd9GcQkNBRWULZYBMduWwACfB9l6ORqFxTPk9F4Xjvw0ITquq_bNjTCnmRkr6nr\" width=\"135\" height=\"102\" \/>\u00a0es liberado por el malvado polic\u00eda Javert\u00a0<\/span><span style=\"font-family: arial, helvetica, sans-serif\">(<strong>Rusell Crowe<\/strong>) tras cumplir una larga condena.\u00a0<img loading=\"lazy\" decoding=\"async\" src=\"http:\/\/t0.gstatic.com\/images?q=tbn:ANd9GcSSKN2yRufqv7ewRwMhS30c6ep0Z29-dxPdn8C2RzmItTMdp6vYbN0jtIo\" width=\"91\" height=\"91\" \/><\/span><span style=\"font-family: arial, helvetica, sans-serif\">El ex-presidiario ser\u00e1\u00a0 perseguido durante d\u00e9cadas por Javert, pero en su camino hacia la redenci\u00f3n conocer\u00e1 a una desgraciada mujer, Fantine (<strong>Anne Hathaway<\/strong>) <img loading=\"lazy\" decoding=\"async\" class=\"alignnone \" src=\"https:\/\/assets.heart.co.uk\/2015\/17\/amazing-transformations-les-misterables-anne-hathaway-1430481403-view-1.jpg\" width=\"119\" height=\"159\" \/> <\/span><span style=\"font-family: arial, helvetica, sans-serif\">que le confiar\u00e1 a su hija Cosette<strong>\u00a0<\/strong>(<strong>Amanda Seyfried<\/strong>)\u00a0<img loading=\"lazy\" decoding=\"async\" src=\"https:\/\/i.pinimg.com\/originals\/af\/de\/c0\/afdec01d412f862f2d662fe249131289.jpg\" width=\"119\" height=\"75\" \/>\u00a0en el lecho de muerte. A partir de ese momento sus destinos cambiar\u00e1n.<\/span><\/p>\n<p style=\"text-align: justify\" align=\"justify\"><span style=\"font-family: arial, helvetica, sans-serif\">La m\u00fasica es una aut\u00e9ntica delicia para los sentidos y cuenta con algunas canciones que se han convertido\u00a0 en cl\u00e1sicos dentro de los musicales.<\/span><\/p>\n<p style=\"text-align: justify\" align=\"justify\"><span style=\"font-family: arial, helvetica, sans-serif\">Vamos a hacer un repaso por los mejores n\u00fameros musicales de la pel\u00edcula:<\/span><\/p>\n<ul style=\"text-align: justify\">\n<li><span style=\"font-family: arial, helvetica, sans-serif\">\u00a0<em>\u00a0<\/em><strong><span style=\"color: #ff00ff\"><em>Look down (Par\u00eds\/Piedad)<\/em><br \/>\n<\/span><\/strong><\/span><\/li>\n<\/ul>\n<p style=\"text-align: justify\" align=\"justify\"><span style=\"font-family: arial, helvetica, sans-serif\">Este n\u00famero forma parte\u00a0 del espectacular inicio de la pel\u00edcula. Valjean (<strong>Jackman<\/strong>) y Javert (<strong>Crowe<\/strong>) dos rivales frente a frente en un duelo musical e interpretativo.<\/span><\/p>\n<p align=\"justify\">\n<!-- iframe plugin v.6.0 wordpress.org\/plugins\/iframe\/ -->\n<iframe loading=\"lazy\" width=\"560\" height=\"315\" src=\"https:\/\/www.youtube.com\/embed\/I8WSysB5vKM\" scrolling=\"yes\" class=\"iframe-class\" frameborder=\"0\"><\/iframe>\n<\/p>\n<div id=\"content\">\n<div id=\"post-248\" class=\"post\">\n<div class=\"entry\">\n<ul>\n<li style=\"text-align: justify\">\u00a0<span style=\"font-family: arial, helvetica, sans-serif\"><em>\u00a0<\/em><strong><span style=\"color: #ff00ff\"><em>I dreamed a dream (Un d\u00eda so\u00f1\u00e9)<\/em><\/span><\/strong><\/span><\/li>\n<\/ul>\n<p style=\"text-align: justify\"><span style=\"font-family: arial, helvetica, sans-serif\">Sin duda este n\u00famero musical es uno de esos momentos en los que sobran las palabras. <strong>Anne<\/strong> <strong>Hathaway<\/strong> est\u00e1 espl\u00e9ndida como Fantine. Su fuerza y dramatismo sobrecogen, y su voz resulta brillante y poderosa. La actriz perdi\u00f3 11 kilos para el papel y su talento interpretativo queda fuera de toda duda. Ser\u00e1 sin duda una de las favoritas en los Oscars.<\/span><\/p>\n<p style=\"text-align: justify\"><span style=\"font-family: arial, helvetica, sans-serif\">\n<!-- iframe plugin v.6.0 wordpress.org\/plugins\/iframe\/ -->\n<iframe loading=\"lazy\" width=\"560\" height=\"315\" src=\"https:\/\/www.youtube.com\/embed\/F2AE2aL0-6Y\" scrolling=\"yes\" class=\"iframe-class\" frameborder=\"0\"><\/iframe>\n<\/span><\/p>\n<p style=\"text-align: justify\" align=\"justify\"><span style=\"font-family: arial, helvetica, sans-serif\">Como curiosidad hay que decir que la actriz declar\u00f3 que hab\u00eda visto y disfrutado de la actuaci\u00f3n de Susan Boyle, concursante del programa brit\u00e1nico \u201cBritain\u00b4s got talent\u201d (donde qued\u00f3 la segunda) que interpreta este mismo tema. Juzgad vosotros mismos su (estupenda) actuaci\u00f3n y la cara que se le qued\u00f3 al jurado cuando la escuch\u00f3.<\/span><\/p>\n<p style=\"text-align: justify\" align=\"justify\"><span style=\"font-family: arial, helvetica, sans-serif\">\n<!-- iframe plugin v.6.0 wordpress.org\/plugins\/iframe\/ -->\n<iframe loading=\"lazy\" width=\"560\" height=\"315\" src=\"https:\/\/www.youtube.com\/embed\/bgY-aCaGzRI\" scrolling=\"yes\" class=\"iframe-class\" frameborder=\"0\"><\/iframe>\n<\/span><\/p>\n<ul style=\"text-align: justify\">\n<li><span style=\"font-family: arial, helvetica, sans-serif\">\u00a0<strong><span style=\"color: #ff00ff\"><em>On my own (Sola estoy)<\/em><\/span><\/strong><\/span><\/li>\n<\/ul>\n<p style=\"text-align: justify\"><span style=\"font-family: arial, helvetica, sans-serif\">El personaje de Eponine, <strong>Samantha Bark,<\/strong> (que ya interpret\u00f3 este papel en teatro) refleja en esta canci\u00f3n toda la soledad y desgarro por un amor no correspondido.<\/span><\/p>\n<p style=\"text-align: justify\"><span style=\"font-family: arial, helvetica, sans-serif\">\n<!-- iframe plugin v.6.0 wordpress.org\/plugins\/iframe\/ -->\n<iframe loading=\"lazy\" width=\"560\" height=\"315\" src=\"https:\/\/www.youtube.com\/embed\/KCPoIsi8m08\" scrolling=\"yes\" class=\"iframe-class\" frameborder=\"0\"><\/iframe>\n<\/span><\/p>\n<ul>\n<li><span style=\"color: #ff00ff;font-family: arial, helvetica, sans-serif\"><em><strong>Do you hear the people sing? (\u00bfOyes el pueblo cantar?)<\/strong><\/em><\/span><\/li>\n<\/ul>\n<p><span style=\"font-family: arial, helvetica, sans-serif\">N\u00famero coral donde el pueblo hace oir su voz.<\/span><\/p>\n\n<!-- iframe plugin v.6.0 wordpress.org\/plugins\/iframe\/ -->\n<iframe loading=\"lazy\" width=\"560\" height=\"315\" src=\"https:\/\/www.youtube.com\/embed\/wuihgYRmhqc\" scrolling=\"yes\" class=\"iframe-class\" frameborder=\"0\"><\/iframe>\n\n<ul>\n<li><span style=\"font-family: arial, helvetica, sans-serif\">\u00a0<em><strong><span style=\"color: #ff00ff\">Empty Chairs At Empty Tables (Sillas mudas en mesas vac\u00edas)<\/span><\/strong><\/em><\/span><\/li>\n<\/ul>\n<p style=\"text-align: justify\"><span style=\"font-family: arial, helvetica, sans-serif\">Donde antes hab\u00eda vida y juventud, ahora solo hay muerte y destrucci\u00f3n. Canta Marius Pontmercy, el enamorado de\u00a0\u00a0Cosette.<\/span><\/p>\n\n<!-- iframe plugin v.6.0 wordpress.org\/plugins\/iframe\/ -->\n<iframe loading=\"lazy\" width=\"560\" height=\"315\" src=\"https:\/\/www.youtube.com\/embed\/0BM-Q3BDrkw\" scrolling=\"yes\" class=\"iframe-class\" frameborder=\"0\"><\/iframe>\n\n<ul>\n<li><span style=\"font-family: arial, helvetica, sans-serif\"><span style=\"color: #ff00ff\"><em><strong>Suddenly<\/strong><\/em><\/span>\u00a0<em><strong><span style=\"color: #ff00ff\">(De repente)<\/span><\/strong><\/em><\/span><\/li>\n<\/ul>\n<p align=\"justify\"><span style=\"font-family: arial, helvetica, sans-serif\">Esta balada ha sido nominada a la mejor canci\u00f3n original en los Oscars de este a\u00f1o y ha\u00a0 sido compuesta por <strong>Claude-Michel Sch\u00f6nberg<\/strong>, <strong>Herbert Kretzmer<\/strong> y <strong>Alain Boublil<\/strong> exclusivamente para la pel\u00edcula. La composici\u00f3n refleja el profundo amor que siente\u00a0 Jean Valjean por su hija adoptiva (la hu\u00e9rfana) Cosette. <strong>Hugh Jackman<\/strong> demuestra su gran talento como actor e int\u00e9rprete vocal, que se ha visto recompensado en los Globos de Oro y en\u00a0 los Oscars de este a\u00f1o (nominaci\u00f3n mejor actor)<\/span><\/p>\n<p align=\"justify\">\n<!-- iframe plugin v.6.0 wordpress.org\/plugins\/iframe\/ -->\n<iframe loading=\"lazy\" width=\"560\" height=\"315\" src=\"https:\/\/www.youtube.com\/embed\/Lvi-ylOHRP8\" scrolling=\"yes\" class=\"iframe-class\" frameborder=\"0\"><\/iframe>\n<\/p>\n<p align=\"justify\"><span style=\"font-family: arial, helvetica, sans-serif\">Aqu\u00ed finaliza mi recorrido por esta gran pel\u00edcula, que aunque pueda ser cuestionada por algunos, lo que no ofrece ning\u00fan g\u00e9nero de dudas es su maravillosa banda sonora. Disfrutadla!!!<\/span><\/p>\n<p align=\"justify\"><img loading=\"lazy\" decoding=\"async\" class=\"alignnone size-thumbnail wp-image-8274\" src=\"http:\/\/edublog.educastur.es\/unamusicadecine\/files\/2024\/01\/Nos-vemos-en-el-blog-150x150.jpeg\" alt=\"\" width=\"150\" height=\"150\" srcset=\"https:\/\/edublog.educastur.es\/unamusicadecine\/files\/2024\/01\/Nos-vemos-en-el-blog-150x150.jpeg 150w, https:\/\/edublog.educastur.es\/unamusicadecine\/files\/2024\/01\/Nos-vemos-en-el-blog-85x85.jpeg 85w\" sizes=\"auto, (max-width: 150px) 100vw, 150px\" \/><\/p>\n<\/div>\n<\/div>\n<\/div>\n","protected":false},"excerpt":{"rendered":"<p>Con este art\u00edculo retomo mi \u201cactividad bloguera\u201d\u00a0 en este nuevo curso y lo hago aprovechando que ha sido la 70 edici\u00f3n de los Globos de Oro y una pel\u00edcula, \u201cLos miserables\u201d, (basada en el musical del mismo nombre) ha ganado tres de ellos (mejor pel\u00edcula-comedia o musical, mejor actor principal y actriz de reparto). La [&hellip;]<\/p>\n","protected":false},"author":334,"featured_media":0,"comment_status":"open","ping_status":"open","sticky":false,"template":"","format":"standard","meta":{"footnotes":""},"categories":[3,5],"tags":[],"class_list":["post-391","post","type-post","status-publish","format-standard","hentry","category-comentamos-una-banda-sonora","category-grandes-musicales"],"_links":{"self":[{"href":"https:\/\/edublog.educastur.es\/unamusicadecine\/wp-json\/wp\/v2\/posts\/391","targetHints":{"allow":["GET"]}}],"collection":[{"href":"https:\/\/edublog.educastur.es\/unamusicadecine\/wp-json\/wp\/v2\/posts"}],"about":[{"href":"https:\/\/edublog.educastur.es\/unamusicadecine\/wp-json\/wp\/v2\/types\/post"}],"author":[{"embeddable":true,"href":"https:\/\/edublog.educastur.es\/unamusicadecine\/wp-json\/wp\/v2\/users\/334"}],"replies":[{"embeddable":true,"href":"https:\/\/edublog.educastur.es\/unamusicadecine\/wp-json\/wp\/v2\/comments?post=391"}],"version-history":[{"count":17,"href":"https:\/\/edublog.educastur.es\/unamusicadecine\/wp-json\/wp\/v2\/posts\/391\/revisions"}],"predecessor-version":[{"id":8366,"href":"https:\/\/edublog.educastur.es\/unamusicadecine\/wp-json\/wp\/v2\/posts\/391\/revisions\/8366"}],"wp:attachment":[{"href":"https:\/\/edublog.educastur.es\/unamusicadecine\/wp-json\/wp\/v2\/media?parent=391"}],"wp:term":[{"taxonomy":"category","embeddable":true,"href":"https:\/\/edublog.educastur.es\/unamusicadecine\/wp-json\/wp\/v2\/categories?post=391"},{"taxonomy":"post_tag","embeddable":true,"href":"https:\/\/edublog.educastur.es\/unamusicadecine\/wp-json\/wp\/v2\/tags?post=391"}],"curies":[{"name":"wp","href":"https:\/\/api.w.org\/{rel}","templated":true}]}}