{"id":3915,"date":"2021-11-23T12:58:54","date_gmt":"2021-11-23T10:58:54","guid":{"rendered":"https:\/\/edublog.educastur.es\/unamusicadecine\/?p=3915"},"modified":"2023-05-25T08:14:20","modified_gmt":"2023-05-25T06:14:20","slug":"tina-el-musical-de-la-reina-del-rock","status":"publish","type":"post","link":"https:\/\/edublog.educastur.es\/unamusicadecine\/2021\/11\/23\/tina-el-musical-de-la-reina-del-rock\/","title":{"rendered":"\u201cTina\u201d , el musical de la Reina del rock."},"content":{"rendered":"<p style=\"text-align: justify\"><img loading=\"lazy\" decoding=\"async\" src=\"https:\/\/teatromadrid.com\/wp-content\/uploads\/2020\/01\/teatro-madrid-tina-el-musical-0.jpg\" alt=\"\" width=\"960\" height=\"427\" \/><\/p>\n<p style=\"text-align: justify\"><span style=\"font-family: arial, helvetica, sans-serif\">Aprovechando que el 25 de noviembre es el <strong>D\u00eda Internacional de la Eliminaci\u00f3n de la Violencia contra la Mujer <\/strong>dedico este post a una gran mujer, una gran artista, una mujer incombustible, que triunf\u00f3 como artista pese a ser v\u00edctima del maltratador Ike, su ex-esposo.\u00a0<\/span><\/p>\n<p style=\"text-align: justify\"><span style=\"font-family: arial, helvetica, sans-serif\">Precisamente a esta gran mujer va dedicado el musical\u00a0<strong>\u201cTina\u201d<\/strong> sobre la vida de la Reina indiscutible del Rock &amp; Roll. <img loading=\"lazy\" decoding=\"async\" class=\"alignright\" src=\"https:\/\/dxan6czxprkid.cloudfront.net\/images\/Tina-Marquee-v2-2048x1536.jpg?mtime=20191210163935&amp;focal=none\" width=\"286\" height=\"215\" \/>En Espa\u00f1a se estren\u00f3 el pasado 1 de octubre en el <em>Teatro Coliseum<\/em> de la capital.<\/span><\/p>\n<p style=\"text-align: justify\"><span style=\"font-family: arial, helvetica, sans-serif\"><strong>\u201cTina\u201d\u00a0<\/strong>cuenta con la colaboraci\u00f3n de la propia cantante y ha conseguido llenar las butacas de teatros de Nueva York, Hamburgo y Utrech.<\/span><\/p>\n<p style=\"text-align: justify\"><span style=\"font-family: arial, helvetica, sans-serif\">Este musical es la historia del regreso de una mujer que se atrevi\u00f3 a desafiar los l\u00edmites del \u00abracismo, sexismo y la discriminaci\u00f3n por edad para convertirse en la reina mundial del Rock and Roll\u00bb.<\/span><\/p>\n<p style=\"text-align: justify\"><span style=\"font-family: arial, helvetica, sans-serif\"> <img loading=\"lazy\" decoding=\"async\" class=\"alignnone\" src=\"https:\/\/tinaturnerblog.files.wordpress.com\/2012\/01\/tina-turner-grammy-awards-los-angeles-february-26-1985-01.jpg?w=768\" width=\"271\" height=\"181\" \/> Una artista que cuenta con nada m\u00e1s y nada menos que 12 <em>Grammys<\/em>, una de las m\u00e1s taquilleras de la historia de la m\u00fasica.<\/span><\/p>\n<p style=\"text-align: justify\"><span style=\"font-family: arial, helvetica, sans-serif\"><img loading=\"lazy\" decoding=\"async\" class=\"size-thumbnail alignleft\" src=\"https:\/\/images.squarespace-cdn.com\/content\/v1\/5da43ea812fb161d49c91687\/1605708929851-CXFQ6ZIIEDDENJOY25F1\/ke17ZwdGBToddI8pDm48kP0XE4w1Dq79g5E5GZ5Rrq5Zw-zPPgdn4jUwVcJE1ZvWEtT5uBSRWt4vQZAgTJucoTqqXjS3CfNDSuuf31e0tVFG9R_T3gIh-Q0OOS2iH3SJfbVo1lJoSHxQwFh3HBWBLJuG45vQwBxdpDrCGUSSl5w\/Phyllida%2BLloyd.png?format=300w\" width=\"200\" height=\"288\" \/>El musical est\u00e1 dirigido por <strong>Phyllida Lloyd<\/strong>, mientras que el libreto con las canciones corre a cargo de <strong>Katori Hall<\/strong>, <img loading=\"lazy\" decoding=\"async\" class=\"size-thumbnail alignright\" src=\"https:\/\/hips.hearstapps.com\/hmg-prod.s3.amazonaws.com\/images\/befunky-collage-3-1573136586.jpg\" width=\"250\" height=\"146\" \/>ganadora de un premio <em>\u00abOliver\u00bb<\/em>. En la 74\u00aa edici\u00f3n de los Premios <em>Tony<\/em> que se celebrar\u00e1 este a\u00f1o, el musical cuenta con doce nominaciones incluida la de Mejor Musical.<\/span><\/p>\n<p><span style=\"font-family: arial, helvetica, sans-serif\">Este es el trailer.<\/span><\/p>\n<p><span style=\"font-family: arial, helvetica, sans-serif\">\n<!-- iframe plugin v.6.0 wordpress.org\/plugins\/iframe\/ -->\n<iframe loading=\"lazy\" width=\"560\" height=\"315\" src=\"https:\/\/www.youtube.com\/embed\/jFEi4jACMi8\" scrolling=\"yes\" class=\"iframe-class\" frameborder=\"0\"><\/iframe>\n<\/span><\/p>\n<p style=\"text-align: justify\"><span style=\"font-family: arial, helvetica, sans-serif\">Pero vamos a saber algo m\u00e1s de la Reina del rock.<\/span><\/p>\n<p><img loading=\"lazy\" decoding=\"async\" class=\" alignleft\" src=\"https:\/\/ih1.redbubble.net\/image.896967980.6985\/raf,750x1000,075,t,FFFFFF:97ab1c12de.jpg\" width=\"241\" height=\"321\" \/><\/p>\n<p style=\"text-align: justify\"><span style=\"font-family: arial, helvetica, sans-serif\">Nacida en Brownsville (Estados Unidos) en 1939, <b>Anna Mae Bullock<\/b>, cuyo alter ego es <b>Tina Turner<\/b>, es una compositora, bailarina, actriz y core\u00f3grafa de nacionalidad suiza y origen estadounidense.\u00a0 <img loading=\"lazy\" decoding=\"async\" class=\"alignleft\" src=\"https:\/\/2.bp.blogspot.com\/-KwFLqqWg5bk\/TrXoMZyNoPI\/AAAAAAAADZY\/xo6-ijoapck\/s200\/ike-and-tina-turner.jpg\" width=\"141\" height=\"141\" \/>Comenz\u00f3 su carrera a mediados de los a\u00f1os 50 como vocalista junto con su esposo <b>Ike Turner<\/b> en el grupo <em>\u00abKings of Rhythm\u00bb<\/em>. Con \u00e9xitos notables, pronto<img loading=\"lazy\" decoding=\"async\" class=\"size-thumbnail alignright\" src=\"https:\/\/images-na.ssl-images-amazon.com\/images\/I\/81-H1Q1ABpL._SL1425_.jpg\" width=\"150\" height=\"150\" \/> le lleg\u00f3\u00a0la\u00a0fama y en 1984 edit\u00f3 su primer disco en solitario, \u201c<em>Private Dancer\u201d<\/em>. Tras ello desarroll\u00f3 una extensa trayectoria de medio siglo hasta su retirada en 2009 con 70 a\u00f1os.<\/span><\/p>\n<p style=\"text-align: justify\"><span style=\"font-family: arial, helvetica, sans-serif\"><img loading=\"lazy\" decoding=\"async\" class=\"alignleft\" src=\"https:\/\/fashionista.com\/.image\/t_share\/MTgxMDE0NDk4MTkzMTg3OTI4\/tina-turner-performs-at-shoreline-amphitheatre-on-may-23-1997-in-mountain-view-california.jpg\" width=\"206\" height=\"215\" \/>Tina se caracteriz\u00f3 por sus explosivas actuaciones en directo, sus llamativos atuendos y su poderosa voz. Se estima que vendi\u00f3 m\u00e1s de 200 millones de \u00e1lbumes en todo el mundo.<\/span><\/p>\n<p style=\"text-align: justify\"><span style=\"font-family: arial, helvetica, sans-serif\"><strong>Tina Turner<\/strong> se convirti\u00f3 en una de las grandes voces del rock y como siempre hacemos en el blog, vamos a ver la presencia de la artista en el cine.<\/span><\/p>\n<p style=\"text-align: justify\"><span style=\"font-family: arial, helvetica, sans-serif\"><strong><img loading=\"lazy\" decoding=\"async\" class=\"size-thumbnail alignleft\" src=\"https:\/\/img2.freepng.es\/20180216\/biw\/kisspng-photographic-film-cinema-movie-projector-camera-5a86752a5cc0d2.4429891715187612583799.jpg\" width=\"100\" height=\"109\" \/><img loading=\"lazy\" decoding=\"async\" class=\"alignleft\" src=\"https:\/\/pics.filmaffinity.com\/mad_max_beyond_thunderdome-591668589-mmed.jpg\" alt=\"\" width=\"149\" height=\"226\" \/>Tina<\/strong> realiz\u00f3 su primer papel en la gran pantalla en la pel\u00edcula \u00ab<i>Mad Max Beyond Thunderdome\u00bb<\/i> (1985) junto a <strong>Mel <\/strong><\/span><span style=\"font-family: arial, helvetica, sans-serif\"><strong>Gibson<\/strong><i>,<\/i>\u00a0<\/span><span style=\"font-family: arial, helvetica, sans-serif\">llev\u00e1ndose un premio <em>Image<\/em> por su actuaci\u00f3n.<i>\u00a0<\/i>La cantante<i>\u00a0<\/i>tambi\u00e9n colabor\u00f3 en la banda sonora de la pel\u00edcula con las canciones \u00ab<em>We Don\u2019t Need Another Hero\u00bb<\/em> y \u00ab<em>One of the Living\u00bb.<\/em><\/span><\/p>\n\n<!-- iframe plugin v.6.0 wordpress.org\/plugins\/iframe\/ -->\n<iframe loading=\"lazy\" width=\"560\" height=\"315\" src=\"https:\/\/www.youtube.com\/embed\/Gcm-tOGiva0\" scrolling=\"yes\" class=\"iframe-class\" frameborder=\"0\"><\/iframe>\n\n<p><strong><img loading=\"lazy\" decoding=\"async\" class=\"size-thumbnail alignleft\" src=\"https:\/\/img2.freepng.es\/20180216\/biw\/kisspng-photographic-film-cinema-movie-projector-camera-5a86752a5cc0d2.4429891715187612583799.jpg\" width=\"100\" height=\"109\" \/><\/strong><\/p>\n<p style=\"text-align: justify\"><span style=\"font-family: arial, helvetica, sans-serif\"><img loading=\"lazy\" decoding=\"async\" class=\"size-thumbnail alignleft\" src=\"https:\/\/es.web.img3.acsta.net\/pictures\/210\/119\/21011960_20130611174828337.jpg\" width=\"157\" height=\"226\" \/>En 1993 su vida fue trasladada al cine con el biopic \u00ab<em>What&#8217;s Love Got to Do with It\u00bb (1993) <\/em>(<em>\u00abTina\u00bb <\/em>en Espa\u00f1a), siendo interpretada por la actriz\u00a0 <b>Angela Bassett<\/b>. <img loading=\"lazy\" decoding=\"async\" class=\"alignleft\" src=\"https:\/\/tinaturnerblog.files.wordpress.com\/2016\/05\/maxresdefault-3.jpg?w=768\" width=\"203\" height=\"135\" \/>La pel\u00edcula obtuvo <\/span><span style=\"font-family: arial, helvetica, sans-serif\">2 nominaciones al <em>Osca<\/em>r: Mejor actor (<strong>Laurence Fishburne<\/strong>) y actriz (<strong>Angela<\/strong> <strong>Bassett<\/strong>) as\u00ed como un <\/span><span style=\"font-family: arial, helvetica, sans-serif\"><em>Globo de Oro<\/em>: Mejor actriz comedia o musical (<strong>Angela<\/strong> <strong>Bassett<\/strong>).<\/span><\/p>\n<p style=\"text-align: justify\"><span style=\"font-family: arial, helvetica, sans-serif\">\n<!-- iframe plugin v.6.0 wordpress.org\/plugins\/iframe\/ -->\n<iframe loading=\"lazy\" width=\"560\" height=\"315\" src=\"https:\/\/www.youtube.com\/embed\/8w9_AC1t-9U\" scrolling=\"yes\" class=\"iframe-class\" frameborder=\"0\"><\/iframe>\n<\/span><\/p>\n<p style=\"text-align: justify\"><span style=\"font-family: arial, helvetica, sans-serif\"><strong><img loading=\"lazy\" decoding=\"async\" class=\"size-thumbnail alignleft\" src=\"https:\/\/img2.freepng.es\/20180216\/biw\/kisspng-photographic-film-cinema-movie-projector-camera-5a86752a5cc0d2.4429891715187612583799.jpg\" width=\"100\" height=\"109\" \/><\/strong><img loading=\"lazy\" decoding=\"async\" class=\"size-thumbnail alignleft\" src=\"https:\/\/pics.filmaffinity.com\/Goldeneye-134170799-large.jpg\" width=\"157\" height=\"226\" \/>En 1995 se estrenaba<i> \u201cGoldeneye\u201d,\u00a0<\/i>una nueva entrega del popular agente 007 que contaba con un nuevo protagonista, <b>Pierce Brosnan<\/b>.\u00a0<strong>Tina Turner<\/strong> se encarg\u00f3 de interpretar la canci\u00f3n hom\u00f3nima, escrita por <strong>Bono<\/strong> y <strong>The Edge<\/strong> de <strong>U2<\/strong> para esta popular saga.\u00a0\u00a0Musicalmente hablando, esta canci\u00f3n es claramente lo mejor de la pel\u00edcula, <strong>Tina<\/strong> est\u00e1 soberbia, con un estilo que recuerda las canciones de la d\u00e9cada de los sesenta. <\/span><\/p>\n<p style=\"text-align: justify\"><span style=\"font-family: arial, helvetica, sans-serif\">\n<!-- iframe plugin v.6.0 wordpress.org\/plugins\/iframe\/ -->\n<iframe loading=\"lazy\" width=\"560\" height=\"315\" src=\"https:\/\/www.youtube.com\/embed\/bkBYVNrjjIs\" scrolling=\"yes\" class=\"iframe-class\" frameborder=\"0\"><\/iframe>\n<\/span><\/p>\n<p id=\"m152-151-153\" class=\"paragraph \" style=\"text-align: justify\"><span style=\"font-family: arial, helvetica, sans-serif\"><img decoding=\"async\" class=\"alignleft\" src=\"https:\/\/img2.freepng.es\/20180216\/biw\/kisspng-photographic-film-cinema-movie-projector-camera-5a86752a5cc0d2.4429891715187612583799.jpg\" width=\"100\" \/><img loading=\"lazy\" decoding=\"async\" class=\"size-thumbnail alignleft\" src=\"https:\/\/i0.wp.com\/www.dirtyrock.info\/wp-content\/uploads\/2021\/03\/Tina-Turner-se-despide-con-el-documental-Tina.jpg?resize=733%2C915&amp;ssl=1\" width=\"181\" height=\"226\" \/>El 27 de marzo de \u00a02020 se estrenaba el aclamado documental de HBO <strong>\u00abTina\u00bb<\/strong>. En el documental se entrelazan im\u00e1genes de archivo y entrevistas actuales para trazar el fascinante viaje vital de una cantante que deslumbr\u00f3 desde sus inicios en los a\u00f1os 60 con una fuerza absolutamente incendiaria ante el micr\u00f3fono. <\/span><span style=\"font-family: arial, helvetica, sans-serif\">La\u00a0tremenda voz y la desbordante presencia\u00a0de <strong>Turner<\/strong> irrumpieron en la escena del soul y el rhythm and blues con una fuerza avasalladora.\u00a0<\/span><\/p>\n\n<!-- iframe plugin v.6.0 wordpress.org\/plugins\/iframe\/ -->\n<iframe loading=\"lazy\" width=\"560\" height=\"315\" src=\"https:\/\/www.youtube.com\/embed\/mD_a-9tXRZk\" scrolling=\"yes\" class=\"iframe-class\" frameborder=\"0\"><\/iframe>\n\n<p><span style=\"font-family: arial, helvetica, sans-serif\">Espero que os haya gustado este post dedicado a una gran mujer, la \u00faltima gran diva del rock.<\/span><\/p>\n<p><img loading=\"lazy\" decoding=\"async\" class=\"alignnone size-medium wp-image-1263\" src=\"http:\/\/edublog.educastur.es\/unamusicadecine\/files\/2020\/10\/5277F2AC-630E-4459-B6EE-40D1C8540DA3-300x268.jpeg\" alt=\"\" width=\"300\" height=\"268\" \/><\/p>\n<p>&nbsp;<\/p>\n","protected":false},"excerpt":{"rendered":"<p>Aprovechando que el 25 de noviembre es el D\u00eda Internacional de la Eliminaci\u00f3n de la Violencia contra la Mujer dedico este post a una gran mujer, una gran artista, una mujer incombustible, que triunf\u00f3 como artista pese a ser v\u00edctima del maltratador Ike, su ex-esposo.\u00a0 Precisamente a esta gran mujer va dedicado el musical\u00a0\u201cTina\u201d sobre [&hellip;]<\/p>\n","protected":false},"author":334,"featured_media":0,"comment_status":"open","ping_status":"closed","sticky":false,"template":"","format":"standard","meta":{"footnotes":""},"categories":[13],"tags":[],"class_list":["post-3915","post","type-post","status-publish","format-standard","hentry","category-rockeros-poperos-musicos-en-el-cine"],"_links":{"self":[{"href":"https:\/\/edublog.educastur.es\/unamusicadecine\/wp-json\/wp\/v2\/posts\/3915","targetHints":{"allow":["GET"]}}],"collection":[{"href":"https:\/\/edublog.educastur.es\/unamusicadecine\/wp-json\/wp\/v2\/posts"}],"about":[{"href":"https:\/\/edublog.educastur.es\/unamusicadecine\/wp-json\/wp\/v2\/types\/post"}],"author":[{"embeddable":true,"href":"https:\/\/edublog.educastur.es\/unamusicadecine\/wp-json\/wp\/v2\/users\/334"}],"replies":[{"embeddable":true,"href":"https:\/\/edublog.educastur.es\/unamusicadecine\/wp-json\/wp\/v2\/comments?post=3915"}],"version-history":[{"count":50,"href":"https:\/\/edublog.educastur.es\/unamusicadecine\/wp-json\/wp\/v2\/posts\/3915\/revisions"}],"predecessor-version":[{"id":7788,"href":"https:\/\/edublog.educastur.es\/unamusicadecine\/wp-json\/wp\/v2\/posts\/3915\/revisions\/7788"}],"wp:attachment":[{"href":"https:\/\/edublog.educastur.es\/unamusicadecine\/wp-json\/wp\/v2\/media?parent=3915"}],"wp:term":[{"taxonomy":"category","embeddable":true,"href":"https:\/\/edublog.educastur.es\/unamusicadecine\/wp-json\/wp\/v2\/categories?post=3915"},{"taxonomy":"post_tag","embeddable":true,"href":"https:\/\/edublog.educastur.es\/unamusicadecine\/wp-json\/wp\/v2\/tags?post=3915"}],"curies":[{"name":"wp","href":"https:\/\/api.w.org\/{rel}","templated":true}]}}