{"id":3946,"date":"2022-01-25T13:44:47","date_gmt":"2022-01-25T11:44:47","guid":{"rendered":"https:\/\/edublog.educastur.es\/unamusicadecine\/?p=3946"},"modified":"2022-01-26T23:22:23","modified_gmt":"2022-01-26T21:22:23","slug":"explota-explota-una-banda-sonora-para-recordar-a-raffaella-carra","status":"publish","type":"post","link":"https:\/\/edublog.educastur.es\/unamusicadecine\/2022\/01\/25\/explota-explota-una-banda-sonora-para-recordar-a-raffaella-carra\/","title":{"rendered":"\u201cExplota, explota\u201d una banda sonora para recordar a Raffaella Carr\u00e1."},"content":{"rendered":"<p style=\"text-align: justify\"><span style=\"font-family: arial, helvetica, sans-serif\"><img loading=\"lazy\" decoding=\"async\" class=\" alignleft\" src=\"https:\/\/i.pinimg.com\/originals\/bc\/69\/63\/bc6963ec3c8efd843a6693c337c26a0d.jpg\" width=\"478\" height=\"338\" \/>El 5 de julio de 2021 tristemente nos dejaba la cantante, actriz y reina de la televisi\u00f3n italiana <b>Raffaella<\/b> <b>Carr\u00e0<\/b> a los 78 a\u00f1os.<\/span><\/p>\n<p style=\"text-align: justify\"><span style=\"font-family: arial, helvetica, sans-serif\">Italia pierde a una de sus mayores divas pero tambi\u00e9n a una artista muy querida en Espa\u00f1a.<\/span><\/p>\n<p style=\"text-align: justify\"><span style=\"font-family: arial, helvetica, sans-serif\"> <img loading=\"lazy\" decoding=\"async\" class=\" alignright\" src=\"https:\/\/linkstorage.linkfire.com\/medialinks\/images\/3d772250-3b2d-428d-83a9-82ec5f241fbd\/artwork-640x640.jpg\" width=\"240\" height=\"240\" \/>La banda sonora de nuestras vidas tiene muchas canciones, pero un buen pu\u00f1ado de ellas pertenecen a la misma persona, <strong>Raffaella Carr\u00e1<\/strong>. <\/span><\/p>\n<p style=\"text-align: justify\"><span style=\"font-family: arial, helvetica, sans-serif\">La cantante\u00a0 revent\u00f3 los a\u00f1os 70 en Italia y poco a poco aquella italiana de melena rubia platino y desparpajo sin igual, se col\u00f3 en nuestras casas por los televisores y en nuestra memoria colectiva, gracias a temazos como \u201c<em>Explota, explota\u201d\u00a0<\/em>o <em>\u201cFiesta\u201d<\/em> que marcaron a generaciones enteras.<\/span><\/p>\n<p style=\"text-align: justify\"><span style=\"font-family: arial, helvetica, sans-serif\"><img loading=\"lazy\" decoding=\"async\" class=\"size-thumbnail alignleft\" src=\"https:\/\/images.clarin.com\/2020\/06\/23\/el-afiche-de-explota-explota___UUPWF3_Ap_720x0__1.jpg\" width=\"250\" height=\"357\" \/>Hoy vamos a homenajear a la diva italiana a trav\u00e9s de una pel\u00edcula que se estren\u00f3 en Espa\u00f1a en octubre de 2020, \u201c<em>Explota Explota\u201d. <\/em><\/span><\/p>\n<p style=\"text-align: justify\"><span style=\"font-family: arial, helvetica, sans-serif\"><b><img loading=\"lazy\" decoding=\"async\" class=\"alignright\" src=\"https:\/\/encrypted-tbn0.gstatic.com\/images?q=tbn:ANd9GcT0W_TpqZv7cDisXdpM3Ty1_VYM0-mGzonw1LkWh91_uzL1coSBl7cJHB7JUcDmz8fn0w&amp;usqp=CAU\" alt=\"\" width=\"250\" height=\"139\" \/>Nacho \u00c1lvarez<\/b> crea y dirige este cuento musical con mucho encanto que usa las sinton\u00edas m\u00e1s populares de la cantante para contar una historia que, adem\u00e1s, habla precisamente de la \u00e9poca en la que <strong>Raffaella Carr\u00e0<\/strong> lleg\u00f3 a nuestro pa\u00eds. <\/span><\/p>\n<p style=\"text-align: justify\"><span style=\"font-family: arial, helvetica, sans-serif\"><strong><img loading=\"lazy\" decoding=\"async\" class=\"alignleft\" src=\"https:\/\/live.staticflickr.com\/3096\/3246419922_6d4b699923_b.jpg\" alt=\"Roque Ba\u00f1os, Goya a la Mejor M\u00fasica por Los Cr\u00edmenes de Ox\u2026 | Flickr\" width=\"167\" height=\"252\" \/>Roque Ba\u00f1os<\/strong> es el autor de la banda sonora, afamado compositor espa\u00f1ol que tiene tres premios <em>Goya<\/em>.<\/span><\/p>\n<p style=\"text-align: justify\"><span style=\"font-family: arial, helvetica, sans-serif\">La pel\u00edcula cuenta la historia de Mar\u00eda (<strong>Ingrid Garc\u00eda-Jonsson<\/strong>), una chica que acaba de dejar a su novio italiano plantado en el altar y vuelve a Madrid encontr\u00e1ndose completamente sola y sin saber qu\u00e9 le deparar\u00e1 la vida. Mar\u00eda conoce a Amparo (<strong>Ver\u00f3nica Echegui<\/strong>) en el aeropuerto y \u00e9sta la ayuda convirti\u00e9ndose en \u00edntimas amigas. Juntas intentar\u00e1n que Mar\u00eda consiga su sue\u00f1o de bailar en televisi\u00f3n.<\/span><\/p>\n<p style=\"text-align: justify\"><span style=\"font-family: arial, helvetica, sans-serif\"><img loading=\"lazy\" decoding=\"async\" class=\"alignleft\" src=\"https:\/\/bekultura.com\/wp-content\/uploads\/2020\/08\/explota.jpg\" width=\"358\" height=\"202\" \/>Todo es brillo en \u00ab<em>Explota explota\u00bb<\/em>. Un brillo de purpurina, lentejuelas y explosi\u00f3n de color que se canaliza por medio del vestuario, las coreograf\u00edas, la escenograf\u00eda, la m\u00fasica\u2026<br \/>\n<\/span><\/p>\n<p style=\"text-align: justify\"><span style=\"font-family: arial, helvetica, sans-serif\"><img loading=\"lazy\" decoding=\"async\" class=\"aligncenter\" src=\"http:\/\/3.bp.blogspot.com\/-fW1e7qVQu2A\/TlLkuk0w3xI\/AAAAAAAAFkg\/DPqByQw9q-M\/s1600\/carraamate.jpg\" alt=\"\" width=\"227\" height=\"227\" \/> Vamos a disfrutar de una selecci\u00f3n de n\u00fameros musicales de la pel\u00edcula que contiene grandes hits\u00a0de <strong>Raffaella Carr\u00e0<\/strong>.<\/span><\/p>\n<p style=\"text-align: justify\"><span style=\"font-family: arial, helvetica, sans-serif\"><img loading=\"lazy\" decoding=\"async\" class=\"alignleft\" src=\"https:\/\/cloud10.todocoleccion.online\/discos-vinilo\/tc\/2009\/12\/30\/17058520.jpg\" alt=\"\" width=\"191\" height=\"130\" \/><\/span><\/p>\n<p style=\"text-align: justify\"><span style=\"font-family: arial, helvetica, sans-serif\">Este es el n\u00famero musical del comienzo de la pel\u00edcula en el que Mar\u00eda (<strong>Ingrid Garc\u00eda-Jonsson<\/strong>) vuela de vuelta a Madrid huyendo de su boda al ritmo de la canci\u00f3n <em>\u00abAdi\u00f3s amigos\u00bb<\/em> de <strong>Raffaela Carr\u00e0<\/strong>. M\u00fasica y color en estado puro.<\/span><\/p>\n<p><span style=\"font-family: arial, helvetica, sans-serif\">\n<!-- iframe plugin v.6.0 wordpress.org\/plugins\/iframe\/ -->\n<iframe loading=\"lazy\" width=\"560\" height=\"315\" src=\"https:\/\/www.youtube.com\/embed\/I3hgQ0sGu14\" scrolling=\"yes\" class=\"iframe-class\" frameborder=\"0\"><\/iframe>\n <\/span><\/p>\n<p style=\"text-align: justify\"><span style=\"font-family: arial, helvetica, sans-serif\"><img loading=\"lazy\" decoding=\"async\" class=\"alignleft\" src=\"https:\/\/img.discogs.com\/anW7hebjyLyxWplgh_T2or0mhQk=\/fit-in\/600x600\/filters:strip_icc():format(jpeg):mode_rgb():quality(90)\/discogs-images\/R-9386821-1479660457-6530.jpeg.jpg\" alt=\"\" width=\"167\" height=\"167\" \/> Uno de los temas principales de la pel\u00edcula,<em> \u00abEn el amor todo es empezar\u00bb<\/em>. <img loading=\"lazy\" decoding=\"async\" class=\"alignright\" src=\"https:\/\/i1.wp.com\/www.whynotmagazine.es\/wp-content\/uploads\/2020\/09\/unnamed.png?fit=640%2C640&amp;ssl=1\" width=\"162\" height=\"162\" \/>Pone la voz la cantante <strong>Ana<\/strong> <strong>Guerra <\/strong>que ha declarado \u00ab<em>sentirse emocionada de versionar un tema de <strong>Raffaella Carr\u00e0<\/strong>, ya que la admiro y respeto por su talento\u00bb<\/em>. <\/span><\/p>\n<p><span style=\"font-family: arial, helvetica, sans-serif\">\n<!-- iframe plugin v.6.0 wordpress.org\/plugins\/iframe\/ -->\n<iframe loading=\"lazy\" width=\"560\" height=\"315\" src=\"https:\/\/www.youtube.com\/embed\/nwZcUJzgkzI\" scrolling=\"yes\" class=\"iframe-class\" frameborder=\"0\"><\/iframe>\n<\/span><\/p>\n<p style=\"text-align: justify\"><span style=\"font-family: arial, helvetica, sans-serif\"><img loading=\"lazy\" decoding=\"async\" class=\"alignleft\" src=\"https:\/\/img.discogs.com\/vbl8Do45cDW8vXY9ZaBMndSPggM=\/fit-in\/600x600\/filters:strip_icc():format(jpeg):mode_rgb():quality(90)\/discogs-images\/R-13211253-1588962309-1570.jpeg.jpg\" alt=\"\" width=\"165\" height=\"165\" \/>Amparo (<strong>Ver\u00f3nica Echegui<\/strong>) interpreta otro de los grandes temas de Raffaella \u00ab<em>Lucas\u00bb.<\/em><\/span><\/p>\n<p>&nbsp;<\/p>\n<p>&nbsp;<\/p>\n\n<!-- iframe plugin v.6.0 wordpress.org\/plugins\/iframe\/ -->\n<iframe loading=\"lazy\" width=\"560\" height=\"315\" src=\"https:\/\/www.youtube.com\/embed\/oJ-x0Lb_Fsw\" scrolling=\"yes\" class=\"iframe-class\" frameborder=\"0\"><\/iframe>\n\n<p><span style=\"font-family: arial, helvetica, sans-serif\"><img loading=\"lazy\" decoding=\"async\" class=\"alignleft\" src=\"https:\/\/img.discogs.com\/rYv6bdzw5nHHEvCDvci48K3fKic=\/fit-in\/300x300\/filters:strip_icc():format(jpeg):mode_rgb():quality(40)\/discogs-images\/R-1731700-1239912370.jpeg.jpg\" alt=\"\" width=\"163\" height=\"158\" \/><\/span><\/p>\n<p><span style=\"font-family: arial, helvetica, sans-serif\">N\u00famero musical para bailar sin parar al ritmo de \u201cBailo, bailo\u201d.<\/span><\/p>\n<p>&nbsp;<\/p>\n\n<!-- iframe plugin v.6.0 wordpress.org\/plugins\/iframe\/ -->\n<iframe loading=\"lazy\" width=\"560\" height=\"315\" src=\"https:\/\/www.youtube.com\/embed\/9L0U0dvTHfI\" scrolling=\"yes\" class=\"iframe-class\" frameborder=\"0\"><\/iframe>\n\n<p style=\"text-align: justify\"><em><span style=\"font-family: arial, helvetica, sans-serif\"><img loading=\"lazy\" decoding=\"async\" class=\"alignleft\" src=\"https:\/\/m.media-amazon.com\/images\/I\/71SQWeeUWQS._SY450_.jpg\" alt=\"\" width=\"158\" height=\"158\" \/>\u00abFiesta\u00bb <\/span><\/em><span style=\"font-family: arial, helvetica, sans-serif\">es uno de los temas m\u00e1s conocidos de la artista, adem\u00e1s cuenta con la aparici\u00f3n estelar de la italiana.<\/span><\/p>\n<p>&nbsp;<\/p>\n<p>&nbsp;<\/p>\n<p style=\"text-align: justify\">\n<!-- iframe plugin v.6.0 wordpress.org\/plugins\/iframe\/ -->\n<iframe loading=\"lazy\" width=\"560\" height=\"315\" src=\"https:\/\/www.youtube.com\/embed\/pO6b1iJ0ozg\" scrolling=\"yes\" class=\"iframe-class\" frameborder=\"0\"><\/iframe>\n<\/p>\n<p style=\"text-align: justify\"><span style=\"font-family: arial, helvetica, sans-serif\"><em>\u00abExplota, explota\u00bb<\/em> es una cinta familiar, divertida, sin m\u00e1s pretensi\u00f3n que salir con una sonrisa en la cara,\u00a0 cantando y bailando alg\u00fan tema de la <strong>Carr\u00e0<\/strong>. Es el mejor homenaje a la gran <strong>Raffaella<\/strong>.<\/span><\/p>\n<p><img loading=\"lazy\" decoding=\"async\" class=\"alignnone \" src=\"https:\/\/smoda.elpais.com\/wp-content\/uploads\/2020\/10\/raffaelafinal.jpg\" width=\"555\" height=\"278\" \/><\/p>\n<p style=\"text-align: center\"><strong><span style=\"font-family: arial, helvetica, sans-serif;color: #0000ff\">ACTIVIDAD<img loading=\"lazy\" decoding=\"async\" class=\"alignnone wp-image-5785\" src=\"http:\/\/edublog.educastur.es\/unamusicadecine\/files\/2022\/01\/avatar-300x300.png\" alt=\"\" width=\"157\" height=\"157\" \/><\/span><\/strong><\/p>\n<ol>\n<li style=\"text-align: justify\"><strong><span style=\"font-family: arial, helvetica, sans-serif\">\u00bfQu\u00e9 famosa cantante italiana falleci\u00f3 en 2021? \u00bfHab\u00edas o\u00eddo hablar de ella? Realiza una breve biograf\u00eda. (Ecured)<br \/>\n<\/span><\/strong><\/li>\n<li style=\"text-align: justify\"><strong><span style=\"font-family: arial, helvetica, sans-serif\">\u00bfQu\u00e9 pel\u00edcula homenajea a la cantante usando sus canciones como banda sonora?<\/span><\/strong><\/li>\n<li><strong><span style=\"font-family: arial, helvetica, sans-serif\">\u00bfCu\u00e1l es la historia que nos cuenta la pel\u00edcula?<\/span><\/strong><\/li>\n<li style=\"text-align: justify\"><strong><span style=\"font-family: arial, helvetica, sans-serif\"> \u00bfQui\u00e9n es <\/span><span style=\"font-family: arial, helvetica, sans-serif\">el director de la pel\u00edcula?<\/span><\/strong><\/li>\n<li><strong><span style=\"font-family: arial, helvetica, sans-serif\">\u00bfQui\u00e9n es el autor de la banda sonora? \u00bfQu\u00e9 premios ha obtenido? Realiza una breve biograf\u00eda. (https:\/\/roquebanos.es\/)<br \/>\n<\/span><\/strong><\/li>\n<li><strong><span style=\"font-family: arial, helvetica, sans-serif\">\u00bfQu\u00e9 cantante espa\u00f1ola interpreta uno de los temas de la pel\u00edcula?\u00a0<\/span><\/strong><\/li>\n<li style=\"text-align: justify\"><strong><span style=\"font-family: arial, helvetica, sans-serif\">Elige el n\u00famero musical que m\u00e1s te haya gustado. Explica las emociones que te transmite la m\u00fasica.<\/span><\/strong><\/li>\n<li><strong><span style=\"font-family: arial, helvetica, sans-serif\">Explica que te ha aportado este post.<\/span><\/strong><\/li>\n<\/ol>\n","protected":false},"excerpt":{"rendered":"<p>El 5 de julio de 2021 tristemente nos dejaba la cantante, actriz y reina de la televisi\u00f3n italiana Raffaella Carr\u00e0 a los 78 a\u00f1os. Italia pierde a una de sus mayores divas pero tambi\u00e9n a una artista muy querida en Espa\u00f1a. La banda sonora de nuestras vidas tiene muchas canciones, pero un buen pu\u00f1ado de [&hellip;]<\/p>\n","protected":false},"author":334,"featured_media":0,"comment_status":"open","ping_status":"closed","sticky":false,"template":"","format":"standard","meta":{"footnotes":""},"categories":[3,5,9,13],"tags":[],"class_list":["post-3946","post","type-post","status-publish","format-standard","hentry","category-comentamos-una-banda-sonora","category-grandes-musicales","category-musica-prestada-al-cine","category-rockeros-poperos-musicos-en-el-cine"],"_links":{"self":[{"href":"https:\/\/edublog.educastur.es\/unamusicadecine\/wp-json\/wp\/v2\/posts\/3946","targetHints":{"allow":["GET"]}}],"collection":[{"href":"https:\/\/edublog.educastur.es\/unamusicadecine\/wp-json\/wp\/v2\/posts"}],"about":[{"href":"https:\/\/edublog.educastur.es\/unamusicadecine\/wp-json\/wp\/v2\/types\/post"}],"author":[{"embeddable":true,"href":"https:\/\/edublog.educastur.es\/unamusicadecine\/wp-json\/wp\/v2\/users\/334"}],"replies":[{"embeddable":true,"href":"https:\/\/edublog.educastur.es\/unamusicadecine\/wp-json\/wp\/v2\/comments?post=3946"}],"version-history":[{"count":96,"href":"https:\/\/edublog.educastur.es\/unamusicadecine\/wp-json\/wp\/v2\/posts\/3946\/revisions"}],"predecessor-version":[{"id":6099,"href":"https:\/\/edublog.educastur.es\/unamusicadecine\/wp-json\/wp\/v2\/posts\/3946\/revisions\/6099"}],"wp:attachment":[{"href":"https:\/\/edublog.educastur.es\/unamusicadecine\/wp-json\/wp\/v2\/media?parent=3946"}],"wp:term":[{"taxonomy":"category","embeddable":true,"href":"https:\/\/edublog.educastur.es\/unamusicadecine\/wp-json\/wp\/v2\/categories?post=3946"},{"taxonomy":"post_tag","embeddable":true,"href":"https:\/\/edublog.educastur.es\/unamusicadecine\/wp-json\/wp\/v2\/tags?post=3946"}],"curies":[{"name":"wp","href":"https:\/\/api.w.org\/{rel}","templated":true}]}}