{"id":402,"date":"2020-09-22T12:32:47","date_gmt":"2020-09-22T10:32:47","guid":{"rendered":"https:\/\/edublog.educastur.es\/unamusicadecine\/?p=402"},"modified":"2022-05-07T17:50:59","modified_gmt":"2022-05-07T15:50:59","slug":"las-aventuras-de-tadeo-jones","status":"publish","type":"post","link":"https:\/\/edublog.educastur.es\/unamusicadecine\/2020\/09\/22\/las-aventuras-de-tadeo-jones\/","title":{"rendered":"LAS AVENTURAS DE TADEO JONES"},"content":{"rendered":"<p><img loading=\"lazy\" decoding=\"async\" class=\"size-thumbnail aligncenter\" src=\"https:\/\/pics.filmaffinity.com\/Las_aventuras_de_Tadeo_Jones-752399816-large.jpg\" width=\"400\" height=\"572\" \/><\/p>\n<p align=\"justify\"><span style=\"font-family: arial, helvetica, sans-serif\">El 18 de febrero de 2012 tuvo lugar la ceremonia de los\u00a0<strong>Premios Goya<\/strong>\u00a0que otorga la Academia de Cine espa\u00f1ola.\u00a0La pel\u00edcula de animaci\u00f3n\u00a0<strong>\u201cLas aventuras de Tadeo Jones\u201d\u00a0<\/strong>ha sido la gran revelaci\u00f3n de los premios, \u00a0llev\u00e1ndose tres estatuillas de las cinco para las que estaba nominada.<\/span><\/p>\n<p><span style=\"font-family: arial, helvetica, sans-serif\">Vamos a hacer un recorrido por el fant\u00e1stico mundo de Tadeo Jones!!!!!!<\/span><\/p>\n<p style=\"text-align: justify\"><span style=\"font-family: arial, helvetica, sans-serif\"><span style=\"color: #ff00ff\"><strong>&#8211; Argumento.\u00a0<\/strong><\/span>Tadeo, alba\u00f1il de profesi\u00f3n,\u00a0es confundido con\u00a0 un\u00a0 importante arque\u00f3logo y tiene que irse a una expedici\u00f3n a\u00a0 Per\u00fa. <img loading=\"lazy\" decoding=\"async\" class=\"size-thumbnail alignright\" src=\"https:\/\/images-2.wuaki.tv\/system\/shots\/188854\/original\/snapshot-1590660437-height315-width600-quality80.jpeg\" width=\"300\" height=\"169\" \/>\u00a0En su aventura le acompa\u00f1ar\u00e1n: su perro Jeff, Sara Lavrof, una audaz profesora, Belzoni<strong>, <\/strong>un loro mudo y un buscavidas, Freddy\u00a0 que intentar\u00e1n salvar la ciudad perdida de los Incas de una malvada corporaci\u00f3n de cazatesoros.<\/span><\/p>\n<p style=\"text-align: justify\"><span style=\"font-family: arial, helvetica, sans-serif\">\u00a0<\/span><span style=\"font-family: arial, helvetica, sans-serif\"><strong><span style=\"color: #ff00ff\">&#8211; R<\/span><\/strong><span style=\"color: #ff00ff\"><strong>eparto (Doblaje).\u00a0<\/strong><\/span>La pareja protagonista, Tadeo y Sara,<\/span><\/p>\n<p style=\"text-align: justify\"><span style=\"font-family: arial, helvetica, sans-serif\"> <img loading=\"lazy\" decoding=\"async\" class=\"size-thumbnail alignnone\" src=\"https:\/\/img.bekia.es\/galeria\/26000\/26983_jenner-mota-estreno-aventuras-tadeo-jones.jpg\" width=\"200\" height=\"266\" \/>\u00a0est\u00e1n doblados por dos actores de doblaje y a la vez\u00a0 rostros populares de la televisi\u00f3n y el cine, el humorista y actor <b>Jos\u00e9 Mota<\/b> y la cantante y actriz <b>Michelle Jenner <\/b>(conocida sobre todo por su papel en la serie de televisi\u00f3n \u201cLos hombre de Paco\u201d).<\/span><\/p>\n<p style=\"text-align: justify\"><span style=\"font-family: arial, helvetica, sans-serif\"><span style=\"color: #ff00ff\"><strong>&#8211; Cortometrajes, pel\u00edcula, director y premios.<\/strong><strong>\u00a0<\/strong><\/span><strong>\u2018Las aventuras de Tadeo Jones\u2019<\/strong>\u00a0es una cinta de animaci\u00f3n que nace\u00a0 de la adaptaci\u00f3n al largo de los exitosos cortometrajes\u00a0<strong>\u2018Tadeo Jones\u2019\u00a0<\/strong>(2006), que gan\u00f3 el\u00a0<strong>Goya al Mejor Cortometraje de Animaci\u00f3n<\/strong>, y\u00a0<strong>\u2018Tadeo Jones y el s\u00f3tano maldito\u2019<\/strong> (2007), que presentaban a un Indiana Jones espa\u00f1ol. Ambos dirigidos, al igual que la pel\u00edcula, por\u00a0<strong>Enrique Gato.\u00a0<\/strong><\/span><\/p>\n<p style=\"text-align: justify\"><span style=\"font-family: arial, helvetica, sans-serif\">La pel\u00edcula\u00a0\u00a0<strong>\u2018Las aventuras de Tadeo Jones\u2019<\/strong>\u00a0 fue estrenada en Espa\u00f1a el 31 de agosto de 2012 y este es el trailer.<\/span><\/p>\n<p><span style=\"font-family: arial, helvetica, sans-serif\">\n<!-- iframe plugin v.6.0 wordpress.org\/plugins\/iframe\/ -->\n<iframe loading=\"lazy\" width=\"560\" height=\"315\" src=\"https:\/\/www.youtube.com\/embed\/WtrzOGH70vc\" scrolling=\"yes\" class=\"iframe-class\" frameborder=\"0\"><\/iframe>\n<\/span><\/p>\n<p align=\"justify\"><span style=\"font-family: arial, helvetica, sans-serif\"><strong>El director. Enrique Gato<\/strong> (Valladolid, 1977) <img loading=\"lazy\" decoding=\"async\" class=\"alignright\" src=\"http:\/\/estaticos.elperiodico.com\/resources\/jpg\/5\/5\/1346662481455.jpg\" width=\"166\" height=\"249\" align=\"left\" \/>aprovechaba los ratos libres que le dejaba su trabajo en el mundo de los videojuegos, para hacer cortos. De ellos naci\u00f3 el personaje de Tadeo Jones.\u00a0Tambi\u00e9n hizo un comic con el mismo protagonista.<\/span><\/p>\n<p align=\"justify\"><span style=\"font-family: arial, helvetica, sans-serif\">La pel\u00edcula ha ganado tres estatuillas en los Premios Goya:<\/span><\/p>\n<ul>\n<li style=\"list-style-type: none\">\n<ul style=\"list-style-type: circle\">\n<li><span style=\"font-family: arial, helvetica, sans-serif\"><strong>M<\/strong><strong>ejor pel\u00edcula de animaci\u00f3n<\/strong><\/span><\/li>\n<li><span style=\"font-family: arial, helvetica, sans-serif\"><strong>Mejor<\/strong>\u00a0\u00a0<strong>gui\u00f3n adaptado<\/strong><\/span><\/li>\n<li><strong><span style=\"font-family: arial, helvetica, sans-serif\">Mejor director novel \u00a0<\/span>\u00a0 \u00a0\u00a0<\/strong><\/li>\n<\/ul>\n<\/li>\n<\/ul>\n<p><strong style=\"font-family: arial, helvetica, sans-serif\"><span style=\"color: #ff00ff\">&#8211; Banda Sonora.<\/span><\/strong><span style=\"color: #ff00ff\"><strong>\u00a0<\/strong><\/span><span style=\"font-family: arial, helvetica, sans-serif\">compuesta por\u00a0<\/span><strong style=\"font-family: arial, helvetica, sans-serif\">Zacar\u00edas M. de la Riva,<\/strong><span style=\"font-family: arial, helvetica, sans-serif\">\u00a0estuvo nominada al Goya a la<\/span><strong style=\"font-family: arial, helvetica, sans-serif\">\u00a0mejor banda sonora.<\/strong><\/p>\n<p align=\"justify\"><span style=\"font-family: arial, helvetica, sans-serif\"><img decoding=\"async\" class=\"alignleft\" src=\"http:\/\/t1.gstatic.com\/images?q=tbn:ANd9GcRSQdf9k_3Qe-X5olPaVA0moVFK8n3NPJyGpuLLOlj1XtuiELoL4QU_BA\" width=\"150\" \/> Mart\u00ednez de la Riva (Barcelona 1972) estudi\u00f3 composici\u00f3n y Film Scoring en la Berklee College of Music. En un principio trabaj\u00f3 como orquestador en el mundo del cine y m\u00e1s adelante se centr\u00f3 en la composici\u00f3n. Escribi\u00f3 la BSO de \u201c<strong>El \u00faltimo justo\u201d<\/strong>, \u201c<strong>La mujer del anarquista\u201d\u00a0<\/strong>(candidata a los World Soundtrack Awards), y\u00a0<strong>\u201cCopito de nieve\u201d\u00a0<\/strong>entre otras.<\/span><\/p>\n<p align=\"justify\"><span style=\"font-family: arial, helvetica, sans-serif\">Ya centr\u00e1ndome en la banda sonora de\u00a0<strong>\u201cLas aventuras de Tadeo Jones\u201d\u00a0<\/strong>sigue las mismas caracter\u00edsticas que las pel\u00edculas de animaci\u00f3n, con un tema principal dedicado al protagonista, y otros temas que acompa\u00f1an a la acci\u00f3n y aventuras del filme. Vamos a escucharla.<\/span><\/p>\n<p style=\"padding-left: 40px\">\n<!-- iframe plugin v.6.0 wordpress.org\/plugins\/iframe\/ -->\n<iframe loading=\"lazy\" width=\"560\" height=\"315\" src=\"https:\/\/www.youtube.com\/embed\/xT04m27f5pw\" scrolling=\"yes\" class=\"iframe-class\" frameborder=\"0\"><\/iframe>\n<\/p>\n<p style=\"text-align: justify\"><span style=\"font-family: arial, helvetica, sans-serif\"><img decoding=\"async\" class=\"alignright\" src=\"http:\/\/1.bp.blogspot.com\/-V8mdC42a2sY\/UBJ0pIOyH_I\/AAAAAAAAR9U\/pFLxZUUYdGE\/s1600\/magan.jpg\" \/> Gran parte del \u00e9xito de la pel\u00edcula ha sido la presencia de la \u201cpegadiza\u201d canci\u00f3n\u00a0 principal de la banda sonora, \u201cTe voy a esperar\u201d, que ha sido nominada al Goya a la <strong>mejor canci\u00f3n\u00a0<\/strong>(premio que no gan\u00f3). Est\u00e1 interpretado por<strong>\u00a0Juan Magan\u00a0<\/strong>(popular DJ y productor de m\u00fasica electr\u00f3nica) y la<strong>\u00a0<\/strong>cantante mexicana<strong>\u00a0Belinda<\/strong>.<\/span><\/p>\n<p style=\"text-align: justify\"><span style=\"font-family: arial, helvetica, sans-serif\">\n<!-- iframe plugin v.6.0 wordpress.org\/plugins\/iframe\/ -->\n<iframe loading=\"lazy\" width=\"560\" height=\"315\" src=\"https:\/\/www.youtube.com\/embed\/lIe4VHXpftg\" scrolling=\"yes\" class=\"iframe-class\" frameborder=\"0\"><\/iframe>\n<\/span><\/p>\n<p style=\"text-align: justify\"><span style=\"font-family: arial, helvetica, sans-serif\">La banda sonora incluye otros temas musicales como <em>\u201cWhat makes you beautiful\u201d<\/em> de la nueva banda de \u00e9xito juvenil, <strong>One Direction <\/strong>(son una aut\u00e9ntica \u201cfiebre\u201d entre las nuevas generaciones, os lo puedo asegurar).<\/span><\/p>\n<p style=\"text-align: justify\">\u00a0\n<!-- iframe plugin v.6.0 wordpress.org\/plugins\/iframe\/ -->\n<iframe loading=\"lazy\" width=\"560\" height=\"315\" src=\"https:\/\/www.youtube.com\/embed\/oAerCmMMwso\" scrolling=\"yes\" class=\"iframe-class\" frameborder=\"0\"><\/iframe>\n<\/p>\n<p style=\"text-align: justify\"><span style=\"font-family: arial, helvetica, sans-serif\">Tambi\u00e9n aparecen en la pel\u00edcula tres canciones del grupo madrile\u00f1o de rock (con influencias americanas), <strong>The Monomes,<\/strong> un grupo a tener en cuenta en el panorama musical actual.<\/span><\/p>\n\n<!-- iframe plugin v.6.0 wordpress.org\/plugins\/iframe\/ -->\n<iframe loading=\"lazy\" width=\"560\" height=\"315\" src=\"https:\/\/www.youtube.com\/embed\/riXvWOXU5EY\" scrolling=\"yes\" class=\"iframe-class\" frameborder=\"0\"><\/iframe>\n\n","protected":false},"excerpt":{"rendered":"<p>El 18 de febrero de 2012 tuvo lugar la ceremonia de los\u00a0Premios Goya\u00a0que otorga la Academia de Cine espa\u00f1ola.\u00a0La pel\u00edcula de animaci\u00f3n\u00a0\u201cLas aventuras de Tadeo Jones\u201d\u00a0ha sido la gran revelaci\u00f3n de los premios, \u00a0llev\u00e1ndose tres estatuillas de las cinco para las que estaba nominada. Vamos a hacer un recorrido por el fant\u00e1stico mundo de Tadeo [&hellip;]<\/p>\n","protected":false},"author":334,"featured_media":0,"comment_status":"open","ping_status":"open","sticky":false,"template":"","format":"standard","meta":{"footnotes":""},"categories":[3,8,2],"tags":[],"class_list":["post-402","post","type-post","status-publish","format-standard","hentry","category-comentamos-una-banda-sonora","category-la-musica-en-el-cine-de-animacion","category-ultimas-noticias"],"_links":{"self":[{"href":"https:\/\/edublog.educastur.es\/unamusicadecine\/wp-json\/wp\/v2\/posts\/402","targetHints":{"allow":["GET"]}}],"collection":[{"href":"https:\/\/edublog.educastur.es\/unamusicadecine\/wp-json\/wp\/v2\/posts"}],"about":[{"href":"https:\/\/edublog.educastur.es\/unamusicadecine\/wp-json\/wp\/v2\/types\/post"}],"author":[{"embeddable":true,"href":"https:\/\/edublog.educastur.es\/unamusicadecine\/wp-json\/wp\/v2\/users\/334"}],"replies":[{"embeddable":true,"href":"https:\/\/edublog.educastur.es\/unamusicadecine\/wp-json\/wp\/v2\/comments?post=402"}],"version-history":[{"count":20,"href":"https:\/\/edublog.educastur.es\/unamusicadecine\/wp-json\/wp\/v2\/posts\/402\/revisions"}],"predecessor-version":[{"id":407,"href":"https:\/\/edublog.educastur.es\/unamusicadecine\/wp-json\/wp\/v2\/posts\/402\/revisions\/407"}],"wp:attachment":[{"href":"https:\/\/edublog.educastur.es\/unamusicadecine\/wp-json\/wp\/v2\/media?parent=402"}],"wp:term":[{"taxonomy":"category","embeddable":true,"href":"https:\/\/edublog.educastur.es\/unamusicadecine\/wp-json\/wp\/v2\/categories?post=402"},{"taxonomy":"post_tag","embeddable":true,"href":"https:\/\/edublog.educastur.es\/unamusicadecine\/wp-json\/wp\/v2\/tags?post=402"}],"curies":[{"name":"wp","href":"https:\/\/api.w.org\/{rel}","templated":true}]}}