{"id":4031,"date":"2021-09-27T08:42:54","date_gmt":"2021-09-27T06:42:54","guid":{"rendered":"https:\/\/edublog.educastur.es\/unamusicadecine\/?p=4031"},"modified":"2024-10-13T19:57:00","modified_gmt":"2024-10-13T17:57:00","slug":"gustavo-santaolalla-aterriza-en-asturias","status":"publish","type":"post","link":"https:\/\/edublog.educastur.es\/unamusicadecine\/2021\/09\/27\/gustavo-santaolalla-aterriza-en-asturias\/","title":{"rendered":"Gustavo Santaolalla aterriza en Asturias."},"content":{"rendered":"<p style=\"text-align: justify\"><span style=\"font-family: arial, helvetica, sans-serif\"><img loading=\"lazy\" decoding=\"async\" class=\" alignleft\" src=\"https:\/\/tse1.mm.bing.net\/th?id=OIP.YvXt2XMjd-uzFjdIx_gETQHaEK&amp;pid=Api&amp;P=0\" width=\"356\" height=\"236\" \/>Hoy voy a hablaros de un compositor argentino que tuve la suerte de ver el pasado 25 de septiembre en el <i>Teatro Palacio Vald\u00e9s<\/i> de\u00a0<b>Avil\u00e9s<\/b>, donde ofreci\u00f3 un concierto vibrante gracias a su gran talento y a su conexi\u00f3n con el p\u00fablico.<\/span><\/p>\n<p style=\"text-align: justify\"><span style=\"font-family: arial, helvetica, sans-serif\">A sus 70 a\u00f1os, con dos\u00a0<i>Oscars<\/i>, dos <i>Baftas<\/i>, un <i>Globo de Oro<\/i> y 19 <i>Grammys,\u00a0<\/i>para <b>Gustavo<\/b> <b>Santaolalla<\/b> la m\u00fasica es una \u00abforma de entender la vida\u00bb.<\/span><\/p>\n<p style=\"text-align: justify\"><span style=\"font-family: arial, helvetica, sans-serif\"><b>Santaolalla <\/b>es un referente de la escena argentina que dio sus primeros pasos en la m\u00fasica cuando era solo un ni\u00f1o y le pidi\u00f3 a su padre acudir a clases de guitarra. Desde entonces su pasi\u00f3n por la m\u00fasica nunca lo ha abandonado.<\/span><\/p>\n<p style=\"text-align: justify\"><span style=\"font-family: arial, helvetica, sans-serif\"><img loading=\"lazy\" decoding=\"async\" class=\"size-thumbnail alignleft\" src=\"https:\/\/http2.mlstatic.com\/D_NQ_NP_648097-MLA26067044323_092017-W.jpg\" width=\"200\" height=\"200\" \/>Su primer grupo musical fue \u201c<em>Arco Iris\u201d,<\/em>\u00a0fundado en 1967. Con el grupo\u00a0grab\u00f3 m\u00e1s de 11 discos. En 1975 la banda se rompi\u00f3 y al a\u00f1o siguiente form\u00f3 otra banda<i> \u201cSoluna\u201d <img loading=\"lazy\" decoding=\"async\" class=\"size-thumbnail alignright\" src=\"https:\/\/3.bp.blogspot.com\/-kjfdxxCH_rY\/XIJBzTyM-mI\/AAAAAAAAMj4\/ot5CP7kRZ1oV_z2NqX-UIQLFGYOMiCYGQCLcBGAs\/s1600\/Soluna2.jpg\" width=\"250\" height=\"178\" \/><\/i>donde toc\u00f3 con el pianista y cantante\u00a0<\/span><\/p>\n<p style=\"text-align: justify\"><span style=\"font-family: arial, helvetica, sans-serif\"><b>Alejandro Lerner<\/b>\u00a0<\/span><span style=\"font-family: arial, helvetica, sans-serif\">y su novia (por ese entonces) <b>M\u00f3nica Campins<\/b>. Juntos grabaron un \u00e1lbum \u201c<i>Energ\u00eda Natural\u201d.<\/i><\/span><\/p>\n<p style=\"text-align: justify\"><span style=\"font-family: arial, helvetica, sans-serif\">Como consecuencia de la censura y las limitaciones art\u00edsticas en Argentina durante la\u00a0\u00faltima dictadura militar, <b>Santaolalla<\/b> emigr\u00f3 en\u00a01978\u00a0a\u00a0Los \u00c1ngeles,\u00a0California, ciudad que ser\u00eda clave en su carrera (y donde reside hasta el d\u00eda de hoy).<\/span><\/p>\n<p style=\"text-align: justify\"><span style=\"font-family: arial, helvetica, sans-serif\">A mediados de los noventa, el compositor debuta como productor musical, llegando a producir m\u00fasica para grandes artistas como:<strong> Juanes<\/strong>, <b>Jorge Drexler <\/b>y <b>Julieta Venegas.<\/b>\u00a0<img loading=\"lazy\" decoding=\"async\" class=\"size-thumbnail alignleft\" src=\"https:\/\/www.excelsiorcalifornia.com\/wp-content\/uploads\/migration\/2008\/200811\/20081113_053006_juanes3.jpg?w=535\" width=\"133\" height=\"200\" \/><br \/>\n<\/span><\/p>\n<p style=\"text-align: justify\"><span style=\"font-family: arial, helvetica, sans-serif\"><img loading=\"lazy\" decoding=\"async\" class=\"alignnone size-thumbnail\" src=\"https:\/\/www.nodal.am\/wp-content\/uploads\/2017\/09\/nodal-drexler-venegas.jpg\" width=\"200\" height=\"130\" \/><\/span><\/p>\n<p style=\"text-align: justify\"><span style=\"font-family: arial, helvetica, sans-serif\"><b><img loading=\"lazy\" decoding=\"async\" class=\"size-thumbnail alignright\" src=\"https:\/\/i.pinimg.com\/originals\/1c\/4e\/11\/1c4e11be36901ee7a5e585e600d3a2b0.jpg\" width=\"300\" height=\"245\" \/>Santaolalla <\/b>no se detiene aqu\u00ed,\u00a0contin\u00faa evolucionando y se integra en la m\u00fasica de cine. Su incre\u00edble memoria musical, unida a su capacidad de unir sonido con imagen, hicieron que el compositor ya no fuera \u00fanicamente un productor musical, sino un \u00a0gran compositor de bandas sonoras de pel\u00edculas. La elecci\u00f3n de instrumentos como el <strong>ronroco<\/strong>\u00a0(una especie de mandolina de origen andino), se convirtieron en rasgos imprescindibles de su trabajo compositivo. <i>\u201cDurante mucho tiempo las bandas sonoras se centraban en orquestas o pianos, no era habitual que una guitarra fuese el instrumento principal\u201d <\/i>dice el compositor.<\/span><\/p>\n<p style=\"text-align: justify\"><span style=\"font-family: arial, helvetica, sans-serif\"><img loading=\"lazy\" decoding=\"async\" class=\"size-thumbnail alignleft\" src=\"https:\/\/es.web.img2.acsta.net\/medias\/nmedia\/18\/70\/96\/19\/20081026.jpg\" width=\"200\" height=\"283\" \/>Su primer trabajo como compositor de bandas sonoras para pel\u00edculas fue en el 2000 con el estreno de <b>\u201c<\/b><b>Amores Perros\u201d<\/b>. Banda sonora con canciones y con melod\u00edas instrumentales dram\u00e1ticas y evocadoras, y donde sobresale el sonido de la guitarra.<\/span><\/p>\n<p><img loading=\"lazy\" decoding=\"async\" class=\"alignnone \" src=\"https:\/\/2.bp.blogspot.com\/-Xe8EyVAFiB0\/UZo_MZEjHWI\/AAAAAAAAAjI\/4YHbkLHwZsU\/s1600\/bANDAS1.png\" width=\"108\" height=\"126\" \/><\/p>\n\n<!-- iframe plugin v.6.0 wordpress.org\/plugins\/iframe\/ -->\n<iframe loading=\"lazy\" width=\"560\" height=\"315\" src=\"https:\/\/www.youtube.com\/embed\/VHywKsbfq-Q\" scrolling=\"yes\" class=\"iframe-class\" frameborder=\"0\"><\/iframe>\n\n<p><span style=\"font-family: arial, helvetica, sans-serif\"><img loading=\"lazy\" decoding=\"async\" class=\"size-thumbnail alignright\" src=\"https:\/\/es.web.img2.acsta.net\/medias\/nmedia\/18\/67\/41\/52\/20066693.jpg\" width=\"200\" height=\"283\" \/>En \u201c<b>21 Gramos\u201d<\/b> (2003), contin\u00faa sobresaliendo la guitarra en una dram\u00e1tica banda sonora acorde al tono tr\u00e1gico de la pel\u00edcula.<\/span><\/p>\n<p><img loading=\"lazy\" decoding=\"async\" class=\"alignnone \" src=\"https:\/\/2.bp.blogspot.com\/-Xe8EyVAFiB0\/UZo_MZEjHWI\/AAAAAAAAAjI\/4YHbkLHwZsU\/s1600\/bANDAS1.png\" width=\"108\" height=\"126\" \/><\/p>\n\n<!-- iframe plugin v.6.0 wordpress.org\/plugins\/iframe\/ -->\n<iframe loading=\"lazy\" width=\"560\" height=\"315\" src=\"https:\/\/www.youtube.com\/embed\/Ry6fO8N_BPE\" scrolling=\"yes\" class=\"iframe-class\" frameborder=\"0\"><\/iframe>\n\n<p>&nbsp;<\/p>\n<p style=\"text-align: justify\"><span style=\"font-family: arial, helvetica, sans-serif\"><img loading=\"lazy\" decoding=\"async\" class=\"size-thumbnail alignleft\" src=\"https:\/\/images-na.ssl-images-amazon.com\/images\/I\/91o0tgNEgGL.jpg\" width=\"200\" height=\"323\" \/>Para \u201c<b>Diarios de una motocicleta\u201d<\/b> (2004) <b>Santaolalla <\/b>crea una\u00a0ecl\u00e9ctica banda sonora ambiental, para seguir las andanzas del\u00a0Che Guevara, cuando en su juventud atraves\u00f3 Sudam\u00e9rica en motocicleta.<\/span><\/p>\n<p><img loading=\"lazy\" decoding=\"async\" class=\"alignnone \" src=\"https:\/\/2.bp.blogspot.com\/-Xe8EyVAFiB0\/UZo_MZEjHWI\/AAAAAAAAAjI\/4YHbkLHwZsU\/s1600\/bANDAS1.png\" width=\"108\" height=\"126\" \/><\/p>\n\n<!-- iframe plugin v.6.0 wordpress.org\/plugins\/iframe\/ -->\n<iframe loading=\"lazy\" width=\"560\" height=\"315\" src=\"https:\/\/www.youtube.com\/embed\/8Pr_k87TW8k?si=KmpfIXpOYkxgv5u4\" scrolling=\"yes\" class=\"iframe-class\" frameborder=\"0\"><\/iframe>\n\n<p style=\"text-align: justify\"><span style=\"font-family: arial, helvetica, sans-serif\"><b><img loading=\"lazy\" decoding=\"async\" class=\"size-thumbnail alignleft\" src=\"https:\/\/e00-elmundo.uecdn.es\/especiales\/2006\/02\/cultura\/oscar\/nominados\/img\/g_peli_brokeback_mountain.jpg\" width=\"200\" height=\"283\" \/>En 2005 <\/b>obtiene su primer premio <i>\u00d3scar<\/i> a mejor banda sonora\u00a0con la pel\u00edcula\u00a0<b>\u201cBrokeback Mountain\u201d (En Terreno Vedado) <\/b>para la que crea\u00a0una\u00a0cautivante m\u00fasica de guitarra ac\u00fastica \u00a0que sigue la\u00a0historia de amor oculta entre dos hombres j\u00f3venes en el Wyoming de los a\u00f1os sesenta. <\/span><\/p>\n<p style=\"text-align: justify\"><span style=\"font-family: arial, helvetica, sans-serif\"><img loading=\"lazy\" decoding=\"async\" class=\"alignnone \" src=\"https:\/\/2.bp.blogspot.com\/-Xe8EyVAFiB0\/UZo_MZEjHWI\/AAAAAAAAAjI\/4YHbkLHwZsU\/s1600\/bANDAS1.png\" width=\"108\" height=\"126\" \/><\/span><\/p>\n\n<!-- iframe plugin v.6.0 wordpress.org\/plugins\/iframe\/ -->\n<iframe loading=\"lazy\" width=\"560\" height=\"315\" src=\"https:\/\/www.youtube.com\/embed\/5i46KRx6FHk\" scrolling=\"yes\" class=\"iframe-class\" frameborder=\"0\"><\/iframe>\n\n<p style=\"text-align: justify\"><span style=\"font-family: arial, helvetica, sans-serif\"><img loading=\"lazy\" decoding=\"async\" class=\"size-thumbnail alignright\" src=\"https:\/\/encrypted-tbn0.gstatic.com\/images?q=tbn:ANd9GcTy9CpvadIWjzgWi0_0pxnqqeLhv9OKwbW-pQ&amp;usqp=CAU\" width=\"179\" height=\"240\" \/>Al a\u00f1o siguiente, en el 2006, logr\u00f3 alcanzar su segunda estatuilla dorada, <\/span><span style=\"font-family: arial, helvetica, sans-serif\">con la pel\u00edcula \u201c<strong>Babel<\/strong>\u201d. Aqu\u00ed el compositor aplica una m\u00fasica ac\u00fastica, con guitarra \u00e1rabe, que da un tono triste, apesadumbrado, al conjunto.\u00a0<\/span><\/p>\n<p><img loading=\"lazy\" decoding=\"async\" class=\"alignnone \" src=\"https:\/\/2.bp.blogspot.com\/-Xe8EyVAFiB0\/UZo_MZEjHWI\/AAAAAAAAAjI\/4YHbkLHwZsU\/s1600\/bANDAS1.png\" width=\"108\" height=\"126\" \/><\/p>\n\n<!-- iframe plugin v.6.0 wordpress.org\/plugins\/iframe\/ -->\n<iframe loading=\"lazy\" width=\"560\" height=\"315\" src=\"https:\/\/www.youtube.com\/embed\/UDCP-3RsOfM\" title=\"YouTube video player\" scrolling=\"yes\" class=\"iframe-class\" frameborder=\"0\"><\/iframe>\n\n<p style=\"text-align: justify\"><span style=\"font-family: arial, helvetica, sans-serif\"><img loading=\"lazy\" decoding=\"async\" class=\"size-thumbnail alignleft\" src=\"https:\/\/upload.wikimedia.org\/wikipedia\/pt\/b\/be\/The_Last_of_Us_capa.png\" width=\"200\" height=\"230\" \/>En 2013, <b>Gustavo<\/b> compuso la banda sonora del aclamado video game ambientado en un mundo post-apocal\u00edptico, <b>\u201cThe Last Of Us\u201d <\/b>as\u00ed como su secuela, ser\u00eda\u00a0su primera experiencia en ese campo. El videojuego cuenta\u00a0con sonidos muy particulares gracias al\u00a0<strong>ronroco<\/strong>, acompa\u00f1ado del <strong>banjo<\/strong> en la secuela. El videojuego fue\u00a0elegido en los \u201c<i>Golden Joystick Awards\u201d<\/i> como Mejor Videojuego de 2020. Gracias a este trabajo el m\u00fasico ha\u00a0tenido \u00abla suerte de poder conectar\u00bb con distintas generaciones.<br \/>\n<\/span><\/p>\n<p><img loading=\"lazy\" decoding=\"async\" class=\"alignnone \" src=\"https:\/\/2.bp.blogspot.com\/-Xe8EyVAFiB0\/UZo_MZEjHWI\/AAAAAAAAAjI\/4YHbkLHwZsU\/s1600\/bANDAS1.png\" width=\"108\" height=\"126\" \/><\/p>\n\n<!-- iframe plugin v.6.0 wordpress.org\/plugins\/iframe\/ -->\n<iframe loading=\"lazy\" width=\"560\" height=\"315\" src=\"https:\/\/www.youtube.com\/embed\/9kZJI43p_gs\" scrolling=\"yes\" class=\"iframe-class\" frameborder=\"0\"><\/iframe>\n\n<p style=\"text-align: justify\"><span style=\"font-family: arial, helvetica, sans-serif\"><img loading=\"lazy\" decoding=\"async\" class=\"size-thumbnail alignleft\" src=\"https:\/\/pics.filmaffinity.com\/El_Cid_Serie_de_TV-121690815-large.jpg\" width=\"170\" height=\"243\" \/>En 2020 puso la m\u00fasica de la serie de televisi\u00f3n <b><i>\u201c<\/i><em>El Cid\u201d<\/em><\/b> (2020, Amazon).<\/span><\/p>\n<p><img loading=\"lazy\" decoding=\"async\" class=\"alignnone \" src=\"https:\/\/2.bp.blogspot.com\/-Xe8EyVAFiB0\/UZo_MZEjHWI\/AAAAAAAAAjI\/4YHbkLHwZsU\/s1600\/bANDAS1.png\" width=\"108\" height=\"126\" \/><\/p>\n<p style=\"text-align: justify\">\n<!-- iframe plugin v.6.0 wordpress.org\/plugins\/iframe\/ -->\n<iframe loading=\"lazy\" width=\"560\" height=\"315\" src=\"https:\/\/www.youtube.com\/embed\/XURaNNDxGgo\" scrolling=\"yes\" class=\"iframe-class\" frameborder=\"0\"><\/iframe>\n<\/p>\n<p style=\"text-align: justify\"><span style=\"font-family: arial, helvetica, sans-serif\">Ha sido productor para \u201c<strong>Rompan Todo\u201d<\/strong>, la miniserie de Netflix sobre la historia del rock latinoamericano, uno de los g\u00e9neros que m\u00e1s domina <b>Santaolalla<\/b>.<\/span><\/p>\n<p style=\"text-align: justify\"><span style=\"font-family: arial, helvetica, sans-serif\"> <img loading=\"lazy\" decoding=\"async\" class=\"alignnone size-thumbnail\" src=\"https:\/\/cloudfront-us-east-1.images.arcpublishing.com\/eluniverso\/VNJXRVSYNFG3JB3EEIKNRX7KCI.jpg\" width=\"200\" height=\"200\" \/> <img loading=\"lazy\" decoding=\"async\" class=\"alignnone \" src=\"https:\/\/2.bp.blogspot.com\/-Xe8EyVAFiB0\/UZo_MZEjHWI\/AAAAAAAAAjI\/4YHbkLHwZsU\/s1600\/bANDAS1.png\" width=\"108\" height=\"126\" \/><\/span><\/p>\n\n<!-- iframe plugin v.6.0 wordpress.org\/plugins\/iframe\/ -->\n<iframe loading=\"lazy\" width=\"560\" height=\"315\" src=\"https:\/\/www.youtube.com\/embed\/CWprHs86xao\" scrolling=\"yes\" class=\"iframe-class\" frameborder=\"0\"><\/iframe>\n\n<p style=\"text-align: justify\"><span style=\"font-family: arial, helvetica, sans-serif\">La m\u00fasica de <b>Santaolalla<\/b> combina muchos g\u00e9neros diferentes, desde el pop y rock al country, y g\u00e9neros populares africanos o latinoamericanos. Sin duda, es un ejemplo de un m\u00fasico atrevido e innovador que no se detiene ante nada y que disfruta con su trabajo. \u00a1Vuelve pronto a Asturias, maestro!!!<\/span><\/p>\n<p><img decoding=\"async\" src=\"https:\/\/images.clarin.com\/2018\/05\/08\/BysM7t10z_720x0__1.jpg\" alt=\"\" width=\"250\" \/><\/p>\n<p>&nbsp;<\/p>\n","protected":false},"excerpt":{"rendered":"<p>Hoy voy a hablaros de un compositor argentino que tuve la suerte de ver el pasado 25 de septiembre en el Teatro Palacio Vald\u00e9s de\u00a0Avil\u00e9s, donde ofreci\u00f3 un concierto vibrante gracias a su gran talento y a su conexi\u00f3n con el p\u00fablico. A sus 70 a\u00f1os, con dos\u00a0Oscars, dos Baftas, un Globo de Oro y [&hellip;]<\/p>\n","protected":false},"author":334,"featured_media":0,"comment_status":"open","ping_status":"closed","sticky":false,"template":"","format":"standard","meta":{"footnotes":""},"categories":[2],"tags":[],"class_list":["post-4031","post","type-post","status-publish","format-standard","hentry","category-ultimas-noticias"],"_links":{"self":[{"href":"https:\/\/edublog.educastur.es\/unamusicadecine\/wp-json\/wp\/v2\/posts\/4031","targetHints":{"allow":["GET"]}}],"collection":[{"href":"https:\/\/edublog.educastur.es\/unamusicadecine\/wp-json\/wp\/v2\/posts"}],"about":[{"href":"https:\/\/edublog.educastur.es\/unamusicadecine\/wp-json\/wp\/v2\/types\/post"}],"author":[{"embeddable":true,"href":"https:\/\/edublog.educastur.es\/unamusicadecine\/wp-json\/wp\/v2\/users\/334"}],"replies":[{"embeddable":true,"href":"https:\/\/edublog.educastur.es\/unamusicadecine\/wp-json\/wp\/v2\/comments?post=4031"}],"version-history":[{"count":86,"href":"https:\/\/edublog.educastur.es\/unamusicadecine\/wp-json\/wp\/v2\/posts\/4031\/revisions"}],"predecessor-version":[{"id":8766,"href":"https:\/\/edublog.educastur.es\/unamusicadecine\/wp-json\/wp\/v2\/posts\/4031\/revisions\/8766"}],"wp:attachment":[{"href":"https:\/\/edublog.educastur.es\/unamusicadecine\/wp-json\/wp\/v2\/media?parent=4031"}],"wp:term":[{"taxonomy":"category","embeddable":true,"href":"https:\/\/edublog.educastur.es\/unamusicadecine\/wp-json\/wp\/v2\/categories?post=4031"},{"taxonomy":"post_tag","embeddable":true,"href":"https:\/\/edublog.educastur.es\/unamusicadecine\/wp-json\/wp\/v2\/tags?post=4031"}],"curies":[{"name":"wp","href":"https:\/\/api.w.org\/{rel}","templated":true}]}}