{"id":410,"date":"2020-09-22T21:34:12","date_gmt":"2020-09-22T19:34:12","guid":{"rendered":"https:\/\/edublog.educastur.es\/unamusicadecine\/?p=410"},"modified":"2022-05-07T18:11:44","modified_gmt":"2022-05-07T16:11:44","slug":"rio-una-banda-sonora-con-mucho-ritmo","status":"publish","type":"post","link":"https:\/\/edublog.educastur.es\/unamusicadecine\/2020\/09\/22\/rio-una-banda-sonora-con-mucho-ritmo\/","title":{"rendered":"RIO. Una banda sonora con mucho ritmo."},"content":{"rendered":"<p style=\"text-align: justify\"><span style=\"font-family: arial, helvetica, sans-serif\"><img loading=\"lazy\" decoding=\"async\" class=\"size-thumbnail aligncenter\" src=\"https:\/\/pics.filmaffinity.com\/R_o-329010919-large.jpg\" width=\"450\" height=\"668\" \/>En este post voy a comentar la banda sonora de la pel\u00edcula<strong>\u00a0<\/strong>\u00a0de animaci\u00f3n en 3D\u00a0<strong>\u201cR\u00edo\u201d,\u00a0<\/strong>porque en estos tiempos que estamos viviendo, es necesario poner una nota de optimismo, y que mejor, que esta animada pel\u00edcula llena de ritmo y color. <\/span><\/p>\n<p style=\"text-align: justify\"><span style=\"font-family: arial, helvetica, sans-serif\"><b>\u201cR\u00edo\u201d<\/b> (2011)\u00a0<\/span><span style=\"font-family: arial, helvetica, sans-serif\">est\u00e1 dirigida por <strong>Carlos Saldanha, <img loading=\"lazy\" decoding=\"async\" class=\"size-thumbnail alignright\" src=\"https:\/\/observatoriodocinema.uol.com.br\/wp-content\/uploads\/2017\/02\/size_960_16_9_carlos-saldanha.jpg\" width=\"250\" height=\"167\" \/><\/strong><\/span><span style=\"font-family: arial, helvetica, sans-serif\">que fue codirector o director de los grandes \u00e9xitos de animaci\u00f3n \u201c<strong>La Edad del Hielo\u201d, \u201cRobots\u201d, \u201cLa Edad del Hielo: El Deshielo\u201d y \u201cLa Edad del Hielo: El Origen de los Dinosaurios\u201d.<\/strong><br \/>\n<\/span><\/p>\n<p style=\"text-align: justify\" align=\"justify\"><span style=\"font-family: arial, helvetica, sans-serif\"><img loading=\"lazy\" decoding=\"async\" class=\"size-thumbnail alignleft\" src=\"https:\/\/www.abc.es\/media\/peliculas\/000\/030\/915\/rio-2.jpg\" width=\"250\" height=\"141\" \/>La acci\u00f3n transcurre en la ciudad de Rio de Janeiro, en la selva tropical de Brasil, durante los Carnavales. Los protagonistas son Blu, un\u00a0 guacamayo que no sabe volar y Jewel,\u00a0una guacamaya salvaje y\u00a0 libre. \u00a0Ambos emprender\u00e1n una inesperada aventura en busca de la libertad, acompa\u00f1ados por exc\u00e9ntricos amigos como\u00a0Rafael, Luis,\u00a0Pedro y Nico, de los que aprender\u00e1n qu\u00e9 es la amistad, el amor y el coraje.<\/span><span style=\"font-family: arial, helvetica, sans-serif\">\u00a0\u00a0<\/span><\/p>\n<p style=\"text-align: justify\" align=\"justify\"><span style=\"font-family: arial, helvetica, sans-serif\">Sin duda alguna, lo mejor de la pel\u00edcula es su banda sonora, que vamos a ir desgranando a continuaci\u00f3n.\u00a0<img loading=\"lazy\" decoding=\"async\" class=\"alignleft\" src=\"https:\/\/w7.pngwing.com\/pngs\/326\/752\/png-transparent-youtube-dvd-adventure-film-compact-disc-dvd-photography-immortals-rio-2.png\" alt=\"\" width=\"200\" height=\"200\" \/><\/span><\/p>\n<p align=\"justify\"><img loading=\"lazy\" decoding=\"async\" class=\"alignleft\" src=\"http:\/\/www.assignmentx.com\/wp-content\/uploads\/2011\/04\/14_JohnPowell_SS_MG_7193.jpg\" width=\"200\" height=\"236\" align=\"texttop\" \/><span style=\"font-family: arial, helvetica, sans-serif\">La banda sonora corre a cargo del m\u00fasico <strong>Jonn Powell\u00a0<\/strong><\/span><span style=\"font-family: arial, helvetica, sans-serif\">y\u00a0\u00a0en ella colaboran distintas estrellas del mundo de la m\u00fasica. \u00c9sta transmite vitalidad a raudales y se llena de melod\u00edas alegres y chispeantes.<\/span><\/p>\n<p align=\"justify\"><span style=\"font-family: arial, helvetica, sans-serif\"> Vamos a disfrutar con algunos de sus mejores temas.<\/span><\/p>\n<ul>\n<li style=\"text-align: justify\"><span style=\"font-family: arial, helvetica, sans-serif\"><span style=\"color: #ff00ff\"><strong>Real in Rio.\u00a0<\/strong><\/span>La canci\u00f3n ha sido compuesta por los m\u00fasicos <strong>Sergio Mendes <\/strong>(leyenda de la m\u00fasica brasile\u00f1a y productor ejecutivo musical)<strong>\u00a0<\/strong>y<strong> Carlinhos Brown <\/strong>(otra gran figura de la m\u00fasica brasile\u00f1a)\u00a0<img loading=\"lazy\" decoding=\"async\" class=\"alignright\" src=\"http:\/\/ego.globo.com\/Gente\/foto\/0,,14042496-EXH,00.jpg\" width=\"220\" height=\"165\" align=\"texttop\" \/>\u00a0 Estuvo nominada como mejor Canci\u00f3n original en los Oscar 2012. Aparece al principio y al final de la pel\u00edcula\u00a0y refleja el despertar de las aves en una selva cercana a R\u00edo de Janeiro. Cuando vi la escena por primera vez, me qued\u00e9 maravillada por la estupenda sincronizaci\u00f3n entre la m\u00fasica y las im\u00e1genes. Gran explosi\u00f3n de ritmo, m\u00fasica y color!!!<\/span><\/li>\n<\/ul>\n\n<!-- iframe plugin v.6.0 wordpress.org\/plugins\/iframe\/ -->\n<iframe loading=\"lazy\" width=\"560\" height=\"315\" src=\"https:\/\/www.youtube.com\/embed\/SMqE1cDMyoU\" scrolling=\"yes\" class=\"iframe-class\" frameborder=\"0\"><\/iframe>\n\n<ul>\n<li><span style=\"font-family: arial, helvetica, sans-serif\"><span style=\"color: #ff00ff\"><strong>Let Me Take You To Rio. <\/strong><\/span>Est\u00e1 canci\u00f3n est\u00e1 interpretada por los cantantes\u00a0<strong>Ester Dean<\/strong>\u00a0y el \u00a0brasile\u00f1o, ya mencionado, <\/span><strong style=\"font-family: arial, helvetica, sans-serif\">Carlinhos Brown.\u00a0<\/strong><\/li>\n<\/ul>\n<p><span style=\"font-family: arial, helvetica, sans-serif\"><strong>\n<!-- iframe plugin v.6.0 wordpress.org\/plugins\/iframe\/ -->\n<iframe loading=\"lazy\" width=\"560\" height=\"315\" src=\"https:\/\/www.youtube.com\/embed\/tzHD7TdVF9g\" scrolling=\"yes\" class=\"iframe-class\" frameborder=\"0\"><\/iframe>\n <\/strong><\/span><\/p>\n<ul>\n<li><span style=\"font-family: arial, helvetica, sans-serif\"><strong><span style=\"color: #ff00ff\">M\u00e1s Que Nada.<\/span>\u00a0Sergio Mendes <\/strong>realiza para la pel\u00edcula una nueva grabaci\u00f3n de esta cl\u00e1sica \u00a0y exitosa bossa nova, interpretada por la cantante\u00a0<strong>Gracinha Leporace.\u00a0<\/strong><\/span><\/li>\n<\/ul>\n<p><span style=\"font-family: arial, helvetica, sans-serif\"><strong><img loading=\"lazy\" decoding=\"async\" class=\"alignnone\" src=\"http:\/\/www4.pictures.zimbio.com\/gi\/Gracinha+Leporace+Sneak+Beak+Screening+20th+PiCjhHchduvx.jpg\" width=\"190\" height=\"240\" \/><\/strong><\/span><\/p>\n<p><span style=\"font-family: arial, helvetica, sans-serif\"><strong>\n<!-- iframe plugin v.6.0 wordpress.org\/plugins\/iframe\/ -->\n<iframe loading=\"lazy\" width=\"560\" height=\"315\" src=\"https:\/\/www.youtube.com\/embed\/N63rWrbHhng\" scrolling=\"yes\" class=\"iframe-class\" frameborder=\"0\"><\/iframe>\n <\/strong><\/span><\/p>\n<ul>\n<li><span style=\"font-family: arial, helvetica, sans-serif\">La estrella del Rhythm and Blues y del pop<strong> Taio Cru<img align=\"texttop\" \/>z\u00a0<\/strong>aporta una canci\u00f3n original, <strong><span style=\"color: #ff00ff\">\u201cTelling the World\u201d<\/span>, <\/strong>que capta el latido del coraz\u00f3n de la pel\u00edcula. <img loading=\"lazy\" decoding=\"async\" class=\"size-thumbnail alignnone\" src=\"https:\/\/images.genius.com\/23959b8d50bc4fcf771a57dc0bc06341.500x500x1.png\" width=\"190\" height=\"190\" \/><\/span><\/li>\n<\/ul>\n<p><span style=\"font-family: arial, helvetica, sans-serif\">\n<!-- iframe plugin v.6.0 wordpress.org\/plugins\/iframe\/ -->\n<iframe loading=\"lazy\" width=\"560\" height=\"315\" src=\"https:\/\/www.youtube.com\/embed\/4JK_Lg8P7PU\" scrolling=\"yes\" class=\"iframe-class\" frameborder=\"0\"><\/iframe>\n<\/span><\/p>\n<ul>\n<li style=\"text-align: justify\"><span style=\"font-family: arial, helvetica, sans-serif\">A continuaci\u00f3n vemos\u00a0una gran escena ambientada en un club brasile\u00f1o donde Nico y Pedro electrizan al p\u00fablico con un enfervorizador n\u00famero titulado <span style=\"color: #ff00ff\"><strong>Hot Wings (I Wanna Party)<\/strong><\/span>. <img loading=\"lazy\" decoding=\"async\" class=\"alignnone size-thumbnail\" src=\"https:\/\/stylemom.com\/wp-content\/uploads\/2011\/04\/JamieWILL_RIO.png\" width=\"220\" height=\"164\" \/>\u00a0La interpretan el actor\u00a0<strong>Jamie Foxx <\/strong>y<strong>\u00a0Will.i.am, <\/strong>cantante del famoso grupo,<strong>The Black Eyed Peas<\/strong>.<\/span><\/li>\n<\/ul>\n<p><span style=\"font-family: arial, helvetica, sans-serif\">\n<!-- iframe plugin v.6.0 wordpress.org\/plugins\/iframe\/ -->\n<iframe loading=\"lazy\" width=\"560\" height=\"315\" src=\"https:\/\/www.youtube.com\/embed\/RmQi0JscWrU\" scrolling=\"yes\" class=\"iframe-class\" frameborder=\"0\"><\/iframe>\n <\/span><\/p>\n<ul>\n<li style=\"text-align: justify\"><span style=\"font-family: arial, helvetica, sans-serif\"><span style=\"color: #ff00ff\"><strong>\u00abSamba de Orly\u201d<\/strong><\/span> est\u00e1 interpretada por\u00a0\u00a0la gran cantante brasile\u00f1a <strong>Bebel Gilberto,\u00a0\u00a0<\/strong>que<strong>\u00a0<\/strong>\u00a0proporcion\u00f3 la voz del p\u00e1jaro Eva. <img loading=\"lazy\" decoding=\"async\" class=\"alignnone size-thumbnail\" src=\"https:\/\/images-na.ssl-images-amazon.com\/images\/I\/51T8EFBJR0L.jpg\" width=\"190\" height=\"190\" \/><\/span><\/li>\n<\/ul>\n<p><span style=\"font-family: arial, helvetica, sans-serif\">\n<!-- iframe plugin v.6.0 wordpress.org\/plugins\/iframe\/ -->\n<iframe loading=\"lazy\" width=\"560\" height=\"315\" src=\"https:\/\/www.youtube.com\/embed\/5mcNVHfM3_E\" scrolling=\"yes\" class=\"iframe-class\" frameborder=\"0\"><\/iframe>\n\u00a0<\/span><\/p>\n","protected":false},"excerpt":{"rendered":"<p>En este post voy a comentar la banda sonora de la pel\u00edcula\u00a0\u00a0de animaci\u00f3n en 3D\u00a0\u201cR\u00edo\u201d,\u00a0porque en estos tiempos que estamos viviendo, es necesario poner una nota de optimismo, y que mejor, que esta animada pel\u00edcula llena de ritmo y color. \u201cR\u00edo\u201d (2011)\u00a0est\u00e1 dirigida por Carlos Saldanha, que fue codirector o director de los grandes \u00e9xitos [&hellip;]<\/p>\n","protected":false},"author":334,"featured_media":0,"comment_status":"open","ping_status":"open","sticky":false,"template":"","format":"standard","meta":{"footnotes":""},"categories":[3,8],"tags":[],"class_list":["post-410","post","type-post","status-publish","format-standard","hentry","category-comentamos-una-banda-sonora","category-la-musica-en-el-cine-de-animacion"],"_links":{"self":[{"href":"https:\/\/edublog.educastur.es\/unamusicadecine\/wp-json\/wp\/v2\/posts\/410","targetHints":{"allow":["GET"]}}],"collection":[{"href":"https:\/\/edublog.educastur.es\/unamusicadecine\/wp-json\/wp\/v2\/posts"}],"about":[{"href":"https:\/\/edublog.educastur.es\/unamusicadecine\/wp-json\/wp\/v2\/types\/post"}],"author":[{"embeddable":true,"href":"https:\/\/edublog.educastur.es\/unamusicadecine\/wp-json\/wp\/v2\/users\/334"}],"replies":[{"embeddable":true,"href":"https:\/\/edublog.educastur.es\/unamusicadecine\/wp-json\/wp\/v2\/comments?post=410"}],"version-history":[{"count":18,"href":"https:\/\/edublog.educastur.es\/unamusicadecine\/wp-json\/wp\/v2\/posts\/410\/revisions"}],"predecessor-version":[{"id":2231,"href":"https:\/\/edublog.educastur.es\/unamusicadecine\/wp-json\/wp\/v2\/posts\/410\/revisions\/2231"}],"wp:attachment":[{"href":"https:\/\/edublog.educastur.es\/unamusicadecine\/wp-json\/wp\/v2\/media?parent=410"}],"wp:term":[{"taxonomy":"category","embeddable":true,"href":"https:\/\/edublog.educastur.es\/unamusicadecine\/wp-json\/wp\/v2\/categories?post=410"},{"taxonomy":"post_tag","embeddable":true,"href":"https:\/\/edublog.educastur.es\/unamusicadecine\/wp-json\/wp\/v2\/tags?post=410"}],"curies":[{"name":"wp","href":"https:\/\/api.w.org\/{rel}","templated":true}]}}