{"id":420,"date":"2020-09-22T21:51:04","date_gmt":"2020-09-22T19:51:04","guid":{"rendered":"https:\/\/edublog.educastur.es\/unamusicadecine\/?p=420"},"modified":"2022-05-07T18:28:23","modified_gmt":"2022-05-07T16:28:23","slug":"ratatouille-una-banda-sonora-con-sabor-frances","status":"publish","type":"post","link":"https:\/\/edublog.educastur.es\/unamusicadecine\/2020\/09\/22\/ratatouille-una-banda-sonora-con-sabor-frances\/","title":{"rendered":"RATATOUILLE. Una banda sonora con sabor franc\u00e9s."},"content":{"rendered":"<p style=\"text-align: justify\"><span style=\"font-family: arial, helvetica, sans-serif\"><img loading=\"lazy\" decoding=\"async\" class=\"aligncenter\" src=\"http:\/\/bp2.blogger.com\/_ob7r15u14ok\/Rrhi27DV7-I\/AAAAAAAAA4U\/fLm-zIrKA8M\/s400\/ratatouille.JPG\" width=\"500\" height=\"340\" border=\"3\" \/><\/span><span style=\"font-family: arial, helvetica, sans-serif\">Este\u00a0post relacionados con el cine de animaci\u00f3n hace referencia a una aut\u00e9ntica joya de este g\u00e9nero, que merece ser recordada, \u201cRatatouille\u201d. Pero como siempre, vayamos al principio.<\/span><\/p>\n<p style=\"text-align: justify\"><span style=\"font-family: arial, helvetica, sans-serif\"><span style=\"color: #ff00ff\"><strong><img loading=\"lazy\" decoding=\"async\" class=\"alignleft\" src=\"http:\/\/tododisney.files.wordpress.com\/2009\/01\/pixarpersonajes.png?w=666&amp;h=397\" width=\"333\" height=\"211\" border=\"3\" \/><\/strong><\/span><\/span><\/p>\n<p style=\"text-align: justify\"><span style=\"font-family: arial, helvetica, sans-serif\"><span style=\"color: #ff00ff\"><strong>&#8211; La pel\u00edcula y Pixar.<\/strong><\/span>\u00a0Ratatouille es un pel\u00edcula de animaci\u00f3n estrenada en 2007 y producida por los poderosos estudios Pixar, responsables de \u00e9xitos tan notables como:\u00a0<\/span><span style=\"font-family: arial, helvetica, sans-serif\">\u201c<i>Toy Story\u201d, \u201cBichos\u201d, \u201cMonstruos, S.A.\u201d, \u201cBuscando a Nemo\u201d, \u201cLos incre\u00edbles\u201d,<\/i>etc.<\/span><\/p>\n<p style=\"text-align: justify\"><span style=\"font-family: arial, helvetica, sans-serif\"><strong><span style=\"color: #ff00ff\"><img loading=\"lazy\" decoding=\"async\" class=\"alignleft\" src=\"http:\/\/images.rottentomatoes.com\/images\/spotlights\/2007\/rtuk_feature_brad_bird_01.jpg\" width=\"150\" height=\"150\" align=\"texttop\" \/>\u00a0<\/span><\/strong><\/span><span style=\"font-family: arial, helvetica, sans-serif\"><strong><span style=\"color: #ff00ff\">&#8211;\u00a0El director.<\/span>\u00a0Brad Bird<\/strong> <\/span><span style=\"font-family: arial, helvetica, sans-serif\">es un director de animaci\u00f3n, guionista y realizador de cine\u00a0estadounidense,\u00a0que adem\u00e1s de dirigir esta pel\u00edcula,\u00a0destaca\u00a0tambi\u00e9n por\u00a0los trabajos\u00a0<\/span><span style=\"font-family: arial, helvetica, sans-serif\">de \u201cLos incre\u00edbles\u201d\u00a0\u00a0y \u00a0\u201cEl gigante de hierro\u201d.<\/span><\/p>\n<p style=\"text-align: justify\"><span style=\"font-family: arial, helvetica, sans-serif\">Consigui\u00f3 dos \u00d3scar a la mejor pel\u00edcula de animaci\u00f3n en 2004 (\u201cLos incre\u00edbles\u201d) y en 2007 (\u201cRatatouille\u201d).<\/span><\/p>\n<p style=\"text-align: justify\"><span style=\"font-family: arial, helvetica, sans-serif\"><strong><span style=\"color: #ff00ff\">&#8211; La historia.\u00a0<\/span><\/strong>Hay que comenzar diciendo que el t\u00edtulo de la pel\u00edcula hace referencia a un guiso popular en la Provenza (Francia), <img loading=\"lazy\" decoding=\"async\" src=\"http:\/\/4.bp.blogspot.com\/-aUVbS8WGuLg\/T0pA8T-Jr0I\/AAAAAAAAApw\/tN3Nn4fp_5c\/s1600\/Merluza+con+ratatouille+011.JPG\" width=\"120\" height=\"120\" \/>\u00a0una especie de sopa compuesta de\u00a0tomates, ajos, pimientos, cebollas, calabacines y berenjenas.\u00a0\u00a0\u00a0<\/span><\/p>\n<p style=\"text-align: justify\"><span style=\"font-family: arial, helvetica, sans-serif\">La pel\u00edcula\u00a0narra la historia de una rata que sue\u00f1a con convertirse en\u00a0chef\u00a0y tras alcanzar su objetivo, hace una alianza con el hijo de uno de los cocineros m\u00e1s prestigiosos de\u00a0Par\u00eds.<\/span><\/p>\n<p><img loading=\"lazy\" decoding=\"async\" class=\"alignleft\" src=\"http:\/\/2.bp.blogspot.com\/-lu_6RI3UEJM\/Tzk1xx4rpGI\/AAAAAAAAAIk\/ODpVgcCSEJA\/s1600\/michael-giacchino-oscar.jpg\" width=\"150\" height=\"200\" align=\"texttop\" \/><\/p>\n<p style=\"text-align: justify\"><span style=\"font-family: arial, helvetica, sans-serif\"><span style=\"font-family: arial, helvetica, sans-serif\"><strong><span style=\"color: #ff00ff\">&#8211; La m\u00fasica.<\/span>\u00a0<\/strong>El autor de la banda sonora es\u00a0<strong>Michael Giacchino<\/strong>,\u00a0compositor musical\u00a0estadounidense que\u00a0a lo largo de su carrera ha trabajado tanto en el cine como en la televisi\u00f3n, as\u00ed como en el campo de los videojuegos. <\/span><\/span><\/p>\n<p style=\"text-align: justify\"><span style=\"font-family: arial, helvetica, sans-serif\"><span style=\"font-family: arial, helvetica, sans-serif\">En 2010 gan\u00f3 un \u00d3scar \u00a0por la banda sonora de la estupenda cinta de animaci\u00f3n \u201cUp\u201d.\u00a0<\/span><\/span><\/p>\n<p style=\"text-align: justify\"><span style=\"font-family: arial, helvetica, sans-serif\"><span style=\"font-family: arial, helvetica, sans-serif\">El compositor\u00a0define este trabajo como uno de los m\u00e1s intensos en los que ha trabajado, loco y din\u00e1mico, principalmente porque la m\u00fasica \u00a0requer\u00eda un sincronismo perfecto con la imagen.<br \/>\n<\/span><\/span><span style=\"font-family: arial, helvetica, sans-serif\"><img loading=\"lazy\" decoding=\"async\" class=\"alignleft\" src=\"http:\/\/www.brujospage.es\/camara_accion\/peliculas_animacion\/R\/ratatouille\/ratatouille_disco.jpg\" width=\"150\" height=\"150\" \/><\/span><\/p>\n<p style=\"text-align: justify\"><span style=\"font-family: arial, helvetica, sans-serif\">En esta banda sonora hay una gran variedad musical que le da una gran riqueza. La m\u00fasica transcurre entre melod\u00edas con el inconfundible toque franc\u00e9s (acorde\u00f3n), pasando por el jazz hasta el puro sinfonismo. Como sucede en otras bandas sonoras que hemos visto en otros post, hay temas musicales que representan a distintos personajes. <\/span><\/p>\n<p style=\"text-align: justify\"><span style=\"font-family: arial, helvetica, sans-serif\">Sin duda la mejor forma de disfrutar de esta joya musical es escuch\u00e1ndola.\u00a0<\/span><\/p>\n<ul>\n<li style=\"text-align: justify\"><span style=\"font-family: arial, helvetica, sans-serif\">La canci\u00f3n<strong>\u00a0\u201dLe Festin\u201d<\/strong>est\u00e1\u00a0interpretada por la francesa\u00a0<strong>Camille Dalmais.<\/strong><\/span><span style=\"font-family: arial, helvetica, sans-serif\"><strong>\u00a0<\/strong><img loading=\"lazy\" decoding=\"async\" class=\"alignleft\" src=\"http:\/\/i1.ytimg.com\/vi\/D4NS2iFlZ6Q\/hqdefault.jpg\" width=\"280\" height=\"160\" \/><strong>\u00a0\u00a0<\/strong>La cantante le da el toque franc\u00e9s que el compositor quer\u00eda imprimir, es una canci\u00f3n rom\u00e1ntica y llena de sensibilidad. Este tema musical\u00a0acompa\u00f1a a Remy\u00a0cuando se asoma al tejado de Par\u00eds y descubre la ciudad donde vive. Es un reflejo de sus sentimientos y deseos. Gracias a esta canci\u00f3n\u00a0\u00a0la pel\u00edcula consigui\u00f3 un Grammy\u00a0\u00a0a la Mejor Banda Sonora Original. Prueba a cantarlo con la letra !!!<\/span><\/li>\n<\/ul>\n<p><span style=\"font-family: arial, helvetica, sans-serif\">\u00a0 \u00a0 \u00a0 \u00a0 \n<!-- iframe plugin v.6.0 wordpress.org\/plugins\/iframe\/ -->\n<iframe loading=\"lazy\" width=\"560\" height=\"315\" src=\"https:\/\/www.youtube.com\/embed\/_nRosw-sY8s\" scrolling=\"yes\" class=\"iframe-class\" frameborder=\"0\"><\/iframe>\n<\/span><\/p>\n<ul>\n<li style=\"text-align: justify\"><span style=\"font-family: arial, helvetica, sans-serif\"><strong>\u201cTema principal\u201d\u00a0<\/strong>que\u00a0deriva del anterior aunque en este caso sin voz, acompa\u00f1ado al principio delicadamente por el piano y m\u00e1s adelante se suma el acompa\u00f1amiento orquestal. Maravilloso tema.<\/span><\/li>\n<\/ul>\n<p style=\"padding-left: 40px\"><span style=\"font-family: arial, helvetica, sans-serif\">\n<!-- iframe plugin v.6.0 wordpress.org\/plugins\/iframe\/ -->\n<iframe loading=\"lazy\" width=\"560\" height=\"315\" src=\"https:\/\/www.youtube.com\/embed\/We3ht-BskBk\" scrolling=\"yes\" class=\"iframe-class\" frameborder=\"0\"><\/iframe>\n<\/span><\/p>\n<ul>\n<li><span style=\"font-family: arial, helvetica, sans-serif\">En este v\u00eddeo aparece un resumen de los distintos temas musicales de la pel\u00edcula.<\/span><\/li>\n<\/ul>\n<p style=\"padding-left: 40px\"><span style=\"font-family: arial, helvetica, sans-serif\">\n<!-- iframe plugin v.6.0 wordpress.org\/plugins\/iframe\/ -->\n<iframe loading=\"lazy\" width=\"560\" height=\"315\" src=\"https:\/\/www.youtube.com\/embed\/ateqGG80Yn0\" scrolling=\"yes\" class=\"iframe-class\" frameborder=\"0\"><\/iframe>\n\u00a0<\/span><\/p>\n<p style=\"text-align: justify\">\n","protected":false},"excerpt":{"rendered":"<p>Este\u00a0post relacionados con el cine de animaci\u00f3n hace referencia a una aut\u00e9ntica joya de este g\u00e9nero, que merece ser recordada, \u201cRatatouille\u201d. Pero como siempre, vayamos al principio. &#8211; La pel\u00edcula y Pixar.\u00a0Ratatouille es un pel\u00edcula de animaci\u00f3n estrenada en 2007 y producida por los poderosos estudios Pixar, responsables de \u00e9xitos tan notables como:\u00a0\u201cToy Story\u201d, \u201cBichos\u201d, [&hellip;]<\/p>\n","protected":false},"author":334,"featured_media":0,"comment_status":"open","ping_status":"open","sticky":false,"template":"","format":"standard","meta":{"footnotes":""},"categories":[3,8],"tags":[],"class_list":["post-420","post","type-post","status-publish","format-standard","hentry","category-comentamos-una-banda-sonora","category-la-musica-en-el-cine-de-animacion"],"_links":{"self":[{"href":"https:\/\/edublog.educastur.es\/unamusicadecine\/wp-json\/wp\/v2\/posts\/420","targetHints":{"allow":["GET"]}}],"collection":[{"href":"https:\/\/edublog.educastur.es\/unamusicadecine\/wp-json\/wp\/v2\/posts"}],"about":[{"href":"https:\/\/edublog.educastur.es\/unamusicadecine\/wp-json\/wp\/v2\/types\/post"}],"author":[{"embeddable":true,"href":"https:\/\/edublog.educastur.es\/unamusicadecine\/wp-json\/wp\/v2\/users\/334"}],"replies":[{"embeddable":true,"href":"https:\/\/edublog.educastur.es\/unamusicadecine\/wp-json\/wp\/v2\/comments?post=420"}],"version-history":[{"count":18,"href":"https:\/\/edublog.educastur.es\/unamusicadecine\/wp-json\/wp\/v2\/posts\/420\/revisions"}],"predecessor-version":[{"id":7058,"href":"https:\/\/edublog.educastur.es\/unamusicadecine\/wp-json\/wp\/v2\/posts\/420\/revisions\/7058"}],"wp:attachment":[{"href":"https:\/\/edublog.educastur.es\/unamusicadecine\/wp-json\/wp\/v2\/media?parent=420"}],"wp:term":[{"taxonomy":"category","embeddable":true,"href":"https:\/\/edublog.educastur.es\/unamusicadecine\/wp-json\/wp\/v2\/categories?post=420"},{"taxonomy":"post_tag","embeddable":true,"href":"https:\/\/edublog.educastur.es\/unamusicadecine\/wp-json\/wp\/v2\/tags?post=420"}],"curies":[{"name":"wp","href":"https:\/\/api.w.org\/{rel}","templated":true}]}}