{"id":431,"date":"2020-09-22T22:12:59","date_gmt":"2020-09-22T20:12:59","guid":{"rendered":"https:\/\/edublog.educastur.es\/unamusicadecine\/?p=431"},"modified":"2026-03-23T09:41:48","modified_gmt":"2026-03-23T07:41:48","slug":"el-baile-del-vaso-pitch-perfect","status":"publish","type":"post","link":"https:\/\/edublog.educastur.es\/unamusicadecine\/2020\/09\/22\/el-baile-del-vaso-pitch-perfect\/","title":{"rendered":"El baile del vaso. PITCH PERFECT."},"content":{"rendered":"<p style=\"text-align: justify\" align=\"justify\"><span style=\"font-family: arial, helvetica, sans-serif\"><i>\u201cSi me voy\u201d <\/i>(<i>Cups<\/i>), es un tema musical interpretado por la cantante asturiana <b>Paula Rojo<\/b> <img loading=\"lazy\" decoding=\"async\" class=\"alignleft\" src=\"http:\/\/www.lahiguera.net\/musicalia\/artistas\/paula_rojo\/disco\/5397\/portada-m.jpg\" width=\"188\" height=\"188\" align=\"left\" \/>(concursante de la primera edici\u00f3n de La Voz) en colaboraci\u00f3n con el grupo <b>The Wild Horses<\/b> y que estaba incluido en la reedici\u00f3n de su disco <i>\u201c\u00c9rase un sue\u00f1o\u201d<\/i>. <img loading=\"lazy\" decoding=\"async\" class=\"alignright\" src=\"http:\/\/www.lahiguera.net\/musicalia\/imagesnot\/138053914952495b0de7ce3.jpg\" width=\"200\" height=\"200\" align=\"right\" \/><\/span><\/p>\n<p style=\"text-align: justify\"><span style=\"font-family: arial, helvetica, sans-serif\"><br \/>\nEn el v\u00eddeo-clip del tema, \u00a0la cantante pone orden a una clase de una forma muy especial (si fuera as\u00ed de f\u00e1cil,\u2026) El ritmo y unos vasos de pl\u00e1stico de colores son los protagonistas de este v\u00eddeo.<\/span><\/p>\n<p style=\"text-align: left\" align=\"center\"><span style=\"font-family: arial, helvetica, sans-serif\">Disfruta con el v\u00eddeo y a practicar!!!<\/span><\/p>\n<p style=\"text-align: left\" align=\"center\">\n<!-- iframe plugin v.6.0 wordpress.org\/plugins\/iframe\/ -->\n<iframe loading=\"lazy\" width=\"560\" height=\"315\" src=\"https:\/\/www.youtube.com\/embed\/UWhCejqb02w\" scrolling=\"yes\" class=\"iframe-class\" frameborder=\"0\"><\/iframe>\n<\/p>\n<p style=\"text-align: justify\"><span style=\"font-family: arial, helvetica, sans-serif\">Pero \u00bfde d\u00f3nde viene el baile del vaso? atentos a este post y lo descubrir\u00e9is!!!!<\/span><\/p>\n<p style=\"text-align: justify\" align=\"justify\"><span style=\"font-family: arial, helvetica, sans-serif\">El tema musical pertenece a la banda sonora de la comedia musical <strong>\u201cDando la nota\u201d\u00a0<\/strong>(<strong>Pitch Perfect<\/strong>, <b>2012<\/b>),\u00a0<img loading=\"lazy\" decoding=\"async\" class=\"alignleft\" src=\"http:\/\/pics.filmaffinity.com\/Dando_la_nota_Pitch_Perfect-419842614-main.jpg\" width=\"200\" height=\"286\" align=\"right\" \/>en donde la protagonista hac\u00eda una sorprendente actuaci\u00f3n con un vaso.<br \/>\n<\/span><\/p>\n<p style=\"text-align: justify\" align=\"justify\"><span style=\"font-family: arial, helvetica, sans-serif\">La actriz y cantante estadounidense\u00a0<strong>Anna Kendrick <\/strong>(en la foto) <img loading=\"lazy\" decoding=\"async\" class=\"alignright\" src=\"https:\/\/tse1.mm.bing.net\/th\/id\/OIP.xNv8H1Q_SJMYgYP0P6GeHQHaLF?rs=1&amp;pid=ImgDetMain&amp;o=7&amp;rm=3\" width=\"170\" height=\"188\" align=\"left\" \/><\/span><span style=\"font-family: arial, helvetica, sans-serif\">se tuvo que aprender estos complicados movimientos para grabar la escena , y el v\u00eddeoclip de la canci\u00f3n <strong>\u201cWhen I am gone\u201d<\/strong>.<\/span><\/p>\n<p style=\"text-align: justify\" align=\"justify\"><span style=\"font-family: arial, helvetica, sans-serif\">\u00a1Mira qu\u00e9 chulo!<\/span><\/p>\n<ul>\n<li style=\"text-align: justify\"><span style=\"font-family: arial, helvetica, sans-serif;color: #0000ff\"><b>Escena de la pel\u00edcula: La audici\u00f3n de Beca.<\/b><\/span><\/li>\n<\/ul>\n<p align=\"justify\"><span style=\"font-family: arial, helvetica, sans-serif\">\n<!-- iframe plugin v.6.0 wordpress.org\/plugins\/iframe\/ -->\n<iframe loading=\"lazy\" width=\"560\" height=\"315\" src=\"https:\/\/www.youtube.com\/embed\/weqDCGg0GYs\" scrolling=\"yes\" class=\"iframe-class\" frameborder=\"0\"><\/iframe>\n<\/span><\/p>\n<ul>\n<li><span style=\"font-family: arial, helvetica, sans-serif;color: #0000ff\"><b>Videoclips \u201cWhen I am gone\u201d<\/b><\/span><\/li>\n<\/ul>\n<p><span style=\"font-family: arial, helvetica, sans-serif\"><strong>\n<!-- iframe plugin v.6.0 wordpress.org\/plugins\/iframe\/ -->\n<iframe loading=\"lazy\" width=\"560\" height=\"315\" src=\"https:\/\/www.youtube.com\/embed\/cmSbXsFE3l8\" scrolling=\"yes\" class=\"iframe-class\" frameborder=\"0\"><\/iframe>\n<\/strong><\/span><\/p>\n<p style=\"text-align: justify\"><span style=\"font-family: arial, helvetica, sans-serif\">Vamos a saber m\u00e1s cosas sobre la pel\u00edcula.<\/span><\/p>\n<p style=\"text-align: justify\" align=\"justify\"><span style=\"font-family: arial, helvetica, sans-serif\"><strong><img loading=\"lazy\" decoding=\"async\" class=\"size-thumbnail alignleft\" src=\"https:\/\/i.ytimg.com\/vi\/i6UVQkxT16c\/maxresdefault.jpg\" width=\"280\" height=\"158\" \/>Jason Moore<\/strong> dirige esta comedia musical para deleite del p\u00fablico adolescente, cuyo principal atractivo son los n\u00fameros musicales que incluyen grandes \u00e9xitos del pop de los \u00faltimos tiempos.<\/span><\/p>\n<p style=\"text-align: justify\" align=\"justify\"><span style=\"font-family: arial, helvetica, sans-serif\">Los autores de la banda sonora son <strong>Christophe Beck<\/strong> y <strong>Mark Kilian<\/strong>. <img loading=\"lazy\" decoding=\"async\" class=\" alignleft\" src=\"https:\/\/www.mundobso.com\/uploads\/compositores\/607\/img.jpg\" width=\"151\" height=\"151\" \/><\/span><\/p>\n<p align=\"justify\"><img loading=\"lazy\" decoding=\"async\" class=\" alignnone\" src=\"https:\/\/www.mundobso.com\/uploads\/compositores\/996\/img.jpg\" width=\"147\" height=\"147\" \/><\/p>\n<p align=\"justify\"><span style=\"font-family: arial, helvetica, sans-serif\"><strong><img loading=\"lazy\" decoding=\"async\" class=\"size-thumbnail alignleft\" src=\"https:\/\/www.scotscoop.com\/wp-content\/uploads\/2013\/10\/pitch-perfect-ss6.png\" width=\"300\" height=\"154\" \/>\u201cPitch Perfect\u201d\u00a0<\/strong> cuenta la historia de Beca (<b>Anna Kendrick<\/b>), una chica que al llegar a la Universidad no tiene sitio en ning\u00fan grupo, pero se une a uno que jam\u00e1s habr\u00eda escogido, un coro a capella. Beca quiere que el grupo renueve su m\u00fasica y las chicas tratar\u00e1n de escalar en el mundo del canto a cappella universitario. La originalidad de la pel\u00edcula reside en adentrarse en el mundo coral, puesto que en la mayor\u00eda de los musicales no se hab\u00eda tratado este tema y todos los actores y actrices \u201clo bordan<\/span>\u201d.<\/p>\n<p align=\"justify\"><span style=\"font-family: arial, helvetica, sans-serif\">Y ahora a empezar a cantar, vamos a pasarlo en grande con alguno de los n\u00fameros musicales de la pel\u00edcula, seguro que conoc\u00e9is todas las canciones!!!!<\/span><\/p>\n<ul>\n<li>\n<p align=\"justify\"><span style=\"font-family: arial, helvetica, sans-serif\"><span style=\"color: #0000ff\"><strong>Since You Been Gone<\/strong><\/span>. Canci\u00f3n original de <strong>Ester Dean<\/strong> y <strong>Skylar Astin<\/strong>. Este tema es interpretado para formar parte del coro de las chicas, The Bellas.<\/span><\/p>\n<\/li>\n<\/ul>\n<p align=\"justify\"><span style=\"font-family: arial, helvetica, sans-serif\">\n<!-- iframe plugin v.6.0 wordpress.org\/plugins\/iframe\/ -->\n<iframe loading=\"lazy\" width=\"560\" height=\"315\" src=\"https:\/\/www.youtube.com\/embed\/aNV6UtkYPU4\" scrolling=\"yes\" class=\"iframe-class\" frameborder=\"0\"><\/iframe>\n<\/span><\/p>\n<ul>\n<li style=\"text-align: justify\"><span style=\"font-family: arial, helvetica, sans-serif\"><span style=\"color: #0000ff\"><strong>The Riff off<\/strong><\/span>. Sorprendente n\u00famero musical de batallas corales. Distintos temas muy conocidos, y tensi\u00f3n a raudales!!!<\/span><\/li>\n<\/ul>\n<p><span style=\"font-family: arial, helvetica, sans-serif\">\n<!-- iframe plugin v.6.0 wordpress.org\/plugins\/iframe\/ -->\n<iframe loading=\"lazy\" width=\"560\" height=\"315\" src=\"https:\/\/www.youtube.com\/embed\/C5oIorP3ruo\" scrolling=\"yes\" class=\"iframe-class\" frameborder=\"0\"><\/iframe>\n\u00a0<\/span><\/p>\n<ul>\n<li style=\"text-align: justify\"><span style=\"font-family: arial, helvetica, sans-serif\"><strong><span style=\"color: #0000ff\">Poll Mashup<\/span>. <\/strong>Incluye el conocido tema de <strong>Bruno Mars<\/strong> <strong>\u201cThe Way You Are\u201d<\/strong> y <strong>\u201cJust A Dream\u201d<\/strong> de <strong>Nelly. <\/strong>Lo interpretan <strong>The Bellas, <\/strong>qu\u00e9 bien suenan!!!!<\/span><\/li>\n<\/ul>\n<p><span style=\"font-family: arial, helvetica, sans-serif\">\n<!-- iframe plugin v.6.0 wordpress.org\/plugins\/iframe\/ -->\n<iframe loading=\"lazy\" width=\"560\" height=\"315\" src=\"https:\/\/www.youtube.com\/embed\/12Q90oDfylk\" scrolling=\"yes\" class=\"iframe-class\" frameborder=\"0\"><\/iframe>\n\u00a0<\/span><\/p>\n<ul>\n<li style=\"text-align: justify\"><span style=\"font-family: arial, helvetica, sans-serif\"><span style=\"font-family: arial, helvetica, sans-serif\"><span style=\"color: #0000ff\"><strong>Trebels Finals<\/strong><\/span>. Llega la esperada final y cantan los chicos, <strong>The\u00a0\u00a0 Troublemakers, <\/strong>los favoritos. Interpretan un mix de dos temas <i>\u201cM\u00e1gic\u201d<\/i> del rapero conocido como<\/span><\/span><span style=\"font-family: arial, helvetica, sans-serif\">\u00a0<b>B.o.B<\/b>, y el tema \u201c<i>Bright<\/i>\u00a0<i>Lights Bigger City&#8217;\u201d\u00a0<\/i>de <b>Cee Lo Green<\/b>.\u00a0<\/span><\/li>\n<\/ul>\n<p><span style=\"font-family: arial, helvetica, sans-serif\">\n<!-- iframe plugin v.6.0 wordpress.org\/plugins\/iframe\/ -->\n<iframe loading=\"lazy\" width=\"560\" height=\"315\" src=\"https:\/\/www.youtube.com\/embed\/oSsQsFS8Us0\" scrolling=\"yes\" class=\"iframe-class\" frameborder=\"0\"><\/iframe>\n\u00a0<\/span><\/p>\n<ul>\n<li style=\"text-align: justify\"><span style=\"font-family: arial, helvetica, sans-serif\"><span style=\"color: #0000ff\"><b>Bellas Finals<\/b>.\u00a0<\/span>Ahora les toca el turno a las chicas, la emoci\u00f3n est\u00e1 servida, interpretan un mix de los siguientes temas: \u201c<i>Price Tag\/ \u201cDon&#8217;t You\u201d (Forget About Me)\/ \u201cGive Me Everything\u201d\/ \u201cJust The Way You Are\u201d\/ \u201cParty In The U.S.A.\u201d\/ \u201cTurn The Beat Around\u201d<\/i> \u00bfQui\u00e9n ganar\u00e1?.<\/span><\/li>\n<\/ul>\n<p><span style=\"font-family: arial, helvetica, sans-serif\">\n<!-- iframe plugin v.6.0 wordpress.org\/plugins\/iframe\/ -->\n<iframe loading=\"lazy\" width=\"560\" height=\"315\" src=\"https:\/\/www.youtube.com\/embed\/mn2qfC32SRo\" scrolling=\"yes\" class=\"iframe-class\" frameborder=\"0\"><\/iframe>\n\u00a0<\/span><\/p>\n<p style=\"text-align: center\"><strong><span style=\"color: #0000ff\">ACTIVIDAD <img loading=\"lazy\" decoding=\"async\" class=\"alignnone wp-image-8224\" src=\"http:\/\/edublog.educastur.es\/unamusicadecine\/files\/2023\/12\/D4ADBE8B-56BF-4B9F-AF53-59B44CB25317.png\" alt=\"\" width=\"130\" height=\"130\" srcset=\"https:\/\/edublog.educastur.es\/unamusicadecine\/files\/2023\/12\/D4ADBE8B-56BF-4B9F-AF53-59B44CB25317.png 398w, https:\/\/edublog.educastur.es\/unamusicadecine\/files\/2023\/12\/D4ADBE8B-56BF-4B9F-AF53-59B44CB25317-300x300.png 300w, https:\/\/edublog.educastur.es\/unamusicadecine\/files\/2023\/12\/D4ADBE8B-56BF-4B9F-AF53-59B44CB25317-150x150.png 150w, https:\/\/edublog.educastur.es\/unamusicadecine\/files\/2023\/12\/D4ADBE8B-56BF-4B9F-AF53-59B44CB25317-85x85.png 85w\" sizes=\"auto, (max-width: 130px) 100vw, 130px\" \/><\/span><\/strong><\/p>\n<p style=\"padding-left: 40px\"><strong><span style=\"font-family: arial, helvetica, sans-serif\">\u00a01. Completa la siguiente ficha t\u00e9cnica sobre la pel\u00edcula:<\/span><\/strong><\/p>\n<ul>\n<li style=\"list-style-type: none\">\n<ul>\n<li style=\"list-style-type: none\">\n<ul>\n<li><strong><span style=\"font-family: arial, helvetica, sans-serif\">T\u00edtulo original.<\/span><\/strong><\/li>\n<li><strong><span style=\"font-family: arial, helvetica, sans-serif\">Nacionalidad y a\u00f1o de estreno.<\/span><\/strong><\/li>\n<li><strong><span style=\"font-family: arial, helvetica, sans-serif\">Director<\/span><\/strong><\/li>\n<li><strong><span style=\"font-family: arial, helvetica, sans-serif\">Autores banda sonora.<\/span><\/strong><\/li>\n<li><strong><span style=\"font-family: arial, helvetica, sans-serif\">Reparto (Actores principales)<\/span><\/strong><\/li>\n<li><strong><span style=\"font-family: arial, helvetica, sans-serif\">Sinopsis (Argumento)<\/span><\/strong><\/li>\n<\/ul>\n<\/li>\n<\/ul>\n<\/li>\n<\/ul>\n<p style=\"padding-left: 40px\"><strong><span style=\"font-family: arial, helvetica, sans-serif\">2. \u00bfA qu\u00e9 g\u00e9nero musical pertenece esta pel\u00edcula?<\/span><\/strong><\/p>\n<p style=\"padding-left: 40px\"><strong><span style=\"font-family: arial, helvetica, sans-serif\">3. En la pel\u00edcula \u00bfC\u00f3mo se llama el coro de las chicas? \u00bfY el de los chicos?<\/span><\/strong><\/p>\n<p style=\"padding-left: 40px\"><strong><span style=\"font-family: arial, helvetica, sans-serif\">4. \u00bfCu\u00e1l es el origen de \u201cEl baile del vaso\u201d? \u00bfQu\u00e9 cantante asturiana hizo una versi\u00f3n de este tema? \u00bfQu\u00e9 sentimientos te transmite la canci\u00f3n?<\/span><\/strong><\/p>\n<p style=\"padding-left: 40px\"><strong><span style=\"font-family: arial, helvetica, sans-serif\">5. Visiona los v\u00eddeos que aparecen en el post. Pon el t\u00edtulo de cada canci\u00f3n, describe las emociones que te transmite cada n\u00famero musical y comenta alg\u00fan aspecto de cada v\u00eddeo que te haya llamado la atenci\u00f3n.<\/span><\/strong><\/p>\n<p style=\"padding-left: 40px\"><strong><span style=\"font-family: arial, helvetica, sans-serif\">6. \u00bfTe ha parecido interesante el post? \u00bfQu\u00e9 has aprendido?<\/span><\/strong><\/p>\n","protected":false},"excerpt":{"rendered":"<p>\u201cSi me voy\u201d (Cups), es un tema musical interpretado por la cantante asturiana Paula Rojo (concursante de la primera edici\u00f3n de La Voz) en colaboraci\u00f3n con el grupo The Wild Horses y que estaba incluido en la reedici\u00f3n de su disco \u201c\u00c9rase un sue\u00f1o\u201d. En el v\u00eddeo-clip del tema, \u00a0la cantante pone orden a una [&hellip;]<\/p>\n","protected":false},"author":334,"featured_media":0,"comment_status":"open","ping_status":"open","sticky":false,"template":"","format":"standard","meta":{"footnotes":""},"categories":[3,5,9],"tags":[],"class_list":["post-431","post","type-post","status-publish","format-standard","hentry","category-comentamos-una-banda-sonora","category-grandes-musicales","category-musica-prestada-al-cine"],"_links":{"self":[{"href":"https:\/\/edublog.educastur.es\/unamusicadecine\/wp-json\/wp\/v2\/posts\/431","targetHints":{"allow":["GET"]}}],"collection":[{"href":"https:\/\/edublog.educastur.es\/unamusicadecine\/wp-json\/wp\/v2\/posts"}],"about":[{"href":"https:\/\/edublog.educastur.es\/unamusicadecine\/wp-json\/wp\/v2\/types\/post"}],"author":[{"embeddable":true,"href":"https:\/\/edublog.educastur.es\/unamusicadecine\/wp-json\/wp\/v2\/users\/334"}],"replies":[{"embeddable":true,"href":"https:\/\/edublog.educastur.es\/unamusicadecine\/wp-json\/wp\/v2\/comments?post=431"}],"version-history":[{"count":40,"href":"https:\/\/edublog.educastur.es\/unamusicadecine\/wp-json\/wp\/v2\/posts\/431\/revisions"}],"predecessor-version":[{"id":9279,"href":"https:\/\/edublog.educastur.es\/unamusicadecine\/wp-json\/wp\/v2\/posts\/431\/revisions\/9279"}],"wp:attachment":[{"href":"https:\/\/edublog.educastur.es\/unamusicadecine\/wp-json\/wp\/v2\/media?parent=431"}],"wp:term":[{"taxonomy":"category","embeddable":true,"href":"https:\/\/edublog.educastur.es\/unamusicadecine\/wp-json\/wp\/v2\/categories?post=431"},{"taxonomy":"post_tag","embeddable":true,"href":"https:\/\/edublog.educastur.es\/unamusicadecine\/wp-json\/wp\/v2\/tags?post=431"}],"curies":[{"name":"wp","href":"https:\/\/api.w.org\/{rel}","templated":true}]}}