{"id":441,"date":"2020-09-22T22:39:33","date_gmt":"2020-09-22T20:39:33","guid":{"rendered":"https:\/\/edublog.educastur.es\/unamusicadecine\/?p=441"},"modified":"2022-05-07T18:37:28","modified_gmt":"2022-05-07T16:37:28","slug":"frozen-el-reino-del-hielo-triunfa-en-los-oscars","status":"publish","type":"post","link":"https:\/\/edublog.educastur.es\/unamusicadecine\/2020\/09\/22\/frozen-el-reino-del-hielo-triunfa-en-los-oscars\/","title":{"rendered":"FROZEN, EL REINO DEL HIELO, triunfa en los \u00d3scars."},"content":{"rendered":"<p style=\"text-align: justify\"><span style=\"font-family: arial, helvetica, sans-serif\"><img loading=\"lazy\" decoding=\"async\" class=\"size-thumbnail aligncenter\" src=\"https:\/\/tukitos.com\/wp-content\/uploads\/2019\/01\/mejor-pelicula-animacion-frozen-1-1.jpg\" width=\"500\" height=\"280\" \/><\/span><\/p>\n<p style=\"text-align: justify\"><span style=\"font-family: arial, helvetica, sans-serif\">\u201cFrozen\u201d fue premiada doblemente en el a\u00f1o 2013 en la ceremonia de los \u00d3scar, \u00a0a la Mejor Pel\u00edcula Animada y a la Mejor Canci\u00f3n Original por \u201cLet It Go\u201d. Este tema musical ya hab\u00eda sido mencionado en el post sobre los Globos de Oro.<\/span><\/p>\n<p style=\"text-align: justify\"><span style=\"font-family: arial, helvetica, sans-serif\">Ahora vamos a saber un poco m\u00e1s sobre este reino del hielo.<\/span><\/p>\n<p style=\"text-align: justify\"><span style=\"font-family: arial, helvetica, sans-serif\">La pel\u00edcula est\u00e1 inspirada en el cl\u00e1sico cuento \u201cLa reina de las nieves\u201d de\u00a0<strong>Hans Christian Andersen\u00a0<\/strong><img loading=\"lazy\" decoding=\"async\" src=\"https:\/\/encrypted-tbn1.gstatic.com\/images?q=tbn:ANd9GcSqx5vyaF6I8ciirFMTCHZmZXYD2rMYravqWuL6vnpdp19bZ2tlexE-lw2D\" width=\"155\" height=\"159\" \/> quien tambi\u00e9n escribi\u00f3 \u201cLa sirenita\u201d y \u201cEl soldadito de plomo\u201d.<\/span><\/p>\n<p style=\"text-align: justify\"><span style=\"font-family: arial, helvetica, sans-serif\">La pel\u00edcula ha sido dirigida por\u00a0<strong>Chris Buck<\/strong> (\u201dTarz\u00e1n\u201d) y\u00a0<strong>Jennifer Lee<\/strong> \u00a0que tambi\u00e9n firma el gui\u00f3n.<\/span><\/p>\n<p><strong><img loading=\"lazy\" decoding=\"async\" src=\"https:\/\/e00-elmundo.uecdn.es\/assets\/multimedia\/imagenes\/2019\/11\/21\/15743468759470.jpg\" alt=\"\" width=\"300\" height=\"213\" \/><\/strong><\/p>\n<p style=\"text-align: justify\" align=\"justify\"><span style=\"font-family: arial, helvetica, sans-serif\"><img loading=\"lazy\" decoding=\"async\" class=\"alignnone\" src=\"http:\/\/poluxweb.com\/Polux3\/images\/data\/musica\/2013\/diciembre\/13_frozen_aventura_congelada_soundtrack_01.jpg\" width=\"200\" height=\"182\" align=\"left\" \/><\/span><\/p>\n<p style=\"text-align: justify\" align=\"justify\"><span style=\"font-family: arial, helvetica, sans-serif\">En el apartado musical el matrimonio formado por <strong>Robert L\u00f3pez<\/strong> y <strong>Kristen Anderson\u00a0<\/strong><\/span><\/p>\n<p style=\"text-align: justify\" align=\"justify\"><span style=\"font-family: arial, helvetica, sans-serif\"><strong><img loading=\"lazy\" decoding=\"async\" class=\"alignnone size-thumbnail\" src=\"https:\/\/i.guim.co.uk\/img\/media\/bea652ef09e18ddb1903c7be1a1499903c0ff59a\/0_164_5472_3284\/master\/5472.jpg?width=1200&amp;height=1200&amp;quality=85&amp;auto=format&amp;fit=crop&amp;s=dd0c2fd4a47b63e186f8c8b244bdee5d\" width=\"200\" height=\"200\" \/>\u00a0<\/strong><\/span><span style=\"font-family: arial, helvetica, sans-serif\">realizan las canciones \u00a0y\u00a0<\/span><span style=\"font-family: arial, helvetica, sans-serif\"><strong>Christophe Beck<\/strong><\/span><\/p>\n<p style=\"text-align: justify\" align=\"justify\"><span style=\"font-family: arial, helvetica, sans-serif\"> <img loading=\"lazy\" decoding=\"async\" class=\"size-thumbnail alignleft\" src=\"https:\/\/static.billboard.com\/files\/media\/Christophe-Beck-frozen-2-premiere-2019-billboard-1548-compressed.jpg\" width=\"200\" height=\"132\" \/>es el encargado de la banda sonora (m\u00fasica de fondo que da vida a las escenas). Es una banda sonora sinf\u00f3nica cl\u00e1sica, mezclada con un aire m\u00e1gico, casi navide\u00f1o, perfecto para la historia.<\/span><\/p>\n<p align=\"justify\"><span style=\"font-family: arial, helvetica, sans-serif\">Para los papeles principales, el estudio cont\u00f3 con las voces de\u00a0<strong>Kristen Bell\/Anna<\/strong>(\u201cSome girl(s)\u201d) e\u00a0<strong>Idina Menzel\/Elsa<\/strong> (\u201cEncantada\u201d).<\/span><\/p>\n<p align=\"justify\"><span style=\"font-family: arial, helvetica, sans-serif\">Frozen se ambienta en el reino de ficci\u00f3n de Arendelle\u00a0<\/span><span style=\"font-family: arial, helvetica, sans-serif\">y\u00a0cuenta la historia de Anna<\/span><\/p>\n<p align=\"justify\"><span style=\"font-family: arial, helvetica, sans-serif\">\u00a0<img loading=\"lazy\" decoding=\"async\" src=\"http:\/\/1.bp.blogspot.com\/-gMKXyuGEOxM\/UqTejuLyCsI\/AAAAAAAAAnk\/9X1K3_2dDjM\/s1600\/tumblr_mv566yjc261swp3bdo2_250.gif\" width=\"150\" height=\"150\" \/>\u00a0que emprende un viaje\u00a0plagado de aventuras y acci\u00f3n junto al alpinista \u00a0Kristoff <img loading=\"lazy\" decoding=\"async\" class=\"alignnone\" src=\"http:\/\/25.media.tumblr.com\/9a9bde851f8956ae7a1659fb91e4a955\/tumblr_mw0hu4xTRE1swp3bdo1_250.gif\" width=\"150\" height=\"150\" \/>\u00a0<\/span><span style=\"font-family: arial, helvetica, sans-serif\">y su leal reno Sven.\u00a0<\/span><img loading=\"lazy\" decoding=\"async\" src=\"https:\/\/media.tenor.com\/images\/181746629f9f142c99b9ff142a58941d\/tenor.gif\" width=\"150\" height=\"150\" \/>\u00a0<span style=\"font-family: arial, helvetica, sans-serif\">En esa traves\u00eda quiere hallar a su hermana Elsa,\u00a0<img loading=\"lazy\" decoding=\"async\" src=\"https:\/\/media1.giphy.com\/media\/JezC0Mknq7ZLy\/source.gif\" width=\"150\" height=\"150\" \/>\u00a0cuyos fr\u00edos poderes\u00a0(crea hielo y nieve) han atrapado al reino de Arendelle en un invierno eterno. <\/span><span style=\"font-family: arial, helvetica, sans-serif\">En su carrera por salvar el reino de la destrucci\u00f3n, Anna y Kristoff se topar\u00e1n con Trolls,\u00a0<img loading=\"lazy\" decoding=\"async\" class=\"alignnone\" src=\"https:\/\/pa1.narvii.com\/7233\/bc91b6367f2701f638a1796e15388437ebf2c9d4r1-321-180_hq.gif\" width=\"150\" height=\"150\" \/>\u00a0<\/span><span style=\"font-family: arial, helvetica, sans-serif\">el mu\u00f1eco Olaf,\u00a0<img loading=\"lazy\" decoding=\"async\" class=\"alignnone\" src=\"http:\/\/static2.wikia.nocookie.net\/__cb20131007214133\/disney\/images\/thumb\/9\/9a\/Frozen-olaf-600x388.jpg\/258px-Frozen-olaf-600x388.jpg\" width=\"90\" height=\"87\" \/><\/span><span style=\"font-family: arial, helvetica, sans-serif\">temperaturas bajo cero \u00a0y sobre todo mucha, mucha magia.<\/span><\/p>\n<p style=\"text-align: justify\" align=\"justify\"><span style=\"font-family: arial, helvetica, sans-serif\">Ahora vamos a disfrutar de la parte musical de la pel\u00edcula, seguidme!!!!!!!<\/span><\/p>\n<p style=\"text-align: justify\"><span style=\"font-family: arial, helvetica, sans-serif\"><img loading=\"lazy\" decoding=\"async\" src=\"http:\/\/olegif.com\/bin\/gifs\/00\/19\/07.gif\" width=\"150\" height=\"100\" \/>La canci\u00f3n <strong>\u201cLove is an open door \u201c<\/strong>(<strong>La puerta hacia el amor<\/strong>) habla del amor a primera vista, y est\u00e1 interpretada por Anna y Hans. Escuchamos la versi\u00f3n original en las voces de <strong>Kristen Bell <\/strong>y <strong>Santino Fontana<\/strong>.<\/span><\/p>\n<p style=\"text-align: justify\"><span style=\"font-family: arial, helvetica, sans-serif\">\n<!-- iframe plugin v.6.0 wordpress.org\/plugins\/iframe\/ -->\n<iframe loading=\"lazy\" width=\"560\" height=\"315\" src=\"https:\/\/www.youtube.com\/embed\/nPImqZo0D74\" scrolling=\"yes\" class=\"iframe-class\" frameborder=\"0\"><\/iframe>\n<\/span><\/p>\n<p align=\"justify\"><span style=\"font-family: arial, helvetica, sans-serif\">Ahora vamos a escuchar la la versi\u00f3n en espa\u00f1ol de este tema que se que a mis alumnas de primero les va a gustar. <strong>Abraham Mateo, <\/strong>el nuevo \u00eddolo de muchas adolescentes, interpreta\u00a0 la canci\u00f3n <strong>\u201cLa puerta hacia el amor\u201d <\/strong>que aparece en los cr\u00e9ditos finales.<\/span><\/p>\n<p align=\"justify\"><img loading=\"lazy\" decoding=\"async\" class=\"alignnone size-thumbnail\" src=\"https:\/\/i.ytimg.com\/vi\/DRTtXPFS2xQ\/sddefault.jpg\" width=\"200\" height=\"150\" \/><\/p>\n<p align=\"justify\">\n<!-- iframe plugin v.6.0 wordpress.org\/plugins\/iframe\/ -->\n<iframe loading=\"lazy\" width=\"560\" height=\"315\" src=\"https:\/\/www.youtube.com\/embed\/EgyDIhv4lsU\" 0 1 2=\"style=&quot;font-family:\" 3=\"arial,\" 4=\"helvetica,\" 5 6=\"\/&gt;La\" 7=\"canci\u00f3n\" 8=\"&lt;strong&gt;\u201c&lt;\/strong&gt;&lt;strong&gt;Fixer\" 9=\"Upper\u201d\" 10=\"&lt;\/strong&gt;(&lt;strong&gt;S\u00f3lo\" 11=\"tiene\" 12=\"que\" 13=\"mejorar\" 14=\"un\" 15=\"poco&lt;\/strong&gt;&lt;em&gt;\u2026&lt;\/em&gt;)\" 16=\"que\" 17=\"interpretan\" 18=\"los\" 19=\"trolls,\" 20=\"es\" 21=\"de\" 22=\"las\" 23=\"m\u00e1s\" 24=\"divertidas\" 25=\"de\" 26=\"la\" 27=\"pel\u00edcula.&lt;\/span&gt;&lt;\/p&gt;\" 28 29=\"align=&quot;justify&quot;&gt;[iframe\" scrolling=\"yes\" class=\"iframe-class\" frameborder=\"0\"><\/iframe>\n<\/p>\n<p style=\"text-align: justify\"><img loading=\"lazy\" decoding=\"async\" src=\"http:\/\/olegif.com\/bin\/gifs\/00\/19\/07.gif\" width=\"150\" height=\"100\" \/><span style=\"font-family: arial, helvetica, sans-serif\">Ahora le toca el turno al tema \u201cestrella\u201d de la pel\u00edcula y a la canci\u00f3n que ha supuesto otro \u00d3scar para Frozen <strong>\u201cLet it go\u201d (Su\u00e9ltalo). <\/strong>\u00c9ste es sin duda el momento cumbre de la pel\u00edcula , donde Elsa suelta su poder en todo su esplendor acompa\u00f1ado de un impactante cambio de imagen, ahora es una nueva mujer, sin miedos y valiente. Como hay distintas versiones, vamos a poner algunas de ellas, ya me dir\u00e9is cu\u00e1l os gusta m\u00e1s.<\/span><\/p>\n<p style=\"text-align: justify\"><span style=\"font-family: arial, helvetica, sans-serif\"><strong>Idina Menzel<\/strong> es la int\u00e9rprete del tema original que tambi\u00e9n cant\u00f3 en la ceremonia de los \u00d3scar.<\/span><\/p>\n<p><img loading=\"lazy\" decoding=\"async\" src=\"https:\/\/www.lostiempos.com\/sites\/default\/files\/styles\/noticia_detalle\/public\/media_imagen\/2016\/5\/23\/elsa.jpg?itok=SYbn5Yyi\" alt=\"\" width=\"200\" height=\"112\" \/><\/p>\n<p align=\"justify\">\n<!-- iframe plugin v.6.0 wordpress.org\/plugins\/iframe\/ -->\n<iframe loading=\"lazy\" width=\"560\" height=\"315\" src=\"https:\/\/www.youtube.com\/embed\/moSFlvxnbgk\" scrolling=\"yes\" class=\"iframe-class\" frameborder=\"0\"><\/iframe>\n<\/p>\n<p align=\"justify\"><span style=\"font-family: arial, helvetica, sans-serif\"><strong>Demi Lobato<\/strong>, ex-chica Disney, es qui\u00e9n interpreta la canci\u00f3n en los cr\u00e9ditos finales de la pel\u00edcula.<\/span><\/p>\n<p align=\"justify\"><span style=\"font-family: arial, helvetica, sans-serif\"><img loading=\"lazy\" decoding=\"async\" src=\"https:\/\/ksassets.timeincuk.net\/wp\/uploads\/sites\/55\/2017\/11\/Demi-Lovato-Frozen-920x584.jpg\" width=\"200\" height=\"150\" \/><\/span><\/p>\n<p align=\"justify\"><span style=\"font-family: arial, helvetica, sans-serif\">\n<!-- iframe plugin v.6.0 wordpress.org\/plugins\/iframe\/ -->\n<iframe loading=\"lazy\" width=\"560\" height=\"315\" src=\"https:\/\/www.youtube.com\/embed\/kHue-HaXXzg\" scrolling=\"yes\" class=\"iframe-class\" frameborder=\"0\"><\/iframe>\n <\/span><\/p>\n<p align=\"justify\"><span style=\"font-family: arial, helvetica, sans-serif\"><strong>\u201cLibre soy\u201d <\/strong>es la versi\u00f3n de <strong>Martina Stoessel<\/strong>, famosa por ser la protagonista de la telenovela de Disney Channel, \u201cVioletta\u201d.<\/span><\/p>\n<p align=\"justify\"><img loading=\"lazy\" decoding=\"async\" class=\"alignnone size-thumbnail\" src=\"https:\/\/martinastoesselfrance.net\/wp-content\/uploads\/2015\/09\/libresoy.jpg\" width=\"247\" height=\"100\" \/><\/p>\n<p align=\"justify\"><span style=\"font-family: arial, helvetica, sans-serif\">\n<!-- iframe plugin v.6.0 wordpress.org\/plugins\/iframe\/ -->\n<iframe loading=\"lazy\" width=\"560\" height=\"315\" src=\"https:\/\/www.youtube.com\/embed\/YG2vqB408bk\" scrolling=\"yes\" class=\"iframe-class\" frameborder=\"0\"><\/iframe>\n<\/span><\/p>\n<p align=\"left\"><span style=\"font-family: arial, helvetica, sans-serif\">En Espa\u00f1a la ex-triunfita <strong>Gisela <\/strong>canta la versi\u00f3n que aqu\u00ed se llam\u00f3 <strong>\u201cSu\u00e9ltalo\u201d.<\/strong><\/span><\/p>\n<p align=\"left\"><span style=\"font-family: arial, helvetica, sans-serif\"><strong><img loading=\"lazy\" decoding=\"async\" src=\"http:\/\/1.bp.blogspot.com\/-C23Ijv_PXMc\/Uz5r-zY5AJI\/AAAAAAABAQ4\/wse_ox6ZDY4\/w1200-h630-p-k-no-nu\/gisela+frozen+sueltalo.png\" width=\"200\" height=\"150\" \/><\/strong><\/span><\/p>\n<p align=\"left\">\n<!-- iframe plugin v.6.0 wordpress.org\/plugins\/iframe\/ -->\n<iframe loading=\"lazy\" width=\"560\" height=\"315\" src=\"https:\/\/www.youtube.com\/embed\/GtXi-nSEG-U\" scrolling=\"yes\" class=\"iframe-class\" frameborder=\"0\"><\/iframe>\n<\/p>\n<p style=\"text-align: justify\"><img loading=\"lazy\" decoding=\"async\" src=\"http:\/\/olegif.com\/bin\/gifs\/00\/19\/07.gif\" width=\"150\" height=\"100\" \/><span style=\"font-family: arial, helvetica, sans-serif\">La canci\u00f3n \u201c<strong>Do you wanna build a Snowman?<\/strong>\u201d (<strong>Hazme un mu\u00f1eco de nieve<\/strong>) es un tema precioso que muestra la soledad de ambas hermanas.<\/span><\/p>\n<p><img loading=\"lazy\" decoding=\"async\" src=\"http:\/\/3.bp.blogspot.com\/-RYbX3r4o7LY\/UsL9rpcL3RI\/AAAAAAAABJ4\/tunP50w9VXM\/s1600\/Frozen+2.jpg\" width=\"200\" height=\"200\" \/><\/p>\n\n<!-- iframe plugin v.6.0 wordpress.org\/plugins\/iframe\/ -->\n<iframe loading=\"lazy\" width=\"560\" height=\"315\" src=\"https:\/\/www.youtube.com\/embed\/f0PbV3gWbRo\" scrolling=\"yes\" class=\"iframe-class\" frameborder=\"0\"><\/iframe>\n\n<p style=\"text-align: justify\"><img loading=\"lazy\" decoding=\"async\" src=\"http:\/\/olegif.com\/bin\/gifs\/00\/19\/07.gif\" width=\"150\" height=\"100\" \/><span style=\"font-family: arial, helvetica, sans-serif\">Despu\u00e9s de este tema m\u00e1s melanc\u00f3lico, acabamos el post con uno de los momentos m\u00e1s divertidos de la pel\u00edcula, \u00a0Olaf habla de su particular visi\u00f3n del verano en la canci\u00f3n<strong> \u201cIn Summer\u201d (En verano).<\/strong><\/span><\/p>\n<p style=\"text-align: justify\"><span style=\"font-family: arial, helvetica, sans-serif\"><strong><img loading=\"lazy\" decoding=\"async\" src=\"http:\/\/www.ecartelera.com\/images\/noticias\/15700\/15796-th01.jpg\" width=\"300\" height=\"150\" \/><\/strong><\/span><\/p>\n\n<!-- iframe plugin v.6.0 wordpress.org\/plugins\/iframe\/ -->\n<iframe loading=\"lazy\" width=\"560\" height=\"315\" src=\"https:\/\/www.youtube.com\/embed\/Uhb1C8kMyfw\" scrolling=\"yes\" class=\"iframe-class\" frameborder=\"0\"><\/iframe>\n\n<p><span style=\"font-family: arial, helvetica, sans-serif\">Espero que os haya gustado el post!!!<\/span><\/p>\n<p>&nbsp;<\/p>\n","protected":false},"excerpt":{"rendered":"<p>\u201cFrozen\u201d fue premiada doblemente en el a\u00f1o 2013 en la ceremonia de los \u00d3scar, \u00a0a la Mejor Pel\u00edcula Animada y a la Mejor Canci\u00f3n Original por \u201cLet It Go\u201d. Este tema musical ya hab\u00eda sido mencionado en el post sobre los Globos de Oro. Ahora vamos a saber un poco m\u00e1s sobre este reino del [&hellip;]<\/p>\n","protected":false},"author":334,"featured_media":0,"comment_status":"open","ping_status":"open","sticky":false,"template":"","format":"standard","meta":{"footnotes":""},"categories":[3,8],"tags":[],"class_list":["post-441","post","type-post","status-publish","format-standard","hentry","category-comentamos-una-banda-sonora","category-la-musica-en-el-cine-de-animacion"],"_links":{"self":[{"href":"https:\/\/edublog.educastur.es\/unamusicadecine\/wp-json\/wp\/v2\/posts\/441","targetHints":{"allow":["GET"]}}],"collection":[{"href":"https:\/\/edublog.educastur.es\/unamusicadecine\/wp-json\/wp\/v2\/posts"}],"about":[{"href":"https:\/\/edublog.educastur.es\/unamusicadecine\/wp-json\/wp\/v2\/types\/post"}],"author":[{"embeddable":true,"href":"https:\/\/edublog.educastur.es\/unamusicadecine\/wp-json\/wp\/v2\/users\/334"}],"replies":[{"embeddable":true,"href":"https:\/\/edublog.educastur.es\/unamusicadecine\/wp-json\/wp\/v2\/comments?post=441"}],"version-history":[{"count":19,"href":"https:\/\/edublog.educastur.es\/unamusicadecine\/wp-json\/wp\/v2\/posts\/441\/revisions"}],"predecessor-version":[{"id":7060,"href":"https:\/\/edublog.educastur.es\/unamusicadecine\/wp-json\/wp\/v2\/posts\/441\/revisions\/7060"}],"wp:attachment":[{"href":"https:\/\/edublog.educastur.es\/unamusicadecine\/wp-json\/wp\/v2\/media?parent=441"}],"wp:term":[{"taxonomy":"category","embeddable":true,"href":"https:\/\/edublog.educastur.es\/unamusicadecine\/wp-json\/wp\/v2\/categories?post=441"},{"taxonomy":"post_tag","embeddable":true,"href":"https:\/\/edublog.educastur.es\/unamusicadecine\/wp-json\/wp\/v2\/tags?post=441"}],"curies":[{"name":"wp","href":"https:\/\/api.w.org\/{rel}","templated":true}]}}