{"id":509,"date":"2020-09-24T22:21:14","date_gmt":"2020-09-24T20:21:14","guid":{"rendered":"https:\/\/edublog.educastur.es\/unamusicadecine\/?p=509"},"modified":"2021-02-17T19:19:20","modified_gmt":"2021-02-17T17:19:20","slug":"the-shape-of-water-una-fabula-romantica","status":"publish","type":"post","link":"https:\/\/edublog.educastur.es\/unamusicadecine\/2020\/09\/24\/the-shape-of-water-una-fabula-romantica\/","title":{"rendered":"THE SHAPE OF WATER. Una f\u00e1bula rom\u00e1ntica."},"content":{"rendered":"<p><img loading=\"lazy\" decoding=\"async\" class=\"aligncenter\" src=\"https:\/\/pa1.narvii.com\/6747\/61c7ed34c9d559f8c787bf96bed2fd396f1acbbd_hq.gif\" width=\"608\" height=\"237\" \/><\/p>\n<p style=\"text-align: justify\"><span style=\"font-family: arial, helvetica, sans-serif\">Como ya sab\u00e9is, la pel\u00edcula de <strong>Guillermo del Toro<\/strong> <em>\u201cThe Shape of Water\u201d (\u201dLa forma del agua\u201d) <\/em>ha sido la gran vencedora\u00a0en la 90 edici\u00f3n de los Premios\u00a0<em>\u00d3scar<\/em> de este a\u00f1o 2017, llev\u00e1ndose nada menos que cuatro premios: pel\u00edcula, director, dise\u00f1o de producci\u00f3n y banda sonora. Pero vamos a hacer un recorrido por esta fant\u00e1stica f\u00e1bula que se ha convertido en la pel\u00edcula del a\u00f1o.<\/span><\/p>\n<p style=\"text-align: justify\"><img loading=\"lazy\" decoding=\"async\" src=\"http:\/\/gifgifs.com\/animations\/geography-history\/american-history\/Constitution_signed.gif\" width=\"150\" height=\"120\" \/><span style=\"color: #0000ff\"><strong>&#8211; <span style=\"font-family: arial, helvetica, sans-serif\">La historia.<\/span><\/strong><\/span><span style=\"font-family: arial, helvetica, sans-serif\"> La historia transcurre durante la Guerra Fr\u00eda,\u00a0en un inquietante laboratorio de alta seguridad donde trabaja\u00a0como limpiadora\u00a0<em>Elisa<\/em> (<em>Sally Hawkins<\/em>), una chica muda que lleva\u00a0\u00a0una vida solitaria.<\/span><\/p>\n<p style=\"text-align: justify\"><span style=\"font-family: arial, helvetica, sans-serif\">Pero su vida cambia por completo cuando descubre un experimento clasificado como\u00a0secreto: un hombre anfibio (<em>Doug Jones<\/em>) que se encuentra ah\u00ed recluido.<\/span><\/p>\n<p><span style=\"font-family: arial, helvetica, sans-serif\">A partir de este momento se establece\u00a0una fuerte conexi\u00f3n entre ambos.<\/span><\/p>\n<p><img loading=\"lazy\" decoding=\"async\" class=\"alignnone\" src=\"http:\/\/78.media.tumblr.com\/82f9863386068ab864a1979ab898bac6\/tumblr_p4b1rfJS621uutgwwo2_500.gif\" width=\"228\" height=\"115\" \/>\u00a0<span style=\"font-family: arial, helvetica, sans-serif\">Pero el mundo real no es un lugar seguro para ellos\u2026<\/span><\/p>\n<p><img loading=\"lazy\" decoding=\"async\" src=\"http:\/\/www.canalgif.net\/Gifs-animados\/Cine\/Sillas-plegables-de%20Cine\/Imagen-animada-Silla-plegable-de-cine-07.gif\" width=\"150\" height=\"120\" \/><strong><span style=\"color: #0000ff\">&#8211; El director.<\/span><\/strong><\/p>\n<p style=\"text-align: justify\"><span style=\"font-family: arial, helvetica, sans-serif\"><img loading=\"lazy\" decoding=\"async\" class=\"n3VNCb alignleft\" src=\"https:\/\/upload.wikimedia.org\/wikipedia\/commons\/thumb\/f\/f1\/Guillermo_del_Toro_in_2017.jpg\/1200px-Guillermo_del_Toro_in_2017.jpg\" alt=\"Guillermo del Toro - Wikipedia, la enciclopedia libre\" width=\"166\" height=\"212\" data-noaft=\"1\" \/> El mejicano <strong>Guillermo del Toro <\/strong>tiene una larga y exitosa trayectoria en el mundo del cine, no solo como\u00a0realizador sino tambi\u00e9n como guionista y productor.<\/span><\/p>\n<p><span style=\"font-family: arial, helvetica, sans-serif\"><img loading=\"lazy\" decoding=\"async\" class=\"alignleft\" src=\"https:\/\/img.mundifrases.com\/images\/thumb_movie-el-laberinto-del-fauno.233x330_q95_box-47,0,722,1000.jpg\" width=\"150\" height=\"180\" align=\"right\" \/><\/span><\/p>\n<p style=\"text-align: justify\"><span style=\"font-family: arial, helvetica, sans-serif\">Entre sus pel\u00edculas m\u00e1s aclamadas destaca <em>\u201cEl laberinto del fauno\u201d\u00a0<\/em>que se alz\u00f3 con tres merecid\u00edsimos\u00a0<em>\u00d3scar<\/em> (mejor direcci\u00f3n\u00a0art\u00edstica, mejor maquillaje y mejor fotograf\u00eda) en febrero de 2007.<\/span><\/p>\n<p style=\"text-align: justify\"><img loading=\"lazy\" decoding=\"async\" class=\"alignleft\" src=\"https:\/\/1.bp.blogspot.com\/-XAZhQJP6BeE\/We76lVGLavI\/AAAAAAAArYg\/DHYmq0rJEEMsZuwVgjnp3Kw052XLIyUygCLcBGAs\/s1600\/shape_of_water_ver3.jpg\" width=\"150\" height=\"180\" \/>\u00a0<span style=\"font-family: arial, helvetica, sans-serif\">Con <em>\u201cThe Shape of Water\u201d\u00a0 <\/em>ha llegado su consagraci\u00f3n definitiva, y le han llovido los premios, desde el <em>Le\u00f3n de Oro<\/em>\u00a0a la mejor pel\u00edcula en la\u00a0<em>Mo<\/em><em>stra de Venecia, <\/em>pasando por<em>\u00a0<\/em>dos <em>Globos de Oro <\/em>(mejor director y mejor banda sonora),\u00a0 cuatro premios\u00a0<em>Critics\u2019 Choice<\/em>\u00a0(mejor pel\u00edcula, mejor director, mejor dise\u00f1o de producci\u00f3n y mejor banda sonora) hasta llegar a las cuatro doradas estatuillas en los <em>\u00d3scar<\/em> 2018.<\/span><\/p>\n<p style=\"text-align: justify\"><span style=\"font-family: arial, helvetica, sans-serif\"><strong>Del Toro<\/strong>\u00a0se caracteriza por imprimir una est\u00e9tica y ambientaci\u00f3n espectaculares a sus pel\u00edculas, creando ambientes t\u00e9tricos y agobiantes o situaciones m\u00e1gicas y fant\u00e1sticas.<\/span><\/p>\n<p style=\"text-align: justify\"><img loading=\"lazy\" decoding=\"async\" class=\"size-thumbnail alignnone\" src=\"https:\/\/bookbastion.files.wordpress.com\/2019\/06\/the-shape-of-water-blog.jpg?w=450\" width=\"150\" height=\"150\" \/>\u00a0<strong><span style=\"color: #0000ff\">&#8211; La banda sonora.<\/span><\/strong><\/p>\n<p style=\"text-align: justify\"><span style=\"font-family: arial, helvetica, sans-serif\"><img loading=\"lazy\" decoding=\"async\" class=\"n3VNCb alignleft\" src=\"https:\/\/upload.wikimedia.org\/wikipedia\/commons\/2\/2d\/Alexandre_Desplat_2015.jpg\" alt=\"Alexandre Desplat - Wikipedia, la enciclopedia libre\" width=\"158\" height=\"233\" data-noaft=\"1\" \/> Era la primera vez que el compositor <strong>Alexandre Desplat<\/strong> trabajaba con el realizador mejicano y ha sido todo un acierto.\u00a0<\/span><\/p>\n<p style=\"text-align: justify\"><span style=\"font-family: arial, helvetica, sans-serif\">El gran<strong>\u00a0Desplat<\/strong>\u00a0se ha llevado todos los premios de cine a la mejor banda sonora,\u00a0<em>Bafta<\/em>, <em>Globos de Oro<\/em>, <em>\u00d3scar<\/em>, \u2026 con la que sin duda ya es la banda sonora por excelencia del 2017.<\/span><\/p>\n<p style=\"text-align: justify\" align=\"justify\"><span style=\"font-family: arial, helvetica, sans-serif\">Del compositor franc\u00e9s ya hemos hablado en otro post y conoc\u00e9is su gran trayectoria, as\u00ed que vamos a hacer un recorrido por el universo sonoro de la pel\u00edcula.<\/span><\/p>\n<p style=\"text-align: justify\" align=\"justify\"><span style=\"font-family: arial, helvetica, sans-serif\"><strong>Desplat\u00a0<\/strong>ha compuesto una banda sonora con sabor a cine cl\u00e1sico, pero con el toque de distinci\u00f3n y elegancia que caracteriza sus trabajos.<\/span><\/p>\n<p style=\"text-align: justify\" align=\"justify\"><span style=\"font-family: arial, helvetica, sans-serif\"><img loading=\"lazy\" decoding=\"async\" class=\"alignleft\" src=\"https:\/\/78.media.tumblr.com\/d84e2b4cc560e7c8a2e829131e18abbf\/tumblr_ovf3b3QJkH1us3z9vo1_500.gif\" width=\"238\" height=\"117\" align=\"right\" \/><\/span><\/p>\n<p style=\"text-align: justify\" align=\"justify\"><span style=\"font-family: arial, helvetica, sans-serif\">El compositor procur\u00f3 que sus melod\u00edas hicieran sentir al espectador como si estuviera flotando en el agua, y sin duda lo ha conseguido!!!<\/span><\/p>\n<p style=\"text-align: justify\"><span style=\"font-family: arial, helvetica, sans-serif\">Vamos a escuchar y a analizar algunos de los temas musicales que aparecen en la pel\u00edcula.<\/span><\/p>\n<ul>\n<li><span style=\"font-family: arial, helvetica, sans-serif\"><em>\u201cThe Shape of Water\u201d\u00a0<\/em>\u00a0tiene una sonoridad acu\u00e1tica, en este tema musical\u00a0el compositor crea una pieza que nos transporta a un mundo de fantas\u00eda donde los silbidos y el acorde\u00f3n aportan color.<\/span><\/li>\n<\/ul>\n\n<!-- iframe plugin v.6.0 wordpress.org\/plugins\/iframe\/ -->\n<iframe loading=\"lazy\" width=\"560\" height=\"315\" src=\"https:\/\/www.youtube.com\/embed\/HA8dDFFvOUw\" scrolling=\"yes\" class=\"iframe-class\" frameborder=\"0\"><\/iframe>\n\n<ul>\n<li><span style=\"font-family: arial, helvetica, sans-serif\"><strong>Desplat<\/strong> a trav\u00e9s de la m\u00fasica nos ayuda a comprender a Elisa, y con el siguiente tema, <em>\u201cA Princess Without Voice<\/em>\u201d, nos ayuda a dar un punto y final a su historia.<\/span><\/li>\n<\/ul>\n\n<!-- iframe plugin v.6.0 wordpress.org\/plugins\/iframe\/ -->\n<iframe loading=\"lazy\" width=\"560\" height=\"315\" src=\"https:\/\/www.youtube.com\/embed\/F8Ve-uBFtWc\" scrolling=\"yes\" class=\"iframe-class\" frameborder=\"0\"><\/iframe>\n\n<ul>\n<li>En el siguiente v\u00eddeo vemos una recopilaci\u00f3n de diferentes temas musicales que aparecen en la pel\u00edcula.<\/li>\n<\/ul>\n\n<!-- iframe plugin v.6.0 wordpress.org\/plugins\/iframe\/ -->\n<iframe loading=\"lazy\" width=\"560\" height=\"315\" src=\"https:\/\/www.youtube.com\/embed\/6DidM_xOb4Q\" scrolling=\"yes\" class=\"iframe-class\" frameborder=\"0\"><\/iframe>\n\n<p style=\"text-align: justify\"><span style=\"font-family: arial, helvetica, sans-serif\"><strong>Desplat<\/strong> ha tenido el talento necesario para incluir canciones en la banda sonora que le van como anillo al dedo a la historia, las dos que voy a resaltar me parecen una maravilla: <em>\u201cLa javanaise\u201d ,\u00a0<\/em>en la estupenda versi\u00f3n de la gran cantante de jazz\u00a0<strong>Madeleine Peyroux,\u00a0<\/strong>\u00a0y un nuevo arreglo (hecho por <strong>Desplat<\/strong>) del viejo tema de <strong>Harry Warren<\/strong> y <strong>Mack Gordon<\/strong> <em>\u201cYou\u2019ll Never Know\u201d<\/em>, interpretado por la gran mezzo soprano <strong>Ren\u00e9e Fleming<\/strong> acompa\u00f1ada por la <em>London Symphony Orchestra<\/em> (que tambi\u00e9n interpreta las obras de Desplat).<\/span><\/p>\n<p><img loading=\"lazy\" decoding=\"async\" src=\"https:\/\/americaoncoffee.files.wordpress.com\/2017\/05\/hqdefault-20.jpg\" width=\"200\" height=\"200\" \/><\/p>\n\n<!-- iframe plugin v.6.0 wordpress.org\/plugins\/iframe\/ -->\n<iframe loading=\"lazy\" width=\"560\" height=\"315\" src=\"https:\/\/www.youtube.com\/embed\/76SEcZxuQrE\" scrolling=\"yes\" class=\"iframe-class\" frameborder=\"0\"><\/iframe>\n\n<p><img loading=\"lazy\" decoding=\"async\" src=\"https:\/\/images-na.ssl-images-amazon.com\/images\/I\/71lDbYhYSkL._SX355_.jpg\" width=\"200\" height=\"200\" \/><\/p>\n\n<!-- iframe plugin v.6.0 wordpress.org\/plugins\/iframe\/ -->\n<iframe loading=\"lazy\" width=\"560\" height=\"315\" src=\"https:\/\/www.youtube.com\/embed\/AfuMFHB80HE\" scrolling=\"yes\" class=\"iframe-class\" frameborder=\"0\"><\/iframe>\n\n<p style=\"text-align: justify\"><span style=\"font-family: arial, helvetica, sans-serif\">\u201cEl agua es como el amor, no tiene forma. Adopta la forma de aquello que habita. Es el elemento m\u00e1s poderoso del universo. Es tierno, flexible, pero rompe todas las barreras\u201d, dijo <strong>Del Toro<\/strong>. Y el amor es lo que manda en esta pel\u00edcula,\u00a0y nos preguntamos \u2026. \u00bftriunfar\u00e1?<\/span><\/p>\n<p><img loading=\"lazy\" decoding=\"async\" class=\"aligncenter\" src=\"https:\/\/1.bp.blogspot.com\/-CY1nGlGb2RE\/WpLr9JFO5sI\/AAAAAAAAFC4\/IP6T8f3tL1UhZxzGYnKhRo_9-cyIhT4wwCLcBGAs\/s1600\/shapeofwater-songgif.gif\" width=\"300\" height=\"190\" \/><\/p>\n","protected":false},"excerpt":{"rendered":"<p>Como ya sab\u00e9is, la pel\u00edcula de Guillermo del Toro \u201cThe Shape of Water\u201d (\u201dLa forma del agua\u201d) ha sido la gran vencedora\u00a0en la 90 edici\u00f3n de los Premios\u00a0\u00d3scar de este a\u00f1o 2017, llev\u00e1ndose nada menos que cuatro premios: pel\u00edcula, director, dise\u00f1o de producci\u00f3n y banda sonora. Pero vamos a hacer un recorrido por esta fant\u00e1stica [&hellip;]<\/p>\n","protected":false},"author":334,"featured_media":0,"comment_status":"open","ping_status":"open","sticky":false,"template":"","format":"standard","meta":{"footnotes":""},"categories":[3],"tags":[],"class_list":["post-509","post","type-post","status-publish","format-standard","hentry","category-comentamos-una-banda-sonora"],"_links":{"self":[{"href":"https:\/\/edublog.educastur.es\/unamusicadecine\/wp-json\/wp\/v2\/posts\/509","targetHints":{"allow":["GET"]}}],"collection":[{"href":"https:\/\/edublog.educastur.es\/unamusicadecine\/wp-json\/wp\/v2\/posts"}],"about":[{"href":"https:\/\/edublog.educastur.es\/unamusicadecine\/wp-json\/wp\/v2\/types\/post"}],"author":[{"embeddable":true,"href":"https:\/\/edublog.educastur.es\/unamusicadecine\/wp-json\/wp\/v2\/users\/334"}],"replies":[{"embeddable":true,"href":"https:\/\/edublog.educastur.es\/unamusicadecine\/wp-json\/wp\/v2\/comments?post=509"}],"version-history":[{"count":6,"href":"https:\/\/edublog.educastur.es\/unamusicadecine\/wp-json\/wp\/v2\/posts\/509\/revisions"}],"predecessor-version":[{"id":2322,"href":"https:\/\/edublog.educastur.es\/unamusicadecine\/wp-json\/wp\/v2\/posts\/509\/revisions\/2322"}],"wp:attachment":[{"href":"https:\/\/edublog.educastur.es\/unamusicadecine\/wp-json\/wp\/v2\/media?parent=509"}],"wp:term":[{"taxonomy":"category","embeddable":true,"href":"https:\/\/edublog.educastur.es\/unamusicadecine\/wp-json\/wp\/v2\/categories?post=509"},{"taxonomy":"post_tag","embeddable":true,"href":"https:\/\/edublog.educastur.es\/unamusicadecine\/wp-json\/wp\/v2\/tags?post=509"}],"curies":[{"name":"wp","href":"https:\/\/api.w.org\/{rel}","templated":true}]}}