{"id":516,"date":"2020-09-24T22:58:21","date_gmt":"2020-09-24T20:58:21","guid":{"rendered":"https:\/\/edublog.educastur.es\/unamusicadecine\/?p=516"},"modified":"2021-03-13T10:17:25","modified_gmt":"2021-03-13T08:17:25","slug":"amazing-grace-un-documental-con-alma","status":"publish","type":"post","link":"https:\/\/edublog.educastur.es\/unamusicadecine\/2020\/09\/24\/amazing-grace-un-documental-con-alma\/","title":{"rendered":"AMAZING GRACE. Un documental con alma."},"content":{"rendered":"<p><img loading=\"lazy\" decoding=\"async\" class=\"aligncenter\" src=\"https:\/\/www.dodmagazine.es\/wp-content\/uploads\/2019\/07\/amazing-grace-pelicula-aretha-franklyn.jpg\" width=\"300\" height=\"450\" \/><\/p>\n<p style=\"text-align: justify\"><span style=\"font-family: arial, helvetica, sans-serif\"><em>Amazing Grace<\/em>, la pel\u00edcula que recoge el testimonio de una <strong>Aretha Franklin<\/strong> en la cima de su carrera, se estren\u00f3 en los cines de nuestro pa\u00eds en 2018. Vamos a conocer m\u00e1s sobre el documental y su protagonista.<\/span><\/p>\n<p style=\"text-align: justify\"><span style=\"font-family: arial, helvetica, sans-serif\"><img loading=\"lazy\" decoding=\"async\" src=\"http:\/\/www.gifmania.com\/Gif-Animados-Peliculas-Cine\/Imagenes-Elementos-Cine\/Claquetas\/Claqueta-Dibujos-Animados-56446.gif\" width=\"125\" height=\"145\" align=\"middle\" \/><span style=\"color: #ff0000\"><strong>El documental<\/strong><\/span><\/span><\/p>\n<p style=\"text-align: justify\"><span style=\"font-family: arial, helvetica, sans-serif\">En 1972, el director de cine <strong>Sidney Pollack<\/strong>\u00a0(\u00abMemorias de \u00c1frica\u00bb) <img loading=\"lazy\" decoding=\"async\" class=\"size-thumbnail alignright\" src=\"http:\/\/cdn2.estamosrodando.com\/biografias\/4\/8\/sydney-pollack-429565.jpg\" width=\"200\" height=\"300\" \/>se traslad\u00f3 a Los \u00c1ngeles, a la iglesia batista misionera de New Temple, para grabar en directo durante dos noches, el concierto de una joven cantante por entonces casi desconocida, que llegar\u00eda a ser la reina del soul, <strong>Aretha Franklin<\/strong>. El material que se grab\u00f3, qued\u00f3 guardado por diversos motivos (muchos de ellos problemas t\u00e9cnicos), hasta que d\u00e9cadas despu\u00e9s, el productor musical <strong>Allan Elliot <\/strong>le di\u00f3 forma, y termin\u00f3 el documental.<\/span><\/p>\n<p style=\"text-align: justify\"><span style=\"font-family: arial, helvetica, sans-serif\">En el documental, la reina del soul canta con el alma a dios y a los asistentes, que se estremecen y\u00a0lloran; que alzan y agitan las dos manos. Entre ellos est\u00e1 un jovenc\u00edsimo\u00a0<strong>Mick Jagger, <\/strong>tambi\u00e9n\u00a0el padre de Aretha, que cuando ella est\u00e1 tocando ante el piano, acude a secarle el sudor con un pa\u00f1uelo.<\/span><\/p>\n<p style=\"text-align: justify\"><span style=\"font-family: arial, helvetica, sans-serif\">Sin duda, es una m\u00fasica que llega al alma, te estremece, es m\u00e1gica, g\u00f3spel en estado puro.<\/span><\/p>\n\n<!-- iframe plugin v.6.0 wordpress.org\/plugins\/iframe\/ -->\n<iframe loading=\"lazy\" width=\"560\" height=\"315\" src=\"https:\/\/www.youtube.com\/embed\/5zgeUWxzBNA\" scrolling=\"yes\" class=\"iframe-class\" frameborder=\"0\"><\/iframe>\n\n<p><img loading=\"lazy\" decoding=\"async\" src=\"https:\/\/lh4.ggpht.com\/-goBXrv1R9Mo\/U92o14JPa_I\/AAAAAAABNk4\/IBGQkMbc1_c\/gifs-animados-musica-71%25255B12%25255D.gif?imgmax=800\" width=\"125\" height=\"145\" align=\"middle\" \/><span style=\"font-family: arial, helvetica, sans-serif;color: #ff0000\"><strong>La\u00a0canci\u00f3n<\/strong><\/span><\/p>\n<p style=\"text-align: justify\"><span style=\"font-family: arial, helvetica, sans-serif\"><em>Amazing Grace<\/em>\u00a0\u00a0es una canci\u00f3n que tiene su origen en un himno compuesto por\u00a0<strong>John Newton<\/strong>, un converso que dej\u00f3 atr\u00e1s la trata de esclavos, y que con el tiempo se convertir\u00eda tambi\u00e9n en el gran impulsor de la campa\u00f1a por la abolici\u00f3n de la esclavitud en el Imperio Brit\u00e1nico.<img loading=\"lazy\" decoding=\"async\" class=\"size-thumbnail alignleft\" src=\"https:\/\/www-images.christianitytoday.com\/images\/83179.jpg\" width=\"300\" height=\"170\" \/><\/span><\/p>\n<p style=\"text-align: justify\"><span style=\"font-family: arial, helvetica, sans-serif\">La historia de\u00a0<strong>John Newton<\/strong>\u00a0aporta una fuerza elocuente a la letra de \u201c<em>Amazing Grace<\/em>\u201d,\u00a0himno a la Misericordia de Dios, que es m\u00e1s grande que todos nuestros pecados.\u00a0Siempre hay esperanza, pues la Gracia de Dios siempre es fiel.<\/span><\/p>\n<p style=\"text-align: justify\"><span style=\"font-family: arial, helvetica, sans-serif\">No nos ha llegado la melod\u00eda original compuesta por Newton. La interpretaci\u00f3n m\u00e1s conocida de \u201cAmazing grace\u201d fue ideada en 1835 por <strong>William Walker<\/strong>, quien\u00a0asoci\u00f3 el himno de Newton a una melod\u00eda tradicional escocesa titulada <em>\u201cNew Britain\u201d<\/em>.<\/span><\/p>\n<p style=\"text-align: justify\"><span style=\"font-family: arial, helvetica, sans-serif\">Vamos a escuchar <em>\u201cAmazing Grace\u201d <\/em>en la interpretaci\u00f3n del grupo vocal <strong>\u201cIl Divo\u201d<\/strong>. Impresionante.<\/span><\/p>\n\n<!-- iframe plugin v.6.0 wordpress.org\/plugins\/iframe\/ -->\n<iframe loading=\"lazy\" width=\"560\" height=\"315\" src=\"https:\/\/www.youtube.com\/embed\/GYMLMj-SibU\" scrolling=\"yes\" class=\"iframe-class\" frameborder=\"0\"><\/iframe>\n\n<p><img loading=\"lazy\" decoding=\"async\" src=\"https:\/\/merchbar.imgix.net\/product\/vinylized\/upc\/41\/603497854196.jpg?w=1280&amp;h=1280&amp;quality=60&amp;auto=compress%252Cformat\" width=\"150\" height=\"150\" align=\"middle\" \/> <span style=\"font-family: arial, helvetica, sans-serif;color: #ff0000\"><strong>El disco<\/strong><\/span><\/p>\n<p style=\"text-align: justify\"><span style=\"font-family: arial, helvetica, sans-serif\">El doble \u00e1lbum de gospel, \u00a0\u201c<em>Amazing Grace\u201d, <\/em>se public\u00f3 despu\u00e9s de su grabaci\u00f3n\u00a0en la Iglesia Bautista Misionera del Templo Nuevo, un modesto y descuidado templo de Los \u00c1ngeles.\u00a0Fue un \u00e9xito inmediato, y con el tiempo, se convertir\u00eda en el disco m\u00e1s vendido de la carrera de Aretha, y en el disco g\u00f3spel m\u00e1s importante de todos los tiempos.<\/span><\/p>\n\n<!-- iframe plugin v.6.0 wordpress.org\/plugins\/iframe\/ -->\n<iframe loading=\"lazy\" width=\"560\" height=\"315\" src=\"https:\/\/www.youtube.com\/embed\/LGN64GwVIRM\" scrolling=\"yes\" class=\"iframe-class\" frameborder=\"0\"><\/iframe>\n\n<p><img loading=\"lazy\" decoding=\"async\" src=\"https:\/\/media0.giphy.com\/media\/2uIhQkiBWKXp97Hwxt\/source.gif\" width=\"150\" height=\"150\" align=\"middle\" \/> <span style=\"font-family: arial, helvetica, sans-serif;color: #ff0000\"><strong>La reina del Soul<\/strong><\/span><\/p>\n<p style=\"text-align: justify\"><span style=\"font-family: arial, helvetica, sans-serif\">Aretha Franklin naci\u00f3 en 1942 en Memphis (Tennessee), y falleci\u00f3 en 2018 en Detroit (Michigan).\u00a0Hija de un conocido reverendo, comenz\u00f3 a cantar en el coro de la iglesia de su padre, y\u00a0sacudi\u00f3 el panorama musical de los 60 al introducir los recursos del g\u00f3spel\u00a0en la m\u00fasica secular.<\/span><\/p>\n<p style=\"text-align: justify\"><span style=\"font-family: arial, helvetica, sans-serif\">Para el recuerdo nos quedan joyas imperecederas del soul y el rythm &amp; blues, interpretadas con una voz y energ\u00eda irrepetibles, como\u00a0\u201d<em>Respect<\/em>\u201c, <em>\u201cI\u00a0Never Loved a Man\u201d\u00a0<\/em>\u00a0o <em>\u201cThink\u201d<\/em>.<\/span><\/p>\n<p style=\"text-align: justify\"><span style=\"font-family: arial, helvetica, sans-serif\"><img loading=\"lazy\" decoding=\"async\" class=\"size-thumbnail alignleft\" src=\"https:\/\/www.uncut.co.uk\/wp-content\/uploads\/2018\/11\/GettyImages-463572442.jpg\" width=\"250\" height=\"159\" \/>Gan\u00f3 18 premios Grammy y vendi\u00f3 m\u00e1s de 10 millones de discos.<\/span><\/p>\n<p style=\"text-align: justify\"><span style=\"font-family: arial, helvetica, sans-serif\">Vamos a recordarla, escuchando el maravilloso tema <em>\u201cRespect\u201d, <\/em>puro soul del bueno<em>.<\/em><\/span><\/p>\n\n<!-- iframe plugin v.6.0 wordpress.org\/plugins\/iframe\/ -->\n<iframe loading=\"lazy\" width=\"560\" height=\"315\" src=\"https:\/\/www.youtube.com\/embed\/6FOUqQt3Kg0\" scrolling=\"yes\" class=\"iframe-class\" frameborder=\"0\"><\/iframe>\n\n<p style=\"text-align: justify\"><span style=\"font-family: arial, helvetica, sans-serif\"><strong><img loading=\"lazy\" decoding=\"async\" src=\"https:\/\/encrypted-tbn0.gstatic.com\/images?q=tbn:ANd9GcQ54YX0VEuDKdZxLsaqRmKK8NJ83D6WtMlD2d6knkG-XDxbFw7V\" width=\"200\" height=\"137\" align=\"middle\" \/><span style=\"color: #ff0000\"> Aretha Franklin en cine y televisi\u00f3n<\/span><\/strong><\/span><\/p>\n<p style=\"text-align: justify\"><span style=\"font-family: arial, helvetica, sans-serif\">La llamada reina del soul\u00a0tambi\u00e9n nos regal\u00f3 su presencia tanto en el mundo del cine como en la televisi\u00f3n.<\/span><\/p>\n<ul style=\"list-style-type: disc\">\n<li style=\"text-align: justify\"><span style=\"font-family: arial, helvetica, sans-serif\"><strong>Pel\u00edcula: \u201cRoom 222\u2033(1972). <\/strong>Aretha\u00a0dio vida a Inez Jackson, una l\u00edder espiritual cuyos consejos no pod\u00edan estar transmitidos de otro modo que cantados, interpretando la artista el himno religioso\u00a0<em>\u201cGuide Me Thy Great Jehovah\u201d<\/em> frente la c\u00e1mara con su genio habitual.<\/span><\/li>\n<\/ul>\n\n<!-- iframe plugin v.6.0 wordpress.org\/plugins\/iframe\/ -->\n<iframe loading=\"lazy\" width=\"560\" height=\"315\" src=\"https:\/\/www.youtube.com\/embed\/_oWYfNaqjMs\" scrolling=\"yes\" class=\"iframe-class\" frameborder=\"0\"><\/iframe>\n\n<ul>\n<li style=\"text-align: justify\"><span style=\"font-family: arial, helvetica, sans-serif\"><strong>Pel\u00edcula: \u201cGranujas a todo ritmo\u201d (1980).\u00a0<\/strong>Aretha nos volvi\u00f3 a deleitar con un nuevo cameo\u00a0en\u00a0una de las mejores comedias musicales de todos los tiempos,\u00a0protagonizada por el d\u00fao compuesto por\u00a0<strong>John Belushi<\/strong>\u00a0y <strong>Dan Aykroyd<\/strong>.\u00a0Junto con otras grandes estrellas del soul y el R&amp;B, la cantante\u00a0\u00a0entonaba el m\u00edtico\u00a0\u201d<em>Freedom\u201d.<\/em><\/span><\/li>\n<\/ul>\n\n<!-- iframe plugin v.6.0 wordpress.org\/plugins\/iframe\/ -->\n<iframe loading=\"lazy\" width=\"560\" height=\"315\" src=\"https:\/\/www.youtube.com\/embed\/Vet6AHmq3_s\" scrolling=\"yes\" class=\"iframe-class\" frameborder=\"0\"><\/iframe>\n\n<ul style=\"list-style-type: disc\">\n<li style=\"text-align: justify\"><span style=\"font-family: arial, helvetica, sans-serif\"><strong>Serie de televisi\u00f3n: \u201cMurphy Brown\u201d(1991).\u00a0<\/strong>Aretha, interpret\u00e1ndose a si misma, hizo acto de presencia\u00a0en esta\u00a0prestigiosa \u00a0serie\u00a0emitida en el canal\u00a0CBS\u00a0a lo largo de una d\u00e9cada y 247 episodios. Fue en el cap\u00edtulo de la cuarta temporada titulado\u00a0<strong>\u201cThe Queen of Soul\u201d<\/strong>, en el que Brown consegu\u00eda una entrevista con la cantante, la situaci\u00f3n desemboca en una secuencia en la que\u00a0la periodista y Franklin se encuentran frente a un piano interpretando el tema.<\/span><\/li>\n<\/ul>\n\n<!-- iframe plugin v.6.0 wordpress.org\/plugins\/iframe\/ -->\n<iframe loading=\"lazy\" width=\"560\" height=\"315\" src=\"https:\/\/www.youtube.com\/embed\/7vs1W5_hsYg\" scrolling=\"yes\" class=\"iframe-class\" frameborder=\"0\"><\/iframe>\n\n<ul style=\"list-style-type: disc\">\n<li style=\"text-align: justify\"><span style=\"font-family: arial, helvetica, sans-serif\"> <strong>Pel\u00edcula:\u201dBlues Brothers 2000 (El ritmo contin\u00faa)\u201d(1998).\u00a0<\/strong>La despedida de Aretha Franklin de la ficci\u00f3n cinematogr\u00e1fica fue\u00a0en la secuela de <em>\u201cGranujas a todo ritmo\u201d<\/em>, donde interpretaba el mismo papel y cantando \u201c<em>Respect\u201d,<\/em> el maravilloso tema que se convirti\u00f3 en todo un himno de los derechos civiles y el feminismo.<\/span><\/li>\n<\/ul>\n\n<!-- iframe plugin v.6.0 wordpress.org\/plugins\/iframe\/ -->\n<iframe loading=\"lazy\" width=\"560\" height=\"315\" src=\"https:\/\/www.youtube.com\/embed\/JjMBZBjdvSI\" scrolling=\"yes\" class=\"iframe-class\" frameborder=\"0\"><\/iframe>\n\n<p><span style=\"font-family: arial, helvetica, sans-serif\">Gracias al documental\u00a0<em>\u201cAmazin Grace\u201d,\u00a0<\/em>podemos\u00a0disfrutar de nuevo, de\u00a0la que fue la \u00faltima gran diva de la edad de oro de la m\u00fasica afroamericana, la gran <strong>Aretha Franklin<\/strong>.<\/span><\/p>\n<p><img loading=\"lazy\" decoding=\"async\" class=\"size-thumbnail aligncenter\" src=\"https:\/\/finsbury.com.au\/wp-content\/uploads\/2018\/10\/Aretha-Franklin.jpg\" width=\"250\" height=\"266\" \/><\/p>\n<p style=\"text-align: center\"><strong><span style=\"color: #0000ff\">ACTIVIDAD<\/span>\u00a0<img loading=\"lazy\" decoding=\"async\" class=\"alignnone size-thumbnail wp-image-212\" src=\"http:\/\/edublog.educastur.es\/unamusicadecine\/files\/2020\/09\/1FD250D8-6481-446D-946D-4532A6E31764-150x150.jpeg\" alt=\"\" width=\"150\" height=\"150\" \/><\/strong><\/p>\n<ol>\n<li style=\"text-align: justify\"><strong><span style=\"font-family: arial, helvetica, sans-serif\">\u00bfQu\u00e9 documental se estren\u00f3 el pasado 4 de octubre? \u00bfQu\u00e9 problemas hubo para que no se estrenase hasta ahora?<\/span><\/strong><\/li>\n<li style=\"text-align: justify\"><strong><span style=\"font-family: arial, helvetica, sans-serif\">\u00bfQui\u00e9n es la protagonista del documental? \u00bfY el director? Realiza una breve biograf\u00eda de ambos.<\/span><\/strong><\/li>\n<li style=\"text-align: justify\"><strong><span style=\"font-family: arial, helvetica, sans-serif\">\u00bfCu\u00e1l es el origen de la canci\u00f3n \u201c<em>Amazing Grace\u201d<\/em>?<\/span><\/strong><\/li>\n<li style=\"text-align: justify\"><strong><span style=\"font-family: arial, helvetica, sans-serif\">\u00bfQui\u00e9n es la reina del soul?\u00a0\u00bfCu\u00e1ntos premios ha conseguido en su carrera?<\/span><\/strong><\/li>\n<li style=\"text-align: justify\"><strong><span style=\"font-family: arial, helvetica, sans-serif\">\u00bfEn qu\u00e9 serie de televisi\u00f3n Aretha se interpreta a s\u00ed misma?<\/span><\/strong><\/li>\n<li style=\"text-align: justify\"><strong><span style=\"font-family: arial, helvetica, sans-serif\">\u00bfEn qu\u00e9 pel\u00edcula interpreta el tema\u00a0\u201d<em>Freedom\u201d? <\/em>\u00bfQu\u00e9 sentimientos transmite la m\u00fasica a la escena?<\/span><\/strong><\/li>\n<li style=\"text-align: justify\"><strong><span style=\"font-family: arial, helvetica, sans-serif\">\u00bfQu\u00e9 canci\u00f3n interpreta la artista en la pel\u00edcula \u201cRoom 222\u201d? \u00bfC\u00faal era el papel que representaba?<\/span><\/strong><\/li>\n<li style=\"text-align: justify\"><strong><span style=\"font-family: arial, helvetica, sans-serif\">\u00bfEn qu\u00e9 pel\u00edcula interpreta el tema \u00a0\u201d<em>Respect\u201d? <\/em>\u00bfQu\u00e9 sentimientos transmite la m\u00fasica a la escena?<\/span><\/strong><\/li>\n<li style=\"text-align: justify\"><strong><span style=\"font-family: arial, helvetica, sans-serif\">Escucha la canci\u00f3n \u201c<em>Amazing Grace\u201d <\/em>en la versi\u00f3n de un c\u00e9lebre grupo vocal<em>, \u00bf<\/em>c\u00f3mo se llama el grupo? <em>\u00bf<\/em>qu\u00e9 sentimientos te transmite la interpretaci\u00f3n? Realiza una breve biograf\u00eda del grupo.<\/span><\/strong><\/li>\n<li style=\"text-align: justify\"><strong><span style=\"font-family: arial, helvetica, sans-serif\">Busca otra cantante que haya aparecido interpretando un tema en una pel\u00edcula, y completa estos datos:<\/span><\/strong><\/li>\n<\/ol>\n<ul style=\"text-align: justify\">\n<li><strong><span style=\"font-family: arial, helvetica, sans-serif\">T\u00edtulo de la pel\u00edcula y a\u00f1o de estreno.<\/span><\/strong><\/li>\n<li><strong><span style=\"font-family: arial, helvetica, sans-serif\">Nombre de la cantante que aparece y de la canci\u00f3n que interpreta.<\/span><\/strong><\/li>\n<li><strong><span style=\"font-family: arial, helvetica, sans-serif\">Link con la escena y aportaci\u00f3n de la m\u00fasica a la escena.<\/span><\/strong><\/li>\n<\/ul>\n<ol start=\"11\">\n<li style=\"text-align: justify\"><strong><span style=\"font-family: arial, helvetica, sans-serif\">Se\u00f1ala lo que te ha ense\u00f1ado este post.<\/span><\/strong><\/li>\n<\/ol>\n<p>&nbsp;<\/p>\n","protected":false},"excerpt":{"rendered":"<p>Amazing Grace, la pel\u00edcula que recoge el testimonio de una Aretha Franklin en la cima de su carrera, se estren\u00f3 en los cines de nuestro pa\u00eds en 2018. Vamos a conocer m\u00e1s sobre el documental y su protagonista. El documental En 1972, el director de cine Sidney Pollack\u00a0(\u00abMemorias de \u00c1frica\u00bb) se traslad\u00f3 a Los \u00c1ngeles, [&hellip;]<\/p>\n","protected":false},"author":334,"featured_media":0,"comment_status":"open","ping_status":"open","sticky":false,"template":"","format":"standard","meta":{"footnotes":""},"categories":[3,13],"tags":[],"class_list":["post-516","post","type-post","status-publish","format-standard","hentry","category-comentamos-una-banda-sonora","category-rockeros-poperos-musicos-en-el-cine"],"_links":{"self":[{"href":"https:\/\/edublog.educastur.es\/unamusicadecine\/wp-json\/wp\/v2\/posts\/516","targetHints":{"allow":["GET"]}}],"collection":[{"href":"https:\/\/edublog.educastur.es\/unamusicadecine\/wp-json\/wp\/v2\/posts"}],"about":[{"href":"https:\/\/edublog.educastur.es\/unamusicadecine\/wp-json\/wp\/v2\/types\/post"}],"author":[{"embeddable":true,"href":"https:\/\/edublog.educastur.es\/unamusicadecine\/wp-json\/wp\/v2\/users\/334"}],"replies":[{"embeddable":true,"href":"https:\/\/edublog.educastur.es\/unamusicadecine\/wp-json\/wp\/v2\/comments?post=516"}],"version-history":[{"count":8,"href":"https:\/\/edublog.educastur.es\/unamusicadecine\/wp-json\/wp\/v2\/posts\/516\/revisions"}],"predecessor-version":[{"id":3082,"href":"https:\/\/edublog.educastur.es\/unamusicadecine\/wp-json\/wp\/v2\/posts\/516\/revisions\/3082"}],"wp:attachment":[{"href":"https:\/\/edublog.educastur.es\/unamusicadecine\/wp-json\/wp\/v2\/media?parent=516"}],"wp:term":[{"taxonomy":"category","embeddable":true,"href":"https:\/\/edublog.educastur.es\/unamusicadecine\/wp-json\/wp\/v2\/categories?post=516"},{"taxonomy":"post_tag","embeddable":true,"href":"https:\/\/edublog.educastur.es\/unamusicadecine\/wp-json\/wp\/v2\/tags?post=516"}],"curies":[{"name":"wp","href":"https:\/\/api.w.org\/{rel}","templated":true}]}}