{"id":5232,"date":"2022-06-08T11:19:31","date_gmt":"2022-06-08T09:19:31","guid":{"rendered":"https:\/\/edublog.educastur.es\/unamusicadecine\/?p=5232"},"modified":"2026-04-27T08:47:02","modified_gmt":"2026-04-27T06:47:02","slug":"west-side-story-el-remake-de-un-musical-mitico","status":"publish","type":"post","link":"https:\/\/edublog.educastur.es\/unamusicadecine\/2022\/06\/08\/west-side-story-el-remake-de-un-musical-mitico\/","title":{"rendered":"West Side Story, el ayer y el hoy de un musical m\u00edtico."},"content":{"rendered":"<h4><span style=\"font-family: arial, helvetica, sans-serif\"><span style=\"color: #ff0000\">\u00a0 \u00a0 \u00a0 \u00a0 \u00a0 \u00a0 \u00a0 \u00a0 \u00a0 \u00a0 \u00a0 \u00a0 \u00a0 \u00a0 \u00a0 \u00a0 \u00a0 \u00a0 El musical y la pel\u00edcula del 61<\/span><\/span><\/h4>\n<h4><span style=\"font-family: arial, helvetica, sans-serif\"><img loading=\"lazy\" decoding=\"async\" class=\"aligncenter\" src=\"https:\/\/www.denofgeek.com\/wp-content\/uploads\/2021\/12\/West-Side-Story-2021-versus-West-Story-1961.jpg?fit=1200%2C675\" alt=\"\" width=\"452\" height=\"265\" \/>\u00a0<\/span><\/h4>\n<p style=\"text-align: justify\"><span style=\"font-family: arial, helvetica, sans-serif\"><i><b>\u00abWest Side Story\u201d (Amor sin barreras)<\/b><\/i><b>\u00a0<\/b>fue primero un musical de\u00a0<b>Broadway<\/b> estrenado en 1957 y luego, en 1961, se llev\u00f3 al cine bajo la direcci\u00f3n de\u00a0<strong>Robert Wise <\/strong>y<strong> Jerome Robbins <\/strong>(<strong><a href=\"https:\/\/edublog.educastur.es\/unamusicadecine\/2020\/09\/23\/la-obra-maestra-de-robert-wise-west-side-story\/\">pinchando aqu\u00ed <\/a><\/strong>pod\u00e9is leer un post sobre dicha pel\u00edcula)<\/span><\/p>\n<p style=\"text-align: justify\"><span style=\"font-family: arial, helvetica, sans-serif\"><img loading=\"lazy\" decoding=\"async\" class=\"alignleft\" src=\"https:\/\/i.ytimg.com\/vi\/fIlIYiExXpI\/maxresdefault.jpg\" alt=\"\" width=\"237\" height=\"133\" \/> Consigui\u00f3 \u00a0hacerse con 10\u00a0<strong>premios Oscar<\/strong>, incluido el de Mejor pel\u00edcula, y, como no pod\u00eda ser de otro modo, Mejor m\u00fasica.<\/span><\/p>\n<p style=\"text-align: justify\"><span style=\"font-family: arial, helvetica, sans-serif\"> <img loading=\"lazy\" decoding=\"async\" class=\"alignright\" src=\"https:\/\/s.wsj.net\/public\/resources\/images\/WK-AW208_Sondhe_G_20101202180323.jpg\" alt=\"\" width=\"237\" height=\"158\" \/> La versi\u00f3n inicial de<i class=\"bbc-h1y5j7 ewc4zcb0\">\u00a0\u201cWest Side Story\u201d <\/i>destacaba por la\u00a0m\u00fasica desgarradora y hermosa de <b>Leonard Bernstein<\/b>; las letras mordaces pero rom\u00e1nticas de <b>Stephen<\/b> <b>Sondheim <\/b>(fallecido el pasado viernes 26 de noviembre a los 91 a\u00f1os);\u00a0<\/span><\/p>\n<p style=\"text-align: justify\"><span style=\"font-family: arial, helvetica, sans-serif\">el libro de <b>Arthur Laurents<\/b> <img loading=\"lazy\" decoding=\"async\" class=\"alignleft\" src=\"https:\/\/www.betweenthecovers.com\/pictures\/medium\/84591.jpg?v=1457676176\" alt=\"\" width=\"141\" height=\"141\" \/> y la coreograf\u00eda de inspiraci\u00f3n cl\u00e1sica de <b>Jerome<\/b> <b>Robbins<\/b>.<\/span><\/p>\n<p style=\"text-align: justify\"><span style=\"font-family: arial, helvetica, sans-serif\"> <img loading=\"lazy\" decoding=\"async\" class=\"\" src=\"https:\/\/static.timesofisrael.com\/www\/uploads\/2018\/12\/56917628s-e1544534435154-1024x640.jpg\" alt=\"\" width=\"251\" height=\"157\" \/> <\/span><\/p>\n<p style=\"text-align: justify\"><span style=\"font-family: arial, helvetica, sans-serif\">Todo esto convirti\u00f3 a la pel\u00edcula en un musical m\u00edtico. <\/span><\/p>\n<p style=\"text-align: justify\"><span style=\"font-family: arial, helvetica, sans-serif\">Rescato un n\u00famero musical, <em>\u00abAm\u00e9rica\u00bb<\/em> , que sigue hoy en d\u00eda tan espectacular como fue en su momento. Una azotea y la fuerza arrolladora de <strong>Rita Moreno<\/strong> para pasar a la historia. El n\u00famero tiene tanta fuerza, los actores est\u00e1n tan bien y la coreograf\u00eda y la m\u00fasica son tan espectaculares que es dif\u00edcil superarlo.<\/span><\/p>\n<p style=\"text-align: justify\"><span style=\"font-family: arial, helvetica, sans-serif\">\n<!-- iframe plugin v.6.0 wordpress.org\/plugins\/iframe\/ -->\n<iframe loading=\"lazy\" width=\"560\" height=\"315\" src=\"https:\/\/www.youtube.com\/embed\/XB8BKEnoATM\" scrolling=\"yes\" class=\"iframe-class\" frameborder=\"0\"><\/iframe>\n<\/span><\/p>\n<h4 style=\"text-align: center\"><span style=\"font-family: arial, helvetica, sans-serif;color: #ff0000\">El \u201cremake\u201d de 2021<\/span><\/h4>\n<h4 style=\"text-align: center\"><span style=\"font-family: arial, helvetica, sans-serif;color: #ff0000\"><img loading=\"lazy\" decoding=\"async\" class=\"aligncenter\" src=\"https:\/\/cinembrollos.files.wordpress.com\/2021\/11\/west_side_story_ver6.jpg\" alt=\"\" width=\"266\" height=\"330\" \/> <\/span><\/h4>\n<p style=\"text-align: justify\"><span style=\"font-family: arial, helvetica, sans-serif\">Este \u201cremake\u201d del cl\u00e1sico del 61 se estren\u00f3 el 22 de diciembre de 2021 y est\u00e1 dirigido de forma magistral por el maestro\u00a0<b>Steven Spielberg<\/b>\u00a0<img loading=\"lazy\" decoding=\"async\" class=\"alignleft\" src=\"https:\/\/phantom-marca.unidadeditorial.es\/bbd72a2a847b800b2c56c3b7037ed20e\/resize\/1320\/f\/jpg\/assets\/multimedia\/imagenes\/2021\/04\/26\/16194326907394.jpg\" alt=\"\" width=\"280\" height=\"140\" \/><\/span><span style=\"font-family: arial, helvetica, sans-serif\">(\u201cTibur\u00f3n\u201d, \u201cE.T. El extraterrestre\u201d, \u201cParque Jur\u00e1sico\u201d), con un guion inteligente de <b>Tony Kushner<\/b> y una nueva coreograf\u00eda de <b>Justin Peck. <\/b>La pel\u00edcula\u00a0\u00a0es una digna sucesora de la producci\u00f3n original, al tiempo que le da una sensibilidad propia del siglo XXI.<\/span><\/p>\n<p style=\"text-align: justify\"><span style=\"font-family: arial, helvetica, sans-serif\">Es una pel\u00edcula llena de energ\u00eda, ingenio, pasi\u00f3n y tragedia, que mira hacia atr\u00e1s y hacia adelante. Es una de las pel\u00edculas m\u00e1s emocionantes del a\u00f1o, nacida para ser disfrutada en todo el esplendor de la pantalla grande. <\/span><span style=\"font-family: arial, helvetica, sans-serif\">Por ello,\u00a0<\/span><span style=\"font-family: arial, helvetica, sans-serif\">se alz\u00f3 en la\u00a0edici\u00f3n n\u00famero 79\u00a0de los\u00a0<strong>Globos de Oro<\/strong> de este a\u00f1o con los premios al Mejor Musical o Comedia, Mejor Actriz en este mismo g\u00e9nero para <b>Rachel Zegler<\/b> y Mejor Actriz de Reparto para <b>Ariana DeBose<\/b>.<\/span><\/p>\n<p><img loading=\"lazy\" decoding=\"async\" class=\"alignleft\" src=\"https:\/\/e00-elmundo.uecdn.es\/assets\/multimedia\/imagenes\/2022\/03\/28\/16484309952795.jpg\" alt=\"\" width=\"280\" height=\"198\" \/><\/p>\n<p style=\"text-align: justify\"><span style=\"font-family: arial, helvetica, sans-serif\">En la 94 edici\u00f3n de los Oscar de este a\u00f1o la pel\u00edcula tuvo 7 nominaciones. Finalmente se llev\u00f3 el <b>Oscar<\/b> a la mejor actriz de reparto <b>Ariana DeBose<\/b>, por su magistral interpretaci\u00f3n de Anita.<\/span><\/p>\n<p style=\"text-align: justify\"><span style=\"font-family: arial, helvetica, sans-serif\">\u00a0<\/span><\/p>\n<p style=\"text-align: center\"><span style=\"font-family: arial, helvetica, sans-serif\"><span style=\"color: #ff0000\"><strong>La historia<\/strong><\/span><\/span><\/p>\n<p style=\"text-align: center\"><span style=\"color: #ff0000\"><strong><span style=\"font-family: arial, helvetica, sans-serif\"><img loading=\"lazy\" decoding=\"async\" class=\"\" src=\"https:\/\/m.media-amazon.com\/images\/I\/81q7XoBw7sL._SX522_.jpg\" alt=\"\" width=\"394\" height=\"240\" \/><br \/>\n<\/span><\/strong><\/span><\/p>\n<p style=\"text-align: justify\"><span style=\"font-family: arial, helvetica, sans-serif\">La historia sigue siendo la misma: 2 j\u00f3venes enamorados se encuentran atrapados en la disputa de 2 pandillas rivales,\u00a0<\/span><span style=\"font-family: arial, helvetica, sans-serif\">los Jets (neoyorquinos) y los Sharks <\/span><span style=\"font-family: arial, helvetica, sans-serif\">(<\/span><span style=\"font-family: arial, helvetica, sans-serif\">puertorrique\u00f1os), quienes luchan por el control de las calles.\u00a0 <img loading=\"lazy\" decoding=\"async\" class=\"alignleft\" src=\"https:\/\/i.guim.co.uk\/img\/media\/d57ba295d73e9b6f719daa09c4e1d56e3d1bcff1\/0_262_3504_2104\/500.jpg?quality=85&amp;auto=format&amp;fit=max&amp;s=8daebafe40031fe4cffc0a7c4b435749\" alt=\"\" width=\"248\" height=\"148\" \/>La tensi\u00f3n entre esos bandos aumenta cuando<b> <\/b>Tony (<b>Ansel Elgort<\/b>), fundador de los Jets y Mar\u00eda (<b>Rachel Zegler<\/b>), hermana de Bernardo (<b>David \u00c1lvarez<\/b>), l\u00edder de los Sharks, se enamoran profundamente. M\u00e1s all\u00e1 de la \u00e9poca, es una historia sobre c\u00f3mo el amor trasciende a la intolerancia y los prejuicios<img loading=\"lazy\" decoding=\"async\" class=\"alignright\" src=\"https:\/\/i.f1g.fr\/media\/cms\/178x178_crop\/2020\/03\/17\/98dba621e12a6f85f994ca361690f92d5c0de9b9dd7fe3c3e0186628748c97d8.jpeg\" alt=\"\" width=\"178\" height=\"178\" \/><\/span><\/p>\n<p style=\"text-align: justify\"><span style=\"font-family: arial, helvetica, sans-serif\">En la versi\u00f3n de 1961, aunque muchos de los personajes eran puertorrique\u00f1os, fueron interpretados principalmente por actores blancos. En esta nueva versi\u00f3n, <b>Spielberg<\/b> quiso asegurarse de que todos los miembros de la pandilla Sharks fueran latinos. <\/span><\/p>\n<p style=\"text-align: center\"><span style=\"font-family: arial, helvetica, sans-serif\"><span style=\"color: #ff0000\"><strong>Reparto<\/strong><\/span><\/span><\/p>\n<p style=\"text-align: center\"><span style=\"color: #ff0000\"><strong><span style=\"font-family: arial, helvetica, sans-serif\"><img loading=\"lazy\" decoding=\"async\" class=\"\" src=\"https:\/\/cineoculto.com\/wp-content\/uploads\/2019\/04\/WestSide-38-490x380.jpg\" alt=\"\" width=\"348\" height=\"269\" \/><\/span><\/strong><\/span><\/p>\n<p id=\"m271-270-272\" class=\"paragraph \" style=\"text-align: justify\"><span style=\"font-family: arial, helvetica, sans-serif\"><b><img loading=\"lazy\" decoding=\"async\" class=\"alignleft\" src=\"https:\/\/images.mediabiz.de\/s\/-\/newspics\/274\/461274_1\/b2780x1450.jpg\" alt=\"\" width=\"190\" height=\"200\" \/> Rachel Zegler<\/b>, de origen colombiano, debuta en el cine interpretando a la c\u00e1ndida Mar\u00eda <\/span><span style=\"font-family: arial, helvetica, sans-serif\">mientras que <b>Ansel Elgort <\/b>es el \u00a0delicado y arrepentido Tony.<\/span><\/p>\n<p class=\"paragraph \" style=\"text-align: justify\"><span style=\"font-family: arial, helvetica, sans-serif\"> <img loading=\"lazy\" decoding=\"async\" class=\"alignnone\" src=\"https:\/\/wipy.tv\/wp-content\/uploads\/2020\/06\/reemplazaran-a-ansel-elgrot-de-west-side-story-1200x900.jpg\" alt=\"\" width=\"211\" height=\"158\" \/> <\/span><\/p>\n<p class=\"paragraph \" style=\"text-align: justify\"><span style=\"font-family: arial, helvetica, sans-serif\">Entre el resto del reparto, brillan <img loading=\"lazy\" decoding=\"async\" class=\"alignleft\" src=\"https:\/\/i.pinimg.com\/564x\/6b\/08\/af\/6b08afdb9e068677cbaa8ca34528cf16.jpg\" alt=\"\" width=\"198\" height=\"245\" \/><b><\/b><\/span><span style=\"font-family: arial, helvetica, sans-serif\"><b>Ariana DeBose<\/b> como una Anita \u00a0llena de fuerza (afrolatina), que como ya dije anteriormente, ha sido doblemente premiada como mejor actriz de reparto (<b>Globo de Oro <\/b>y <b>\u00d3scar<\/b>) y\u00a0<b>David Alvarez<\/b> <img loading=\"lazy\" decoding=\"async\" class=\"alignright\" src=\"https:\/\/hips.hearstapps.com\/hmg-prod.s3.amazonaws.com\/images\/8-david-alvarez-1555499461.jpeg?crop=1xw:1xh;center,top&amp;resize=320:*\" alt=\"\" width=\"181\" height=\"206\" \/> metido en el personaje de un Bernardo desencantado con el \u00absue\u00f1o americano\u00bb<\/span>.<\/p>\n<div data-event-boundary=\"click\" data-event-click=\"{&quot;pattern&quot;:&quot;CNEInterludeEmbed&quot;}\" data-include-experiments=\"true\"><\/div>\n<div data-event-boundary=\"click\" data-event-click=\"{&quot;pattern&quot;:&quot;CNEInterludeEmbed&quot;}\" data-include-experiments=\"true\"><\/div>\n<div data-event-boundary=\"click\" data-event-click=\"{&quot;pattern&quot;:&quot;CNEInterludeEmbed&quot;}\" data-include-experiments=\"true\"><\/div>\n<div data-event-boundary=\"click\" data-event-click=\"{&quot;pattern&quot;:&quot;CNEInterludeEmbed&quot;}\" data-include-experiments=\"true\"><\/div>\n<div data-event-boundary=\"click\" data-event-click=\"{&quot;pattern&quot;:&quot;CNEInterludeEmbed&quot;}\" data-include-experiments=\"true\"><\/div>\n<div class=\"Container-imGeBO ftlPuP\" style=\"text-align: justify\" data-event-boundary=\"click\" data-event-click=\"{&quot;pattern&quot;:&quot;CNEInterludeEmbed&quot;}\" data-include-experiments=\"true\"><span style=\"font-family: arial, helvetica, sans-serif\"><strong><img loading=\"lazy\" decoding=\"async\" class=\"alignleft\" src=\"https:\/\/content.numetro.co.za\/image_resized_files\/5512-3-21-7-1619713221.jpg\" alt=\"\" width=\"203\" height=\"142\" \/><\/strong>La veterana actriz de 89 a\u00f1os <strong>Rita Moreno<\/strong>, <\/span><span style=\"font-family: arial, helvetica, sans-serif\">que ya estuvo en la pel\u00edcula original y consigui\u00f3 el Oscar a Mejor actriz secundaria (siendo la primera mujer latina en alcanzarlo de la historia) se ha reservado un peque\u00f1o papel en esta nueva versi\u00f3n, Valentina, la jefa de Tony.<strong>\u00a0<\/strong><\/span><\/div>\n<div data-event-boundary=\"click\" data-event-click=\"{&quot;pattern&quot;:&quot;CNEInterludeEmbed&quot;}\" data-include-experiments=\"true\"><\/div>\n<div style=\"text-align: center\" data-event-boundary=\"click\" data-event-click=\"{&quot;pattern&quot;:&quot;CNEInterludeEmbed&quot;}\" data-include-experiments=\"true\"><span style=\"color: #ff0000\"><strong><span style=\"font-family: arial, helvetica, sans-serif\">\u00a0<\/span><\/strong><\/span><\/div>\n<div data-event-boundary=\"click\" data-event-click=\"{&quot;pattern&quot;:&quot;CNEInterludeEmbed&quot;}\" data-include-experiments=\"true\"><\/div>\n<div data-event-boundary=\"click\" data-event-click=\"{&quot;pattern&quot;:&quot;CNEInterludeEmbed&quot;}\" data-include-experiments=\"true\"><\/div>\n<div data-event-boundary=\"click\" data-event-click=\"{&quot;pattern&quot;:&quot;CNEInterludeEmbed&quot;}\" data-include-experiments=\"true\"><span style=\"color: #ff0000\"><strong><span style=\"font-family: arial, helvetica, sans-serif\">\u00a0 \u00a0 \u00a0 \u00a0 \u00a0 \u00a0 \u00a0 \u00a0 \u00a0 \u00a0 \u00a0<\/span><\/strong><\/span><\/div>\n<div style=\"text-align: center\" data-event-boundary=\"click\" data-event-click=\"{&quot;pattern&quot;:&quot;CNEInterludeEmbed&quot;}\" data-include-experiments=\"true\"><span style=\"color: #ff0000\"><strong><span style=\"font-family: arial, helvetica, sans-serif\">Nueva York<\/span><\/strong><\/span><\/div>\n<div data-event-boundary=\"click\" data-event-click=\"{&quot;pattern&quot;:&quot;CNEInterludeEmbed&quot;}\" data-include-experiments=\"true\"><\/div>\n<p style=\"text-align: center\"><span style=\"color: #ff0000\"><strong><span style=\"font-family: arial, helvetica, sans-serif\"><img loading=\"lazy\" decoding=\"async\" class=\"alignnone\" src=\"https:\/\/newsweekespanol.com\/wp-content\/uploads\/2021\/01\/Veintiu%CC%81n-cosas_20.jpg\" alt=\"\" width=\"348\" height=\"232\" \/><\/span><\/strong><\/span><\/p>\n<p style=\"text-align: justify\"><span style=\"font-family: arial, helvetica, sans-serif\">Al igual que en la primera versi\u00f3n de este \u201cRomeo y Julieta\u201d moderno, <b>Spielberg\u00a0<\/b>ha inmortalizado la ciudad de Nueva York como un personaje m\u00e1s de la pel\u00edcula.<\/span><\/p>\n<p style=\"text-align: center\"><span style=\"font-family: arial, helvetica, sans-serif\"><span style=\"color: #ff0000\"><strong>Banda sonora y n\u00fameros musicales<\/strong><\/span><\/span><\/p>\n<p style=\"text-align: center\"><img loading=\"lazy\" decoding=\"async\" class=\"\" src=\"https:\/\/m.media-amazon.com\/images\/I\/51t-mqJ7zBL.jpg\" alt=\"\" width=\"300\" height=\"298\" \/><\/p>\n<p style=\"text-align: justify\"><span style=\"font-family: arial, helvetica, sans-serif\">Los arreglos de la banda sonora han sido realizados por <img loading=\"lazy\" decoding=\"async\" class=\"alignleft\" src=\"https:\/\/asturscore.com\/wp-content\/uploads\/2017\/06\/David-Newman.jpeg\" alt=\"\" width=\"188\" height=\"188\" \/><b>David Newman<\/b>,\u00a0autor de bandas sonoras de m\u00faltiples pel\u00edculas como<b>\u00a0<\/b>\u201c<b>Ice<\/b> <b>Age\u201d, \u201cAnastasia\u201d, \u201cGirls Trip\u201d, \u201cWar of the Roses\u201d <\/b>entre otras.<\/span><\/p>\n<p style=\"text-align: justify\"><span style=\"font-family: arial, helvetica, sans-serif\"> <img loading=\"lazy\" decoding=\"async\" class=\"alignnone\" src=\"https:\/\/www.codalario.com\/v_portal\/inc\/imagen.asp?f=AAAAAAAAAADUDAMEL89.jpg&amp;w=939&amp;c=0\" alt=\"\" width=\"268\" height=\"151\" \/> <\/span><\/p>\n<p style=\"text-align: justify\"><span style=\"font-family: arial, helvetica, sans-serif\">La grabaci\u00f3n de la m\u00fasica ha corrido a cargo de<strong> Gustavo Dudamel<\/strong>, prestigioso director de la orquesta Filarm\u00f3nica de Los \u00c1ngeles y ganador del premio <b>Grammy<\/b>.\u00a0<\/span><\/p>\n<p style=\"text-align: justify\"><span style=\"font-family: arial, helvetica, sans-serif\"><b><img loading=\"lazy\" decoding=\"async\" class=\"alignleft\" src=\"https:\/\/imaging.broadway.com\/images\/regular-43\/w735\/100592-13.jpg\" alt=\"\" width=\"194\" height=\"145\" \/><\/b><\/span><\/p>\n<p style=\"text-align: justify\"><span style=\"font-family: arial, helvetica, sans-serif\"><b>Justin Peck<\/b>, el ganador de un premio <b>Tony<\/b>, es qui\u00e9n ha coreografiado los n\u00fameros musicales de la pel\u00edcula, renovados y llenos de fuerza, que vamos ahora a disfrutar.\u00a0<\/span><\/p>\n<p><span style=\"font-family: arial, helvetica, sans-serif\">Ahora s\u00ed, toca disfrutar con los mejores n\u00fameros musicales de esta obra maestra!!!<\/span><\/p>\n<p style=\"text-align: justify\"><span style=\"color: #ff0000\"><strong><span style=\"font-family: arial, helvetica, sans-serif\"><img loading=\"lazy\" decoding=\"async\" class=\"alignleft\" src=\"https:\/\/www.covercity.net\/displaycover\/medium\/90be3ac45997af7385571ab987b739c6\" alt=\"\" width=\"150\" height=\"150\" \/>Pr\u00f3logo \u2013 Canci\u00f3n de los Jets.\u00a0<\/span><\/strong><\/span><span style=\"font-family: arial, helvetica, sans-serif\"><b>Spielberg<\/b> comienza a lo grande, con un plano secuencia que muestra la inmensidad de Nueva York y baja hasta ese barrio medio derruido. Ese territorio por el que luchan las dos bandas protagonistas, los <b>Jets<\/b> y los <b>Shark<\/b>. El director muestra su virtuosismo con la c\u00e1mara rodando los bailes, e introduce una aportaci\u00f3n espectacular, ese canto de \u201cLa Borinque\u00f1a\u201d (la canci\u00f3n puertorrique\u00f1a que se convirti\u00f3 en el himno nacional del pa\u00eds en 1952) que cantan en castellano los Shark tras el primer enfrentamiento. Pone los pelos de punta.<\/span><\/p>\n<p style=\"text-align: justify\">\n<!-- iframe plugin v.6.0 wordpress.org\/plugins\/iframe\/ -->\n<iframe loading=\"lazy\" width=\"560\" height=\"315\" src=\"https:\/\/www.youtube.com\/embed\/OTkAOgKejsc\" scrolling=\"yes\" class=\"iframe-class\" frameborder=\"0\"><\/iframe>\n<\/p>\n<p><strong><img loading=\"lazy\" decoding=\"async\" class=\"alignleft\" src=\"https:\/\/www.covercity.net\/displaycover\/medium\/90be3ac45997af7385571ab987b739c6\" alt=\"\" width=\"150\" height=\"150\" \/><\/strong><\/p>\n<p class=\"content__summary-title\" style=\"text-align: justify\"><span style=\"font-family: arial, helvetica, sans-serif;color: #ff0000\"><strong>Baile en el gimnasio.<\/strong>\u00a0<\/span><span style=\"font-weight: normal\"><span style=\"font-family: arial, helvetica, sans-serif\">Tony y Mar\u00eda se conocen en un baile en un gimnasio. Anita, en una actuaci\u00f3n din\u00e1mica y llena de fuerza, es el centro de atenci\u00f3n, arremolin\u00e1ndose en su falda y bailando al son de los ritmos latinos que impregnan la pel\u00edcula.\u00a0<\/span><span style=\"font-family: arial, helvetica, sans-serif\">Este duelo de baile en el gimnasio es vibrante, tiene energ\u00eda, color. <\/span><span style=\"font-family: arial, helvetica, sans-serif\">Pero pronto los ojos de Tony y Mar\u00eda se cruzan, y se encuentran bajo las gradas realizando un elegante y silencioso baile propio. Bernardo, furioso de que este chico blanco siquiera mire a su hermana, los obliga a separarse, pero para entonces su v\u00ednculo ya se ha afianzado. Magistral.<\/span><\/span><\/p>\n<h4 class=\"content__summary-title\" style=\"text-align: justify\"><span style=\"font-weight: normal\"><span style=\"font-family: arial, helvetica, sans-serif\">\n<!-- iframe plugin v.6.0 wordpress.org\/plugins\/iframe\/ -->\n<iframe loading=\"lazy\" width=\"560\" height=\"315\" src=\"https:\/\/www.youtube.com\/embed\/et0PQdSPTiM\" scrolling=\"yes\" class=\"iframe-class\" frameborder=\"0\"><\/iframe>\n<\/span><\/span><\/h4>\n<p style=\"text-align: justify\"><span style=\"color: #ff0000\"><strong><span style=\"font-family: arial, helvetica, sans-serif\"><img loading=\"lazy\" decoding=\"async\" class=\"alignleft\" src=\"https:\/\/www.covercity.net\/displaycover\/medium\/90be3ac45997af7385571ab987b739c6\" alt=\"\" width=\"150\" height=\"150\" \/>Canci\u00f3n \u201cMar\u00eda\u201d. <\/span><\/strong><\/span><span style=\"font-family: arial, helvetica, sans-serif\">\u00a0\u00c9sta es una de las canciones m\u00e1s emblem\u00e1ticas del musical. Tony camina por las calles nocturnas cantando \u00abMar\u00eda\u00bb. La voz de <b>Elgort<\/b>\u00a0(Tony) es clara y ligera, capturando la euforia de la m\u00fasica de <strong>Bernstein<\/strong>. <\/span><\/p>\n<p style=\"text-align: justify\"><span style=\"font-family: arial, helvetica, sans-serif\">\n<!-- iframe plugin v.6.0 wordpress.org\/plugins\/iframe\/ -->\n<iframe loading=\"lazy\" width=\"560\" height=\"315\" src=\"https:\/\/www.youtube.com\/embed\/6Hho1qq5jjQ\" scrolling=\"yes\" class=\"iframe-class\" frameborder=\"0\"><\/iframe>\n <\/span><\/p>\n<p class=\"content__summary-title\" style=\"text-align: justify\"><strong><img loading=\"lazy\" decoding=\"async\" class=\"alignleft\" src=\"https:\/\/www.covercity.net\/displaycover\/medium\/90be3ac45997af7385571ab987b739c6\" alt=\"\" width=\"150\" height=\"150\" \/><span style=\"color: #ff0000;font-family: arial, helvetica, sans-serif\">Canci\u00f3n \u201cTonight\u201d. <\/span><\/strong><span style=\"font-weight: normal\"><span style=\"font-family: arial, helvetica, sans-serif\">Tony encuentra a Mar\u00eda y sube por la escalera de incendios hasta su ventana, que da a un patio donde hay ropa tendida entre los edificios. Cantan el tema <\/span><span style=\"font-family: arial, helvetica, sans-serif\"><em>\u201cTonight\u201d<\/em>. Escena rom\u00e1ntica e inolvidable.\u00a0<\/span><\/span><\/p>\n\n<!-- iframe plugin v.6.0 wordpress.org\/plugins\/iframe\/ -->\n<iframe loading=\"lazy\" width=\"560\" height=\"315\" src=\"https:\/\/www.youtube.com\/embed\/snf7Pdn3Giw\" scrolling=\"yes\" class=\"iframe-class\" frameborder=\"0\"><\/iframe>\n\n<p class=\"content__summary-title\" style=\"text-align: justify\"><span style=\"font-size: 16px;font-family: arial, helvetica, sans-serif;color: #ff0000\"><b>Canci\u00f3n: \u201cAm\u00e9rica\u201d.<\/b><\/span><strong><img loading=\"lazy\" decoding=\"async\" class=\"alignleft\" src=\"https:\/\/www.covercity.net\/displaycover\/medium\/90be3ac45997af7385571ab987b739c6\" alt=\"\" width=\"150\" height=\"150\" \/><\/strong>\u00a0<span style=\"font-family: arial, helvetica, sans-serif\">Despu\u00e9s de los momentos rom\u00e1nticos, llega uno de los momentos con m\u00e1s adrenalina y m\u00e1s espectaculares de la pel\u00edcula, la deliciosa \u00abAm\u00e9rica\u00bb. La voz cantante la tiene la novia de Bernardo, Anita (<b>Ariana DeBose<\/b>). Espect\u00e1culo incre\u00edble de colores brillantes y una gran coreograf\u00eda de baile. M\u00e1gica.<\/span><\/p>\n<p style=\"text-align: justify\">\n<!-- iframe plugin v.6.0 wordpress.org\/plugins\/iframe\/ -->\n<iframe loading=\"lazy\" width=\"560\" height=\"315\" src=\"https:\/\/www.youtube.com\/embed\/hoQEddtFN3Q\" scrolling=\"yes\" class=\"iframe-class\" frameborder=\"0\"><\/iframe>\n<\/p>\n<p><strong><img loading=\"lazy\" decoding=\"async\" class=\"alignleft\" src=\"https:\/\/www.covercity.net\/displaycover\/medium\/90be3ac45997af7385571ab987b739c6\" alt=\"\" width=\"150\" height=\"150\" \/><\/strong><\/p>\n<p style=\"text-align: justify\"><span style=\"color: #ff0000\"><strong><span style=\"font-family: arial, helvetica, sans-serif\">Canci\u00f3n: \u201cI feel pretty\u201d.\u00a0<\/span><\/strong><\/span><span style=\"font-family: arial, helvetica, sans-serif\">Esta canci\u00f3n pone de manifiesto el talento de <\/span><strong><span style=\"font-family: arial, helvetica, sans-serif\">Zegler<\/span><\/strong><span style=\"font-family: arial, helvetica, sans-serif\"><strong>\u00a0<\/strong>(<\/span><span style=\"font-family: arial, helvetica, sans-serif\">Anita<\/span><span style=\"font-family: arial, helvetica, sans-serif\">), que mientras se pasea por el centro comercial donde trabaja, canta alegremente sobre los efectos que el amor ha tenido en ella. Insuperable.<\/span><\/p>\n<p style=\"text-align: justify\"><span style=\"font-family: arial, helvetica, sans-serif\">\n<!-- iframe plugin v.6.0 wordpress.org\/plugins\/iframe\/ -->\n<iframe loading=\"lazy\" width=\"560\" height=\"315\" src=\"https:\/\/www.youtube.com\/embed\/RxjpziYhM3o\" scrolling=\"yes\" class=\"iframe-class\" frameborder=\"0\"><\/iframe>\n<\/span><\/p>\n<p><img loading=\"lazy\" decoding=\"async\" class=\"alignleft\" src=\"https:\/\/www.covercity.net\/displaycover\/medium\/90be3ac45997af7385571ab987b739c6\" alt=\"\" width=\"150\" height=\"150\" \/><\/p>\n<p class=\"content__summary-title\" style=\"text-align: justify\"><strong><span style=\"font-family: arial, helvetica, sans-serif;color: #ff0000\">Canci\u00f3n: \u201cSomewhere\u201d.<\/span><\/strong><span style=\"font-family: arial, helvetica, sans-serif\"><span style=\"font-weight: normal\"> Unos de los momentos m\u00e1s elocuente y conmovedores viene de la mano de Valentina (<b>Rita Moreno<\/b>) que realiza una interpretaci\u00f3n impresionante de \u00abSomewhere\u00bb. Maravillosa.<\/span><\/span><span style=\"font-family: arial, helvetica, sans-serif\">\u00a0<\/span><\/p>\n<p style=\"text-align: justify\">\n<!-- iframe plugin v.6.0 wordpress.org\/plugins\/iframe\/ -->\n<iframe loading=\"lazy\" width=\"560\" height=\"315\" src=\"https:\/\/www.youtube.com\/embed\/oae6SW5bgeQ\" scrolling=\"yes\" class=\"iframe-class\" frameborder=\"0\"><\/iframe>\n<\/p>\n<p style=\"text-align: justify\"><span style=\"font-family: arial, helvetica, sans-serif\"><b>Spielberg<\/b> es lo suficientemente sabio como para saber que la primera \u201c<i class=\"bbc-h1y5j7 ewc4zcb0\">West Side Story\u201d\u00a0<\/i>fue \u00fanica, pero pese a ello, ha creado su propio milagro. \u201cSencillamente, hemos vuelto a rodar la pel\u00edcula para una nueva generaci\u00f3n\u00bb, ha declarado<\/span><span style=\"font-family: arial, helvetica, sans-serif\">. Y sin duda lo ha hecho, de manera brillante, gracias al talento del maestro <b>Spielberg<\/b>.<\/span><\/p>\n","protected":false},"excerpt":{"rendered":"<p>\u00a0 \u00a0 \u00a0 \u00a0 \u00a0 \u00a0 \u00a0 \u00a0 \u00a0 \u00a0 \u00a0 \u00a0 \u00a0 \u00a0 \u00a0 \u00a0 \u00a0 \u00a0 El musical y la pel\u00edcula del 61 \u00a0 \u00abWest Side Story\u201d (Amor sin barreras)\u00a0fue primero un musical de\u00a0Broadway estrenado en 1957 y luego, en 1961, se llev\u00f3 al cine bajo la direcci\u00f3n de\u00a0Robert Wise y Jerome Robbins [&hellip;]<\/p>\n","protected":false},"author":334,"featured_media":0,"comment_status":"open","ping_status":"closed","sticky":false,"template":"","format":"standard","meta":{"footnotes":""},"categories":[3,5],"tags":[],"class_list":["post-5232","post","type-post","status-publish","format-standard","hentry","category-comentamos-una-banda-sonora","category-grandes-musicales"],"_links":{"self":[{"href":"https:\/\/edublog.educastur.es\/unamusicadecine\/wp-json\/wp\/v2\/posts\/5232","targetHints":{"allow":["GET"]}}],"collection":[{"href":"https:\/\/edublog.educastur.es\/unamusicadecine\/wp-json\/wp\/v2\/posts"}],"about":[{"href":"https:\/\/edublog.educastur.es\/unamusicadecine\/wp-json\/wp\/v2\/types\/post"}],"author":[{"embeddable":true,"href":"https:\/\/edublog.educastur.es\/unamusicadecine\/wp-json\/wp\/v2\/users\/334"}],"replies":[{"embeddable":true,"href":"https:\/\/edublog.educastur.es\/unamusicadecine\/wp-json\/wp\/v2\/comments?post=5232"}],"version-history":[{"count":182,"href":"https:\/\/edublog.educastur.es\/unamusicadecine\/wp-json\/wp\/v2\/posts\/5232\/revisions"}],"predecessor-version":[{"id":8351,"href":"https:\/\/edublog.educastur.es\/unamusicadecine\/wp-json\/wp\/v2\/posts\/5232\/revisions\/8351"}],"wp:attachment":[{"href":"https:\/\/edublog.educastur.es\/unamusicadecine\/wp-json\/wp\/v2\/media?parent=5232"}],"wp:term":[{"taxonomy":"category","embeddable":true,"href":"https:\/\/edublog.educastur.es\/unamusicadecine\/wp-json\/wp\/v2\/categories?post=5232"},{"taxonomy":"post_tag","embeddable":true,"href":"https:\/\/edublog.educastur.es\/unamusicadecine\/wp-json\/wp\/v2\/tags?post=5232"}],"curies":[{"name":"wp","href":"https:\/\/api.w.org\/{rel}","templated":true}]}}