{"id":5457,"date":"2022-01-27T08:43:17","date_gmt":"2022-01-27T06:43:17","guid":{"rendered":"https:\/\/edublog.educastur.es\/unamusicadecine\/?p=5457"},"modified":"2024-02-18T19:39:54","modified_gmt":"2024-02-18T17:39:54","slug":"home-el-documental-de-la-tierra-a-los-sones-de-vivaldi","status":"publish","type":"post","link":"https:\/\/edublog.educastur.es\/unamusicadecine\/2022\/01\/27\/home-el-documental-de-la-tierra-a-los-sones-de-vivaldi\/","title":{"rendered":"Home, el documental de la Tierra a los sones de Vivaldi."},"content":{"rendered":"<p style=\"text-align: justify\"><img loading=\"lazy\" decoding=\"async\" class=\"alignleft\" src=\"https:\/\/www.udiscovermusic.com\/wp-content\/uploads\/2019\/05\/1000x600_vivaldi_opt-400x240.jpg\" alt=\"\" width=\"338\" height=\"203\" \/><span style=\"font-family: arial, helvetica, sans-serif\">Continuamos en 2\u00ba de la ESO el tema de <em>\u201cLa m\u00fasica en el Barroco\u201d<\/em>, una \u00e9poca de grandes compositores que han sido utilizados como fondo sonoro en innumerables pel\u00edculas. Pero este tema ya lo hemos tratado en otro post. <strong><a href=\"https:\/\/edublog.educastur.es\/unamusicadecine\/2020\/10\/03\/compositores-barrocos-en-el-cine\/\">Pincha aqu\u00ed <\/a><\/strong>para verlo.<\/span><\/p>\n<p style=\"text-align: justify\"><span style=\"font-family: arial, helvetica, sans-serif\">Hoy me voy a centrar en la presencia de un tema musical de <b>Vivaldi<\/b> que se utiliza como fondo sonoro de un maravilloso documental que os recomiendo sin dudar.<\/span><\/p>\n<ul>\n<li style=\"text-align: left\"><span style=\"font-family: arial, helvetica, sans-serif;color: #800000\"><b>Home, un documental imprescindible.<\/b><\/span><\/li>\n<\/ul>\n<p><span style=\"font-family: arial, helvetica, sans-serif;color: #800000\"><b><img loading=\"lazy\" decoding=\"async\" class=\"alignleft\" src=\"https:\/\/1.bp.blogspot.com\/-aQOWsAxCXXU\/WD7D6ki8MlI\/AAAAAAAAqu0\/4-dYw4avQtgO83SaAfRETNKvqwVEyF3XgCLcB\/s1600\/yann-arthus-bertrand-la-suisse-vue-du-ciel_5427197.jpg\" alt=\"\" width=\"237\" height=\"134\" \/><\/b><\/span><\/p>\n<p style=\"text-align: justify\"><span style=\"font-family: arial, helvetica, sans-serif;color: #800000\"><span style=\"text-align: justify;color: #333333\">El documentalista franc\u00e9s, fot\u00f3grafo y militante medioambiental <\/span><b><\/b><b style=\"text-align: justify;color: #333333\">Yann Arthus Bertrand<\/b>, <span style=\"text-align: justify;color: #333333\">estren\u00f3 el documental <\/span><\/span><strong><span style=\"font-family: arial, helvetica, sans-serif\">\u201dHome\u201d<\/span><\/strong><span style=\"font-family: arial, helvetica, sans-serif;color: #800000\"><span style=\"text-align: justify;color: #333333\"> (Hogar) el 5 de junio del 2009.<\/span><\/span><\/p>\n<p style=\"text-align: justify\"><span style=\"font-family: arial, helvetica, sans-serif\"><strong>\u201dHome\u00bb <\/strong>es uno de esos documentales que dejan huella en el espectador y se <\/span><span style=\"font-family: arial, helvetica, sans-serif\">convirti\u00f3 en un acontecimiento en todo el mundo. <img loading=\"lazy\" decoding=\"async\" class=\"alignright\" src=\"https:\/\/img.europapress.es\/fotoweb\/fotonoticia_20090605161804_1200.jpg\" alt=\"\" width=\"286\" height=\"190\" \/>El objetivo de dicho documental era llegar al mayor n\u00famero de p\u00fablico posible y mostrar unas impactantes im\u00e1genes a\u00e9reas que pon\u00edan de manifiesto la belleza de nuestro planeta, a la vez que alertaban sobre los da\u00f1os que el propio ser humano le estaba infligiendo (deforestaci\u00f3n, contaminaci\u00f3n de r\u00edos y oc\u00e9anos, sobreexplotaci\u00f3n de recursos\u2026) y que han desembocado en el \u00a0imparable cambio clim\u00e1tico.<\/span><\/p>\n<p style=\"text-align: justify\"><span style=\"font-family: arial, helvetica, sans-serif\">Producido por <b>Luc Besson<\/b>, <img loading=\"lazy\" decoding=\"async\" class=\"alignleft\" src=\"https:\/\/i.blogs.es\/a94c37\/luc_besson\/450_1000.jpg\" alt=\"\" width=\"154\" height=\"172\" \/>el documental se film\u00f3 en m\u00e1s de 54 pa\u00edses, a bordo de un helic\u00f3ptero y con una c\u00e1mara de alta definici\u00f3n. <\/span><\/p>\n<p style=\"text-align: justify\"><span style=\"font-family: arial, helvetica, sans-serif\"><img loading=\"lazy\" decoding=\"async\" class=\"alignright\" src=\"https:\/\/s1.eestatic.com\/2020\/09\/14\/cultura\/juan_echanove-estrenos_de_teatro-cultura_520708874_159922964_1706x960.jpg\" alt=\"\" width=\"208\" height=\"117\" \/>El actor espa\u00f1ol <b>Juan Echanove<\/b> le puso la voz narrativa.<\/span><\/p>\n<p style=\"text-align: justify\"><span style=\"font-family: arial, helvetica, sans-serif\">Llev\u00f3 casi dos a\u00f1os rodar este largometraje, donde desfilan ante nuestros ojos espectaculares im\u00e1genes rodadas desde un globo aerost\u00e1tico, veh\u00edculo que eligi\u00f3 el fot\u00f3grafo porque vuela con una lentitud que le permite acercarse mejor a los paisajes, y las reflexiones que \u00e9stas evocan en \u00e9l. <img loading=\"lazy\" decoding=\"async\" class=\" wp-image-8359 alignleft\" src=\"http:\/\/edublog.educastur.es\/unamusicadecine\/files\/2022\/01\/19915FFA-4468-4379-BC08-448F2FCEB4FE-1-300x300.png\" alt=\"\" width=\"157\" height=\"157\" srcset=\"https:\/\/edublog.educastur.es\/unamusicadecine\/files\/2022\/01\/19915FFA-4468-4379-BC08-448F2FCEB4FE-1-300x300.png 300w, https:\/\/edublog.educastur.es\/unamusicadecine\/files\/2022\/01\/19915FFA-4468-4379-BC08-448F2FCEB4FE-1-150x150.png 150w, https:\/\/edublog.educastur.es\/unamusicadecine\/files\/2022\/01\/19915FFA-4468-4379-BC08-448F2FCEB4FE-1-85x85.png 85w, https:\/\/edublog.educastur.es\/unamusicadecine\/files\/2022\/01\/19915FFA-4468-4379-BC08-448F2FCEB4FE-1.png 398w\" sizes=\"auto, (max-width: 157px) 100vw, 157px\" \/><\/span><\/p>\n<p style=\"text-align: justify\"><span style=\"font-family: arial, helvetica, sans-serif\">Pero \u201cHome\u201d no es s\u00f3lo un documental comprometido, <img loading=\"lazy\" decoding=\"async\" class=\" wp-image-8166 alignright\" src=\"http:\/\/edublog.educastur.es\/unamusicadecine\/files\/2023\/12\/23866D30-C136-475E-8158-46A0073A2E6B-300x300.png\" alt=\"\" width=\"181\" height=\"181\" srcset=\"https:\/\/edublog.educastur.es\/unamusicadecine\/files\/2023\/12\/23866D30-C136-475E-8158-46A0073A2E6B-300x300.png 300w, https:\/\/edublog.educastur.es\/unamusicadecine\/files\/2023\/12\/23866D30-C136-475E-8158-46A0073A2E6B-150x150.png 150w, https:\/\/edublog.educastur.es\/unamusicadecine\/files\/2023\/12\/23866D30-C136-475E-8158-46A0073A2E6B-85x85.png 85w, https:\/\/edublog.educastur.es\/unamusicadecine\/files\/2023\/12\/23866D30-C136-475E-8158-46A0073A2E6B.png 398w\" sizes=\"auto, (max-width: 181px) 100vw, 181px\" \/>cada plano nos corta el aliento y nos muestra la Tierra, nuestra Tierra, como nunca la hab\u00edamos visto. Cada imagen parece decirnos: \u00abMirad qu\u00e9 hermosa es la Tierra, mirad c\u00f3mo la estamos destruyendo pero, sobre todo, mirad todas estas maravillas que a\u00fan nos quedan por proteger\u00bb.<\/span><\/p>\n<p style=\"text-align: justify\">\n<!-- iframe plugin v.6.0 wordpress.org\/plugins\/iframe\/ -->\n<iframe loading=\"lazy\" width=\"560\" height=\"315\" src=\"https:\/\/www.youtube.com\/embed\/zoE6Ru3eSyk?si=gZYmNLSJeW9alJ9D\" title=\"YouTube video player\" scrolling=\"yes\" class=\"iframe-class\" frameborder=\"0\"><\/iframe>\n<\/p>\n<ul>\n<li style=\"text-align: justify\"><strong style=\"color: #800000;font-family: arial, helvetica, sans-serif\">Banda sonora.\u00a0<img loading=\"lazy\" decoding=\"async\" class=\"alignright\" src=\"https:\/\/i.discogs.com\/q_a9y_4aYNanw9vjdxybeSo98082WC8ZL2CP-rrJUC0\/rs:fit\/g:sm\/q:90\/h:600\/w:600\/czM6Ly9kaXNjb2dz\/LWRhdGFiYXNlLWlt\/YWdlcy9SLTE4MTk1\/NzgtMTU2NDU3NjI4\/OC00OTIxLmpwZWc.jpeg\" alt=\"\" width=\"200\" height=\"200\" \/><\/strong><\/li>\n<\/ul>\n<p style=\"text-align: justify\"><span style=\"font-family: arial, helvetica, sans-serif\">La banda sonora completa este magn\u00edfico espect\u00e1culo visual y lo engrandece.<\/span><\/p>\n<p style=\"text-align: justify\"><span style=\"font-family: arial, helvetica, sans-serif\"><img loading=\"lazy\" decoding=\"async\" class=\"alignleft\" src=\"https:\/\/img.discogs.com\/mEjM1ylSAnzEJihqNRcSa10ueG4=\/fit-in\/300x300\/filters:strip_icc():format(jpeg):mode_rgb():quality(40)\/discogs-images\/A-519079-1359676598-2652.jpeg.jpg\" alt=\"\" width=\"150\" height=\"150\" \/> El compositor franc\u00e9s<b> Armand Amar<\/b> es quien la firma y se apoya en el excelente trabajo de la <strong>Symphonie Orchestra de Budapest<\/strong> y del <strong>Shanghai Percussion Ensemble<\/strong>, adem\u00e1s de haber contado con la colaboraci\u00f3n de m\u00fasicos africanos, mongoles o armenios.<\/span><\/p>\n<p style=\"text-align: justify\"><span style=\"font-family: arial, helvetica, sans-serif\">\n<!-- iframe plugin v.6.0 wordpress.org\/plugins\/iframe\/ -->\n<iframe loading=\"lazy\" width=\"560\" height=\"315\" src=\"https:\/\/www.youtube.com\/embed\/Cvz4sdAvGoM\" 0=\"title=&quot;\" scrolling=\"yes\" class=\"iframe-class\" frameborder=\"0\"><\/iframe>\n<\/span><\/p>\n<ul>\n<li style=\"text-align: justify\"><strong><span style=\"font-family: arial, helvetica, sans-serif;color: #800000\">El broche final: \u201cCum dederit\u201d de Vivaldi. <img loading=\"lazy\" decoding=\"async\" class=\"alignright\" src=\"https:\/\/i.ebayimg.com\/images\/g\/SJ8AAOSw4GVYQa9b\/s-l400.jpg\" alt=\"\" width=\"168\" height=\"230\" \/><\/span><\/strong><\/li>\n<\/ul>\n<p style=\"text-align: justify\"><span style=\"font-family: arial, helvetica, sans-serif\">El compositor barroco <strong>Antonio Vivaldi<\/strong> se hizo popular sobre todo por sus numerosos y variados conciertos, pero su m\u00fasica sacra, aunque no goz\u00f3 de la misma popularidad, contiene obras muy estimables.\u00a0<\/span><\/p>\n<p style=\"text-align: justify\"><span style=\"font-family: arial, helvetica, sans-serif\">El \u201c<b>Cum dederit\u201d<\/b> de <b>Vivaldi<\/b> pertenece al cuarto movimiento del motete \u201c<b>Nisi Dominus\u201d<\/b>, y es uno de los momentos m\u00e1s emotivos del mismo.<img loading=\"lazy\" decoding=\"async\" class=\"alignleft\" src=\"https:\/\/lyricstranslate.com\/files\/styles\/artist\/public\/250px-Antonio_Vivaldi.jpg\" alt=\"\" width=\"195\" height=\"244\" \/><\/span><\/p>\n<p style=\"text-align: justify\"><span style=\"font-family: arial, helvetica, sans-serif\">El \u00ab<strong>Nisi Dominus\u00bb<\/strong> (Salmo 126) en Sol Menor, RV 608, compuesto (para contralto, viola de amor, cuerdas y bajo continuo) alrededor de 1717 para la Ospedale della Piet\u00e0 de Venecia, es una siciliana (un tipo de danza) muy lenta que constituye un aut\u00e9ntico regalo para los sentidos con un momento de gran belleza. <\/span><\/p>\n<p style=\"text-align: justify\"><span style=\"font-family: arial, helvetica, sans-serif\">Es una de las arias m\u00e1s espectaculares e hipn\u00f3ticas compuestas por \u201cil prete rosso\u201d veneciano<\/span>.<\/p>\n<p style=\"text-align: justify\"><span style=\"font-family: arial, helvetica, sans-serif\">Como broche final, el documental nos regala esta sobrecogedora versi\u00f3n del \u00ab<em>Cum dederit\u00bb <\/em>de <strong>Vivaldi<\/strong> que encaja perfectamente y empapa las im\u00e1genes con una gran tensi\u00f3n emocional.<\/span><\/p>\n<p style=\"text-align: justify\"><span style=\"font-family: arial, helvetica, sans-serif\"><img loading=\"lazy\" decoding=\"async\" class=\"alignleft\" src=\"https:\/\/2.bp.blogspot.com\/-jy_3dfhJMlg\/WVHa0PUWW2I\/AAAAAAAAE7M\/c4zzoaFd5EsA90CqoMF9NHa6qhDaIykVACLcBGAs\/s1600\/sandrine%2Bpiau.jpg\" alt=\"\" width=\"194\" height=\"216\" \/>La interpreta la soprano <strong>Sandrine Piau<\/strong>,\u00a0cantante y arpista francesa nacida el 5 de junio de 1965, especialista en el repertorio barroco.<\/span><\/p>\n<p style=\"text-align: justify\"><span style=\"font-family: arial, helvetica, sans-serif\">Esperemos que esta belleza de planeta no desaparezca por nuestra irresponsabilidad&#8230; y se mantenga igual que la inmortal m\u00fasica del maestro <strong>Vivaldi<\/strong>.<\/span><\/p>\n<p style=\"text-align: justify\"><span style=\"font-family: arial, helvetica, sans-serif\">\n<!-- iframe plugin v.6.0 wordpress.org\/plugins\/iframe\/ -->\n<iframe loading=\"lazy\" width=\"560\" height=\"315\" src=\"https:\/\/www.youtube.com\/embed\/Iy9_JS2VhjY\" 0=\"title=&quot;\" scrolling=\"yes\" class=\"iframe-class\" frameborder=\"0\"><\/iframe>\n<\/span><\/p>\n<p style=\"text-align: center\"><span style=\"font-family: arial, helvetica, sans-serif;color: #0000ff\"><strong>\u00a0 \u00a0 \u00a0 \u00a0 \u00a0ACTIVIDAD <img loading=\"lazy\" decoding=\"async\" class=\"alignnone wp-image-8224\" src=\"http:\/\/edublog.educastur.es\/unamusicadecine\/files\/2023\/12\/D4ADBE8B-56BF-4B9F-AF53-59B44CB25317.png\" alt=\"\" width=\"123\" height=\"123\" srcset=\"https:\/\/edublog.educastur.es\/unamusicadecine\/files\/2023\/12\/D4ADBE8B-56BF-4B9F-AF53-59B44CB25317.png 398w, https:\/\/edublog.educastur.es\/unamusicadecine\/files\/2023\/12\/D4ADBE8B-56BF-4B9F-AF53-59B44CB25317-300x300.png 300w, https:\/\/edublog.educastur.es\/unamusicadecine\/files\/2023\/12\/D4ADBE8B-56BF-4B9F-AF53-59B44CB25317-150x150.png 150w, https:\/\/edublog.educastur.es\/unamusicadecine\/files\/2023\/12\/D4ADBE8B-56BF-4B9F-AF53-59B44CB25317-85x85.png 85w\" sizes=\"auto, (max-width: 123px) 100vw, 123px\" \/><\/strong><\/span><\/p>\n<ol>\n<li><strong><span style=\"font-family: arial, helvetica, sans-serif\">\u00bfPor qu\u00e9 se habla de Vivaldi en este post? \u00bfCon qu\u00e9 nombre se le conoc\u00eda?<\/span><\/strong><\/li>\n<li style=\"text-align: justify\"><strong><span style=\"font-family: arial, helvetica, sans-serif\">\u00bfQui\u00e9n es el director del documental del post y qu\u00e9 finalidad tiene?<\/span><\/strong><\/li>\n<li><strong><span style=\"font-family: arial, helvetica, sans-serif\">\u00bfCu\u00e1nto tiempo llev\u00f3 el rodaje del documental? \u00bfQui\u00e9n le pone voz en espa\u00f1ol?<\/span><\/strong><\/li>\n<li style=\"text-align: justify\"><span style=\"font-family: arial, helvetica, sans-serif\"><strong>\u00bfQui\u00e9n es el autor de la banda sonora? Realiza una breve biograf\u00eda. Pincha en el enlace <a href=\"https:\/\/www.mundobso.com\/compositor\/amar-armand\">MundoBSO &#8211; Amar, Armand<\/a><\/strong><\/span><\/li>\n<li style=\"text-align: justify\"><strong><span style=\"font-family: arial, helvetica, sans-serif\">\u00bfCu\u00e1l es la obra de Vivaldi que se escucha en el documental? \u00bfEn qu\u00e9 a\u00f1o la cre\u00f3? \u00bfA qu\u00e9 obra pertenece este aria?<\/span><\/strong><\/li>\n<li style=\"text-align: justify\"><strong><span style=\"font-family: arial, helvetica, sans-serif\">Visiona la secuencia en la que se escucha la obra de Vivaldi y describe los sentimientos que te transmite.<\/span><\/strong><\/li>\n<li style=\"text-align: justify\"><strong><span style=\"font-family: arial, helvetica, sans-serif\">\u00bfQu\u00e9 soprano interpreta la obra? Realiza una breve biograf\u00eda. Pincha en el enlace <a href=\"https:\/\/www.wikiwand.com\/es\/Sandrine_Piau\">Sandrine Piau &#8211; Wikiwand<\/a><\/span><\/strong><\/li>\n<li style=\"text-align: justify\"><span style=\"font-family: arial, helvetica, sans-serif\"><strong>\u00bfCrees que es necesario realizar un documental de este tipo? \u00bfPor qu\u00e9?<\/strong><\/span><\/li>\n<li><strong><span style=\"font-family: arial, helvetica, sans-serif\">Contesta a esta pregunta en el blog \u00bfQu\u00e9 te ha aportado este post?\u00a0<\/span><\/strong><\/li>\n<\/ol>\n","protected":false},"excerpt":{"rendered":"<p>Continuamos en 2\u00ba de la ESO el tema de \u201cLa m\u00fasica en el Barroco\u201d, una \u00e9poca de grandes compositores que han sido utilizados como fondo sonoro en innumerables pel\u00edculas. Pero este tema ya lo hemos tratado en otro post. Pincha aqu\u00ed para verlo. Hoy me voy a centrar en la presencia de un tema musical [&hellip;]<\/p>\n","protected":false},"author":334,"featured_media":0,"comment_status":"open","ping_status":"closed","sticky":false,"template":"","format":"standard","meta":{"footnotes":""},"categories":[9,13],"tags":[],"class_list":["post-5457","post","type-post","status-publish","format-standard","hentry","category-musica-prestada-al-cine","category-rockeros-poperos-musicos-en-el-cine"],"_links":{"self":[{"href":"https:\/\/edublog.educastur.es\/unamusicadecine\/wp-json\/wp\/v2\/posts\/5457","targetHints":{"allow":["GET"]}}],"collection":[{"href":"https:\/\/edublog.educastur.es\/unamusicadecine\/wp-json\/wp\/v2\/posts"}],"about":[{"href":"https:\/\/edublog.educastur.es\/unamusicadecine\/wp-json\/wp\/v2\/types\/post"}],"author":[{"embeddable":true,"href":"https:\/\/edublog.educastur.es\/unamusicadecine\/wp-json\/wp\/v2\/users\/334"}],"replies":[{"embeddable":true,"href":"https:\/\/edublog.educastur.es\/unamusicadecine\/wp-json\/wp\/v2\/comments?post=5457"}],"version-history":[{"count":92,"href":"https:\/\/edublog.educastur.es\/unamusicadecine\/wp-json\/wp\/v2\/posts\/5457\/revisions"}],"predecessor-version":[{"id":8523,"href":"https:\/\/edublog.educastur.es\/unamusicadecine\/wp-json\/wp\/v2\/posts\/5457\/revisions\/8523"}],"wp:attachment":[{"href":"https:\/\/edublog.educastur.es\/unamusicadecine\/wp-json\/wp\/v2\/media?parent=5457"}],"wp:term":[{"taxonomy":"category","embeddable":true,"href":"https:\/\/edublog.educastur.es\/unamusicadecine\/wp-json\/wp\/v2\/categories?post=5457"},{"taxonomy":"post_tag","embeddable":true,"href":"https:\/\/edublog.educastur.es\/unamusicadecine\/wp-json\/wp\/v2\/tags?post=5457"}],"curies":[{"name":"wp","href":"https:\/\/api.w.org\/{rel}","templated":true}]}}