{"id":5534,"date":"2022-01-11T11:11:33","date_gmt":"2022-01-11T09:11:33","guid":{"rendered":"https:\/\/edublog.educastur.es\/unamusicadecine\/?p=5534"},"modified":"2023-11-13T20:01:46","modified_gmt":"2023-11-13T18:01:46","slug":"sing-2-y-otros-momentazos-a-ritmo-de-u2","status":"publish","type":"post","link":"https:\/\/edublog.educastur.es\/unamusicadecine\/2022\/01\/11\/sing-2-y-otros-momentazos-a-ritmo-de-u2\/","title":{"rendered":"SING 2 y otros momentazos a ritmo de U2."},"content":{"rendered":"<p style=\"text-align: justify\"><img loading=\"lazy\" decoding=\"async\" class=\"alignnone size-thumbnail\" src=\"https:\/\/fandomwire.com\/wp-content\/uploads\/2020\/02\/Bono-Sing-2-1.jpg\" width=\"1024\" height=\"576\" \/><\/p>\n<p style=\"text-align: justify\"><span style=\"font-family: arial, helvetica, sans-serif\">El pasado 22 de diciembre se estren\u00f3 \u00ab<strong>\u00a1Canta 2!\u00bb<\/strong>, la secuela de la pel\u00edcula de animaci\u00f3n de\u00a0<strong>Illumination Entertainment<\/strong>\u00a0que dirige de nuevo\u00a0<strong>Garth Jennings.<\/strong><\/span><\/p>\n<p style=\"text-align: justify\"><span style=\"font-family: arial, helvetica, sans-serif\"><strong> <img loading=\"lazy\" decoding=\"async\" class=\"alignleft\" src=\"https:\/\/static1.colliderimages.com\/wordpress\/wp-content\/uploads\/2021\/12\/sing-2-interview-garth-jennings-social.jpg\" alt=\"\" width=\"218\" height=\"109\" \/><\/strong><\/span><\/p>\n<p style=\"text-align: justify\"><span style=\"font-family: arial, helvetica, sans-serif\"><img loading=\"lazy\" decoding=\"async\" class=\"alignright\" src=\"https:\/\/www.rionegro.com.ar\/wp-content\/uploads\/2021\/06\/maxresdefault-2-2.jpg\" alt=\"\" width=\"276\" height=\"156\" \/>En esta ocasi\u00f3n, el koala, <i>Buster Moon<\/i>, y su elenco de estrellas se preparan para lanzar sobre el escenario su actuaci\u00f3n m\u00e1s extravagante y deslumbrante hasta la fecha.<img loading=\"lazy\" decoding=\"async\" class=\"alignleft\" src=\"https:\/\/th.bing.com\/th\/id\/OIP.KSZnL7xa7UCJpCUG3CJ1EAHaFG?pid=ImgDet&amp;rs=1\" alt=\"\" width=\"277\" height=\"166\" \/><\/span><\/p>\n<p style=\"text-align: justify\"><span style=\"font-family: arial, helvetica, sans-serif\">Solo hay un peque\u00f1o inconveniente: primero tienen que persuadir para unirse a ellos a la estrella de rock m\u00e1s solitario y hura\u00f1o del mundo, <em>Clay Calloway, a<\/em>l que pone voz el legendario icono de la m\u00fasica, <strong>Bono<\/strong> (l\u00edder y vocalista de <strong>U2<\/strong>) quien hace su debut cinematogr\u00e1fico dentro del cine de animaci\u00f3n.<\/span><\/p>\n<p style=\"text-align: justify\"><span style=\"font-family: arial, helvetica, sans-serif\"><img loading=\"lazy\" decoding=\"async\" class=\"alignleft\" src=\"https:\/\/www.mostoles.es\/mostoles\/cm\/images?locale=en_UK&amp;idMmedia=649259\" alt=\"\" width=\"205\" height=\"304\" \/>Al igual que la anterior cinta, (<strong><a href=\"https:\/\/edublog.educastur.es\/unamusicadecine\/2021\/01\/12\/sing-un-musical-con-mucha-marcha-actividad-1ode-eso\/\">pincha aqu\u00ed<\/a> <\/strong>si quieres saber m\u00e1s cosas sobre ella<strong>) <\/strong>\u00ab<strong>\u00a1Canta 2!\u00bb <\/strong>es una pel\u00edcula completamente musical que ofrece una incre\u00edble \u00a0banda sonora plagada de grandes estrellas de la m\u00fasica. <\/span><\/p>\n<p style=\"text-align: justify\"><span style=\"font-family: arial, helvetica, sans-serif\">Entre esas estrellas brilla con luz propia la m\u00edtica bandas de rock alternativo\u00a0<strong>U2<\/strong>.<img loading=\"lazy\" decoding=\"async\" class=\"alignright\" src=\"https:\/\/perucatolico.com\/wp-content\/uploads\/2018\/05\/u2perucatolico-1000x600.jpg\" alt=\"\" width=\"300\" height=\"180\" \/><\/span><\/p>\n<p style=\"text-align: justify\"><span style=\"font-family: arial, helvetica, sans-serif\"> El cuarteto irland\u00e9s, integrado por <strong>Larry Mullen<\/strong> <strong>Jr<\/strong>, <strong>The Edge<\/strong>, <strong>Adam Clayton<\/strong>, y <strong>Bono <\/strong>(l\u00edder y vocalista) se form\u00f3 en 1976 y siguen dando \u00abguerra\u00bb en la actualidad. Sus se\u00f1as de\u00a0 identidad son un sonido grandioso, una fusi\u00f3n de la guitarra minimalista empapada de reverberaci\u00f3n de <strong>Edge<\/strong> y la voz cuasi oper\u00edstica de <strong>Bono<\/strong>.<\/span><\/p>\n<p style=\"text-align: justify\"><span style=\"font-family: arial, helvetica, sans-serif\">La banda sonora de esta pel\u00edcula musical hace las delicias de peque\u00f1os y mayores e incluye covers de temas cl\u00e1sicos originales de grandes artistas de la m\u00fasica. En esta ocasi\u00f3n vamos a disfrutar con los temas de <strong>Bono<\/strong> y su banda que aparecen en la cinta.<\/span><\/p>\n<p><img loading=\"lazy\" decoding=\"async\" class=\"aligncenter\" src=\"https:\/\/images-wixmp-ed30a86b8c4ca887773594c2.wixmp.com\/f\/5184688c-9799-4374-8ddc-1496327d9858\/detztpg-9827dc5c-755c-4f05-ae06-707dd116c4ce.jpg\/v1\/fill\/w_1280,h_812,q_75,strp\/sing_2_the_soundtrack_cover_by_aliciamartin851_detztpg-fullview.jpg?token=eyJ0eXAiOiJKV1QiLCJhbGciOiJIUzI1NiJ9.eyJzdWIiOiJ1cm46YXBwOjdlMGQxODg5ODIyNjQzNzNhNWYwZDQxNWVhMGQyNmUwIiwiaXNzIjoidXJuOmFwcDo3ZTBkMTg4OTgyMjY0MzczYTVmMGQ0MTVlYTBkMjZlMCIsIm9iaiI6W1t7ImhlaWdodCI6Ijw9ODEyIiwicGF0aCI6IlwvZlwvNTE4NDY4OGMtOTc5OS00Mzc0LThkZGMtMTQ5NjMyN2Q5ODU4XC9kZXR6dHBnLTk4MjdkYzVjLTc1NWMtNGYwNS1hZTA2LTcwN2RkMTE2YzRjZS5qcGciLCJ3aWR0aCI6Ijw9MTI4MCJ9XV0sImF1ZCI6WyJ1cm46c2VydmljZTppbWFnZS5vcGVyYXRpb25zIl19.K7l_LdZ45nEISVq50wp0hXfV2cLw7fyyu9AjK3REDOA\" alt=\"\" width=\"250\" height=\"159\" \/><\/p>\n<p><span style=\"font-family: arial, helvetica, sans-serif\"><em><strong><img loading=\"lazy\" decoding=\"async\" class=\"alignleft\" src=\"https:\/\/garajedelrock.com\/wp-content\/uploads\/2021\/11\/scarlett-johansson-bono-u2-sing-2-1024x555.jpg\" alt=\"\" width=\"282\" height=\"152\" \/><\/strong><\/em><strong><span style=\"color: #ff0000\"> Canci\u00f3n: <\/span><\/strong><em><span style=\"color: #ff0000\"><strong>\u00ab<\/strong><strong>I Still Haven\u2019t Found What I\u2019m Looking For<span style=\"font-family: arial, helvetica, sans-serif\">\u201d.<\/span><\/strong><\/span><\/em><\/span><\/p>\n<p style=\"text-align: justify\"><span style=\"font-family: arial, helvetica, sans-serif\"><strong>Bono <\/strong>y sus muchachos dieron vida a este tema en aquel disco de 1987, <em>\u201cThe Joshua Tree\u201d, <\/em>que sigue sonando tan potente como entonces, todo un himno. En esta ocasi\u00f3n en la pel\u00edcula hacen un cover del tema Ash (<\/span><span style=\"font-family: arial, helvetica, sans-serif\"><strong>Scarlett Johansson)<\/strong> y Clay Calloway (<strong>Bono<\/strong>)<strong>.<\/strong><\/span><\/p>\n<p class=\"title style-scope ytd-video-primary-info-renderer\">\n<!-- iframe plugin v.6.0 wordpress.org\/plugins\/iframe\/ -->\n<iframe loading=\"lazy\" width=\"560\" height=\"315\" src=\"https:\/\/www.youtube.com\/embed\/lSfcfFEfYaU\" scrolling=\"yes\" class=\"iframe-class\" frameborder=\"0\"><\/iframe>\n<\/p>\n<p><img loading=\"lazy\" decoding=\"async\" class=\"alignleft\" src=\"https:\/\/i.ytimg.com\/vi\/e3-5YC_oHjE\/maxresdefault.jpg\" alt=\"\" width=\"283\" height=\"160\" \/><span style=\"font-family: arial, helvetica, sans-serif\"><strong><span style=\"color: #ff0000\">Canci\u00f3n: <\/span><\/strong><em><span style=\"color: #ff0000\"><strong>\u00ab<\/strong><strong>I Still Haven\u2019t Found What I\u2019m Looking For\u201d.\u00a0<\/strong><\/span><\/em><\/span><\/p>\n<p><span style=\"font-family: arial, helvetica, sans-serif\">Este es la canci\u00f3n original interpretada por la banda. Sobran las palabras. <\/span><\/p>\n<p><span style=\"font-family: arial, helvetica, sans-serif\">\n<!-- iframe plugin v.6.0 wordpress.org\/plugins\/iframe\/ -->\n<iframe loading=\"lazy\" width=\"560\" height=\"315\" src=\"https:\/\/www.youtube.com\/embed\/e3-5YC_oHjE\" scrolling=\"yes\" class=\"iframe-class\" frameborder=\"0\"><\/iframe>\n\u00a0<\/span><\/p>\n<p class=\"title style-scope ytd-video-primary-info-renderer\"><strong><span style=\"font-family: arial, helvetica, sans-serif\"><img loading=\"lazy\" decoding=\"async\" class=\"alignleft\" src=\"https:\/\/i.ytimg.com\/vi\/7KuGie4eWgQ\/maxresdefault.jpg\" alt=\"\" width=\"282\" height=\"159\" \/><span style=\"color: #ff0000\"> Canci\u00f3n: <em>\u00abYour Song Saved My Life\u201d.<\/em><\/span><\/span><\/strong><\/p>\n<p class=\"title style-scope ytd-video-primary-info-renderer\" style=\"text-align: justify\"><span style=\"font-family: arial, helvetica, sans-serif\">Desde 2019 la banda no sacaba un tema nuevo, y en esta ocasi\u00f3n, lo ha hecho en forma de balada, que se incluye en la banda sonora de la pel\u00edcula. El m\u00fasico lanza un mensaje sobre el poder cat\u00e1rtico de la m\u00fasica, sobre su capacidad de cambiar la vida de las personas que la escuchan. De nuevo<strong> Bono<\/strong> y su banda se marcan un temazo. \u00bfPr\u00f3ximo \u00d3scar? &#8230;<\/span><\/p>\n<p class=\"title style-scope ytd-video-primary-info-renderer\">\n<!-- iframe plugin v.6.0 wordpress.org\/plugins\/iframe\/ -->\n<iframe loading=\"lazy\" width=\"560\" height=\"315\" src=\"https:\/\/www.youtube.com\/embed\/7KuGie4eWgQ\" title=\"YouTube video player\" scrolling=\"yes\" class=\"iframe-class\" frameborder=\"0\"><\/iframe>\n<\/p>\n<p><span style=\"font-family: arial, helvetica, sans-serif;color: #ff0000\"><strong><span id=\"Ariana_Grande_8211_Break_free\"><img loading=\"lazy\" decoding=\"async\" class=\"alignleft\" src=\"https:\/\/i.pinimg.com\/originals\/98\/39\/1d\/98391df699ea62a9b75fe007a8a2d1bf.jpg\" alt=\"\" width=\"200\" height=\"181\" \/>Canci\u00f3n: <\/span><\/strong><em><strong><span id=\"Ariana_Grande_8211_Break_free\">\u201cStuck in a Moment You Can\u2019t Get Out Of\u201d.<\/span><\/strong><\/em><\/span><\/p>\n<p style=\"text-align: justify\"><span style=\"font-family: arial, helvetica, sans-serif\">Este es otro enorme \u00abbalad\u00f3n\u00bb de <strong>Bono<\/strong>,\u00a0perteneciente a su d\u00e9cimo\u00a0\u00e1lbum de estudio \u00ab<i>All That You Can&#8217;t Leave Behind\u00bb <\/i>(2000). En la pel\u00edcula repiten de nuevo Ash (<strong>Scarlett Johansson)<\/strong> y Clay Calloway (<strong>Bono<\/strong>) marc\u00e1ndose otro estupendo dueto.\u00a0<\/span><\/p>\n<p><span style=\"font-family: arial, helvetica, sans-serif;color: #ff0000\"><strong><span id=\"Ariana_Grande_8211_Break_free\">\n<!-- iframe plugin v.6.0 wordpress.org\/plugins\/iframe\/ -->\n<iframe loading=\"lazy\" width=\"560\" height=\"315\" src=\"https:\/\/www.youtube.com\/embed\/hGrKM5RsaCg?si=Lv68wRMHXAJp5hab\" scrolling=\"yes\" class=\"iframe-class\" frameborder=\"0\"><\/iframe>\n<\/span><\/strong><\/span><\/p>\n<p style=\"text-align: justify\"><span style=\"font-family: arial, helvetica, sans-serif;color: #ff0000\"><strong><span id=\"Ariana_Grande_8211_Break_free\"><img loading=\"lazy\" decoding=\"async\" class=\"alignleft\" src=\"https:\/\/img.discogs.com\/u3KyNaXRJqKQczMOeoDGJm_p2tc=\/fit-in\/545x543\/filters:strip_icc():format(webp):mode_rgb():quality(90)\/discogs-images\/R-1391129-1433420966-2287.jpeg.jpg\" alt=\"\" width=\"201\" height=\"200\" \/>Canci\u00f3n: <\/span><\/strong><em><strong><span id=\"Ariana_Grande_8211_Break_free\">\u201cStuck in a Moment You Can\u2019t Get Out Of\u201d.<\/span><\/strong><\/em><\/span><\/p>\n<p><span style=\"font-family: arial, helvetica, sans-serif\"><span id=\"Ariana_Grande_8211_Break_free\"><span style=\"font-family: arial, helvetica, sans-serif\">Este es la canci\u00f3n original interpretada por la banda. Geniales como siempre.<\/span><\/span><\/span><\/p>\n<p>&nbsp;<\/p>\n<p><span style=\"font-family: arial, helvetica, sans-serif;color: #ff0000\"><em><strong><span id=\"Ariana_Grande_8211_Break_free\">\n<!-- iframe plugin v.6.0 wordpress.org\/plugins\/iframe\/ -->\n<iframe loading=\"lazy\" width=\"560\" height=\"315\" src=\"https:\/\/www.youtube.com\/embed\/R-BT2yzXP8w\" scrolling=\"yes\" class=\"iframe-class\" frameborder=\"0\"><\/iframe>\n<\/span><\/strong><\/em><\/span><\/p>\n<p style=\"text-align: justify\"><span style=\"font-family: arial, helvetica, sans-serif\">Vamos a hacer ahora un repaso por otras pel\u00edculas que se han engrandecido gracias a la m\u00fasica de <strong>U2<\/strong> y de su carism\u00e1tico l\u00edder.<\/span><\/p>\n<p><img loading=\"lazy\" decoding=\"async\" class=\"aligncenter\" src=\"https:\/\/u2chile.net\/web\/wp-content\/uploads\/2021\/06\/Web.png\" alt=\"\" width=\"444\" height=\"250\" \/><\/p>\n<p><span style=\"font-family: arial, helvetica, sans-serif\"><strong><span style=\"font-family: arial, helvetica, sans-serif;color: #ff0000\"><img loading=\"lazy\" decoding=\"async\" class=\"alignleft\" src=\"https:\/\/www.u2place.it\/u2news\/wp-content\/uploads\/2018\/11\/u2holdmethrillmekissmekillme.jpg\" alt=\"\" width=\"200\" height=\"200\" \/><\/span><\/strong><\/span><\/p>\n<p class=\"title style-scope ytd-video-primary-info-renderer\" style=\"text-align: justify\"><span style=\"font-family: arial, helvetica, sans-serif\"><strong><span style=\"font-family: arial, helvetica, sans-serif;color: #ff0000\">Pel\u00edcula: \u00abBatman Forever\u00bb (Joel Schumacher, 1995). Canci\u00f3n: \u00ab<em>Me, Thrill Me, Kiss Me, Kill Me\u00bb<\/em>. Int\u00e9rpretes: U2.\u00a0<\/span><\/strong><\/span><\/p>\n<p style=\"text-align: justify\" data-adtags-visited=\"true\"><span style=\"font-family: arial, helvetica, sans-serif\">La banda sonora obtuvo el premio <em>Brit\u00a0<\/em>a la mejor Banda Sonora, los premios anuales a la <em>Industria Fonogr\u00e1fica Brit\u00e1nica<\/em>. Buena m\u00fasica para nuestro murci\u00e9lago favorito.<\/span><\/p>\n<p class=\"title style-scope ytd-video-primary-info-renderer\"><span style=\"font-family: arial, helvetica, sans-serif\">\n<!-- iframe plugin v.6.0 wordpress.org\/plugins\/iframe\/ -->\n<iframe loading=\"lazy\" width=\"560\" height=\"315\" src=\"https:\/\/www.youtube.com\/embed\/OOHD1SHWW9A\" scrolling=\"yes\" class=\"iframe-class\" frameborder=\"0\"><\/iframe>\n<\/span><\/p>\n<p style=\"text-align: justify\"><strong><span style=\"font-family: arial, helvetica, sans-serif;color: #ff0000\"><img loading=\"lazy\" decoding=\"async\" class=\"alignleft\" src=\"https:\/\/img.discogs.com\/oeK8rO7KFtZgQKr1nCCSDkRD6eU=\/fit-in\/600x817\/filters:strip_icc():format(jpeg):mode_rgb():quality(90)\/discogs-images\/R-9802722-1486556250-9287.jpeg.jpg\" alt=\"\" width=\"200\" height=\"272\" \/>Pel\u00edcula: \u00abGangs of New York\u00bb (Martin Scorsese, 2002). Canci\u00f3n: \u00ab<em>The Hands That Build America\u00bb<\/em>. Int\u00e9rpretes: U2.<\/span><\/strong><\/p>\n<p style=\"text-align: justify\"><span style=\"font-family: arial, helvetica, sans-serif\">Este tema compuesto por la banda para la pel\u00edcula de <strong>Scorsese<\/strong> hablaba del primer Nueva York, en el que la inmigraci\u00f3n irlandesa tuvo mucha importancia. La implicaci\u00f3n del grupo fue total y se llev\u00f3 el <em>Globo de Oro<\/em> a la mejor canci\u00f3n, tambi\u00e9n estuvieron nominados al \u00d3scar.\u00a0<img loading=\"lazy\" decoding=\"async\" class=\"\" src=\"https:\/\/img.europapress.es\/fotoweb\/fotonoticia_20140113103000_1200.jpg\" alt=\"\" width=\"228\" height=\"153\" \/><\/span><\/p>\n\n<!-- iframe plugin v.6.0 wordpress.org\/plugins\/iframe\/ -->\n<iframe loading=\"lazy\" width=\"560\" height=\"315\" src=\"https:\/\/www.youtube.com\/embed\/UxCAvK2wIEo\" scrolling=\"yes\" class=\"iframe-class\" frameborder=\"0\"><\/iframe>\n\n<p style=\"text-align: justify\"><strong><span style=\"font-family: arial, helvetica, sans-serif;color: #ff0000\"><img loading=\"lazy\" decoding=\"async\" class=\"alignleft\" src=\"https:\/\/lastfm.freetls.fastly.net\/i\/u\/300x300\/d90fb76aeb254b02cb1b64b9cb2d50b8.jpg\" alt=\"\" width=\"200\" height=\"200\" \/>Pel\u00edcula<\/span><span style=\"font-family: arial, helvetica, sans-serif;color: #ff0000\">: \u00abBrothers\u00bb<\/span><span style=\"font-family: arial, helvetica, sans-serif;color: #ff0000\">\u00a0<\/span><\/strong><strong><span style=\"font-family: arial, helvetica, sans-serif;color: #ff0000\">(Jim Sheridan, 2009). Canci\u00f3n: <em>\u00abWinter\u00bb<\/em>. Int\u00e9rpretes: U2.<\/span><\/strong><\/p>\n<p style=\"text-align: justify\"><span style=\"font-family: arial, helvetica, sans-serif\">Esta canci\u00f3n, a diferencia de muchas otras del repertorio de <strong>U2,<\/strong> tiene dos versiones. La \u00aboriginal\u00bb y una nueva versi\u00f3n que form\u00f3 parte de esta pel\u00edcula protagonizada por <strong>Tobey Maguire<\/strong>. Fue su sexta nominaci\u00f3n a los <em>Globos de Oro<\/em> a la mejor canci\u00f3n original.<\/span><\/p>\n\n<!-- iframe plugin v.6.0 wordpress.org\/plugins\/iframe\/ -->\n<iframe loading=\"lazy\" width=\"560\" height=\"315\" src=\"https:\/\/www.youtube.com\/embed\/9I8dq6nTPzI\" scrolling=\"yes\" class=\"iframe-class\" frameborder=\"0\"><\/iframe>\n\n<p style=\"text-align: justify\"><strong><span style=\"font-family: arial, helvetica, sans-serif;color: #ff0000\"><img loading=\"lazy\" decoding=\"async\" class=\"alignleft\" src=\"https:\/\/i.scdn.co\/image\/ab67616d0000b273861ecde4278dfcf9ff48c561\" alt=\"\" width=\"240\" height=\"240\" \/>Pel\u00edcula<\/span><span style=\"font-family: arial, helvetica, sans-serif;color: #ff0000\">: \u00ab<\/span><span style=\"font-family: arial, helvetica, sans-serif;color: #ff0000\">Mandela. Del mito al hombre\u00bb <\/span><\/strong><strong><span style=\"font-family: arial, helvetica, sans-serif;color: #ff0000\">(Justin Chadwick, 2013). Canci\u00f3n: <em>\u00abOrdinary Love\u00bb<\/em>. Int\u00e9rpretes: U2.<\/span><\/strong><\/p>\n<p style=\"text-align: justify\"><span style=\"font-family: arial, helvetica, sans-serif\">Este biopic que narra la extraordinaria vida del l\u00edder sudafricano <strong>Nelson Mandela<\/strong>, contaba con este estupendo tema de <strong>U2<\/strong>. La banda irlandesa tuvo una buena relaci\u00f3n con <strong>Mandela<\/strong> e incluso desarrollaron varios conciertos en <strong>Sud\u00e1frica<\/strong>.<\/span><\/p>\n<p style=\"text-align: justify\"><span style=\"font-family: arial, helvetica, sans-serif\">Con este tema,\u00a0<strong>U2<\/strong> gan\u00f3 su segundo <strong>Globo de Oro<\/strong> y le supuso su segunda nominaci\u00f3n al <strong>Oscar.<img loading=\"lazy\" decoding=\"async\" class=\"alignnone\" src=\"https:\/\/img.europapress.es\/fotoweb\/fotonoticia_20140116150646_420.jpg\" alt=\"\" width=\"228\" height=\"153\" \/><\/strong><\/span><\/p>\n<p style=\"text-align: justify\"><span style=\"font-family: arial, helvetica, sans-serif\"><em>\u00abEsto es algo realmente personal para nosotros. <strong>Mandela<\/strong> sacudi\u00f3 toda nuestra vida. Fue un hombre que descart\u00f3 odiar, no porque no tuviera rabia, sino porque pens\u00f3 que amar resultar\u00eda m\u00e1s eficiente\u00bb, <\/em>dijo el vocalista de <strong>U2<\/strong>, <strong>Bono<\/strong>.<\/span><\/p>\n\n<!-- iframe plugin v.6.0 wordpress.org\/plugins\/iframe\/ -->\n<iframe loading=\"lazy\" width=\"560\" height=\"315\" src=\"https:\/\/www.youtube.com\/embed\/XC3ahd6Di3M\" scrolling=\"yes\" class=\"iframe-class\" frameborder=\"0\"><\/iframe>\n\n<p style=\"text-align: center\"><span style=\"font-family: arial, helvetica, sans-serif;color: #0000ff\"><strong>ACTIVIDADES <img loading=\"lazy\" decoding=\"async\" class=\"alignnone size-thumbnail wp-image-4192\" src=\"http:\/\/edublog.educastur.es\/unamusicadecine\/files\/2021\/09\/avatar-150x150.jpeg\" alt=\"\" width=\"150\" height=\"150\" \/><\/strong><\/span><\/p>\n<ol>\n<li><span style=\"font-family: arial, helvetica, sans-serif\"><strong>\u00bfQui\u00e9n es el director de la pel\u00edcula \u00abSing 2\u00bb? \u00bfCu\u00e1ndo se estren\u00f3?\u00a0<\/strong><\/span><\/li>\n<li><span style=\"font-family: arial, helvetica, sans-serif\"><strong>\u00bfCu\u00e1l es la historia que cuenta la pel\u00edcula?<\/strong><\/span><\/li>\n<li style=\"text-align: justify\"><span style=\"font-family: arial, helvetica, sans-serif\"><strong>\u00bfQu\u00e9 famosa banda de rock colabora en la banda sonora de la pel\u00edcula? \u00bfQui\u00e9n es el miembro de la banda que tiene un papel en la pel\u00edcula y a qu\u00e9 personaje pone su voz? Realiza una breve biograf\u00eda del grupo. (biografiasyvidas.com).<\/strong><\/span><\/li>\n<li style=\"text-align: justify\"><span style=\"font-family: arial, helvetica, sans-serif\"><strong>Escucha los tres temas musicales de la banda que aparecen en la pel\u00edcula. Describe las emociones y sentimientos que te transmite cada una de ellas. Elige el tema que m\u00e1s te haya gustado.<\/strong><\/span><\/li>\n<li style=\"text-align: justify\"><span style=\"font-family: arial, helvetica, sans-serif\"><strong>La banda ha ganado dos Globos de Oro a la Mejor Canci\u00f3n, \u00bfCu\u00e1les son esas canciones y en qu\u00e9 pel\u00edculas aparecen?<\/strong><\/span><\/li>\n<li><span style=\"font-family: arial, helvetica, sans-serif\"><strong>\u00bfQu\u00e9 canci\u00f3n de la banda aparece en la pel\u00edcula <em>\u00abBatman Forever\u00bb<\/em>?<\/strong><\/span><\/li>\n<li style=\"text-align: justify\"><span style=\"font-family: arial, helvetica, sans-serif\"><strong>Pincha en el enlace de \u00abSing!\u00bb y escucha los seis n\u00fameros musicales que aparecen en el post. \u00bfCu\u00e1l te ha gustado m\u00e1s?. Describe los sentimientos que te ha transmitido el tema musical.<\/strong><\/span><\/li>\n<li><strong><span style=\"font-family: arial, helvetica, sans-serif\">\u00bfQu\u00e9 te ha aportado este post?<\/span><\/strong><\/li>\n<\/ol>\n","protected":false},"excerpt":{"rendered":"<p>El pasado 22 de diciembre se estren\u00f3 \u00ab\u00a1Canta 2!\u00bb, la secuela de la pel\u00edcula de animaci\u00f3n de\u00a0Illumination Entertainment\u00a0que dirige de nuevo\u00a0Garth Jennings. En esta ocasi\u00f3n, el koala, Buster Moon, y su elenco de estrellas se preparan para lanzar sobre el escenario su actuaci\u00f3n m\u00e1s extravagante y deslumbrante hasta la fecha. Solo hay un peque\u00f1o inconveniente: [&hellip;]<\/p>\n","protected":false},"author":334,"featured_media":0,"comment_status":"open","ping_status":"closed","sticky":false,"template":"","format":"standard","meta":{"footnotes":""},"categories":[3,5,8,9,13],"tags":[],"class_list":["post-5534","post","type-post","status-publish","format-standard","hentry","category-comentamos-una-banda-sonora","category-grandes-musicales","category-la-musica-en-el-cine-de-animacion","category-musica-prestada-al-cine","category-rockeros-poperos-musicos-en-el-cine"],"_links":{"self":[{"href":"https:\/\/edublog.educastur.es\/unamusicadecine\/wp-json\/wp\/v2\/posts\/5534","targetHints":{"allow":["GET"]}}],"collection":[{"href":"https:\/\/edublog.educastur.es\/unamusicadecine\/wp-json\/wp\/v2\/posts"}],"about":[{"href":"https:\/\/edublog.educastur.es\/unamusicadecine\/wp-json\/wp\/v2\/types\/post"}],"author":[{"embeddable":true,"href":"https:\/\/edublog.educastur.es\/unamusicadecine\/wp-json\/wp\/v2\/users\/334"}],"replies":[{"embeddable":true,"href":"https:\/\/edublog.educastur.es\/unamusicadecine\/wp-json\/wp\/v2\/comments?post=5534"}],"version-history":[{"count":169,"href":"https:\/\/edublog.educastur.es\/unamusicadecine\/wp-json\/wp\/v2\/posts\/5534\/revisions"}],"predecessor-version":[{"id":8062,"href":"https:\/\/edublog.educastur.es\/unamusicadecine\/wp-json\/wp\/v2\/posts\/5534\/revisions\/8062"}],"wp:attachment":[{"href":"https:\/\/edublog.educastur.es\/unamusicadecine\/wp-json\/wp\/v2\/media?parent=5534"}],"wp:term":[{"taxonomy":"category","embeddable":true,"href":"https:\/\/edublog.educastur.es\/unamusicadecine\/wp-json\/wp\/v2\/categories?post=5534"},{"taxonomy":"post_tag","embeddable":true,"href":"https:\/\/edublog.educastur.es\/unamusicadecine\/wp-json\/wp\/v2\/tags?post=5534"}],"curies":[{"name":"wp","href":"https:\/\/api.w.org\/{rel}","templated":true}]}}