{"id":564,"date":"2020-09-26T21:52:40","date_gmt":"2020-09-26T19:52:40","guid":{"rendered":"https:\/\/edublog.educastur.es\/unamusicadecine\/?p=564"},"modified":"2022-11-17T12:12:02","modified_gmt":"2022-11-17T10:12:02","slug":"trolls-una-banda-sonora-llena-de-color","status":"publish","type":"post","link":"https:\/\/edublog.educastur.es\/unamusicadecine\/2020\/09\/26\/trolls-una-banda-sonora-llena-de-color\/","title":{"rendered":"TROLLS. Una banda sonora llena de color."},"content":{"rendered":"<p style=\"text-align: justify\" align=\"justify\"><span style=\"font-family: arial, helvetica, sans-serif\"><img loading=\"lazy\" decoding=\"async\" class=\"\" src=\"https:\/\/www.dvdplanetstore.pk\/wp-content\/uploads\/2018\/03\/EPPL71182.gif\" width=\"370\" height=\"449\" \/> <\/span><\/p>\n<p style=\"text-align: justify\" align=\"justify\"><span style=\"font-family: arial, helvetica, sans-serif\"><em><strong>Trolls<\/strong><\/em>\u00a0(2016) es una comedia musical de animaci\u00f3n<strong>\u00a0<\/strong>de los estudios<strong>\u00a0Dreamworks<\/strong>\u00a0llena de ritmo y diversi\u00f3n que habla de la b\u00fasqueda de la felicidad y de lo lejos que llegan algunos para conseguirla.<\/span><\/p>\n<p style=\"text-align: justify\" align=\"justify\"><span style=\"font-family: arial, helvetica, sans-serif\">La pel\u00edcula transporta a los espectadores al colorido y maravilloso mundo de los excesivamente optimistas Trolls,<\/span><\/p>\n<p style=\"text-align: justify\" align=\"justify\"><span style=\"font-family: arial, helvetica, sans-serif\"><em><strong><img loading=\"lazy\" decoding=\"async\" src=\"https:\/\/i.pinimg.com\/originals\/76\/a2\/c5\/76a2c5de8d2940ab472e0b61132031c0.gif\" width=\"190\" height=\"120\" \/><\/strong><\/em>\u00a0unos personajes que est\u00e1n siempre bailando y cantando, y de los c\u00f3micamente pesimistas Bergens,<\/span><\/p>\n<p style=\"text-align: justify\" align=\"justify\"><span style=\"font-family: arial, helvetica, sans-serif\"><img loading=\"lazy\" decoding=\"async\" src=\"http:\/\/comosellama.net\/wp-content\/uploads\/2016\/10\/Personajes-de-trolls-todos-los-nombres.jpg\" width=\"200\" height=\"100\" \/>\u00a0que s\u00f3lo son felices cuando tienen un Troll en el est\u00f3mago. Cuando los Bergens invaden el Poblado Troll, Poppy (<strong>Anna Kendrick<\/strong>),<\/span><\/p>\n<p style=\"text-align: justify\" align=\"justify\"><span style=\"font-family: arial, helvetica, sans-serif\"><img loading=\"lazy\" decoding=\"async\" src=\"https:\/\/fineartstheatreplace.com\/fatp\/wp-content\/uploads\/2016\/11\/Trolls-2-1-1024x341.jpg\" width=\"220\" height=\"120\" border=\"1\" \/>\u00a0la Troll m\u00e1s feliz jam\u00e1s vista, y el extremadamente cauto y gru\u00f1\u00f3n Branch (<strong>Justin Timberlake<\/strong>) inician un viaje apasionante para rescatar a sus amigos.<\/span><\/p>\n<p style=\"text-align: justify\" align=\"justify\"><span style=\"font-family: arial, helvetica, sans-serif\"><strong><img loading=\"lazy\" decoding=\"async\" src=\"https:\/\/1.bp.blogspot.com\/-J2n8xSssuw4\/WCeJB-CBC9I\/AAAAAAAARSY\/EiKUsuRilDAZiH1YuIi7mVPfXgnhLgq7ACLcB\/s200\/trolls.jpg\" width=\"150\" height=\"150\" \/>\u00a0Trolls<\/strong>\u00a0es por encima de todo un musical. La pel\u00edcula incluye versiones de cl\u00e1sicos del\u00a0<em>pop<\/em>\u00a0y el\u00a0<em>rock\u00a0<\/em>desde los 80 hasta nuestros d\u00edas, imbuidos de ese sonido\u00a0<em>dance<\/em>\u00a0y\u00a0<em>electropop<\/em>\u00a0que domina las listas de \u00e9xitos, e interpretados por\u00a0<strong>Justin Timberlake<\/strong>\u00a0y\u00a0<strong>Anna Kendrick<\/strong>,\u00a0<img loading=\"lazy\" decoding=\"async\" src=\"https:\/\/townsquare.media\/site\/252\/files\/2016\/01\/justin-anna.jpg?w=980&amp;q=75\" width=\"200\" height=\"130\" \/>\u00a0que se encuentran como pez en el agua durante toda la pel\u00edcula acompa\u00f1ados de un reparto de voces que incluye a\u00a0<img loading=\"lazy\" decoding=\"async\" src=\"https:\/\/thatgrapejuice.net\/wp-content\/uploads\/2016\/08\/thatgrapejuice-ariana-gwen-trolls-justin-timberlake-600x540.jpg\" width=\"200\" height=\"130\" \/><strong>\u00a0Gwen Stefani,\u00a0<\/strong>o\u00a0<strong>Ariana Grande<\/strong>.<\/span><\/p>\n<p style=\"text-align: justify\"><span style=\"font-family: arial, helvetica, sans-serif\"><strong><img loading=\"lazy\" decoding=\"async\" src=\"https:\/\/www.deceroadoce.es\/wp-content\/uploads\/2020\/03\/trolls2-cartel.jpg\" width=\"150\" height=\"250\" \/>\u00a0\u201cTrolls 2: Gira mundial\u201d<\/strong>\u00a0ha cancelado su estreno en el cine (por el coronavirus) pero se ha estrenado en formato digital. El 23 de octubre ser\u00e1 la fecha prevista para su estreno en Espa\u00f1a.<\/span><\/p>\n<p style=\"text-align: justify\"><span style=\"font-family: arial, helvetica, sans-serif\"><img loading=\"lazy\" decoding=\"async\" src=\"https:\/\/i.postimg.cc\/8kHm4x1q\/53813ec7135c9b612db2e2f64c1eaae3-5.gif\" width=\"150\" height=\"150\" align=\"middle\" \/>\u00a0Ahora vamos a disfrutar con sus n\u00fameros musicales!!!<\/span><\/p>\n<p style=\"text-align: justify\"><span style=\"font-family: arial, helvetica, sans-serif\"><img loading=\"lazy\" decoding=\"async\" src=\"https:\/\/2.bp.blogspot.com\/-rkvrnMx3vxg\/VztFlC250JI\/AAAAAAAAfPo\/DJcuqE-eeWcPWe3ePoOyljdypxD8VoUoQCLcB\/s1600\/imagens%2B%25284%2529.png\" width=\"200\" height=\"130\" \/>\u00a0<strong><span style=\"color: #0000ff\">Canci\u00f3n:\u00a0<em>\u201cHair Up\u201d<\/em><\/span><\/strong>.\u00a0<strong>Justin Timberlake<\/strong>\u00a0y\u00a0<strong>Gwen Stefani<\/strong>\u00a0interpretan esta versi\u00f3n<strong>\u00a0<\/strong>moderna de la obra del m\u00fasico rom\u00e1ntico noruego\u00a0<strong>Edvar Grieg\u00a0<\/strong><img loading=\"lazy\" decoding=\"async\" src=\"https:\/\/1.bp.blogspot.com\/-8mz429Fn4Ik\/WlR97JVDjgI\/AAAAAAAAEhI\/1MS7IxnBYkkWWiKEpXwXWyuPssSa-8JbgCLcBGAs\/s1600\/standard_edvard-grieg.jpg\" width=\"150\" height=\"150\" \/>llamada\u00a0<em>\u201cEn la gruta del Rey de la Monta\u00f1a\u201d<\/em>, que forma parte de la suite\u00a0<em>\u201cPeer Gynt\u201d.\u00a0<\/em>\u00bfQui\u00e9n dijo que la m\u00fasica cl\u00e1sica no puede ser divertida?.<\/span><\/p>\n\n<!-- iframe plugin v.6.0 wordpress.org\/plugins\/iframe\/ -->\n<iframe loading=\"lazy\" width=\"560\" height=\"315\" src=\"https:\/\/www.youtube.com\/embed\/yNzwTiC7Z5I\" scrolling=\"yes\" class=\"iframe-class\" frameborder=\"0\"><\/iframe>\n\n<p align=\"justify\"><strong><span style=\"color: #0000ff\"><img loading=\"lazy\" decoding=\"async\" src=\"https:\/\/live.staticflickr.com\/7706\/26256982863_c25de3eb6d_b.jpg\" width=\"150\" height=\"150\" \/><span style=\"font-family: arial, helvetica, sans-serif\">\u00a0Canci\u00f3n:\u00a0<\/span><\/span><\/strong><span style=\"font-family: arial, helvetica, sans-serif\"><em><strong><span style=\"color: #0000ff\">\u201cCan\u2019t Stop the Feeling!\u201d<\/span><\/strong>.\u00a0<\/em>Este temazo, que es el tema principal de la pel\u00edcula, invita al buen rollo y al baile, y adem\u00e1s le supuso una nominaci\u00f3n al \u00d3scar a Mejor Canci\u00f3n a\u00a0<strong>Justin Timberlake\u00a0<\/strong>en 2017.<\/span><\/p>\n<p align=\"justify\"><span style=\"font-family: arial, helvetica, sans-serif\">\n<!-- iframe plugin v.6.0 wordpress.org\/plugins\/iframe\/ -->\n<iframe loading=\"lazy\" width=\"560\" height=\"315\" src=\"https:\/\/www.youtube.com\/embed\/oWgTqLCLE8k\" scrolling=\"yes\" class=\"iframe-class\" frameborder=\"0\"><\/iframe>\n <\/span><\/p>\n<p align=\"justify\"><span style=\"font-family: arial, helvetica, sans-serif\"><span style=\"color: #0000ff\"><strong> <img loading=\"lazy\" decoding=\"async\" class=\"\" src=\"https:\/\/i1.wp.com\/www.qiibo.com\/wp-content\/uploads\/2016\/01\/Anna-Kendrick-Trolls.png?fit=611%2C700&amp;ssl=1\" width=\"223\" height=\"256\" \/>: <\/strong><\/span><em><span style=\"color: #0000ff\"><strong>\u201cSound of Silence\u201d<\/strong><\/span>.\u00a0<\/em>La cantante y actriz\u00a0<strong>Anna Kendrick\u00a0<\/strong>interpreta esta versi\u00f3n de la popular canci\u00f3n creada por el d\u00fao estadounidense de la d\u00e9cada de los 60<strong>\u00a0Simon &amp; Garfunkel<\/strong>.<img loading=\"lazy\" decoding=\"async\" src=\"https:\/\/nicolasramospintado.files.wordpress.com\/2015\/12\/the-sounds-of-silence-los-sonidos-del-silencio-simon-garfunkel-1965.jpeg\" width=\"150\" height=\"150\" \/><\/span><\/p>\n<p align=\"justify\"><span style=\"font-family: arial, helvetica, sans-serif\">\n<!-- iframe plugin v.6.0 wordpress.org\/plugins\/iframe\/ -->\n<iframe loading=\"lazy\" width=\"560\" height=\"315\" src=\"https:\/\/www.youtube.com\/embed\/4OFUiYMU9DM\" scrolling=\"yes\" class=\"iframe-class\" frameborder=\"0\"><\/iframe>\n\u00a0<\/span><\/p>\n<p align=\"justify\"><img loading=\"lazy\" decoding=\"async\" src=\"https:\/\/i.ytimg.com\/vi\/etpIlTaEePQ\/maxresdefault.jpg\" width=\"150\" height=\"150\" \/><strong>\u00a0<span style=\"color: #0000ff\">Canci\u00f3n:\u00a0<em>\u201cThey Don\u2019t Know<\/em>\u201c<\/span><\/strong>.<span style=\"font-family: arial, helvetica, sans-serif\">\u00a0La cantante y actriz estadounidense\u00a0<strong>Ariana Grande\u00a0<\/strong>interpreta este tema lleno de ritmo y fuerza.<\/span><\/p>\n<p align=\"justify\">\n<!-- iframe plugin v.6.0 wordpress.org\/plugins\/iframe\/ -->\n<iframe loading=\"lazy\" width=\"560\" height=\"315\" src=\"https:\/\/www.youtube.com\/embed\/aaajjZVPK6c\" scrolling=\"yes\" class=\"iframe-class\" frameborder=\"0\"><\/iframe>\n<\/p>\n<p style=\"text-align: justify\"><span style=\"color: #0000ff\"><strong>\u00a0<img loading=\"lazy\" decoding=\"async\" src=\"https:\/\/transkriptsiya-pesni.com\/wp-content\/uploads\/2018\/11\/image-6-2.jpg\" width=\"200\" height=\"130\" \/>\u00a0<span style=\"font-family: arial, helvetica, sans-serif\">Canci\u00f3n:<\/span><\/strong><\/span><span style=\"font-family: arial, helvetica, sans-serif\"><em><span style=\"color: #0000ff\"><strong>\u201cWhat U Workin\u2019 With?\u201d<\/strong><\/span>.\u00a0<\/em><strong>When Stefani<\/strong>\u00a0y\u00a0<strong>Timberlake\u00a0<\/strong>vienen dispuestos a quemar las pistas de baile con este tema.<\/span><\/p>\n<p style=\"text-align: justify\"><span style=\"font-family: arial, helvetica, sans-serif\">\n<!-- iframe plugin v.6.0 wordpress.org\/plugins\/iframe\/ -->\n<iframe loading=\"lazy\" width=\"560\" height=\"315\" src=\"https:\/\/www.youtube.com\/embed\/ECAfFFAW78U\" scrolling=\"yes\" class=\"iframe-class\" frameborder=\"0\"><\/iframe>\n <\/span><\/p>\n<p style=\"text-align: justify\"><span style=\"font-family: arial, helvetica, sans-serif\"><span style=\"color: #0000ff\"><strong><img loading=\"lazy\" decoding=\"async\" src=\"https:\/\/townsquare.media\/site\/252\/files\/2016\/01\/justin-anna.jpg?w=980&amp;q=75\" width=\"200\" height=\"130\" \/>\u00a0Canci\u00f3n:\u00a0<\/strong><\/span><em><span style=\"color: #0000ff\"><strong>\u201cSeptember\u201d<\/strong><\/span>.\u00a0<\/em>El broche de oro perfecto para acompa\u00f1ar los t\u00edtulos de cr\u00e9ditos de la pel\u00edcula es esta versi\u00f3n de\u00a0<strong>\u00a0Timberlake\u00a0<\/strong>y\u00a0<strong>Kendrick<\/strong>\u00a0de un temazo del m\u00edtico grupo estadounidense de los 70\u00a0<strong>Earth, Wind &amp; Fire<\/strong>.\u00a0<img loading=\"lazy\" decoding=\"async\" src=\"https:\/\/cloud10.todocoleccion.online\/discos-vinilo\/tc\/2009\/04\/13\/12859039.jpg\" width=\"150\" height=\"150\" \/> M\u00fasica disco en estado puro.<\/span><\/p>\n<p style=\"text-align: justify\"><span style=\"font-family: arial, helvetica, sans-serif\">\n<!-- iframe plugin v.6.0 wordpress.org\/plugins\/iframe\/ -->\n<iframe loading=\"lazy\" width=\"560\" height=\"315\" src=\"https:\/\/www.youtube.com\/embed\/5WzOLqIjlcY\" scrolling=\"yes\" class=\"iframe-class\" frameborder=\"0\"><\/iframe>\n <\/span><\/p>\n<p style=\"text-align: justify\"><span style=\"font-family: arial, helvetica, sans-serif\">Por \u00faltimo, no he podido resistirme a mostrar el momentazo de la noche en la ceremonia de los \u00d3scar 2017. El cantante <strong>Justin Timberlake<\/strong>\u00a0interpret\u00f3\u00a0\u00a0<em>\u201cCan\u2019t Stop the Feeling!\u201d\u00a0<\/em>y puso a bailar a muchas celebridades del mundo del cine, porque la m\u00fasica tiene ese poder. Espero que vosotr@s tambi\u00e9n lo disfrut\u00e9is.<\/span><\/p>\n<p style=\"text-align: justify\"><span style=\"font-family: arial, helvetica, sans-serif\">\n<!-- iframe plugin v.6.0 wordpress.org\/plugins\/iframe\/ -->\n<iframe loading=\"lazy\" width=\"560\" height=\"315\" src=\"https:\/\/www.youtube.com\/embed\/ENw3GPUHtpk\" scrolling=\"yes\" class=\"iframe-class\" frameborder=\"0\"><\/iframe>\n\u00a0<\/span><\/p>\n<p align=\"justify\">\n","protected":false},"excerpt":{"rendered":"<p>Trolls\u00a0(2016) es una comedia musical de animaci\u00f3n\u00a0de los estudios\u00a0Dreamworks\u00a0llena de ritmo y diversi\u00f3n que habla de la b\u00fasqueda de la felicidad y de lo lejos que llegan algunos para conseguirla. La pel\u00edcula transporta a los espectadores al colorido y maravilloso mundo de los excesivamente optimistas Trolls, \u00a0unos personajes que est\u00e1n siempre bailando y cantando, y [&hellip;]<\/p>\n","protected":false},"author":334,"featured_media":0,"comment_status":"open","ping_status":"closed","sticky":false,"template":"","format":"standard","meta":{"footnotes":""},"categories":[3,8,9,13],"tags":[],"class_list":["post-564","post","type-post","status-publish","format-standard","hentry","category-comentamos-una-banda-sonora","category-la-musica-en-el-cine-de-animacion","category-musica-prestada-al-cine","category-rockeros-poperos-musicos-en-el-cine"],"_links":{"self":[{"href":"https:\/\/edublog.educastur.es\/unamusicadecine\/wp-json\/wp\/v2\/posts\/564","targetHints":{"allow":["GET"]}}],"collection":[{"href":"https:\/\/edublog.educastur.es\/unamusicadecine\/wp-json\/wp\/v2\/posts"}],"about":[{"href":"https:\/\/edublog.educastur.es\/unamusicadecine\/wp-json\/wp\/v2\/types\/post"}],"author":[{"embeddable":true,"href":"https:\/\/edublog.educastur.es\/unamusicadecine\/wp-json\/wp\/v2\/users\/334"}],"replies":[{"embeddable":true,"href":"https:\/\/edublog.educastur.es\/unamusicadecine\/wp-json\/wp\/v2\/comments?post=564"}],"version-history":[{"count":1,"href":"https:\/\/edublog.educastur.es\/unamusicadecine\/wp-json\/wp\/v2\/posts\/564\/revisions"}],"predecessor-version":[{"id":565,"href":"https:\/\/edublog.educastur.es\/unamusicadecine\/wp-json\/wp\/v2\/posts\/564\/revisions\/565"}],"wp:attachment":[{"href":"https:\/\/edublog.educastur.es\/unamusicadecine\/wp-json\/wp\/v2\/media?parent=564"}],"wp:term":[{"taxonomy":"category","embeddable":true,"href":"https:\/\/edublog.educastur.es\/unamusicadecine\/wp-json\/wp\/v2\/categories?post=564"},{"taxonomy":"post_tag","embeddable":true,"href":"https:\/\/edublog.educastur.es\/unamusicadecine\/wp-json\/wp\/v2\/tags?post=564"}],"curies":[{"name":"wp","href":"https:\/\/api.w.org\/{rel}","templated":true}]}}