{"id":6259,"date":"2022-03-14T10:14:03","date_gmt":"2022-03-14T08:14:03","guid":{"rendered":"https:\/\/edublog.educastur.es\/unamusicadecine\/?p=6259"},"modified":"2022-03-23T12:14:05","modified_gmt":"2022-03-23T10:14:05","slug":"oscar-2022-los-nominados-a-los-premios-musicales-son","status":"publish","type":"post","link":"https:\/\/edublog.educastur.es\/unamusicadecine\/2022\/03\/14\/oscar-2022-los-nominados-a-los-premios-musicales-son\/","title":{"rendered":"Oscar 2022, los nominados a los premios musicales son&#8230;"},"content":{"rendered":"<p><img loading=\"lazy\" decoding=\"async\" src=\"https:\/\/www.milenio.com\/uploads\/media\/2022\/02\/08\/conoce-lista-nominados-premios-oscar.jpg\" alt=\"\" width=\"1200\" height=\"747\" \/><\/p>\n<p style=\"text-align: justify\"><span style=\"font-family: arial, helvetica, sans-serif\">El 27 de marzo se celebrar\u00e1 la edici\u00f3n n\u00famero 94 de los Premios <em>Oscar. <\/em>La Academia de Hollywood ha anunciado los finalistas y nosotros vamos a hacer nuestras quinielas. Elige tu banda sonora y canci\u00f3n favorita y empecemos a jugar!!!<\/span><\/p>\n<h3 style=\"text-align: center\"><span style=\"font-family: arial, helvetica, sans-serif;color: #ff00ff\"><strong>Nominados a Mejor Banda Sonora<\/strong><\/span><\/h3>\n<p><strong><img loading=\"lazy\" decoding=\"async\" class=\"size-medium wp-image-5877 aligncenter\" src=\"http:\/\/edublog.educastur.es\/unamusicadecine\/files\/2022\/01\/Auriculares-300x300.png\" alt=\"\" width=\"300\" height=\"300\" \/><\/strong><\/p>\n<p style=\"text-align: justify\"><span style=\"font-family: arial, helvetica, sans-serif\">En esta categor\u00eda tenemos donde elegir, un compositor espa\u00f1ol, una mujer compositora, un tit\u00e1n de la m\u00fasica de cine, un rockero y un pianista,&#8230;. \u00bfQui\u00e9n da m\u00e1s?<\/span><\/p>\n<p style=\"text-align: justify\"><span style=\"color: #0000ff\"><strong><span style=\"font-family: arial, helvetica, sans-serif\"><img loading=\"lazy\" decoding=\"async\" class=\"alignleft\" src=\"https:\/\/www.nacionrock.com\/wp-content\/uploads\/Jonny-Greenwood-Inherent-Vice-FDRMX.jpg\" alt=\"\" width=\"250\" height=\"140\" \/>Compositor: Jonny Greenwood. Pel\u00edcula \u00abThe Power Of The Dog\u00bb (Jane Campion, 2021).<\/span><\/strong><strong><span style=\"font-family: arial, helvetica, sans-serif\"><br \/>\n<\/span><\/strong><\/span><\/p>\n<p><img loading=\"lazy\" decoding=\"async\" class=\"alignnone\" src=\"https:\/\/www.filmmusicsite.com\/es\/images\/covers\/xlarge\/95162.jpg\" alt=\"\" width=\"212\" height=\"212\" \/><\/p>\n<p style=\"text-align: justify\"><span style=\"font-family: arial, helvetica, sans-serif\">Favorita para los Premios \u00d3scar tras lograr 12 nominaciones, entre ellas la mejor banda sonora. <strong>Jonny<\/strong> <strong>Greenwood<\/strong><span style=\"color: #0000ff\">, <\/span>el compositor y guitarrista de la legendaria banda de rock brit\u00e1nica <strong>Radiohead<\/strong>, crea una banda sonora bella e inquietante a la vez, para ambientar este singular western con un conjunto de piano, cuerdas, vientos y metales en su mayor\u00eda. <\/span><\/p>\n<p style=\"text-align: justify\"><span style=\"font-family: arial, helvetica, sans-serif\">\n<!-- iframe plugin v.6.0 wordpress.org\/plugins\/iframe\/ -->\n<iframe loading=\"lazy\" width=\"560\" height=\"315\" src=\"https:\/\/www.youtube.com\/embed\/6xH6l-r1cE0\" scrolling=\"yes\" class=\"iframe-class\" frameborder=\"0\"><\/iframe>\n<\/span><\/p>\n<p style=\"text-align: justify\"><span style=\"color: #0000ff\"><strong><span style=\"font-family: arial, helvetica, sans-serif\"><img loading=\"lazy\" decoding=\"async\" class=\"alignleft\" src=\"https:\/\/kraft-engel.com\/wp-content\/uploads\/clients\/germaine-franco\/franco-300x300.jpg\" alt=\"\" width=\"200\" height=\"200\" \/>Compositora: Germaine Franco. Pel\u00edcula \u00abEncanto\u00bb (<span class=\"nb\">Jared Bush,<\/span>\u00a0<span class=\"nb\">Charise Castro Smith y Byron Howard, 2021).<\/span><\/span><\/strong><\/span><\/p>\n<p><img loading=\"lazy\" decoding=\"async\" class=\"alignnone\" src=\"https:\/\/pics.filmaffinity.com\/Encanto-153413687-large.jpg\" alt=\"\" width=\"200\" height=\"267\" \/><\/p>\n<p style=\"text-align: justify\"><span style=\"font-family: arial, helvetica, sans-serif\"><span class=\"nb\">Este es un musical emotivo y colorido, con bellas canciones y encantadora m\u00fasica para retratar a una familia que vive en las monta\u00f1as de Colombia, en una casa m\u00e1gica de un pueblo llamado Encanto (<a href=\"https:\/\/edublog.educastur.es\/unamusicadecine\/2021\/12\/10\/encanto-una-banda-sonora-con-ritmos-colombianos\/\"><strong>pincha aqu\u00ed<\/strong><\/a> si quieres ver el post).<\/span><\/span><\/p>\n<p style=\"text-align: justify\"><span style=\"color: #0000ff\"><strong><span style=\"font-family: arial, helvetica, sans-serif\"><span class=\"nb\">\n<!-- iframe plugin v.6.0 wordpress.org\/plugins\/iframe\/ -->\n<iframe loading=\"lazy\" width=\"560\" height=\"315\" src=\"https:\/\/www.youtube.com\/embed\/CaimKeDcudo\" scrolling=\"yes\" class=\"iframe-class\" frameborder=\"0\"><\/iframe>\n<\/span><\/span><\/strong><\/span><\/p>\n<p><strong><span style=\"font-family: arial, helvetica, sans-serif\"><img loading=\"lazy\" decoding=\"async\" class=\"alignleft\" src=\"https:\/\/asturscore.com\/wp-content\/uploads\/2018\/05\/Alberto-Iglesias-203x300.jpg\" alt=\"\" width=\"166\" height=\"245\" \/><span style=\"color: #0000ff\">Compositor: Alberto Iglesias. Pel\u00edcula: \u00abMadres Paralelas\u00bb (Pedro Almod\u00f3var, 2021).<\/span><\/span><\/strong><\/p>\n<p><img loading=\"lazy\" decoding=\"async\" class=\"alignnone\" src=\"https:\/\/asturscore.com\/wp-content\/uploads\/2022\/01\/MADRES_PARALELAS-poster-683x1024.jpg\" alt=\"\" width=\"200\" height=\"300\" \/><\/p>\n<p style=\"text-align: justify\"><span style=\"font-family: arial, helvetica, sans-serif\">\u00c9sta ser\u00e1 la cuarta ocasi\u00f3n en que nuestro compositor espa\u00f1ol m\u00e1s internacional opte al Oscar, tras sus nominaciones (finalmente sin premio) por \u00ab<em>El jardinero fiel\u00bb <\/em>(2005), \u00ab<em>Cometas en el cielo\u00bb<\/em> (2007) y \u00ab<em>El topo\u00bb<\/em> (2011). El compositor de cabecera de <strong>Pedro Almod\u00f3var<\/strong> (director de la pel\u00edcula) realiza una elegante banda sonora acorde con esta historia de amor y\u00a0 maternidad del siglo XXI.\u00a0<\/span><\/p>\n<p style=\"text-align: justify\"><span style=\"font-family: arial, helvetica, sans-serif\">\n<!-- iframe plugin v.6.0 wordpress.org\/plugins\/iframe\/ -->\n<iframe loading=\"lazy\" width=\"560\" height=\"315\" src=\"https:\/\/www.youtube.com\/embed\/MOkBu1kFxLM\" scrolling=\"yes\" class=\"iframe-class\" frameborder=\"0\"><\/iframe>\n<\/span><\/p>\n<p style=\"text-align: justify\"><span style=\"color: #0000ff\"><strong><span style=\"font-family: arial, helvetica, sans-serif\"><img loading=\"lazy\" decoding=\"async\" class=\"alignleft\" src=\"https:\/\/www.gdp.fr\/media\/original\/4\/d\/7\/0\/2\/f\/4d702fc2740c45b39445badb74cd64c0.jpeg\" alt=\"\" width=\"168\" height=\"258\" \/><\/span><\/strong><\/span><\/p>\n<p style=\"text-align: justify\"><span style=\"font-family: arial, helvetica, sans-serif\"><strong><span style=\"color: #0000ff\">Compositor: Hans Zimmer. Pel\u00edcula: \u00abDune\u00bb (Denis Villeneuve, 2021).<\/span> <\/strong><\/span><\/p>\n<p style=\"text-align: justify\"><span style=\"font-family: arial, helvetica, sans-serif\"><img loading=\"lazy\" decoding=\"async\" class=\"alignnone\" src=\"https:\/\/pics.filmaffinity.com\/Dune-756528084-large.jpg\" alt=\"\" width=\"200\" height=\"297\" \/><\/span><\/p>\n<p style=\"text-align: justify\"><span style=\"font-family: arial, helvetica, sans-serif\"><strong>Zimmer<\/strong> recibe su duod\u00e9cima nominaci\u00f3n por la composici\u00f3n de una banda sonora que genera un clima amenazante, acorde a las potentes im\u00e1genes de \u00ab<b>Dune\u00bb. <\/b>El compositor ya recibi\u00f3 en enero un <em>Globo de Oro<\/em> en la categor\u00eda de \u201cMejor banda sonora\u201d. El alem\u00e1n residente en California, obtuvo su hasta ahora \u00fanico <em>Oscar<\/em> en 1995 por la m\u00fasica de la pel\u00edcula animada<b> \u00abEl rey le\u00f3n\u00bb<\/b>.<\/span><\/p>\n<p style=\"text-align: justify\"><span style=\"font-family: arial, helvetica, sans-serif\">\n<!-- iframe plugin v.6.0 wordpress.org\/plugins\/iframe\/ -->\n<iframe loading=\"lazy\" width=\"560\" height=\"315\" src=\"https:\/\/www.youtube.com\/embed\/m1LHXV49zn8\" scrolling=\"yes\" class=\"iframe-class\" frameborder=\"0\"><\/iframe>\n<\/span><\/p>\n<p><strong><span style=\"font-family: arial, helvetica, sans-serif\"><span style=\"color: #0000ff\"><img loading=\"lazy\" decoding=\"async\" class=\"alignleft\" src=\"https:\/\/lastfm.freetls.fastly.net\/i\/u\/770x0\/291d831ba38f93ba4521d43925876ea7.jpg\" alt=\"\" width=\"161\" height=\"242\" \/>Compositor: Nicholas Britell. Pel\u00edcula: \u00abDon\u00b4t Look Up\u00bb (Adam McKay, 2021).<\/span> <\/span><\/strong><\/p>\n<p style=\"text-align: justify\"><span style=\"font-family: arial, helvetica, sans-serif\"><img loading=\"lazy\" decoding=\"async\" class=\"alignnone\" src=\"https:\/\/pics.filmaffinity.com\/No_mires_arriba-492729563-large.jpg\" alt=\"\" width=\"200\" height=\"291\" \/><\/span><\/p>\n<p style=\"text-align: justify\"><span style=\"font-family: arial, helvetica, sans-serif\">S\u00e1tira mordaz y algo amarga sobre la sociedad y la influencia de los medios de comunicaci\u00f3n, que se construye en base a sketches y un sinf\u00edn de personajes y situaciones vertiginosas e imprevisibles. Como tal, la m\u00fasica participa en forma de una monta\u00f1a rusa de variadas m\u00fasicas que son divertidas, apocal\u00edpticas, sentimentales, amables, dram\u00e1ticas y sobre todo din\u00e1micas.<\/span><\/p>\n<p style=\"text-align: justify\"><strong><span style=\"font-family: arial, helvetica, sans-serif\">\n<!-- iframe plugin v.6.0 wordpress.org\/plugins\/iframe\/ -->\n<iframe loading=\"lazy\" width=\"560\" height=\"315\" src=\"https:\/\/www.youtube.com\/embed\/j95tFYdUl0Q\" scrolling=\"yes\" class=\"iframe-class\" frameborder=\"0\"><\/iframe>\n<\/span><\/strong><\/p>\n<h3 style=\"text-align: center\"><span style=\"font-family: arial, helvetica, sans-serif;color: #ff00ff\"><strong>Nominados a Mejor Canci\u00f3n Original<\/strong><\/span><\/h3>\n<p><strong><img loading=\"lazy\" decoding=\"async\" class=\"wp-image-1903 aligncenter\" src=\"http:\/\/edublog.educastur.es\/unamusicadecine\/files\/2020\/09\/CC38A7FC-85B7-4D07-915C-5D03695CCD5E-150x150.jpeg\" alt=\"\" width=\"300\" height=\"300\" \/><\/strong><\/p>\n<p style=\"text-align: justify\"><span style=\"font-family: arial, helvetica, sans-serif\">\u00bfCu\u00e1l es la mejor canci\u00f3n de la temporada que hemos escuchado en el cine? Desde luego, la categor\u00eda de Mejor Canci\u00f3n Original en los pr\u00f3ximos Oscars 2022 es muy potente, y grandes artistas como<strong> Beyonc\u00e9, Lin-Manuel Miranda, Diane Warren, Billie Eilish y Van Morrison <\/strong>luchar\u00e1n por la estatuilla dorada este a\u00f1o. \u00a1Esc\u00fachalas todas aqu\u00ed mismo!<\/span><\/p>\n<p><img loading=\"lazy\" decoding=\"async\" class=\"aligncenter\" src=\"https:\/\/pbs.twimg.com\/media\/FLGTVvaX0AoZMFE.jpg\" alt=\"\" width=\"379\" height=\"380\" \/><\/p>\n<p style=\"text-align: justify\"><strong><span style=\"font-family: arial, helvetica, sans-serif\"><img loading=\"lazy\" decoding=\"async\" class=\"alignleft\" src=\"https:\/\/www.lapatilla.com\/wp-content\/uploads\/2022\/02\/Screenshot_140.png?fit=542%2C337\" alt=\"\" width=\"302\" height=\"187\" \/> <span style=\"color: #0000ff\">Canci\u00f3n: \u00abDos Oruguitas\u00bb. Compositor: Lin-Manuel Miranda. Pel\u00edcula \u00abEncanto\u00bb.<\/span><\/span><\/strong><\/p>\n<p style=\"text-align: justify\"><span style=\"font-family: arial, helvetica, sans-serif\"><strong>Lin-Manuel<\/strong>, creador de musicales como <em>\u00abHamilton\u00bb<\/em> y <em>\u00abEn un barrio de Nueva York\u00bb<\/em>, y que debut\u00f3 en la direcci\u00f3n recientemente con <em>&#8216;\u00bbTick, tick&#8230; boom!\u00bb,<\/em> ha conseguido esta merecida nominaci\u00f3n que proviene de una de las mejores pel\u00edculas animadas de Disney de este a\u00f1o y la interpreta el\u00a0 cantante colombiano <strong>Sebasti\u00e1n Yatra<\/strong>.\u00a0<\/span><\/p>\n<p style=\"text-align: justify\"><span style=\"font-family: arial, helvetica, sans-serif\"><img loading=\"lazy\" decoding=\"async\" class=\"alignnone\" src=\"https:\/\/eldiariony.com\/wp-content\/uploads\/sites\/2\/2022\/02\/sebastian-Yatra-Encanto.jpg?quality=60&amp;strip=all&amp;w=966\" alt=\"\" width=\"199\" height=\"247\" \/><\/span><\/p>\n<p style=\"text-align: justify\"><span style=\"font-family: arial, helvetica, sans-serif\">\n<!-- iframe plugin v.6.0 wordpress.org\/plugins\/iframe\/ -->\n<iframe loading=\"lazy\" width=\"560\" height=\"315\" src=\"https:\/\/www.youtube.com\/embed\/xI4V4jCaSSM\" scrolling=\"yes\" class=\"iframe-class\" frameborder=\"0\"><\/iframe>\n<\/span><\/p>\n<p style=\"text-align: justify\"><span style=\"color: #0000ff\"><strong><span style=\"font-family: arial, helvetica, sans-serif\"><img loading=\"lazy\" decoding=\"async\" class=\"alignleft\" src=\"https:\/\/www.radioluzdalias.com\/imagenes\/noticias\/fotonoticia-11687.jpg\" alt=\"\" width=\"317\" height=\"181\" \/> Canci\u00f3n: \u00abBe Alive\u00bb. Compositores: Beyonc\u00e9 Knowles-Carter &amp; Darius Scott. Pel\u00edcula: \u00abEl m\u00e9todo Williams\u00bb.<\/span><\/strong><\/span><\/p>\n<p style=\"text-align: justify\"><span style=\"font-family: arial, helvetica, sans-serif\">El biopic sobre <strong>Richard Williams, <\/strong>el padre de las tenistas <strong>Serena y Venus Williams<\/strong>, tiene posibilidades en varias categor\u00edas de los Oscars 2022. Pero sin duda, una de las presencias m\u00e1s poderosas de la ceremonia ser\u00e1 la de la diva de la m\u00fasica <strong>Beyonc\u00e9<\/strong>, que est\u00e1 entre las nominadas de esta edici\u00f3n, tanto por la potencia de la canci\u00f3n y su mensaje inspirador, como por el evidente atractivo que despierta la artista.<\/span><\/p>\n<p style=\"text-align: justify\"><span style=\"font-family: arial, helvetica, sans-serif\">\n<!-- iframe plugin v.6.0 wordpress.org\/plugins\/iframe\/ -->\n<iframe loading=\"lazy\" width=\"560\" height=\"315\" src=\"https:\/\/www.youtube.com\/embed\/4wYdZi3tFJ4\" scrolling=\"yes\" class=\"iframe-class\" frameborder=\"0\"><\/iframe>\n<\/span><\/p>\n<p style=\"text-align: justify\"><span style=\"color: #0000ff\"><strong><span style=\"font-family: arial, helvetica, sans-serif\"><img loading=\"lazy\" decoding=\"async\" class=\"alignleft\" src=\"https:\/\/1.bp.blogspot.com\/-NIp6yDeVZGA\/XkV01xm33tI\/AAAAAAAANt0\/_h4rVV-GYYAj_hZcJgbEg7ZnfoGRoTerQCLcBGAsYHQ\/s1600\/007.JPG\" alt=\"\" width=\"316\" height=\"175\" \/> Canci\u00f3n: \u00abNo Time to Die\u00bb. Compositores: Billie Eilish &amp; Finneas O\u2019Connell. Pel\u00edcula: \u00abSin tiempo para morir\u00bb.<\/span><\/strong><\/span><\/p>\n<p style=\"text-align: justify\"><span style=\"font-family: arial, helvetica, sans-serif\">Esta es la \u00faltima aventura de <strong>Daniel Craig<\/strong> como James Bond y ha sido uno de los grandes \u00e9xitos de taquilla en tiempos de pandemia. Como es tradici\u00f3n, su canci\u00f3n principal fue todo un acontecimiento en s\u00ed mismo. Tras los \u00e9xitos en los Oscars de los temas de <strong>Adele<\/strong> y <strong>Sam Smith<\/strong>, llega una nueva canci\u00f3n que esta vez cuenta con la \u00eddolo adolescente <strong>Billie Eilish<\/strong>, que canta y compone junto a su hermano <strong>Finneas O&#8217;Connell<\/strong>. Parte como favorita, puesto que ya se llev\u00f3 el <strong>Globo de Oro<\/strong>. Veremos.<\/span><\/p>\n<p style=\"text-align: justify\"><span style=\"font-family: arial, helvetica, sans-serif\">\n<!-- iframe plugin v.6.0 wordpress.org\/plugins\/iframe\/ -->\n<iframe loading=\"lazy\" width=\"560\" height=\"315\" src=\"https:\/\/www.youtube.com\/embed\/BboMpayJomw\" scrolling=\"yes\" class=\"iframe-class\" frameborder=\"0\"><\/iframe>\n<\/span><\/p>\n<p style=\"text-align: justify\"><span style=\"color: #0000ff\"><strong><span style=\"font-family: arial, helvetica, sans-serif\"><img loading=\"lazy\" decoding=\"async\" class=\"alignleft\" src=\"https:\/\/asturscore.com\/wp-content\/uploads\/2022\/03\/01.-Belfast-300x300.jpg\" alt=\"\" width=\"185\" height=\"265\" \/>Canci\u00f3n: \u00abDown to Joy\u00bb. <\/span><\/strong><\/span><span style=\"color: #0000ff\"><strong><span style=\"font-family: arial, helvetica, sans-serif\">Compositor: Van Morrison.<\/span><\/strong><\/span> <span style=\"color: #0000ff\"><strong><span style=\"font-family: arial, helvetica, sans-serif\">Pel\u00edcula: \u00abBelfast\u00bb.<\/span><\/strong><\/span><\/p>\n<p style=\"text-align: justify\"><span style=\"color: #0000ff\"><strong><span style=\"font-family: arial, helvetica, sans-serif\"><img loading=\"lazy\" decoding=\"async\" class=\"alignleft\" src=\"https:\/\/static.tomaticket.es\/images\/static\/181373-van-morrison-dinner-show-en-belfast.jpeg\" alt=\"\" width=\"230\" height=\"160\" \/><\/span><\/strong><\/span><\/p>\n<p style=\"text-align: justify\"><span style=\"font-family: arial, helvetica, sans-serif\">Los m\u00e1s nost\u00e1lgicos, entre los que me cuento, estamos de enhorabuena, puesto que el llamado le\u00f3n de Belfast, <strong>Van Morrison<\/strong>, es uno de los candidatos a los Oscars de este a\u00f1o. Lo es gracias a la canci\u00f3n <em>\u00abDown to Joy\u00bb<\/em>, que forma parte de la banda sonora de \u00abBelfast\u00bb de <strong>Kenneth Branagh<\/strong>, que adem\u00e1s de contar con esta canci\u00f3n original, introduce en su historia otras canciones del genial cantante y compositor norirland\u00e9s.<\/span><\/p>\n<p style=\"text-align: justify\"><span style=\"font-family: arial, helvetica, sans-serif\"> \n<!-- iframe plugin v.6.0 wordpress.org\/plugins\/iframe\/ -->\n<iframe loading=\"lazy\" width=\"560\" height=\"315\" src=\"https:\/\/www.youtube.com\/embed\/u6R_flCWidw\" scrolling=\"yes\" class=\"iframe-class\" frameborder=\"0\"><\/iframe>\n<\/span><\/p>\n<p style=\"text-align: justify\"><span style=\"color: #0000ff\"><strong><span style=\"font-family: arial, helvetica, sans-serif\"><img loading=\"lazy\" decoding=\"async\" class=\"alignleft\" src=\"https:\/\/i.ytimg.com\/vi\/_-UqwZNObbk\/maxresdefault.jpg\" alt=\"\" width=\"330\" height=\"185\" \/>Canci\u00f3n: \u00abSomehow You Do\u00bb. Compositora: Diane Warren. Pel\u00edcula: \u00abFour Good Days\u00bb.<\/span><\/strong><\/span><\/p>\n<p style=\"text-align: justify\"><span style=\"font-family: arial, helvetica, sans-serif\"><strong>Rodrigo Garc\u00eda <\/strong>dirige esta pel\u00edcula basada en hechos reales sobre drogadicciones y dramas familiares protagonizado por <strong>Glenn Close<\/strong> y <strong>Mila Kunis<\/strong>. La compositora <strong>Diane<\/strong> <strong>Warren <\/strong>es toda una leyenda que ha sido nominada hasta en doce ocasiones. \u00a1Y no ha ganado ni una sola vez!. La canci\u00f3n est\u00e1 interpretada por la estrella de m\u00fasica country <strong>Reba McEntire<\/strong>.<\/span><\/p>\n<p style=\"text-align: justify\"><span style=\"font-family: arial, helvetica, sans-serif\">\u00a0<img loading=\"lazy\" decoding=\"async\" src=\"http:\/\/filmmusicreporter.com\/wp-content\/uploads\/2021\/04\/vca-81.jpg\" alt=\"\" width=\"200\" height=\"200\" \/><\/span><\/p>\n\n<!-- iframe plugin v.6.0 wordpress.org\/plugins\/iframe\/ -->\n<iframe loading=\"lazy\" width=\"560\" height=\"315\" src=\"https:\/\/www.youtube.com\/embed\/r_sSxlIjDzE\" scrolling=\"yes\" class=\"iframe-class\" frameborder=\"0\"><\/iframe>\n\n<p><span style=\"font-family: arial, helvetica, sans-serif\"><img loading=\"lazy\" decoding=\"async\" class=\"wp-image-1304 aligncenter\" src=\"http:\/\/edublog.educastur.es\/unamusicadecine\/files\/2020\/10\/09A9FD38-1EB2-446F-9329-0F1BAFBAB4DC-300x300.jpeg\" alt=\"\" width=\"200\" height=\"200\" \/><\/span><\/p>\n<ul>\n<li style=\"text-align: justify\"><span style=\"font-family: arial, helvetica, sans-serif\"><strong>Escucha las distintas bandas sonoras y canciones y elige tus favoritas!!!!<\/strong><\/span><\/li>\n<li style=\"text-align: justify\"><strong><span style=\"font-family: arial, helvetica, sans-serif\">\u00bfQui\u00e9n ser\u00e1 el ganador a Mejor Banda Sonora y a Mejor Canci\u00f3n? Se el primero en contestar y optar\u00e1s a bloguer@ del mes.<\/span><\/strong><\/li>\n<\/ul>\n","protected":false},"excerpt":{"rendered":"<p>El 27 de marzo se celebrar\u00e1 la edici\u00f3n n\u00famero 94 de los Premios Oscar. La Academia de Hollywood ha anunciado los finalistas y nosotros vamos a hacer nuestras quinielas. Elige tu banda sonora y canci\u00f3n favorita y empecemos a jugar!!! Nominados a Mejor Banda Sonora En esta categor\u00eda tenemos donde elegir, un compositor espa\u00f1ol, una [&hellip;]<\/p>\n","protected":false},"author":334,"featured_media":0,"comment_status":"open","ping_status":"closed","sticky":false,"template":"","format":"standard","meta":{"footnotes":""},"categories":[2],"tags":[],"class_list":["post-6259","post","type-post","status-publish","format-standard","hentry","category-ultimas-noticias"],"_links":{"self":[{"href":"https:\/\/edublog.educastur.es\/unamusicadecine\/wp-json\/wp\/v2\/posts\/6259","targetHints":{"allow":["GET"]}}],"collection":[{"href":"https:\/\/edublog.educastur.es\/unamusicadecine\/wp-json\/wp\/v2\/posts"}],"about":[{"href":"https:\/\/edublog.educastur.es\/unamusicadecine\/wp-json\/wp\/v2\/types\/post"}],"author":[{"embeddable":true,"href":"https:\/\/edublog.educastur.es\/unamusicadecine\/wp-json\/wp\/v2\/users\/334"}],"replies":[{"embeddable":true,"href":"https:\/\/edublog.educastur.es\/unamusicadecine\/wp-json\/wp\/v2\/comments?post=6259"}],"version-history":[{"count":71,"href":"https:\/\/edublog.educastur.es\/unamusicadecine\/wp-json\/wp\/v2\/posts\/6259\/revisions"}],"predecessor-version":[{"id":6725,"href":"https:\/\/edublog.educastur.es\/unamusicadecine\/wp-json\/wp\/v2\/posts\/6259\/revisions\/6725"}],"wp:attachment":[{"href":"https:\/\/edublog.educastur.es\/unamusicadecine\/wp-json\/wp\/v2\/media?parent=6259"}],"wp:term":[{"taxonomy":"category","embeddable":true,"href":"https:\/\/edublog.educastur.es\/unamusicadecine\/wp-json\/wp\/v2\/categories?post=6259"},{"taxonomy":"post_tag","embeddable":true,"href":"https:\/\/edublog.educastur.es\/unamusicadecine\/wp-json\/wp\/v2\/tags?post=6259"}],"curies":[{"name":"wp","href":"https:\/\/api.w.org\/{rel}","templated":true}]}}