{"id":6324,"date":"2022-02-13T09:47:11","date_gmt":"2022-02-13T07:47:11","guid":{"rendered":"https:\/\/edublog.educastur.es\/unamusicadecine\/?p=6324"},"modified":"2022-02-14T07:45:17","modified_gmt":"2022-02-14T05:45:17","slug":"y-el-goya-a-la-mejor-musica-y-a-la-mejor-cancion-es-para","status":"publish","type":"post","link":"https:\/\/edublog.educastur.es\/unamusicadecine\/2022\/02\/13\/y-el-goya-a-la-mejor-musica-y-a-la-mejor-cancion-es-para\/","title":{"rendered":"Y el Goya a la Mejor M\u00fasica y a la Mejor Canci\u00f3n es para &#8230;&#8230;."},"content":{"rendered":"<p><span style=\"color: #0000ff\"><strong><span style=\"font-family: arial, helvetica, sans-serif\"><img loading=\"lazy\" decoding=\"async\" class=\"alignleft\" src=\"https:\/\/e00-elmundo.uecdn.es\/assets\/multimedia\/imagenes\/2022\/02\/08\/16443278988315.jpg\" alt=\"\" width=\"129\" height=\"194\" \/>GANADORA DEL GOYA\u00a0 A MEJOR M\u00daSICA ORIGINAL:<\/span><\/strong><\/span><\/p>\n<p><span style=\"color: #0000ff\"><strong><span style=\"font-family: arial, helvetica, sans-serif\">Compositora: Zeltia Montes. Pel\u00edcula: \u00abEl buen patr\u00f3n\u00bb.<\/span><\/strong><\/span><\/p>\n<p><span style=\"color: #0000ff\"><strong><span style=\"font-family: arial, helvetica, sans-serif\">\u00a0<img loading=\"lazy\" decoding=\"async\" class=\"alignnone\" src=\"https:\/\/hips.hearstapps.com\/hmg-prod.s3.amazonaws.com\/images\/zeltia-montes-holds-the-best-original-music-award-for-the-news-photo-1644705253.jpg?crop=1xw:1xh;center,top&amp;resize=480:*\" alt=\"\" width=\"480\" height=\"320\" \/>\u00a0 <\/span><\/strong><\/span><\/p>\n<p><span style=\"color: #0000ff\"><strong><span style=\"font-family: arial, helvetica, sans-serif\"><img loading=\"lazy\" decoding=\"async\" class=\"alignleft\" src=\"https:\/\/e00-elmundo.uecdn.es\/assets\/multimedia\/imagenes\/2022\/02\/08\/16443278988315.jpg\" alt=\"\" width=\"129\" height=\"194\" \/>GANADORA DEL GOYA A LA MEJOR CANCION ORIGINAL: <\/span><\/strong><\/span><\/p>\n<p style=\"text-align: justify\"><span style=\"color: #0000ff\"><strong><span style=\"font-family: arial, helvetica, sans-serif\">Canci\u00f3n: \u00abTe espera el mar\u00bb. Compositora: Maria Jos\u00e9 \u00a0Llergo. <\/span><\/strong><\/span><\/p>\n<p style=\"text-align: justify\"><span style=\"color: #0000ff\"><strong><span style=\"font-family: arial, helvetica, sans-serif\">Pel\u00edcula: \u00abMediterr\u00e1neo\u00bb.<\/span><\/strong><\/span><\/p>\n<p><img decoding=\"async\" src=\"https:\/\/static.eldiario.es\/clip\/d680c40f-7720-44eb-86e1-45f99912ee6f_16-9-discover-aspect-ratio_default_0.jpg\" alt=\"\" width=\"480\" \/><\/p>\n<p style=\"text-align: justify\"><span style=\"font-family: arial, helvetica, sans-serif\">Desde el blog les doy la enhorabuena a las dos ganadoras, sois unas campeonas!!!! <\/span><\/p>\n<p style=\"text-align: justify\"><span style=\"font-family: arial, helvetica, sans-serif\">Y gracias \u00a0sobre todo a <b>Zeltia Montes<\/b><b>\u00a0<\/b>que levant\u00f3 aplausos por su discurso. <\/span><span style=\"font-family: arial, helvetica, sans-serif\">En \u00e9l, compositora aprovech\u00f3 su discurso para reivindicar unas mejores condiciones laborales para las compositoras y los m\u00fasicos que hacen posibles las bandas sonoras de las pel\u00edculas.<img loading=\"lazy\" decoding=\"async\" class=\"size-medium wp-image-6383 alignleft\" src=\"http:\/\/edublog.educastur.es\/unamusicadecine\/files\/2022\/02\/D9F6A98E-B4EA-428D-A97F-0CEFFF423172-300x300.png\" alt=\"\" width=\"200\" height=\"200\" \/><\/span><\/p>\n<p>&nbsp;<\/p>\n<p>&nbsp;<\/p>\n<p>&nbsp;<\/p>\n<p style=\"text-align: justify\"><span style=\"font-family: arial, helvetica, sans-serif\">Y ahora s\u00ed, doy la enhorabuena a los ganadores y ganadoras de nuestra actividad que han sido muchos, puesto que ha habido vari@s que han contestado a la vez!!! Gracias por vuestro inter\u00e9s, trabajo y dedicaci\u00f3n!!!!<\/span><\/p>\n<p style=\"text-align: center\"><span style=\"font-family: arial, helvetica, sans-serif\"><img loading=\"lazy\" decoding=\"async\" class=\"size-thumbnail wp-image-4731 alignnone aligncenter\" src=\"http:\/\/edublog.educastur.es\/unamusicadecine\/files\/2021\/10\/BCAFBF2F-EDE4-4226-ACCC-1081BE1A2956-150x150.png\" alt=\"\" width=\"200\" height=\"200\" \/><\/span><\/p>\n<p style=\"text-align: center\"><span style=\"font-family: arial, helvetica, sans-serif\">Estos han sido l@s ganador@s:\u00a0<\/span><\/p>\n<ul>\n<li>\n<h3><span style=\"color: #ff0000\"><strong><span style=\"font-family: arial, helvetica, sans-serif\">Paula Fern\u00e1ndez (1\u00baC)<\/span><\/strong><\/span><\/h3>\n<\/li>\n<li>\n<h3><span style=\"color: #ff0000\"><strong><span style=\"font-family: arial, helvetica, sans-serif\">Sergio Riesgo (1\u00baA)<\/span><\/strong><\/span><\/h3>\n<\/li>\n<li>\n<h3><span style=\"color: #ff0000\"><strong><span style=\"font-family: arial, helvetica, sans-serif\">\u00c1lvaro G\u00f3mez (1\u00baA)<\/span><\/strong><\/span><\/h3>\n<\/li>\n<li>\n<h3><span style=\"color: #ff0000\"><strong><span style=\"font-family: arial, helvetica, sans-serif\">Olaya D\u00edaz (1\u00baA)<\/span><\/strong><\/span><\/h3>\n<\/li>\n<li>\n<h3><span style=\"color: #ff0000\"><strong><span style=\"font-family: arial, helvetica, sans-serif\">Ana Queipo (1\u00baC)<\/span><\/strong><\/span><\/h3>\n<\/li>\n<li>\n<h3><span style=\"color: #ff0000\"><strong><span style=\"font-family: arial, helvetica, sans-serif\">Sergio Riesgo (3\u00baA)<\/span><\/strong><\/span><\/h3>\n<\/li>\n<\/ul>\n<p><img loading=\"lazy\" decoding=\"async\" class=\"size-thumbnail wp-image-6366 aligncenter\" src=\"http:\/\/edublog.educastur.es\/unamusicadecine\/files\/2022\/02\/A15E68C5-BA24-4F1E-874D-295BDA73055E-150x150.jpeg\" alt=\"\" width=\"200\" height=\"200\" \/><\/p>\n<p style=\"text-align: justify\"><span style=\"font-family: arial, helvetica, sans-serif\">Y gracias a tod@s l@s que hab\u00e9is participado en la actividad, que hab\u00e9is sido much@s, nos vemos en los \u00d3scar!!!!<\/span><\/p>\n<p><img loading=\"lazy\" decoding=\"async\" class=\"size-medium wp-image-6375 aligncenter\" src=\"http:\/\/edublog.educastur.es\/unamusicadecine\/files\/2022\/02\/F5EB8897-EC63-4DAA-9334-91C6F14CA497-300x300.jpeg\" alt=\"\" width=\"200\" height=\"200\" \/><\/p>\n","protected":false},"excerpt":{"rendered":"<p>GANADORA DEL GOYA\u00a0 A MEJOR M\u00daSICA ORIGINAL: Compositora: Zeltia Montes. Pel\u00edcula: \u00abEl buen patr\u00f3n\u00bb. \u00a0\u00a0 GANADORA DEL GOYA A LA MEJOR CANCION ORIGINAL: Canci\u00f3n: \u00abTe espera el mar\u00bb. Compositora: Maria Jos\u00e9 \u00a0Llergo. Pel\u00edcula: \u00abMediterr\u00e1neo\u00bb. Desde el blog les doy la enhorabuena a las dos ganadoras, sois unas campeonas!!!! Y gracias \u00a0sobre todo a Zeltia Montes\u00a0que [&hellip;]<\/p>\n","protected":false},"author":334,"featured_media":0,"comment_status":"open","ping_status":"closed","sticky":false,"template":"","format":"standard","meta":{"footnotes":""},"categories":[2],"tags":[],"class_list":["post-6324","post","type-post","status-publish","format-standard","hentry","category-ultimas-noticias"],"_links":{"self":[{"href":"https:\/\/edublog.educastur.es\/unamusicadecine\/wp-json\/wp\/v2\/posts\/6324","targetHints":{"allow":["GET"]}}],"collection":[{"href":"https:\/\/edublog.educastur.es\/unamusicadecine\/wp-json\/wp\/v2\/posts"}],"about":[{"href":"https:\/\/edublog.educastur.es\/unamusicadecine\/wp-json\/wp\/v2\/types\/post"}],"author":[{"embeddable":true,"href":"https:\/\/edublog.educastur.es\/unamusicadecine\/wp-json\/wp\/v2\/users\/334"}],"replies":[{"embeddable":true,"href":"https:\/\/edublog.educastur.es\/unamusicadecine\/wp-json\/wp\/v2\/comments?post=6324"}],"version-history":[{"count":60,"href":"https:\/\/edublog.educastur.es\/unamusicadecine\/wp-json\/wp\/v2\/posts\/6324\/revisions"}],"predecessor-version":[{"id":6412,"href":"https:\/\/edublog.educastur.es\/unamusicadecine\/wp-json\/wp\/v2\/posts\/6324\/revisions\/6412"}],"wp:attachment":[{"href":"https:\/\/edublog.educastur.es\/unamusicadecine\/wp-json\/wp\/v2\/media?parent=6324"}],"wp:term":[{"taxonomy":"category","embeddable":true,"href":"https:\/\/edublog.educastur.es\/unamusicadecine\/wp-json\/wp\/v2\/categories?post=6324"},{"taxonomy":"post_tag","embeddable":true,"href":"https:\/\/edublog.educastur.es\/unamusicadecine\/wp-json\/wp\/v2\/tags?post=6324"}],"curies":[{"name":"wp","href":"https:\/\/api.w.org\/{rel}","templated":true}]}}