{"id":734,"date":"2020-09-28T22:05:46","date_gmt":"2020-09-28T20:05:46","guid":{"rendered":"https:\/\/edublog.educastur.es\/unamusicadecine\/?p=734"},"modified":"2020-09-28T22:19:01","modified_gmt":"2020-09-28T20:19:01","slug":"bob-dyland-mas-que-un-cantante","status":"publish","type":"post","link":"https:\/\/edublog.educastur.es\/unamusicadecine\/2020\/09\/28\/bob-dyland-mas-que-un-cantante\/","title":{"rendered":"BOB DYLAND &#8230; m\u00e1s que un cantante."},"content":{"rendered":"<p style=\"text-align: justify\"><span style=\"font-family: arial, helvetica, sans-serif\">Esta noticia, aunque no es un rumor sino un hecho, voy a presentarla en esta nueva categor\u00eda del blog porque ha generado cierta pol\u00e9mica. Espero que os guste!!!!<\/span><\/p>\n<p style=\"text-align: justify\"><span style=\"font-family: arial, helvetica, sans-serif\"><strong><span style=\"color: #000080\">Bob Dylan, un cantante de pel\u00edcula: <\/span><\/strong><\/span><\/p>\n<p style=\"text-align: justify\"><span style=\"font-family: arial, helvetica, sans-serif\"><img loading=\"lazy\" decoding=\"async\" src=\"http:\/\/www.biografiasyvidas.com\/biografia\/d\/fotos\/dylan_bob_1.jpg\" width=\"275\" height=\"241\" border=\"1\" \/>\u00a0El veterano m\u00fasico, y autor de canciones que se han convertido en aut\u00e9nticos himnos, vuelve\u00a0a demostrar que es una persona \u00fanica, ganando a sus 75 a\u00f1os el<em> Premio Nobel de Literatura 2016<\/em>, la decisi\u00f3n ha causado pol\u00e9mica casi al mismo tiempo que lo anunciaban, ya que lo primero que le preguntaron a la secretaria de la Academia Sueca fue si realmente Dylan se merec\u00eda este premio, a lo que ha contestado con sinceridad: \u201cDylan es un gran poeta en la tradici\u00f3n inglesa y<\/span><\/p>\n<p style=\"text-align: justify\"><span style=\"font-family: arial, helvetica, sans-serif\">durante 54 a\u00f1os ha estado reinvent\u00e1ndose\u201d.\u00a0<img loading=\"lazy\" decoding=\"async\" src=\"http:\/\/www.zeleb.es\/sites\/default\/files\/styles\/original_optimized\/public\/noberl.jpg?itok=8w-VQajz\" width=\"200\" height=\"200\" \/><\/span><\/p>\n<p style=\"text-align: justify\"><span style=\"font-family: arial, helvetica, sans-serif\">Y es que, por mucha pol\u00e9mica que haya causado su premio, Bob Dylan tiene ahora un Nobel en la cartuchera. Un premio que da raz\u00f3n a algo que dijo el propio trovador en 1965: \u201cLas canciones populares son la \u00fanica forma de arte que describe el talante de los tiempos. No est\u00e1 en los libros. No est\u00e1 en el escenario. No est\u00e1 en las galer\u00edas\u201d.<\/span><\/p>\n<p style=\"text-align: justify\"><span style=\"font-family: arial, helvetica, sans-serif\">Curiosamente a d\u00eda de hoy, \u00a0todav\u00eda no han localizado al m\u00fasico para darle la noticia personalmente.<\/span><\/p>\n<p style=\"text-align: justify\" align=\"justify\"><span style=\"font-family: arial, helvetica, sans-serif\">Adem\u00e1s de esta noticia reciente, he querido llegar m\u00e1s lejos y relacionarla con <em>el cine<\/em>, por ello, he buscado alguna de las pel\u00edculas en las que ha colaborado Bob Dylan, bien como actor o a trav\u00e9s de su m\u00fasica, imprimiendo su particular estilo:<\/span><\/p>\n<ul>\n<li style=\"text-align: justify\"><span style=\"font-family: arial, helvetica, sans-serif\">\u00a0<strong>Pat Garrett y Billy el ni\u00f1o<\/strong>. Canci\u00f3n <strong>\u201cKnockin\u2019 on heaven\u2019s door\u201d<\/strong><em>. <\/em>En este western de 1973 Dylan se pon\u00eda a las \u00f3rdenes de <em>Sam Peckinpah<\/em>, en el que ser\u00eda su primer papel en un largometraje. La m\u00fasica est\u00e1 compuesta, casi en su totalidad, por el m\u00fasico. La canci\u00f3n que siempre se recuerda de la pel\u00edcula es <em>\u201cKnockin\u2019 on heaven\u2019s door\u201d<\/em>. Maravillosa.<\/span><\/li>\n<\/ul>\n\n<!-- iframe plugin v.6.0 wordpress.org\/plugins\/iframe\/ -->\n<iframe loading=\"lazy\" width=\"560\" height=\"315\" src=\"https:\/\/www.youtube.com\/embed\/hFxwq33rVAs\" scrolling=\"yes\" class=\"iframe-class\" frameborder=\"0\"><\/iframe>\n\n<ul>\n<li style=\"text-align: justify\"><span style=\"font-family: arial, helvetica, sans-serif\"><strong>Do not Look Back<\/strong>. Canci\u00f3n <strong>\u201cSubterranean Homesick Blues\u201d. <\/strong>En\u00a0este documental de 1965 de <em>Pennebaker<\/em>, aparece un Dylan tocando en conciertos, hablando con los fans y la prensa, y tocando\u00a0 con amigos. Pero, probablemente, la mejor parte de la pel\u00edcula es el principio, donde se escucha \u201c<em>Subterranean Homesick Blues<\/em>\u201c. Una de los mejores canciones de Dylan, pura energ\u00eda.<\/span><\/li>\n<\/ul>\n\n<!-- iframe plugin v.6.0 wordpress.org\/plugins\/iframe\/ -->\n<iframe loading=\"lazy\" width=\"560\" height=\"315\" src=\"https:\/\/www.youtube.com\/embed\/VY4HtQ-XJQE\" scrolling=\"yes\" class=\"iframe-class\" frameborder=\"0\"><\/iframe>\n\n<ul>\n<li style=\"text-align: justify\"><span style=\"font-family: arial, helvetica, sans-serif\"><strong>Forrest Gump<\/strong>. Canci\u00f3n\u00a0<strong><em>\u201cBlowin\u2019 In The Wind\u201d<\/em><\/strong><strong><em>.\u00a0<\/em><\/strong>En 1994\u00a0<strong>\u00a0<\/strong>se estrena esta pel\u00edcula que cuenta la historia reciente de Estados Unidos a trav\u00e9s de un individuo muy especial. La banda sonoras tiene grandes temas y entre ellos el que se ha convertido en uno de los grandes himnos de todos los tiempos, \u201cBlowin\u2019 In The Wind\u201d.<\/span><\/li>\n<\/ul>\n\n<!-- iframe plugin v.6.0 wordpress.org\/plugins\/iframe\/ -->\n<iframe loading=\"lazy\" width=\"560\" height=\"315\" src=\"https:\/\/www.youtube.com\/embed\/1UfD4aKFhL0\" scrolling=\"yes\" class=\"iframe-class\" frameborder=\"0\"><\/iframe>\n\n<ul>\n<li style=\"text-align: justify\"><span style=\"font-family: arial, helvetica, sans-serif\"><strong>El gran Lebowski<\/strong>. Canci\u00f3n: <strong>\u201cThe Man In Me\u201d. <\/strong><em>Los hermanos Coen<\/em> realizaron en 1998 esta inolvidable comedia donde aparece la canci\u00f3n de Dylan \u201c<em>The Man in Me<\/em>\u201d sobre los cr\u00e9ditos de apertura, que transcurre en una bolera.<\/span><\/li>\n<\/ul>\n\n<!-- iframe plugin v.6.0 wordpress.org\/plugins\/iframe\/ -->\n<iframe loading=\"lazy\" width=\"560\" height=\"315\" src=\"https:\/\/www.youtube.com\/embed\/lNcy1Ce5_yo\" scrolling=\"yes\" class=\"iframe-class\" frameborder=\"0\"><\/iframe>\n\n<ul>\n<li><span style=\"font-family: arial, helvetica, sans-serif\"><strong>J\u00f3venes prodigiosos. <\/strong>Canci\u00f3n: <strong>\u201cThings Have Change\u201d.\u00a0 <\/strong>En el 2000 Dyland gan\u00f3 un Oscar por componer el tema \u201cThings have changed\u201d para esta pel\u00edcula.<\/span><\/li>\n<\/ul>\n<p>\n<!-- iframe plugin v.6.0 wordpress.org\/plugins\/iframe\/ -->\n<iframe loading=\"lazy\" width=\"560\" height=\"315\" src=\"https:\/\/www.youtube.com\/embed\/U4zlA6NoSVE\" scrolling=\"yes\" class=\"iframe-class\" frameborder=\"0\"><\/iframe>\n frameborder=\u00bb0&#8243; allow=\u00bbaccelerometer; autoplay; clipboard-write; encrypted-media; gyroscope; picture-in-picture\u00bb allowfullscreen&gt;&lt;\/iframe&gt;<\/p>\n<ul>\n<li style=\"text-align: justify\"><span style=\"font-family: arial, helvetica, sans-serif\"><strong>Watchmen. <\/strong>Canci\u00f3n: <strong>\u201cThe Times They are a Changin\u201d. <\/strong>Pel\u00edcula de superh\u00e9roes estrenada en 2009. Aunque la pel\u00edcula no recibi\u00f3 buenas cr\u00edticas, no sucede lo mismo con la secuencia de introducci\u00f3n en que \u201cThe times they are a changin\u2019\u201d suena de fondo. Esta fue una c\u00e9lebre canci\u00f3n\u00a0 protesta\u00a0 de la d\u00e9cada de los 60.<\/span><\/li>\n<\/ul>\n\n<!-- iframe plugin v.6.0 wordpress.org\/plugins\/iframe\/ -->\n<iframe loading=\"lazy\" width=\"560\" height=\"315\" src=\"https:\/\/www.youtube.com\/embed\/887VJCGocqg\" scrolling=\"yes\" class=\"iframe-class\" frameborder=\"0\"><\/iframe>\n\n<p style=\"text-align: justify\"><span style=\"font-family: arial, helvetica, sans-serif\">El post llega a su fin, y con \u00e9l mi homenaje a este maestro, que aunque solo es recordado por algunos por su m\u00fasica, es mucho m\u00e1s, una persona que ha trabajado mucho, y que por ello, creo que se merece ese <em>Premio<\/em> <em>Nobel de Literatura<\/em>, que le reconoce, no solo por sus canciones de car\u00e1cter po\u00e9tico, sino por su esfuerzo y dedicaci\u00f3n.<\/span><\/p>\n","protected":false},"excerpt":{"rendered":"<p>Esta noticia, aunque no es un rumor sino un hecho, voy a presentarla en esta nueva categor\u00eda del blog porque ha generado cierta pol\u00e9mica. Espero que os guste!!!! Bob Dylan, un cantante de pel\u00edcula: \u00a0El veterano m\u00fasico, y autor de canciones que se han convertido en aut\u00e9nticos himnos, vuelve\u00a0a demostrar que es una persona \u00fanica, [&hellip;]<\/p>\n","protected":false},"author":334,"featured_media":0,"comment_status":"open","ping_status":"open","sticky":false,"template":"","format":"standard","meta":{"footnotes":""},"categories":[9,10,13,2],"tags":[],"class_list":["post-734","post","type-post","status-publish","format-standard","hentry","category-musica-prestada-al-cine","category-nuestros-trabajos","category-rockeros-poperos-musicos-en-el-cine","category-ultimas-noticias"],"_links":{"self":[{"href":"https:\/\/edublog.educastur.es\/unamusicadecine\/wp-json\/wp\/v2\/posts\/734","targetHints":{"allow":["GET"]}}],"collection":[{"href":"https:\/\/edublog.educastur.es\/unamusicadecine\/wp-json\/wp\/v2\/posts"}],"about":[{"href":"https:\/\/edublog.educastur.es\/unamusicadecine\/wp-json\/wp\/v2\/types\/post"}],"author":[{"embeddable":true,"href":"https:\/\/edublog.educastur.es\/unamusicadecine\/wp-json\/wp\/v2\/users\/334"}],"replies":[{"embeddable":true,"href":"https:\/\/edublog.educastur.es\/unamusicadecine\/wp-json\/wp\/v2\/comments?post=734"}],"version-history":[{"count":2,"href":"https:\/\/edublog.educastur.es\/unamusicadecine\/wp-json\/wp\/v2\/posts\/734\/revisions"}],"predecessor-version":[{"id":736,"href":"https:\/\/edublog.educastur.es\/unamusicadecine\/wp-json\/wp\/v2\/posts\/734\/revisions\/736"}],"wp:attachment":[{"href":"https:\/\/edublog.educastur.es\/unamusicadecine\/wp-json\/wp\/v2\/media?parent=734"}],"wp:term":[{"taxonomy":"category","embeddable":true,"href":"https:\/\/edublog.educastur.es\/unamusicadecine\/wp-json\/wp\/v2\/categories?post=734"},{"taxonomy":"post_tag","embeddable":true,"href":"https:\/\/edublog.educastur.es\/unamusicadecine\/wp-json\/wp\/v2\/tags?post=734"}],"curies":[{"name":"wp","href":"https:\/\/api.w.org\/{rel}","templated":true}]}}