{"id":7816,"date":"2023-06-13T10:33:35","date_gmt":"2023-06-13T08:33:35","guid":{"rendered":"https:\/\/edublog.educastur.es\/unamusicadecine\/?p=7816"},"modified":"2025-01-13T21:51:40","modified_gmt":"2025-01-13T19:51:40","slug":"despedimos-el-curso-2022-23","status":"publish","type":"post","link":"https:\/\/edublog.educastur.es\/unamusicadecine\/2023\/06\/13\/despedimos-el-curso-2022-23\/","title":{"rendered":"Despedimos el curso 2022-23"},"content":{"rendered":"<p style=\"text-align: justify\"><span style=\"font-family: arial, helvetica, sans-serif\">Este es el \u00faltimo post del curso y desde aqu\u00ed quiero dar las gracias a tod@s los alumnos y alumnas que con vuestro trabajo y dedicaci\u00f3n hab\u00e9is contribuido un a\u00f1o m\u00e1s a que este blog haya seguido creciendo y \u201caliment\u00e1ndose\u201d gracias a vuestros comentarios.<\/span><\/p>\n<p style=\"text-align: justify\"><span style=\"font-family: arial, helvetica, sans-serif\">Nos despedimos con unos estupendos v\u00eddeos musicales que he editado con el iMovie y cuyas protagonistas lo han dado todo. Seguro os van a dejar con ganas de m\u00e1s!!!!<\/span><\/p>\n<ul>\n<li><span style=\"color: #ff0000\"><strong><span style=\"font-family: arial, helvetica, sans-serif\">V\u00eddeo 1: Mix de baile. Int\u00e9rpretes: Marina \u00c1lvarez, Nerea Campo, Alba D\u00edaz, Luc\u00eda Fern\u00e1ndez y Claudia Primo. Grupo 21A.<\/span><\/strong><\/span><\/li>\n<\/ul>\n\n<!-- iframe plugin v.6.0 wordpress.org\/plugins\/iframe\/ -->\n<iframe loading=\"lazy\" width=\"560\" height=\"315\" src=\"https:\/\/www.youtube.com\/embed\/TDegWH5I4vY\" scrolling=\"yes\" class=\"iframe-class\" frameborder=\"0\"><\/iframe>\n\n<ul>\n<li><span style=\"color: #ff0000\"><strong><span style=\"font-family: arial, helvetica, sans-serif\">V\u00eddeo 2: Coreograf\u00eda individual. Int\u00e9rprete: \u00c1ngela S\u00e1nchez. Grupo 21A.<\/span><\/strong><\/span><\/li>\n<\/ul>\n\n<!-- iframe plugin v.6.0 wordpress.org\/plugins\/iframe\/ -->\n<iframe loading=\"lazy\" width=\"560\" height=\"315\" src=\"https:\/\/www.youtube.com\/embed\/LozzTB2FH0o\" scrolling=\"yes\" class=\"iframe-class\" frameborder=\"0\"><\/iframe>\n\n<ul>\n<li><span style=\"color: #ff0000\"><strong><span style=\"font-family: arial, helvetica, sans-serif\">V\u00eddeo 3: El baile del vaso. Int\u00e9rpretes: Paula Moyano e Iris S\u00e1nchez. Grupo 21C.<\/span><\/strong><\/span><\/li>\n<\/ul>\n\n<!-- iframe plugin v.6.0 wordpress.org\/plugins\/iframe\/ -->\n<iframe loading=\"lazy\" width=\"560\" height=\"315\" src=\"https:\/\/www.youtube.com\/embed\/KgKZxDDBnYM\" scrolling=\"yes\" class=\"iframe-class\" frameborder=\"0\"><\/iframe>\n\n<p><span style=\"font-family: arial, helvetica, sans-serif\">Enhorabuena a todas!!!!!!!<\/span><\/p>\n<p><img loading=\"lazy\" decoding=\"async\" class=\"alignnone size-thumbnail wp-image-8333\" src=\"http:\/\/edublog.educastur.es\/unamusicadecine\/files\/2023\/09\/BC012104-B266-4A3A-88E6-486694E6CB80-150x150.png\" alt=\"\" width=\"150\" height=\"150\" srcset=\"https:\/\/edublog.educastur.es\/unamusicadecine\/files\/2023\/09\/BC012104-B266-4A3A-88E6-486694E6CB80-150x150.png 150w, https:\/\/edublog.educastur.es\/unamusicadecine\/files\/2023\/09\/BC012104-B266-4A3A-88E6-486694E6CB80-300x300.png 300w, https:\/\/edublog.educastur.es\/unamusicadecine\/files\/2023\/09\/BC012104-B266-4A3A-88E6-486694E6CB80-85x85.png 85w, https:\/\/edublog.educastur.es\/unamusicadecine\/files\/2023\/09\/BC012104-B266-4A3A-88E6-486694E6CB80.png 398w\" sizes=\"auto, (max-width: 150px) 100vw, 150px\" \/><\/p>\n<p>&nbsp;<\/p>\n","protected":false},"excerpt":{"rendered":"<p>Este es el \u00faltimo post del curso y desde aqu\u00ed quiero dar las gracias a tod@s los alumnos y alumnas que con vuestro trabajo y dedicaci\u00f3n hab\u00e9is contribuido un a\u00f1o m\u00e1s a que este blog haya seguido creciendo y \u201caliment\u00e1ndose\u201d gracias a vuestros comentarios. Nos despedimos con unos estupendos v\u00eddeos musicales que he editado con [&hellip;]<\/p>\n","protected":false},"author":334,"featured_media":0,"comment_status":"closed","ping_status":"closed","sticky":false,"template":"","format":"standard","meta":{"footnotes":""},"categories":[33],"tags":[],"class_list":["post-7816","post","type-post","status-publish","format-standard","hentry","category-interpretaciones-de-ls-alumns"],"_links":{"self":[{"href":"https:\/\/edublog.educastur.es\/unamusicadecine\/wp-json\/wp\/v2\/posts\/7816","targetHints":{"allow":["GET"]}}],"collection":[{"href":"https:\/\/edublog.educastur.es\/unamusicadecine\/wp-json\/wp\/v2\/posts"}],"about":[{"href":"https:\/\/edublog.educastur.es\/unamusicadecine\/wp-json\/wp\/v2\/types\/post"}],"author":[{"embeddable":true,"href":"https:\/\/edublog.educastur.es\/unamusicadecine\/wp-json\/wp\/v2\/users\/334"}],"replies":[{"embeddable":true,"href":"https:\/\/edublog.educastur.es\/unamusicadecine\/wp-json\/wp\/v2\/comments?post=7816"}],"version-history":[{"count":15,"href":"https:\/\/edublog.educastur.es\/unamusicadecine\/wp-json\/wp\/v2\/posts\/7816\/revisions"}],"predecessor-version":[{"id":8643,"href":"https:\/\/edublog.educastur.es\/unamusicadecine\/wp-json\/wp\/v2\/posts\/7816\/revisions\/8643"}],"wp:attachment":[{"href":"https:\/\/edublog.educastur.es\/unamusicadecine\/wp-json\/wp\/v2\/media?parent=7816"}],"wp:term":[{"taxonomy":"category","embeddable":true,"href":"https:\/\/edublog.educastur.es\/unamusicadecine\/wp-json\/wp\/v2\/categories?post=7816"},{"taxonomy":"post_tag","embeddable":true,"href":"https:\/\/edublog.educastur.es\/unamusicadecine\/wp-json\/wp\/v2\/tags?post=7816"}],"curies":[{"name":"wp","href":"https:\/\/api.w.org\/{rel}","templated":true}]}}