{"id":798,"date":"2020-09-30T19:05:38","date_gmt":"2020-09-30T17:05:38","guid":{"rendered":"https:\/\/edublog.educastur.es\/unamusicadecine\/?p=798"},"modified":"2021-02-17T23:10:15","modified_gmt":"2021-02-17T21:10:15","slug":"la-saga-de-los-amarillos","status":"publish","type":"post","link":"https:\/\/edublog.educastur.es\/unamusicadecine\/2020\/09\/30\/la-saga-de-los-amarillos\/","title":{"rendered":"La saga de los amarillos."},"content":{"rendered":"<p style=\"text-align: justify\"><img loading=\"lazy\" decoding=\"async\" src=\"https:\/\/em.wattpad.com\/6fbf558f46aae2b0304ef61251e43a23987db448\/68747470733a2f2f73332e616d617a6f6e6177732e636f6d2f776174747061642d6d656469612d736572766963652f53746f7279496d6167652f65595a4679633641725f595a5f513d3d2d3432322e313464646438306362613839386432323733313330313035393738392e676966\" width=\"400\" height=\"200\" \/>Voy a hablaros\u00a0sobre dos sagas que han tenido gran popularidad, la saga de pel\u00edculas de\u00a0<strong>Los Minion<\/strong>,\u00a0y la saga de <strong>Gru,\u00a0mi villano favorito<\/strong>\u00a0en ambos casos hablar\u00e9 de su banda sonora.<\/p>\n<ul>\n<li><strong>Saga de pel\u00edculas: Los Minions.<\/strong><\/li>\n<\/ul>\n<p><img loading=\"lazy\" decoding=\"async\" class=\"alignright\" src=\"https:\/\/es.web.img3.acsta.net\/pictures\/15\/02\/04\/12\/29\/183973.jpg\" width=\"200\" height=\"296\" \/><\/p>\n<p>La primera pel\u00edcula de la saga se estren\u00f3 en julio de 2015. Sus directores son <strong>Pierre Coffin<\/strong> y <strong>Kyle Balda<\/strong>.<\/p>\n<p><span style=\"font-family: arial, helvetica, sans-serif\">\u00a0<sub><img loading=\"lazy\" decoding=\"async\" src=\"https:\/\/www4.pictures.zimbio.com\/gi\/Pierre+Coffin+Premiere+Universal+Pictures+WfYV1Q1tPynl.jpg\" width=\"220\" height=\"150\" \/><\/sub><\/span><\/p>\n<p style=\"text-align: justify\"><span style=\"font-family: arial, helvetica, sans-serif\">La pel\u00edcula \u00a0es estadounidense, y su g\u00e9nero es la comedia. Ha recibido muy buenas cr\u00edticas, y la trama tiene como protagonistas a Los Minions, unos\u00a0organismos amarillos unicelulares que evolucionaron a trav\u00e9s del tiempo,\u00a0poni\u00e9ndose siempre al servicio de los amos m\u00e1s despreciables.\u00a0Entonces, deciden emprender un viaje para conseguir una nueva jefa a quien servir.<\/span><\/p>\n<p style=\"text-align: justify\"><span style=\"font-family: arial, helvetica, sans-serif\"><img loading=\"lazy\" decoding=\"async\" src=\"https:\/\/asturscore.com\/wp-content\/uploads\/2016\/06\/Heitor-Pereira.jpg\" width=\"220\" height=\"150\" \/> La <strong>banda sonora<\/strong> est\u00e1 compuesta po<\/span>r <strong>Heitor Pereira, <\/strong>el\u00a0compositor aplica una desenfrenada banda sonora sinf\u00f3nica, adecuada a esos traviesos personajes.<\/p>\n\n<!-- iframe plugin v.6.0 wordpress.org\/plugins\/iframe\/ -->\n<iframe loading=\"lazy\" width=\"560\" height=\"315\" src=\"https:\/\/www.youtube.com\/embed\/sjmXP7ob6wI\" scrolling=\"yes\" class=\"iframe-class\" frameborder=\"0\"><\/iframe>\n\n<p>&#8211; <strong>Minions: El origen de Gru.<img loading=\"lazy\" decoding=\"async\" class=\"alignright\" src=\"https:\/\/encrypted-tbn3.gstatic.com\/images?q=tbn:ANd9GcSstyN1_KkleU06pFzCU1eX2DnLVdYSkeXmEJbqhYOGHB5nUUQ1\" width=\"199\" height=\"315\" \/><\/strong><\/p>\n<p style=\"text-align: justify\"><span style=\"font-family: arial, helvetica, sans-serif\">La pel\u00edcula n\u00famero 2 est\u00e1 pendiente de estreno, que est\u00e1 \u00a0previsto para el 10 de julio de 2020. Su director es <strong>Kyle Balda<\/strong>.\u00a0Y cuenta con la participaci\u00f3n de actores conocidos como\u00a0 <strong>Steve Carell<\/strong>.<\/span><\/p>\n<p>&nbsp;<\/p>\n<ul>\n<li><span style=\"font-family: arial, helvetica, sans-serif\"><strong>Saga de pel\u00edculas: Gru, mi villano favorito.<\/strong><\/span><\/li>\n<\/ul>\n<p style=\"text-align: justify\"><span style=\"font-family: arial, helvetica, sans-serif\">Esta saga consta de <strong>4 pel\u00edculas<\/strong>, 3 de ellas estrenadas y una en preestreno. Todas ellas pertenecen al genero de la comedia, y su pa\u00eds de origen es Estados Unidos.<\/span><\/p>\n<p><img loading=\"lazy\" decoding=\"async\" src=\"https:\/\/images-na.ssl-images-amazon.com\/images\/I\/91N7P7WKONL._SL1500_.jpg\" width=\"250\" height=\"250\" \/><\/p>\n<p><strong>&#8211; Gru mi villano favorito 1<\/strong><\/p>\n<p style=\"text-align: justify\"><span style=\"font-family: arial, helvetica, sans-serif\">Esta es la primera pel\u00edcula de la saga que se estren\u00f3 en 2010. Sus directores son <strong>Pierre Coffin<\/strong> y<strong> Chris Renaud.<\/strong>\u00a0<img loading=\"lazy\" decoding=\"async\" class=\"alignleft\" src=\"https:\/\/m.media-amazon.com\/images\/M\/MV5BMTg5OTM2NTk5Ml5BMl5BanBnXkFtZTgwMTIwMjczNjE@._V1_SY1000_SX1500_AL_.jpg\" width=\"220\" height=\"150\" \/><\/span><\/p>\n<p style=\"text-align: justify\"><span style=\"font-family: arial, helvetica, sans-serif\">La pel\u00edcula trata sobre un villano llamado Gru, que intenta robar la luna con ayuda de Los Minions. Por el camino se encuentra con tres hu\u00e9rfanas, y hay se har\u00e1 realidad su mayor temor: ser padre.<\/span><\/p>\n<p style=\"text-align: justify\"><span style=\"font-family: arial, helvetica, sans-serif\"><img loading=\"lazy\" decoding=\"async\" class=\"alignright\" src=\"https:\/\/es.web.img3.acsta.net\/pictures\/14\/04\/30\/09\/42\/037008.jpg\" width=\"196\" height=\"294\" \/><\/span><\/p>\n<p style=\"text-align: justify\"><span style=\"font-family: arial, helvetica, sans-serif\">La <strong>banda sonora<\/strong> est\u00e1 compuesta de nuevo por <strong>Heitor Pereira<\/strong>, en colaboraci\u00f3n con el rapero <strong>Pharrell Williams<\/strong>.<\/span><\/p>\n<p style=\"text-align: justify\"><span style=\"font-family: arial, helvetica, sans-serif\">La canci\u00f3n que he seleccionado est\u00e1 interpretada por el rapero y transmite suspense y alegr\u00eda.<\/span><\/p>\n\n<!-- iframe plugin v.6.0 wordpress.org\/plugins\/iframe\/ -->\n<iframe loading=\"lazy\" width=\"560\" height=\"315\" src=\"https:\/\/www.youtube.com\/embed\/axbUCR1nKRA\" scrolling=\"yes\" class=\"iframe-class\" frameborder=\"0\"><\/iframe>\n\n<p style=\"text-align: justify\"><span style=\"font-family: arial, helvetica, sans-serif\">\u00a0<\/span><\/p>\n<p style=\"text-align: justify\"><span style=\"font-family: arial, helvetica, sans-serif\">\u00a0<\/span><\/p>\n<p style=\"text-align: justify\"><span style=\"font-family: arial, helvetica, sans-serif\"><strong>&#8211; Gru mi villano favorito 2<\/strong><\/span><\/p>\n<p style=\"text-align: justify\"><span style=\"font-family: arial, helvetica, sans-serif\">Sus directores son\u00a0\u00a0<strong>Pierre Coffin <\/strong>y <strong>Chris Renaud<\/strong>. Se estreno en\u00a0julio de 2013. <img loading=\"lazy\" decoding=\"async\" class=\"alignright\" src=\"https:\/\/encrypted-tbn3.gstatic.com\/images?q=tbn:ANd9GcSLfEuSAhsdU7sZLHcJeOjfqwrZzPCv7VbR7rV0yyiFnWUa2Gch\" width=\"198\" height=\"298\" \/>En esta segunda entrega, el incansable y emprendedor Gru, ha dejado atr\u00e1s\u00a0una vida dedicada a las fechor\u00edas\u00a0para criar a Margo, Edith y Agnes, y dispone de mucho tiempo libre para disfrutarlo con ellas, el Dr. Nefario y los Minions.<\/span><\/p>\n<p style=\"text-align: justify\"><span style=\"font-family: arial, helvetica, sans-serif\">\u00a0<\/span><\/p>\n<p style=\"text-align: justify\"><span style=\"font-family: arial, helvetica, sans-serif\">De nuevo la banda sonora est\u00e1 a cargo de <strong>Heitor Pereira<\/strong>.\u00a0\u00a0La canci\u00f3n que he seleccionado es el super\u00e9xito,\u201c<em>Happy\u201d de\u00a0<\/em><strong>Pharrell Williams<\/strong>, me\u00a0parece una m\u00fasica perfecta para empezar el d\u00eda con alegr\u00eda.<\/span><\/p>\n\n<!-- iframe plugin v.6.0 wordpress.org\/plugins\/iframe\/ -->\n<iframe loading=\"lazy\" width=\"560\" height=\"315\" src=\"https:\/\/www.youtube.com\/embed\/JOeGwToOtWk\" 0=\"frameborder=&quot;\" scrolling=\"yes\" class=\"iframe-class\" frameborder=\"0\"><\/iframe>\n\n<p><strong> &#8211; <span style=\"font-family: arial, helvetica, sans-serif\">Gru mi villano favorito 3<\/span><\/strong><\/p>\n<p><span style=\"font-family: arial, helvetica, sans-serif\">Sus directores son de nuevo\u00a0<strong>Pierre Coffin<\/strong> y <strong>Kyle Balda<\/strong>. Se estren\u00f3 en junio de 2017.<\/span><\/p>\n<p style=\"text-align: justify\"><span style=\"font-family: arial, helvetica, sans-serif\">Gru ahora trabaja capturando villanos, pero fracasa y es despedido. Poco despu\u00e9s descubre que tiene un hermano, Dru, y juntos se enfrentan a un villano que pretende robar un diamante y destruir Hollywood.<\/span><\/p>\n<p><span style=\"font-family: arial, helvetica, sans-serif\"><img loading=\"lazy\" decoding=\"async\" class=\"alignright\" src=\"https:\/\/encrypted-tbn1.gstatic.com\/images?q=tbn:ANd9GcSNulvN9E-WJSy_JF_q7_GXfKQiuHgc-eh0jqiEAOMc7Jod9qSP\" width=\"200\" height=\"288\" \/><\/span><\/p>\n<p><span style=\"font-family: arial, helvetica, sans-serif\"><strong>Pharrell Williams<\/strong>\u00a0es el autor de la <strong>banda sonora<\/strong>.<img loading=\"lazy\" decoding=\"async\" src=\"https:\/\/img.okezone.com\/content\/2017\/06\/13\/206\/1714686\/yellow-light-lagu-pharrell-williams-untuk-soundtrack-despicable-me-3-Z8FrP5tGyF.jpg\" width=\"220\" height=\"150\" \/><\/span><\/p>\n<p style=\"text-align: justify\"><span style=\"font-family: arial, helvetica, sans-serif\">La canci\u00f3n principal de esta pel\u00edcula esta compuesta por<strong>\u00a0 Alvaro Soler<\/strong> \u00a0y el grupo <strong>Morat<\/strong>.\u00a0<img loading=\"lazy\" decoding=\"async\" src=\"https:\/\/www.lachicuela.com\/base05\/2017\/06\/image00dgdg-696x392.jpg\" width=\"220\" height=\"150\" \/>\u00a0Esta canci\u00f3n me transmite optimismo.<\/span><\/p>\n\n<!-- iframe plugin v.6.0 wordpress.org\/plugins\/iframe\/ -->\n<iframe loading=\"lazy\" width=\"560\" height=\"315\" src=\"https:\/\/www.youtube.com\/embed\/3SC0Ze4ta9o\" scrolling=\"yes\" class=\"iframe-class\" frameborder=\"0\"><\/iframe>\n\n<p><span style=\"font-family: arial, helvetica, sans-serif\"><strong>&#8211; Gru mi villano favorito 4<\/strong><\/span><\/p>\n<p><span style=\"font-family: arial, helvetica, sans-serif\">El estreno de esta pel\u00edcula esta previsto para el\u00a0 \u00a03 de julio de 2020. Su director es <strong>Kyle Balda<\/strong>.<\/span><\/p>\n<p><img loading=\"lazy\" decoding=\"async\" class=\"\" src=\"https:\/\/i.pinimg.com\/originals\/8b\/24\/2e\/8b242e4e60ab6ec78def0a21caadd8c0.gif\" width=\"303\" height=\"137\" \/><\/p>\n<p>\u00bfCu\u00e1l es la que mas os ha gustado? Dejadlo en los comentarios.<\/p>\n<p>&nbsp;<\/p>\n","protected":false},"excerpt":{"rendered":"<p>Voy a hablaros\u00a0sobre dos sagas que han tenido gran popularidad, la saga de pel\u00edculas de\u00a0Los Minion,\u00a0y la saga de Gru,\u00a0mi villano favorito\u00a0en ambos casos hablar\u00e9 de su banda sonora. Saga de pel\u00edculas: Los Minions. La primera pel\u00edcula de la saga se estren\u00f3 en julio de 2015. Sus directores son Pierre Coffin y Kyle Balda. \u00a0 [&hellip;]<\/p>\n","protected":false},"author":334,"featured_media":0,"comment_status":"open","ping_status":"open","sticky":false,"template":"","format":"standard","meta":{"footnotes":""},"categories":[3,8,10],"tags":[],"class_list":["post-798","post","type-post","status-publish","format-standard","hentry","category-comentamos-una-banda-sonora","category-la-musica-en-el-cine-de-animacion","category-nuestros-trabajos"],"_links":{"self":[{"href":"https:\/\/edublog.educastur.es\/unamusicadecine\/wp-json\/wp\/v2\/posts\/798","targetHints":{"allow":["GET"]}}],"collection":[{"href":"https:\/\/edublog.educastur.es\/unamusicadecine\/wp-json\/wp\/v2\/posts"}],"about":[{"href":"https:\/\/edublog.educastur.es\/unamusicadecine\/wp-json\/wp\/v2\/types\/post"}],"author":[{"embeddable":true,"href":"https:\/\/edublog.educastur.es\/unamusicadecine\/wp-json\/wp\/v2\/users\/334"}],"replies":[{"embeddable":true,"href":"https:\/\/edublog.educastur.es\/unamusicadecine\/wp-json\/wp\/v2\/comments?post=798"}],"version-history":[{"count":3,"href":"https:\/\/edublog.educastur.es\/unamusicadecine\/wp-json\/wp\/v2\/posts\/798\/revisions"}],"predecessor-version":[{"id":2347,"href":"https:\/\/edublog.educastur.es\/unamusicadecine\/wp-json\/wp\/v2\/posts\/798\/revisions\/2347"}],"wp:attachment":[{"href":"https:\/\/edublog.educastur.es\/unamusicadecine\/wp-json\/wp\/v2\/media?parent=798"}],"wp:term":[{"taxonomy":"category","embeddable":true,"href":"https:\/\/edublog.educastur.es\/unamusicadecine\/wp-json\/wp\/v2\/categories?post=798"},{"taxonomy":"post_tag","embeddable":true,"href":"https:\/\/edublog.educastur.es\/unamusicadecine\/wp-json\/wp\/v2\/tags?post=798"}],"curies":[{"name":"wp","href":"https:\/\/api.w.org\/{rel}","templated":true}]}}