{"id":833,"date":"2020-09-30T20:43:29","date_gmt":"2020-09-30T18:43:29","guid":{"rendered":"https:\/\/edublog.educastur.es\/unamusicadecine\/?p=833"},"modified":"2024-05-17T21:37:40","modified_gmt":"2024-05-17T19:37:40","slug":"herramienta-wix-trabajos-de-musica-cine-y-vuestros-grupos-favoritos-curso-2015-16","status":"publish","type":"post","link":"https:\/\/edublog.educastur.es\/unamusicadecine\/2020\/09\/30\/herramienta-wix-trabajos-de-musica-cine-y-vuestros-grupos-favoritos-curso-2015-16\/","title":{"rendered":"Herramienta Wix.Trabajos de m\u00fasica, cine y vuestros grupos favoritos. Curso 2015-16."},"content":{"rendered":"<div id=\"post-426\" class=\"post\">\n<div class=\"entry\">\n<p style=\"text-align: justify\"><span style=\"font-family: arial, helvetica, sans-serif\">Mis alumn@s ya han empezado a hacer trabajos con la <strong>herramienta wix <\/strong>en este curso. Ya sab\u00e9is que en el blog tenemos un post donde aparece un tutorial para poder manejarlo, es muy sencillo y los resultados son fant\u00e1sticos. Por otro lado los temas que aparecen en los wix son cada vez m\u00e1s amplios y mejores: vuestros grupos favoritos, m\u00fasicos y compositores cl\u00e1sicos, bandas sonoras,\u2026 A seguir sorprendi\u00e9ndome!!!!!<\/span><\/p>\n<p style=\"text-align: justify\"><span style=\"font-family: arial, helvetica, sans-serif\"><strong><span style=\"color: #0000ff\">1.Trabajos sobre m\u00fasica y cine.\u00a0<\/span><\/strong>Estos trabajos est\u00e1n todos relacionados \u00a0con el apasionante mundo de la m\u00fasica y el cine.<\/span><\/p>\n<p style=\"text-align: justify\"><img loading=\"lazy\" decoding=\"async\" src=\"http:\/\/www.klaketa.net\/wp-content\/uploads\/2011\/04\/MusicaenelCine.jpg\" width=\"483\" height=\"125\" \/><\/p>\n<ul style=\"text-align: justify\">\n<li>\u00a0\u00a0<strong><span style=\"color: #0000ff\">TRABAJOS REALIZADOS POR ALUMN@S DE\u00a0 4\u00ba DE LA ESO<\/span><\/strong><\/li>\n<\/ul>\n<p style=\"text-align: justify\">&#8211; <strong>A<span style=\"font-family: arial, helvetica, sans-serif\">lberto Iglesias. Autora: Laura Hern\u00e1ndez.\u00a0<\/span><\/strong><span style=\"font-family: arial, helvetica, sans-serif\"> Enhorabuena a Laura por ser la primera alumna en hacer un wix durante este curso. El trabajo ha sido, nada m\u00e1s y nada menos, sobre nuestro compositor de bandas sonoras m\u00e1s internacional, <strong>Alberto Iglesias. <\/strong>A disfrutar del trabajo!!! <strong>\u00a0Pinchad en la \u00a0imagen <\/strong>para verlo.<\/span><\/p>\n<p style=\"text-align: justify\"><a href=\"http:\/\/laurahdezvigil.wix.com\/albertoiglesias\" target=\"_blank\" rel=\"noopener noreferrer\"><img loading=\"lazy\" decoding=\"async\" src=\"http:\/\/i.ytimg.com\/vi\/UuDwxYOAHzM\/maxresdefault.jpg\" width=\"500\" height=\"281\" \/><\/a><\/p>\n<p style=\"text-align: justify\"><strong>&#8211; \u201cLa novia cad\u00e1ver\u201d. Autora: Laura Hdez.\u00a0<\/strong> Magn\u00edfico wix. Laura est\u00e1s imparable!!! Enhorabuena. <strong>Pinchad en la \u00a0imagen\u00a0<\/strong>para verlo.<\/p>\n<p><a href=\"https:\/\/laurahdezvigil.wixsite.com\/corpsebride\"><img loading=\"lazy\" decoding=\"async\" src=\"https:\/\/www.bing.com\/images\/blob?bcid=qJkdpd3nDQkHww\" alt=\"\" width=\"319\" height=\"600\" \/><\/a><\/p>\n<p style=\"text-align: justify\"><a href=\"http:\/\/laurahdezvigil.wix.com\/corpsebride\" target=\"_blank\" rel=\"noopener noreferrer\"><img loading=\"lazy\" decoding=\"async\" src=\"http:\/\/lagranilusion.cinesrenoir.com\/wp-content\/uploads\/2015\/06\/La-novia-cad%C3%A1ver.jpg\" width=\"500\" height=\"281\" \/><\/a><\/p>\n<ul style=\"text-align: justify\">\n<li><strong><span style=\"color: #0000ff\">TRABAJOS REALIZADOS POR ALUMN@S DE\u00a0 2\u00ba DE LA ESO<\/span><\/strong><\/li>\n<\/ul>\n<p style=\"text-align: justify\"><strong><span style=\"color: #0000ff\">1<em>.\u00a0<\/em>Trabajos sobre diferentes estilos de m\u00fasica popular urbana.\u00a0<\/span><\/strong>Sin duda nunca faltan los trabajos sobre los grupos preferidos de l@s alumn@s.<\/p>\n<p style=\"text-align: justify\"><img loading=\"lazy\" decoding=\"async\" src=\"https:\/\/sites.google.com\/site\/wikimusiquem\/_\/rsrc\/1311839852021\/recursos-tic\/mapes-conceptuals\/musica%20popular%20urbana.jpg\" width=\"483\" height=\"125\" \/><\/p>\n<p style=\"text-align: justify\">&#8211; <strong>David Bisbal.<\/strong>\u00a0<strong>Autora: Naiara Fdez. 2\u00ba ESO.<\/strong> Gran trabajo de Naiara sobre el popular cantante espa\u00f1ol. No esperaba menos!!! <strong>\u00a0Pinchad en la \u00a0imagen\u00a0<\/strong>para verlo.<\/p>\n<p style=\"text-align: justify\"><a href=\"http:\/\/naitineo.wix.com\/bisbal\" target=\"_blank\" rel=\"noopener noreferrer\"><img loading=\"lazy\" decoding=\"async\" src=\"https:\/\/encrypted-tbn1.gstatic.com\/images?q=tbn:ANd9GcR4btDI591_HgnEjiG9AygDEuPTWNqaXK0tvhY3HROZq3e7sBmuTg\" width=\"500\" height=\"281\" \/><\/a><\/p>\n<p style=\"text-align: justify\">&#8211; <strong>Melendi<\/strong><strong>.<\/strong>\u00a0<strong>Autor: Adri\u00e1n Sarmiento.\u00a0<\/strong> Adri\u00e1n has hecho un trabajo completo y elaborado. As\u00ed se trabaja. <strong>Pinchad en la \u00a0imagen\u00a0<\/strong>para verlo.<\/p>\n<p style=\"text-align: justify\"><a href=\"http:\/\/abesope.wix.com\/melendi#!blank\/tcvhd\" target=\"_blank\" rel=\"noopener noreferrer\"><img loading=\"lazy\" decoding=\"async\" src=\"http:\/\/articulosdeopinion.net\/wp-content\/uploads\/2013\/08\/melendi.jpg\" width=\"500\" height=\"281\" \/><\/a><\/p>\n<p style=\"text-align: justify\">&#8211;<strong> Sergio Dalma.<\/strong>\u00a0<strong>Autora: Sara Ling Montero. <\/strong>Como siempre Sara has hecho un gran trabajo. <strong>Pinchad en la \u00a0imagen\u00a0<\/strong>para verlo.<\/p>\n<p style=\"text-align: justify\"><a href=\"http:\/\/saralmmti0de.wix.com\/creative-staff-es\" target=\"_blank\" rel=\"noopener noreferrer\"><img loading=\"lazy\" decoding=\"async\" src=\"https:\/\/encrypted-tbn0.gstatic.com\/images?q=tbn:ANd9GcSZI_agP50h9QJKwq_a93yfKLdvgXqOB1JYtDOedjnK3nVbpFZZxQ\" width=\"500\" height=\"281\" border=\"2\" \/><\/a><\/p>\n<p style=\"text-align: justify\">&#8211; <strong>Queen.<\/strong>\u00a0<strong>Autor: Ismael Bueno.<br \/>\n<\/strong><\/p>\n<p style=\"text-align: justify\" align=\"justify\">Excelente wix sobre una m\u00edtica banda de rock, que contaba con uno de los cantantes m\u00e1s carism\u00e1ticos de todos los tiempos. Bravo Ismael.<\/p>\n<p style=\"text-align: justify\" align=\"justify\">\u00a0<strong>Pinchad en la \u00a0imagen\u00a0<\/strong>para verlo.<\/p>\n<p style=\"text-align: justify\" align=\"justify\">\u00a0<a href=\"http:\/\/ismaelbptineo.wix.com\/queen-isma#!blank\/c10fk\" target=\"_blank\" rel=\"noopener noreferrer\"><img loading=\"lazy\" decoding=\"async\" src=\"http:\/\/images2.gazzettaobjects.it\/methode_image\/2014\/09\/19\/Varie\/Foto%20Varie%20-%20Trattate\/Queen_cover%20album%20QUEEN%20FOREVER_m-k08D-U90497770232d0E-620x349@Gazzetta-Web_articolo.jpg?v=201409211220\" width=\"500\" height=\"281\" border=\"1\" \/><\/a><\/p>\n<p style=\"text-align: justify\" align=\"justify\"><strong>&#8211;<\/strong> <strong>Carlos Baute<\/strong>.<strong> Adri\u00e1n Valledor. <\/strong>Muy buen trabajo Adri\u00e1n. Da gusto tener alumnos con tanto inter\u00e9s.<\/p>\n<p style=\"text-align: justify\" align=\"justify\">\u00a0<strong>Pinchad en la imagen.<\/strong><\/p>\n<p style=\"text-align: justify\" align=\"justify\"><a href=\"http:\/\/adrianvalledor2002.wix.com\/cbaute\" target=\"_blank\" rel=\"noopener noreferrer\">\u00a0<img loading=\"lazy\" decoding=\"async\" src=\"http:\/\/img.rtve.es\/v\/1254183\/\" width=\"500\" height=\"281\" \/><\/a><\/p>\n<p style=\"text-align: justify\" align=\"justify\">&#8211;\u00a0<strong>Roxette<\/strong><strong>.<\/strong>\u00a0<strong>Autora: Naiara Fdez.<\/strong>\u00a0Este famoso d\u00fao sueco de pop- rock se merece este magn\u00edfico wix realizado por Naiara, trabajo completo y muy bien realizado, como todos sus trabajos!!!<\/p>\n<p style=\"text-align: justify\" align=\"justify\"><strong>Pinchad en la \u00a0imagen\u00a0<\/strong>para verlo.<\/p>\n<p style=\"text-align: justify\" align=\"justify\"><a href=\"http:\/\/naitineo.wix.com\/roxette#!blank\/c1cb2\" target=\"_blank\" rel=\"noopener noreferrer\">\u00a0<img loading=\"lazy\" decoding=\"async\" src=\"http:\/\/spotlightreport.net\/wp-content\/uploads\/2011\/08\/roxette-banner.jpg\" width=\"500\" height=\"281\" \/><\/a><\/p>\n<p style=\"text-align: justify\">&#8211; <strong>Pereza<\/strong><strong>.<\/strong>\u00a0<strong>Autora: Nerea P\u00e9rez. <\/strong>Como siempre es un placer disfrutar con tus trabajos. <strong>Pinchad en la \u00a0imagen\u00a0<\/strong>para verlo.<\/p>\n<p style=\"text-align: justify\"><a href=\"http:\/\/nerea1402.wix.com\/pereza\" target=\"_blank\" rel=\"noopener noreferrer\"><img loading=\"lazy\" decoding=\"async\" src=\"http:\/\/www.efeeme.com\/wp-content\/uploads\/pereza%2016-06-09-B.jpg\" width=\"500\" height=\"281\" \/><\/a><\/p>\n<ul style=\"text-align: justify\">\n<li>\u00a0<span style=\"color: #0000ff\"><strong>TRABAJOS REALIZADOS POR ALUMN@S DE \u00a03\u00ba TALLER DE M\u00da<\/strong><\/span><strong><span style=\"color: #0000ff\">SICA<\/span><\/strong><\/li>\n<\/ul>\n<p style=\"text-align: justify\">&#8211; \u00a0<strong>The Beatles.\u00a0<\/strong><strong>Autora: Marta Rguez.<\/strong> Muy bien Marta, estupendo e interesante trabajo sobre el cuarteto de Liverpool. Da gusto tener alumnado con tanto inter\u00e9s. <strong>Pinchad en la \u00a0imagen\u00a0<\/strong>para verlo.<\/p>\n<p style=\"text-align: justify\"><a href=\"http:\/\/marogi77.wix.com\/thebeatles\" target=\"_blank\" rel=\"noopener noreferrer\"><img loading=\"lazy\" decoding=\"async\" src=\"https:\/\/static.wixstatic.com\/media\/cbed8a_4810f195e8fe408ea7397f10bdca41bd.jpg\/v1\/fill\/w_934,h_382,al_c,lg_1,q_80\/cbed8a_4810f195e8fe408ea7397f10bdca41bd.jpg\" width=\"500\" height=\"281\" \/><\/a><\/p>\n<p style=\"text-align: justify\">&#8211; <strong>Louis Armstrong.<\/strong>\u00a0<strong>Marta Rguez.<\/strong> Otro gran trabajo de Marta sobre una de las grandes figuras del jazz. Enhorabuena. <strong>Pinchad en la \u00a0imagen\u00a0<\/strong>para verlo.<\/p>\n<p style=\"text-align: justify\"><a href=\"http:\/\/martuki772001.wix.com\/louisarmstrong\" target=\"_blank\" rel=\"noopener noreferrer\"><img loading=\"lazy\" decoding=\"async\" src=\"http:\/\/www.expressnightout.com\/wp-content\/uploads\/2012\/05\/louis.jpg\" width=\"500\" height=\"281\" border=\"1\" \/><\/a><\/p>\n<p style=\"text-align: justify\">&#8211; <strong>Reyes del pop.<\/strong>\u00a0<strong>Marta Rguez. <\/strong>Marta ahora ha trabajado sobre dos grandes del pop.\u00a0 <strong>Pinchad en la \u00a0imagen\u00a0<\/strong>para verlo.<\/p>\n<p style=\"text-align: justify\"><a href=\"http:\/\/martuki772001.wix.com\/michaeljackson\" target=\"_blank\" rel=\"noopener noreferrer\"><img loading=\"lazy\" decoding=\"async\" src=\"http:\/\/1.bp.blogspot.com\/_NDPDSg1yOEs\/TC0a1xAqsHI\/AAAAAAAAAAM\/k6iZ_1Ar3-I\/s400\/madonnaJackson-vi.jpg\" width=\"500\" height=\"281\" \/><\/a><\/p>\n<p style=\"text-align: justify\">&#8211; <strong>Christina Aguilera.<\/strong>\u00a0<strong>Marta Rguez. <\/strong>Marta sigue imparable!!!.\u00a0 <strong>Pinchad en la \u00a0imagen\u00a0<\/strong>para verlo.<\/p>\n<p style=\"text-align: justify\"><a href=\"http:\/\/martuki772001.wix.com\/christina-aguilera\" target=\"_blank\" rel=\"noopener noreferrer\"><img loading=\"lazy\" decoding=\"async\" src=\"http:\/\/www.lightworkerbusiness.com\/wp-content\/uploads\/2013\/12\/Christina-christina-aguilera-6458180-1280-1024.jpg\" width=\"500\" height=\"281\" border=\"1\" \/><\/a><\/p>\n<ul style=\"text-align: justify\">\n<li><span style=\"color: #0000ff\"><strong>TRABAJOS REALIZADOS POR ALUMN@S DE \u00a01\u00ba DE LA ESO<\/strong><\/span><\/li>\n<\/ul>\n<p style=\"text-align: justify\"><strong>&#8211; Ella Fitzgerald.\u00a0<\/strong><strong>Autora: In\u00e9s Garc\u00eda.<\/strong> Enhorabuena \u00a0In\u00e9s por tu estupendo trabajo sobre una de las grandes divas del jazz. A seguir as\u00ed!!! <strong>Pinchad en la \u00a0imagen\u00a0<\/strong>para verlo.<\/p>\n<p style=\"text-align: justify\"><a href=\"http:\/\/inesgarciasen.wix.com\/ella-fitzgerald\" target=\"_blank\" rel=\"noopener noreferrer\"><img loading=\"lazy\" decoding=\"async\" src=\"http:\/\/cps-static.rovicorp.com\/3\/JPG_400\/MI0001\/962\/MI0001962037.jpg?partner=allrovi.com\" width=\"500\" height=\"281\" \/><\/a><\/p>\n<p style=\"text-align: justify\"><strong>&#8211; David Guetta.\u00a0<\/strong><strong>Autor: Pablo Garc\u00eda. <\/strong>Gran trabajo de Pablo sobre un\u00a0 disc jockey que tiene mucho \u00e9xito entre l@s alumn@s. <strong>Pinchad en la \u00a0imagen\u00a0<\/strong>para verlo.<\/p>\n<p style=\"text-align: justify\"><a href=\"http:\/\/pinarneno.wix.com\/eyewear-store-es\" target=\"_blank\" rel=\"noopener noreferrer\"><img loading=\"lazy\" decoding=\"async\" src=\"http:\/\/www.larepublica.ec\/wp-content\/uploads\/2014\/10\/guetta2.png\" width=\"500\" height=\"281\" \/><\/a><\/p>\n<p style=\"text-align: justify\"><strong>&#8211; Nirvana.\u00a0<\/strong><strong>Autora: In\u00e9s Garc\u00eda. <\/strong>In\u00e9s sigues imparable!!! Ahora vamos con un icono del rock alternativo, Curt Cobain. Excelente trabajo. <strong>Pinchad en la \u00a0imagen\u00a0<\/strong>para verlo.<\/p>\n<p style=\"text-align: justify\"><a href=\"http:\/\/inesgarciasen.wix.com\/nirvana\" target=\"_blank\" rel=\"noopener noreferrer\"><img loading=\"lazy\" decoding=\"async\" src=\"http:\/\/www.rtv.org.mx\/radiomas\/wp-content\/uploads\/sites\/6\/2015\/05\/Nirvana.jpg\" width=\"500\" height=\"281\" \/><\/a><\/p>\n<p style=\"text-align: justify\">&#8211; <strong>Christina Aguilera. Autora: Paula Avello. <\/strong>Paula est\u00e1 imparable. Otro estupendo wix, enhorabuena. <strong>Pinchad en la \u00a0imagen\u00a0<\/strong>para verlo.<\/p>\n<p style=\"text-align: justify\"><a href=\"http:\/\/paulaavmar.wix.com\/paula#!blank-2\/cjcv\" target=\"_blank\" rel=\"noopener noreferrer\"><img loading=\"lazy\" decoding=\"async\" src=\"http:\/\/cps-static.rovicorp.com\/3\/JPG_400\/MI0002\/361\/MI0002361211.jpg?partner=allrovi.com\" width=\"500\" height=\"281\" \/><\/a><\/p>\n<p style=\"text-align: justify\">&#8211; <strong>Michael Jackson. Autor: Pelayo M\u00e9ndez. <\/strong>El rey del pop ten\u00eda que tener un wix, y aqu\u00ed lo tenemos. Buen trabajo Pelayo. <strong>Pinchad en la \u00a0imagen\u00a0<\/strong>para verlo.<\/p>\n<p style=\"text-align: justify\"><a href=\"http:\/\/pelayomendez75.wix.com\/misitio-1\" target=\"_blank\" rel=\"noopener noreferrer\"><img loading=\"lazy\" decoding=\"async\" src=\"http:\/\/venturesafrica.com\/wp-content\/uploads\/2015\/06\/MJ-michael-jackson-23901681-1920-1080.jpg\" width=\"500\" height=\"281\" \/><\/a> <strong>\u00a0<\/strong><\/p>\n<p style=\"text-align: justify\"><strong>&#8211;<\/strong><strong>\u00a0David Bowie<\/strong><strong>. Autoras: Paula D\u00edez y Laura Glez. <\/strong>Con \u00e9l naci\u00f3 el glam rock<strong>,<\/strong> nadie como \u00e9l para innovar, el camale\u00f3n de la m\u00fasica que se nos ha ido. Con este estupendo wix Paula y Laura le hacen este merecid\u00edsimo homenaje. <strong>Pinchad en la \u00a0imagen\u00a0<\/strong>para verlo.<\/p>\n<p style=\"text-align: justify\"><a href=\"http:\/\/extraminaa.wix.com\/david-bowie\" target=\"_blank\" rel=\"noopener noreferrer\"><img loading=\"lazy\" decoding=\"async\" src=\"http:\/\/humanities.blogs.ie.edu\/files\/2013\/01\/David_Bowie-06.jpg\" width=\"500\" height=\"281\" \/><\/a> <strong>\u00a0<\/strong><\/p>\n<p style=\"text-align: justify\"><strong>&#8211;<\/strong><strong>\u00a0Joan B\u00e1ez<\/strong><strong>. Autor: Pablo Garc\u00eda.<\/strong>Esta cantautora es un aut\u00e9ntico icono del folk de los 60, y merec\u00eda un wix y un homenaje por ser una mujer luchadora y comprometida con muchas causas humanitarias. Buen trabajo Pablo. <strong>Pinchad en la \u00a0imagen\u00a0<\/strong>para verlo.<\/p>\n<p style=\"text-align: justify\"><a href=\"http:\/\/pinarnenos.wix.com\/misitio-1#!blank-4\/nfiwz\" target=\"_blank\" rel=\"noopener noreferrer\"><img loading=\"lazy\" decoding=\"async\" src=\"https:\/\/i.ytimg.com\/vi\/7oday_Fc-Gc\/hqdefault.jpg\" width=\"500\" height=\"281\" \/><\/a><\/p>\n<p style=\"text-align: justify\">&#8211; <strong>Camar\u00f3n de la Isla. Autora: Eva L\u00f3pez. <\/strong>Otro gran trabajo de Eva, en esta ocasi\u00f3n de uno de nuestros mejores cantaores de flamenco. Estupendo homenaje. <strong>Pinchad en la \u00a0imagen\u00a0<\/strong>para verlo.<\/p>\n<p style=\"text-align: justify\"><a href=\"http:\/\/marloma2002.wix.com\/camarondelaisla\" target=\"_blank\" rel=\"noopener noreferrer\"><img loading=\"lazy\" decoding=\"async\" src=\"http:\/\/s5.postimage.org\/bfit7re7r\/camaron_1.png\" width=\"500\" height=\"281\" \/><\/a><\/p>\n<p style=\"text-align: justify\" align=\"justify\">&#8211; <strong>Adele. Autora: Paula Avello.<\/strong>Paula contin\u00faa haciendo interesantes trabajos sobre grandes voces femeninas de la m\u00fasica, en esta ocasi\u00f3n le toca el turno a una voz especial, potente y dulce a la vez. La impecable voz de Adele la ha convertido en una de las grandes del panorama musical actual. Enhorabuena Paula por todo el esfuerzo invertido en todos tus trabajos.<\/p>\n<p style=\"text-align: justify\" align=\"justify\">\u00a0<strong>Pinchad en la \u00a0imagen.<\/strong><\/p>\n<p style=\"text-align: justify\"><a href=\"http:\/\/paulaavmar.wix.com\/adele-paula\" target=\"_blank\" rel=\"noopener noreferrer\"><img loading=\"lazy\" decoding=\"async\" src=\"http:\/\/cdn01.cdn.justjared.com\/wp-content\/uploads\/headlines\/2015\/10\/adele-hello.jpg\" width=\"500\" height=\"281\" \/><\/a><\/p>\n<p style=\"text-align: justify\" align=\"justify\">\u00a0<strong>&#8211; Soak.\u00a0<\/strong><strong>Autora: In\u00e9s Garc\u00eda. <\/strong>De un veterano de la m\u00fasica a una nueva promesa de 18 a\u00f1os. Esta cantante irlandesa ha irrumpido en la m\u00fasica independiente, alejada de los circuitos comerciales, estaremos atentos a su evoluci\u00f3n!!. Buen trabajo.<br \/>\n<strong>Pinchad en la \u00a0imagen <\/strong>para verlo.<\/p>\n<p style=\"text-align: justify\" align=\"justify\"><a href=\"http:\/\/inesgarciasen.wix.com\/soak\" target=\"_blank\" rel=\"noopener noreferrer\"><img loading=\"lazy\" decoding=\"async\" src=\"https:\/\/i.ytimg.com\/vi\/TXL-SSnCoHo\/maxresdefault.jpg\" width=\"500\" height=\"281\" \/><\/a><\/p>\n<ul style=\"text-align: justify\">\n<li><span style=\"color: #0000ff\"><strong>TRABAJOS REALIZADOS POR ALUMN@S DE \u00a04\u00ba DE LA ESO<\/strong><\/span><\/li>\n<\/ul>\n<p style=\"text-align: justify\">&#8211; <strong>Isabel Pantoja. Autora: Laura Hern\u00e1ndez. <\/strong>Laura ha realizado un trabajo sobre una de las grandes cantantes de copla del panorama espa\u00f1ol. La famosa tonadillera tambi\u00e9n se merece un wix, y adem\u00e1s de una de nuestras expertas. Enhorabuena Laura.\u00a0<strong>Pinchad en la \u00a0imagen.<\/strong><\/p>\n<p style=\"text-align: justify\"><a href=\"http:\/\/laurahdezvigil.wix.com\/isabelpantoja#!blank-3\/lpdaq\" target=\"_blank\" rel=\"noopener noreferrer\"><img loading=\"lazy\" decoding=\"async\" src=\"https:\/\/upload.wikimedia.org\/wikipedia\/en\/4\/49\/Isabel_Pantoja_-_Desde_Andaluc%C3%ADa_-_USA_Edition_-_Frontal_-_CD1.jpg\" width=\"500\" height=\"281\" \/><\/a><\/p>\n<p style=\"text-align: justify\"><span style=\"color: #0000ff\"><strong>3<\/strong><\/span><strong><span style=\"color: #0000ff\">.\u00a0Trabajos relacionados con la historia de la m\u00fasica.\u00a0<\/span><\/strong>En este curso \u00a0los alumnos y alumnas de 2\u00ba de la ESO est\u00e1n muy motivados con la materia de historia de la m\u00fasica y est\u00e1n convirti\u00e9ndose en unos aut\u00e9nticos investigadores, por ello, aqu\u00ed van a ir apareciendo trabajos en relaci\u00f3n con m\u00fasicos, compositores o con otros aspectos relacionados con la historia de la m\u00fasica que estemos viendo en clase. \u00c1nimo y a seguir trabajando as\u00ed de bien.<\/p>\n<ul style=\"text-align: justify\">\n<li><span style=\"color: #0000ff\"><strong>TRABAJOS REALIZADOS POR ALUMN@S DE \u00a02\u00ba DE LA ESO<\/strong><\/span><\/li>\n<\/ul>\n<p style=\"text-align: justify\">&#8211; <strong>Compositores barrocos: Vivaldi, Bach y Haendel.\u00a0<\/strong> <strong>Autora: Nerea P\u00e9rez.<\/strong> En esta ocasi\u00f3n estamos estudiando en clase el Barroco, y Nerea nos acerca al mundo sonoro de este tr\u00edo de ases de la m\u00fasica. Nerea, como siempre, un gran trabajo. <strong>Pinchad en la \u00a0imagen <\/strong>para saber m\u00e1s cosas sobre ellos.<\/p>\n<p style=\"text-align: justify\"><a href=\"http:\/\/nerea1402.wix.com\/musicos-del-barroco\" target=\"_blank\" rel=\"noopener noreferrer\"><img loading=\"lazy\" decoding=\"async\" src=\"http:\/\/1.bp.blogspot.com\/-gm6YnjPvjW4\/UZFMIAmsN0I\/AAAAAAAAAoA\/n8nmWZ1CK4E\/s1600\/barroc+1.jpg\" width=\"500\" height=\"281\" border=\"1\" \/><\/a><\/p>\n<p style=\"text-align: justify\"><strong>\u00a0&#8211; C<\/strong><strong>ompositor del Clasicimo: Joseph Haydn.\u00a0<\/strong>\u00a0<strong>Autoras: Naiara Fdez y Marta Garrido. <\/strong>Hab\u00e9is hecho un magn\u00edfico trabajo sobre uno de los maestros del Clasicismo, al que se consider\u00f3 \u201cel padre de la Sinfon\u00eda\u201d. La elecci\u00f3n de la obra que hab\u00e9is puesto ha sido un acierto puesto que su oratorio \u201cLa Creaci\u00f3n\u201d es una de las obras cumbres dentro del g\u00e9nero. <strong>Pinchad en la imagen<\/strong>\u00a0para conocer a uno de los maestros del Clasicismo.<\/p>\n<p style=\"text-align: justify\"><a href=\"http:\/\/naitineo.wix.com\/haydn\" target=\"_blank\" rel=\"noopener noreferrer\"><img loading=\"lazy\" decoding=\"async\" src=\"http:\/\/4.bp.blogspot.com\/_ZqpA9NpRmAw\/TQkLLFAZ_MI\/AAAAAAAAACg\/vVdMlm7aVts\/s1600\/DSCF3590.JPG\" width=\"500\" height=\"281\" \/><\/a><\/p>\n<p style=\"text-align: justify\">&#8211;\u00a0<strong>Compositor del Clasicismo: Mozart. Compositor Cl\u00e1sico- Rom\u00e1ntico: Beethoven. Autor: Ismael Bueno. <\/strong>Un buen trabajo el que ha hecho Ismael sobre estos dos grandes genios de la m\u00fasica que hemos estado trabajando en clase. <strong>Pinchad en la imagen <\/strong>para verlo.<\/p>\n<p style=\"text-align: justify\"><a href=\"http:\/\/ismaelbptineo.wix.com\/mozart-y-beethoven#!beethoven-1\/c66t\" target=\"_blank\" rel=\"noopener noreferrer\"><img loading=\"lazy\" decoding=\"async\" src=\"https:\/\/i.ytimg.com\/vi\/c6WN5Fjp0S8\/maxresdefault.jpg\" width=\"500\" height=\"281\" \/><\/a><\/p>\n<p style=\"text-align: justify\">&#8211;\u00a0<strong>Compositor del Romanticismo: F\u00e9lix Mendelssohn. Autora: Naiara Fdez.\u00a0 <\/strong>En esta ocasi\u00f3n le toca el turno a uno de los grandes compositores rom\u00e1nticos, que se hizo c\u00e9lebre por una obra que aparece en el wix, \u201cLa Marcha Nupcial\u201d. Otro gran trabajo de Naiara, que es una especialista en hacer wix. Ya no me quedan adjetivos para describir tus trabajos Naiara, enhorabuena. <strong>Pinchad en la imagen\u00a0<\/strong>para verlo.<\/p>\n<p style=\"text-align: justify\"><a href=\"http:\/\/naitineo.wix.com\/felixmendelssohn\" target=\"_blank\" rel=\"noopener noreferrer\"><img loading=\"lazy\" decoding=\"async\" src=\"http:\/\/3.bp.blogspot.com\/-R3DOvMF5lCU\/UQ573ZD5XHI\/AAAAAAAAGUM\/2BwLvi6-pRQ\/s1600\/men+18.bmp\" width=\"500\" height=\"281\" border=\"1\" \/><\/a><\/p>\n<p style=\"text-align: justify\" align=\"justify\">\u00a0&#8211;\u00a0<strong>Compositor del Romanticismo espa\u00f1ol: <\/strong><strong>Tom\u00e1s Bret\u00f3n.\u00a0<\/strong>\u00a0<strong>Autor: Adri\u00e1n Valledor. <\/strong>Buen trabajo de Adri\u00e1n, que nos acerca a un compositor espa\u00f1ol que fue responsable de una\u00a0de las obras cumbre de la zarzuela, <em>\u201cLa verbena de la Paloma\u201d<\/em>. <strong>Pinchad en la imagen\u00a0<\/strong>para verlo.<\/p>\n<p style=\"text-align: justify\"><a href=\"http:\/\/alexiagarciabueno.wix.com\/tomasbetron#!blank-1\/cjg9\" target=\"_blank\" rel=\"noopener noreferrer\"><img loading=\"lazy\" decoding=\"async\" src=\"http:\/\/2.bp.blogspot.com\/-O85oqy8bf7E\/USFCgRuGvcI\/AAAAAAAACgU\/st5okfQ6ghk\/s1600\/escanear0473.jpg\" width=\"500\" height=\"281\" border=\"3\" \/><\/a><\/p>\n<p style=\"text-align: justify\">&#8211;\u00a0<strong>Compositor del Romanticismo:\u00a0<\/strong><strong>Fr\u00e9d\u00e9ric Chopin.\u00a0<\/strong>\u00a0<strong>Autora: Nerea P\u00e9rez. <\/strong>Estupendo \u00a0wix de Nerea \u00a0sobre este compositor y virtuoso pianista, de origen polaco-franc\u00e9s, considerado uno de los autores m\u00e1s \u00a0importantes del Romanticismo musical. Buen trabajo.\u00a0<strong>Pinchad en la imagen\u00a0<\/strong>para verlo.<\/p>\n<p style=\"text-align: justify\"><a href=\"http:\/\/nerea1402.wix.com\/chopin\" target=\"_blank\" rel=\"noopener noreferrer\"><img loading=\"lazy\" decoding=\"async\" src=\"http:\/\/2.bp.blogspot.com\/-0dddcCcjJg0\/UOQlGTwGjMI\/AAAAAAAAAMI\/GBMlaCPTE0M\/s1600\/chopin_header.jpg\" width=\"500\" height=\"281\" \/><\/a><\/p>\n<p style=\"text-align: justify\">&#8211;\u00a0<strong>Nacionalismo ruso:\u00a0<\/strong><strong>el Grupo De Los Cinco.\u00a0<\/strong>\u00a0<strong>Autora: Nerea P\u00e9rez. <\/strong>Interesante trabajo, realizado de nuevo por Nerea, sobre un grupo de cinco m\u00fasicos rusos que\u00a0se form\u00f3 en San Petersburgo, alrededor de 1860, con el prop\u00f3sito de ser fieles al patrimonio musical tradicional.\u00a0<strong>Pinchad en la imagen\u00a0<\/strong>para saber m\u00e1s cosas sobre ellos. Excelente Nerea.<\/p>\n<p style=\"text-align: justify\"><a href=\"http:\/\/nerea1402.wix.com\/los5\" target=\"_blank\" rel=\"noopener noreferrer\"><img loading=\"lazy\" decoding=\"async\" src=\"http:\/\/images.slideplayer.es\/11\/3218708\/slides\/slide_3.jpg\" width=\"500\" height=\"281\" \/><\/a><\/p>\n<ul style=\"text-align: justify\">\n<li><strong><span style=\"color: #0000ff\">TRABAJOS REALIZADOS POR ALUMN@S DE\u00a0 1\u00ba DE LA ESO<\/span><\/strong><\/li>\n<\/ul>\n<p style=\"text-align: justify\"><strong>&#8211; Jacques Offenbach.\u00a0<\/strong><strong>Autora: In\u00e9s Garc\u00eda.\u00a0 <\/strong>In\u00e9s ha inaugurado los trabajos sobre historia de la m\u00fasica en 1\u00ba de ESO, y como siempre, ha hecho otro gran trabajo. Lo m\u00e1s importante, es que In\u00e9s siempre est\u00e1 sorprendi\u00e9ndonos con sus elecciones, originales y diferentes. En esta ocasi\u00f3n has elegido un m\u00fasico rom\u00e1ntico que se hizo popular gracias a su Barcarola \u201cBelle nuit\u201d, una obra que ha aparecido en muchas pel\u00edculas como en \u201cLa vida es bella\u201d. Como dato curioso hay que decir que el primero que hizo una versi\u00f3n de la barcarola para el cine fue Elvis Presley, as\u00ed que puedes investigar para tu exposici\u00f3n sobre ello. Enhorabuena In\u00e9s!!. Como siempre <strong>pinchad <\/strong>en la imagen para verlo.<\/p>\n<p style=\"text-align: justify\"><a href=\"http:\/\/inesgarciasen.wix.com\/offenbach\" target=\"_blank\" rel=\"noopener noreferrer\"><img loading=\"lazy\" decoding=\"async\" src=\"http:\/\/image.slidesharecdn.com\/fzavm0music0offenbachjaquesoffenbachbiografia-090305112130-phpapp02\/95\/offenbach-biografia-1-638.jpg?cb=1422648871\" width=\"500\" height=\"281\" \/><\/a><\/p>\n<\/div>\n<\/div>\n<div id=\"sidebar\">\n<div>\n<div id=\"links\" class=\"widget widget_links\">\n<p style=\"text-align: justify\">\n<\/div>\n<\/div>\n<\/div>\n","protected":false},"excerpt":{"rendered":"<p>Mis alumn@s ya han empezado a hacer trabajos con la herramienta wix en este curso. Ya sab\u00e9is que en el blog tenemos un post donde aparece un tutorial para poder manejarlo, es muy sencillo y los resultados son fant\u00e1sticos. Por otro lado los temas que aparecen en los wix son cada vez m\u00e1s amplios y [&hellip;]<\/p>\n","protected":false},"author":334,"featured_media":0,"comment_status":"open","ping_status":"open","sticky":false,"template":"","format":"standard","meta":{"footnotes":""},"categories":[10],"tags":[],"class_list":["post-833","post","type-post","status-publish","format-standard","hentry","category-nuestros-trabajos"],"_links":{"self":[{"href":"https:\/\/edublog.educastur.es\/unamusicadecine\/wp-json\/wp\/v2\/posts\/833","targetHints":{"allow":["GET"]}}],"collection":[{"href":"https:\/\/edublog.educastur.es\/unamusicadecine\/wp-json\/wp\/v2\/posts"}],"about":[{"href":"https:\/\/edublog.educastur.es\/unamusicadecine\/wp-json\/wp\/v2\/types\/post"}],"author":[{"embeddable":true,"href":"https:\/\/edublog.educastur.es\/unamusicadecine\/wp-json\/wp\/v2\/users\/334"}],"replies":[{"embeddable":true,"href":"https:\/\/edublog.educastur.es\/unamusicadecine\/wp-json\/wp\/v2\/comments?post=833"}],"version-history":[{"count":4,"href":"https:\/\/edublog.educastur.es\/unamusicadecine\/wp-json\/wp\/v2\/posts\/833\/revisions"}],"predecessor-version":[{"id":8640,"href":"https:\/\/edublog.educastur.es\/unamusicadecine\/wp-json\/wp\/v2\/posts\/833\/revisions\/8640"}],"wp:attachment":[{"href":"https:\/\/edublog.educastur.es\/unamusicadecine\/wp-json\/wp\/v2\/media?parent=833"}],"wp:term":[{"taxonomy":"category","embeddable":true,"href":"https:\/\/edublog.educastur.es\/unamusicadecine\/wp-json\/wp\/v2\/categories?post=833"},{"taxonomy":"post_tag","embeddable":true,"href":"https:\/\/edublog.educastur.es\/unamusicadecine\/wp-json\/wp\/v2\/tags?post=833"}],"curies":[{"name":"wp","href":"https:\/\/api.w.org\/{rel}","templated":true}]}}