{"id":835,"date":"2020-09-30T20:46:24","date_gmt":"2020-09-30T18:46:24","guid":{"rendered":"https:\/\/edublog.educastur.es\/unamusicadecine\/?p=835"},"modified":"2020-09-30T20:46:39","modified_gmt":"2020-09-30T18:46:39","slug":"herramienta-wix-trabajos-de-musica-cine-y-vuestros-grupos-favoritos-curso-206-17","status":"publish","type":"post","link":"https:\/\/edublog.educastur.es\/unamusicadecine\/2020\/09\/30\/herramienta-wix-trabajos-de-musica-cine-y-vuestros-grupos-favoritos-curso-206-17\/","title":{"rendered":"Herramienta Wix.Trabajos de m\u00fasica, cine y vuestros grupos favoritos. Curso 206-17."},"content":{"rendered":"<p align=\"justify\">Empezamos ya con los trabajos de mis alumn@s con una de las herramientas inform\u00e1ticas m\u00e1s usadas en el blog, la herramienta 2.0 <strong>wix<\/strong>. Ya sab\u00e9is que\u00a0 tenemos un post donde aparece un tutorial para poder manejarlo, es muy sencillo y los resultados son fant\u00e1sticos, no me cansar\u00e9 de recomendarlo para las presentaciones de vuestros trabajos.<\/p>\n<p align=\"justify\">Los temas que aparecen en los wix son muy variados: vuestros grupos favoritos, m\u00fasicos y compositores cl\u00e1sicos, bandas sonoras,\u2026<\/p>\n<p align=\"justify\">Espero que este curso sig\u00e1is sorprendi\u00e9ndome con vuestros estupendos trabajos.<\/p>\n<p><img loading=\"lazy\" decoding=\"async\" src=\"https:\/\/sites.google.com\/site\/wikimusiquem\/_\/rsrc\/1311839852021\/recursos-tic\/mapes-conceptuals\/musica%20popular%20urbana.jpg\" width=\"483\" height=\"125\" \/><\/p>\n<p><strong><span style=\"color: #0000ff\"><em>1.\u00a0<\/em>Trabajos sobre diferentes estilos de m\u00fasica popular urbana.\u00a0<\/span><\/strong>Sin duda nunca pueden faltar los trabajos sobre los grupos preferidos de l@s alumn@s. Para verlos solo ten\u00e9is que <strong>pinchar en cada imagen<\/strong>.<\/p>\n<ul>\n<li>\u00a0<strong><span style=\"color: #0000ff\">TRABAJOS REALIZADOS POR ALUMN@S DE\u00a0 2\u00ba DE LA ESO.<\/span><\/strong><\/li>\n<\/ul>\n<p><strong>\u00a0&#8211;<\/strong> <strong>Meghan<\/strong> <strong>Trainor<\/strong>. <strong>Autora<\/strong>: <strong>Paula Avello. 2\u00baB. <\/strong>Un gran trabajo de Paula, que ya es experta en el manejo de esta herramienta, sobre esta exitosa cantante norteamericana. Enhorabuena.<\/p>\n<p><a href=\"http:\/\/paulaavmar.wixsite.com\/meghan---paula\" target=\"_blank\" rel=\"noopener noreferrer\"><img loading=\"lazy\" decoding=\"async\" src=\"http:\/\/star1025.com\/wp-content\/blogs.dir\/23\/files\/2015\/01\/MeghanTrainor_DL-620x400.jpg\" width=\"500\" height=\"281\" \/><\/a><\/p>\n<p><strong>&#8211;<\/strong> <strong>Melendi<\/strong>. <strong>Autora<\/strong>: <strong>Mar\u00eda Fdez y Laura Glez. 2\u00baB. <\/strong>Sin duda, no puede faltar todos los a\u00f1os un trabajo de este cantante asturiano. Su combinaci\u00f3n entre el pop y la rumba entusiasma a l@s adolescentes. Buen trabajo.<\/p>\n<p align=\"justify\"><a href=\"http:\/\/extraminaa.wixsite.com\/melendi\" target=\"_blank\" rel=\"noopener noreferrer\"><img loading=\"lazy\" decoding=\"async\" src=\"http:\/\/img.actualidadmusica.com\/wp-content\/uploads\/2016\/03\/Melendi-gira.jpeg\" width=\"500\" height=\"281\" \/><\/a><\/p>\n<p align=\"justify\">\u00a0&#8211; <strong>Lukas Graham. Autor: David Garc\u00eda. 2\u00baB.\u00a0<\/strong>Buen trabajo de David sobre esta banda de pop-soul danes cuyo vocalista y lider es <em>Lukas Graham.<\/em><\/p>\n<p align=\"justify\">\u00a0<a href=\"http:\/\/gaujo1.wixsite.com\/misitio-1\" target=\"_blank\" rel=\"noopener noreferrer\"><img loading=\"lazy\" decoding=\"async\" src=\"https:\/\/2.bp.blogspot.com\/-Iy4hwsdzf6I\/VvRrhpWaUwI\/AAAAAAAAVTA\/Bu2Lp8eZ8dQF9vC4S4BSKmb2j-O4_-pJQ\/s1600\/lukas2.jpg\" width=\"500\" height=\"281\" \/><\/a><\/p>\n<p align=\"justify\"><strong>&#8211; Twenty One Pilots<\/strong>. <strong>Autora: In\u00e9s Garc\u00eda<\/strong><strong>. 2\u00baB. <\/strong>In\u00e9s en esta ocasi\u00f3n ha investigado sobre este d\u00fao de pop-alternativo originario de Columbus. Ya son tantos trabajos y tan bien hechos, que me quedo sin palabras; por no hablar de las estupendas exposiciones. \u00a1No dejes de sorprenderme! Enhorabuena In\u00e9s.<\/p>\n<p align=\"justify\"><a href=\"http:\/\/inesgarciasen.wixsite.com\/twentyonepilots\" target=\"_blank\" rel=\"noopener noreferrer\"><img loading=\"lazy\" decoding=\"async\" src=\"http:\/\/www.braintocrush.com\/wp-content\/uploads\/2016\/09\/TOP1.jpg\" width=\"500\" height=\"281\" \/><\/a><\/p>\n<p align=\"justify\">\u00a0&#8211; <strong>Vanesa Mart\u00edn. <\/strong><strong>Autora: Eva L\u00f3pez. 2\u00baB. <\/strong>Otro gran trabajo de Eva sobre Vanesa Mart\u00edn, esta joven malague\u00f1a se ha convertido en una de las cantantes-compositoras m\u00e1s admiradas del panorama de la m\u00fasica en espa\u00f1ol de los \u00faltimos a\u00f1os. Enhorabuena.<\/p>\n<p align=\"justify\"><a href=\"http:\/\/marloma2002.wixsite.com\/vanesamartin\" target=\"_blank\" rel=\"noopener noreferrer\"><img loading=\"lazy\" decoding=\"async\" src=\"http:\/\/www.fibes.es\/wp-content\/uploads\/2014\/06\/foto-VM-enviar.jpg\" width=\"500\" height=\"281\" \/><\/a><\/p>\n<p align=\"justify\">\u00a0<strong>&#8211; Macklemore &amp; Ryan Lewis<\/strong>. <strong>Autora: In\u00e9s Garc\u00eda<\/strong><strong>. 2\u00baB. <\/strong>In\u00e9s ha hecho otro gran trabajo, en esta ocasi\u00f3n sobre este d\u00fao musical que fusiona hip hop y m\u00fasica electr\u00f3nica, con letras divertidas y desenfadadas. Enhorabuena.<\/p>\n<p align=\"justify\"><a href=\"http:\/\/inesgarciasen.wixsite.com\/macklemorenryanlewis\" target=\"_blank\" rel=\"noopener noreferrer\"><img loading=\"lazy\" decoding=\"async\" src=\"http:\/\/instreamentals.com\/wp-content\/uploads\/2016\/05\/01-Macklemore-Ryan-Lewis-Dance-Off-Instrumental-mp3-image.jpg\" width=\"500\" height=\"281\" \/><\/a><\/p>\n<p align=\"justify\">\u00a0 <strong>&#8211; Sia<\/strong>. <strong>Autoras: <\/strong><strong>Paula D\u00edez y Laura Gonz\u00e1lez.<\/strong> <strong>2\u00baB. <\/strong>Esta cantante y compositora australiana salt\u00f3 a la fama por ser la compositora de canciones como <em>Diamonds<\/em> o <em>Umbrella<\/em> para Rihanna, aunque en la actualidad brilla con luz propia. Antidiva y exc\u00e9ntrica, vamos a conocerla un poco m\u00e1s gracias al buen trabajo de Paula y Laura.<\/p>\n<p><a href=\"http:\/\/extraminaa.wixsite.com\/misitio-1\" target=\"_blank\" rel=\"noopener noreferrer\"><img loading=\"lazy\" decoding=\"async\" src=\"http:\/\/www.theburningear.com\/media\/2009\/11\/sia-289x300.jpg\" width=\"500\" height=\"281\" border=\"1\" \/><\/a><\/p>\n<p><strong>&#8211; Bruce Spreenstein. Autor: Pablo Garc\u00eda. 2\u00baB.\u00a0<\/strong>Pablo siempre escoge a grandes bandas o artistas, y en este caso, ha elegido a Spreenstein, conocido como The Boss, con este apodo queda todo dicho, grande!!!. Buena elecci\u00f3n Pablo.<\/p>\n<p><a href=\"https:\/\/pablotineo3.wixsite.com\/misitio\" target=\"_blank\" rel=\"noopener noreferrer\"><img loading=\"lazy\" decoding=\"async\" src=\"http:\/\/resources0.news.com.au\/images\/2011\/01\/22\/1225992\/923036-the-boss.jpg\" width=\"500\" height=\"281\" \/><\/a><\/p>\n<ul>\n<li><strong>Shawn Mendes: Autora: Paula Avello. 2\u00baB.<\/strong><\/li>\n<\/ul>\n<p><a href=\"https:\/\/paulaavmar.wixsite.com\/paulas-trabajo\/diiscografia\" target=\"_blank\" rel=\"noopener noreferrer\"><img loading=\"lazy\" decoding=\"async\" src=\"http:\/\/static3.prensacorazon.com\/wp-content\/uploads\/2014\/09\/shawn-mendes-biografia-portada-ep.jpg\" width=\"500\" height=\"281\" border=\"3\" \/><\/a><\/p>\n<ul>\n<li>\u00a0 <strong><span style=\"color: #0000ff\">TRABAJOS REALIZADOS POR ALUMN@S DE\u00a0 1\u00ba DE LA ESO.<\/span><\/strong><\/li>\n<\/ul>\n<p>&#8211; <strong>David Guetta. Autoras: Arancha \u00c1lvarez y Ana G\u00f3mez<\/strong><strong>. 1\u00baB. <\/strong>Llegan los primeros trabajos de los alumnos de primero, y comienzan por un disc jockey que gusta mucho a mis alumn@s. Hab\u00e9is hecho un buen trabajo. A seguir as\u00ed!!<\/p>\n<p><a href=\"http:\/\/anagmti.wixsite.com\/misitio\" target=\"_blank\" rel=\"noopener noreferrer\"><img loading=\"lazy\" decoding=\"async\" src=\"http:\/\/www.novacidade.com\/wnoticias\/img_noticias\/orla1_david-guetta-ribeirao.jpg\" width=\"500\" height=\"281\" \/><\/a><\/p>\n<p><strong>&#8211; Martin Garrix<\/strong><strong>. Autor: Luis Bueno.\u00a0<\/strong><strong>1\u00baB. <\/strong>Trabajo muy completo de Luis, sobre un DJ y productor neerland\u00e9s muy joven, y que incluye un interesante v\u00eddeo\u00a0sobre <strong>Isao Tomita<\/strong>, un renombrado tecladista y compositor japon\u00e9s de m\u00fasica electr\u00f3nica.\u00a0Buen trabajo.<\/p>\n<p><a href=\"http:\/\/raquelsevillaf.wixsite.com\/luisbuenomgarrix\" target=\"_blank\" rel=\"noopener noreferrer\">\u00a0<img loading=\"lazy\" decoding=\"async\" src=\"http:\/\/gruporivas.com.mx\/wp-content\/uploads\/2016\/07\/Martin-Garrix-martin-garrix-39435389-710-434.jpg\" width=\"500\" height=\"281\" \/><\/a><\/p>\n<p>&#8211; <strong>Anabel Santiago. Autor: Iv\u00e1n Bueno. 1\u00baB. <\/strong>\u00a0Iv\u00e1n nos explica las razones por las que ha realizado este trabajo:\u00a0<strong>\u201c<\/strong>Primero porque la tonada representa la tradici\u00f3n y forma de vida de la Asturias de mis abuelos y antepasados y todos deber\u00edamos interesarnos por conocer nuestra historia , y segundo porque la conozco personalmente y la escuch\u00e9 varias veces\u201d.<\/p>\n<p>Sin duda dos buenas razones, buen trabajo Iv\u00e1n.<\/p>\n<p><a href=\"http:\/\/tamitineo.wixsite.com\/misitio\" target=\"_blank\" rel=\"noopener noreferrer\"><img loading=\"lazy\" decoding=\"async\" src=\"http:\/\/www.musikaze.com\/upload\/usrs\/a\/msc_007582\/\/conciertos\/anabel_santiago_54cf.jpg\" width=\"500\" height=\"281\" \/><\/a><\/p>\n<p>&#8211; <strong>Queen. Autor: Manuel \u00c1vila. 1\u00baB. <\/strong>Buen trabajo de Manuel sobre esta m\u00edtica banda de rock brit\u00e1nica, liderada por el gran Freddie Mercury, que por muchos a\u00f1os que pasen, es y siempre ser\u00e1 inimitable.<\/p>\n<p><a href=\"http:\/\/manuavila2004.wixsite.com\/misitio\" target=\"_blank\" rel=\"noopener noreferrer\">\u00a0<img loading=\"lazy\" decoding=\"async\" src=\"http:\/\/www.eboca.com\/ebocame\/wp-content\/uploads\/2014\/11\/queen-band-i14.jpg\" width=\"500\" height=\"281\" \/><\/a><\/p>\n<p><strong>\u00a0&#8211; Pablo L\u00f3pez. Autora: Ana G\u00f3mez. 1\u00baB. \u00a0<\/strong>Este ex-triunfito ha logrado hacerse un hueco en el panorama del pop espa\u00f1ol por m\u00e9ritos propios, y as\u00ed os lo explica Ana, en otro de sus estupendos trabajos, con esta herramienta de la que ya es toda una experta.<\/p>\n<p><a href=\"https:\/\/anagmti.wixsite.com\/misitio-2\" target=\"_blank\" rel=\"noopener noreferrer\"><img loading=\"lazy\" decoding=\"async\" src=\"http:\/\/cadenaser00.epimg.net\/emisora\/imagenes\/2016\/05\/26\/ser_avila\/1464243662_207485_1464243746_noticia_normal.jpg\" width=\"500\" height=\"281\" \/><\/a><\/p>\n<p><img loading=\"lazy\" decoding=\"async\" src=\"https:\/\/yt3.ggpht.com\/-JZnLTu6CCbw\/AAAAAAAAAAI\/AAAAAAAAAAA\/OHD-4N6lnsg\/s900-c-k-no-mo-rj-c0xffffff\/photo.jpg\" width=\"483\" height=\"125\" border=\"1\" \/><\/p>\n<p><span style=\"color: #0000ff\"><strong>2<\/strong><\/span><strong><span style=\"color: #0000ff\">.\u00a0Trabajos de m\u00fasica cl\u00e1sica. <\/span><\/strong>En el blog tambi\u00e9n aparecen trabajos de grandes compositores o int\u00e9rpretes relacionados con la m\u00fasica culta o cl\u00e1sica. Tambi\u00e9n pueden aparecer en este apartado trabajos relacionados con cualquier aspecto sobre\u00a0la\u00a0 historia de la m\u00fasica de los que estamos viendo en clase.<\/p>\n<ul>\n<li>\u00a0<span style=\"color: #0000ff\"><strong>TRABAJOS REALIZADOS POR ALUMN@S DE\u00a0 1\u00ba DE LA ESO<\/strong><\/span><\/li>\n<\/ul>\n<p align=\"justify\">&#8211;\u00a0<strong>Compositor del Romanticismo:\u00a0<\/strong><strong>Fr\u00e9d\u00e9ric Chopin.\u00a0<\/strong><strong>Autor: Pelayo Casero. 1\u00baB.\u00a0<\/strong>Aunque no es lo habitual, han empezado los alumnos de primero a hacer trabajos sobre la historia de la m\u00fasica. Pelayo ha hecho un trabajo muy completo sobre este compositor y virtuoso pianista, de origen polaco-franc\u00e9s, considerado uno de los autores m\u00e1s \u00a0importantes del Romanticismo musical.<\/p>\n<p align=\"justify\">\u00a0<a href=\"http:\/\/pelayocmti04.wixsite.com\/ffchopin\" target=\"_blank\" rel=\"noopener noreferrer\"><img loading=\"lazy\" decoding=\"async\" src=\"http:\/\/2.bp.blogspot.com\/-0dddcCcjJg0\/UOQlGTwGjMI\/AAAAAAAAAMI\/GBMlaCPTE0M\/s1600\/chopin_header.jpg\" width=\"500\" height=\"281\" \/><\/a><\/p>\n<p align=\"justify\">&#8211; \u00a0<strong>Compositor del siglo XX: Yiruma. Autores: Luis Bueno y Pelayo Casero. 1\u00baB. <\/strong>Interesante trabajo sobre este pianista y compositor surcoreano, que tiene un estilo l\u00edrico y rom\u00e1ntico. Buen trabajo de Luis y Pelayo que permite dar a conocer a un pianista reconocido a nivel mundial.<\/p>\n<p align=\"justify\"><a href=\"https:\/\/yolandamf.wixsite.com\/misitio\" target=\"_blank\" rel=\"noopener noreferrer\">\u00a0<img loading=\"lazy\" decoding=\"async\" src=\"https:\/\/i.ytimg.com\/vi\/7BAFtMp8TFo\/maxresdefault.jpg\" width=\"500\" height=\"281\" \/><\/a><\/p>\n<p><strong><span style=\"color: #0000ff\">\u00a0<\/span><\/strong><img loading=\"lazy\" decoding=\"async\" src=\"http:\/\/www.klaketa.net\/wp-content\/uploads\/2011\/04\/MusicaenelCine.jpg\" width=\"483\" height=\"125\" \/><\/p>\n<p><strong><span style=\"color: #0000ff\">3.\u00a0<\/span><\/strong><span style=\"font-family: Lucida Grande, Lucida Sans Unicode, Arial, sans-serif\"><strong><span style=\"color: #0000ff\">Trabajos sobre m\u00fasica y cine<\/span><\/strong>.\u00a0<\/span>Estos trabajos est\u00e1n todos relacionados \u00a0con el apasionante mundo de la m\u00fasica y el cine.<\/p>\n<ul>\n<li>\u00a0\u00a0<strong><span style=\"color: #0000ff\">TRABAJOS REALIZADOS POR ALUMN@S DE \u00a02\u00ba DE LA ESO<\/span><\/strong><\/li>\n<\/ul>\n<p><strong>\u00a0&#8211; Pel\u00edcula: High School Musical<\/strong>.\u00a0<strong>Autora<\/strong>:\u00a0<strong>Paula Avello. 2\u00baB. <\/strong>Paula<strong>\u00a0<\/strong>realiza otro\u00a0estupendo trabajo, en est\u00e1 ocasi\u00f3n\u00a0sobre\u00a0esta popular\u00a0pel\u00edcula juvenil musical estadounidense, que gan\u00f3 siete premios <em>Emmy<\/em>.<\/p>\n<p><a href=\"http:\/\/paulaavmar.wixsite.com\/high-school-musical\" target=\"_blank\" rel=\"noopener noreferrer\">\u00a0<img loading=\"lazy\" decoding=\"async\" src=\"https:\/\/encrypted-tbn0.gstatic.com\/images?q=tbn:ANd9GcSeAsTu5Z9kpTgSFqf_i7sDbyLyNeN6KjJSwfjsynf8pFXwzkie\" width=\"500\" height=\"281\" \/><\/a><\/p>\n<p><img loading=\"lazy\" decoding=\"async\" src=\"http:\/\/www.gifmania.com\/Gif-Animados-Letras-Animadas\/Imagenes-Letras-Teclas-Ordenador\/Letras-Teclados-Ordenador\/simbolo-arroba-teclado-1537.gif\" width=\"200\" height=\"164\" \/><\/p>\n<p>&nbsp;<\/p>\n","protected":false},"excerpt":{"rendered":"<p>Empezamos ya con los trabajos de mis alumn@s con una de las herramientas inform\u00e1ticas m\u00e1s usadas en el blog, la herramienta 2.0 wix. Ya sab\u00e9is que\u00a0 tenemos un post donde aparece un tutorial para poder manejarlo, es muy sencillo y los resultados son fant\u00e1sticos, no me cansar\u00e9 de recomendarlo para las presentaciones de vuestros trabajos. [&hellip;]<\/p>\n","protected":false},"author":334,"featured_media":0,"comment_status":"open","ping_status":"open","sticky":false,"template":"","format":"standard","meta":{"footnotes":""},"categories":[10],"tags":[],"class_list":["post-835","post","type-post","status-publish","format-standard","hentry","category-nuestros-trabajos"],"_links":{"self":[{"href":"https:\/\/edublog.educastur.es\/unamusicadecine\/wp-json\/wp\/v2\/posts\/835","targetHints":{"allow":["GET"]}}],"collection":[{"href":"https:\/\/edublog.educastur.es\/unamusicadecine\/wp-json\/wp\/v2\/posts"}],"about":[{"href":"https:\/\/edublog.educastur.es\/unamusicadecine\/wp-json\/wp\/v2\/types\/post"}],"author":[{"embeddable":true,"href":"https:\/\/edublog.educastur.es\/unamusicadecine\/wp-json\/wp\/v2\/users\/334"}],"replies":[{"embeddable":true,"href":"https:\/\/edublog.educastur.es\/unamusicadecine\/wp-json\/wp\/v2\/comments?post=835"}],"version-history":[{"count":2,"href":"https:\/\/edublog.educastur.es\/unamusicadecine\/wp-json\/wp\/v2\/posts\/835\/revisions"}],"predecessor-version":[{"id":837,"href":"https:\/\/edublog.educastur.es\/unamusicadecine\/wp-json\/wp\/v2\/posts\/835\/revisions\/837"}],"wp:attachment":[{"href":"https:\/\/edublog.educastur.es\/unamusicadecine\/wp-json\/wp\/v2\/media?parent=835"}],"wp:term":[{"taxonomy":"category","embeddable":true,"href":"https:\/\/edublog.educastur.es\/unamusicadecine\/wp-json\/wp\/v2\/categories?post=835"},{"taxonomy":"post_tag","embeddable":true,"href":"https:\/\/edublog.educastur.es\/unamusicadecine\/wp-json\/wp\/v2\/tags?post=835"}],"curies":[{"name":"wp","href":"https:\/\/api.w.org\/{rel}","templated":true}]}}